{"id":54174,"date":"2015-11-19T13:17:58","date_gmt":"2015-11-19T16:17:58","guid":{"rendered":"http:\/\/www.gentedebasquet.com.ar\/?p=54174"},"modified":"2015-11-19T13:17:58","modified_gmt":"2015-11-19T16:17:58","slug":"tenemos-un-espina-clavada-con-villa-mitre","status":"publish","type":"post","link":"http:\/\/gentedebasquet.com.ar\/sitio\/2015\/11\/19\/tenemos-un-espina-clavada-con-villa-mitre\/","title":{"rendered":"\u201cTenemos un espina clavada con Villa Mitre\u201d"},"content":{"rendered":"<p><b>Franco Amigo ya comenz\u00f3 a vivir el partido ante Villa Mitre del pr\u00f3ximo s\u00e1bado. Adem\u00e1s, el alero y pieza clave de Bahiense del Norte, analiz\u00f3 lo que dej\u00f3 el fin de semana en casa y las dos victorias del Tricolor ante Sarmiento y San Mart\u00edn de Jun\u00edn respectivamente.\u00a0<\/b><\/p>\n<p>Bahiense tuvo un fin de semana perfecto en su casa ante Sarmiento y San Mart\u00edn. Las dos victorias frente a los juninenses le permitieron al Tricolor retomar su l\u00ednea en este Torneo Federal y acomodarse en el tercer puesto de la Divisi\u00f3n Sur Bonaerense con un r\u00e9cord de 4 victorias y 3 derrotas.<\/p>\n<p>Franco Amigo, una de las figuras del equipo de Alejandro Navallo, analiz\u00f3 lo que dejaron los dos triunfos, m\u00e1s que nada el encuentro ante San Mart\u00edn. \u201cSab\u00edamos que iba a ser un partido dif\u00edcil, ellos por algo estaban primeros, son un equipo largo y que juega bien. Los primeros tres cuartos los supimos dominar jugando al b\u00e1squet y en el \u00faltimo, cuando ellos ajustaron la defensa se nos complic\u00f3, no pudimos resolver muy bien la zona que nos plantearon, perdimos un par de pelotas y se nos vinieron. Fue un final cerrado pero gracias a Dios se qued\u00f3 ac\u00e1\u201d, se\u00f1al\u00f3.<\/p>\n<p>Sin dudas, en su vuelta al Manu Gin\u00f3bili tras la gira por Neuqu\u00e9n, el Tricolor recuper\u00f3 su buen nivel de juego, algo que destac\u00f3 el alero. \u201cCreo que arrancamos los dos partidos muy concentrados, jugando muy bien al b\u00e1squet; de hecho se vio reflejado en los resultados porque a los dos (Sarmiento \u2013 San Mart\u00edn) les sacamos cerca de 15 puntos en los primeros tiempos. Despu\u00e9s, por ah\u00ed, al ser un equipo corto, por cansancio cometemos errores. Lo importante es que llegamos al \u00faltimo cuarto bien y aguantamos las embestidas de ellos\u201d, resalt\u00f3.<\/p>\n<p>Hasta el momento, Bahiense se present\u00f3 en cinco oportunidades en el Manu Gin\u00f3bili. En su casa, el elenco de Navallo consigui\u00f3 cuatro triunfos y tan solo una derrota, que fue en el debut ante Villa Mitre. \u201cCreo que en estos torneos lo primero y principal es no perder de local o tratar de ganar la mayor cantidad de partidos que se puedan. Y cuando sal\u00eds de visitante tratar de traerte algo, y as\u00ed se juega. Es importante tener una local\u00eda fuerte para estar bien an\u00edmicamente y con confianza\u201d, apunt\u00f3 Amigo.<\/p>\n<p>Por \u00faltimo, Franco se refiri\u00f3 a lo que se vendr\u00e1 el pr\u00f3ximo s\u00e1bado: Villa Mitre en condici\u00f3n de visitante.\u00a0 \u201cTenemos un espina clavada con Villa Mitre, que fue la del debut. Por ah\u00ed nos agarr\u00f3 un poco ansiosos y nerviosos. Creo que al partido del s\u00e1bado llegamos los dos muy bien. Nosotros estamos motivados porque es el cl\u00e1sico de la ciudad, pero a la vez sigue siendo un partido m\u00e1s. Obviamente vamos a salir a ganar porque suma, sobre todo en lo an\u00edmico\u201d, finaliz\u00f3.<\/p>\n<p><strong>Fuente:<\/strong> Prensa Bahiense del Norte.<\/p>\n","protected":false},"excerpt":{"rendered":"<p>Franco Amigo analiz\u00f3 lo que pas\u00f3 y habl\u00f3 de lo que vendr\u00e1 en Torneo Federal<\/p>\n","protected":false},"author":1,"featured_media":54175,"comment_status":"closed","ping_status":"open","sticky":false,"template":"","format":"standard","meta":{"jnews-multi-image_gallery":[],"jnews_single_post":[],"jnews_primary_category":[],"footnotes":""},"categories":[36,39,101],"tags":[5,223,40,22],"class_list":["post-54174","post","type-post","status-publish","format-standard","has-post-thumbnail","hentry","category-federal","category-nacional","category-slide","tag-bahiense-del-norte","tag-franco-amigo","tag-torneo-federal","tag-villa-mitre"],"yoast_head":"<!-- This site is optimized with the Yoast SEO plugin v27.5 - https:\/\/yoast.com\/product\/yoast-seo-wordpress\/ -->\n<title>\u201cTenemos un espina clavada con Villa Mitre\u201d - Gente de B\u00e1squet<\/title>\n<meta name=\"robots\" content=\"index, follow, max-snippet:-1, max-image-preview:large, max-video-preview:-1\" \/>\n<link rel=\"canonical\" href=\"https:\/\/gentedebasquet.com.ar\/sitio\/2015\/11\/19\/tenemos-un-espina-clavada-con-villa-mitre\/\" \/>\n<meta property=\"og:locale\" content=\"es_ES\" \/>\n<meta property=\"og:type\" content=\"article\" \/>\n<meta property=\"og:title\" content=\"\u201cTenemos un espina clavada con Villa Mitre\u201d - Gente de B\u00e1squet\" \/>\n<meta property=\"og:description\" content=\"Franco Amigo analiz\u00f3 lo que pas\u00f3 y habl\u00f3 de lo que vendr\u00e1 en Torneo Federal\" \/>\n<meta property=\"og:url\" content=\"https:\/\/gentedebasquet.com.ar\/sitio\/2015\/11\/19\/tenemos-un-espina-clavada-con-villa-mitre\/\" \/>\n<meta property=\"og:site_name\" content=\"Gente de B\u00e1squet\" \/>\n<meta property=\"article:published_time\" content=\"2015-11-19T16:17:58+00:00\" \/>\n<meta property=\"og:image\" content=\"https:\/\/gentedebasquet.com.ar\/sitio\/wp-content\/uploads\/2015\/11\/gdb.jpg\" \/>\n\t<meta property=\"og:image:width\" content=\"690\" \/>\n\t<meta property=\"og:image:height\" content=\"319\" \/>\n\t<meta property=\"og:image:type\" content=\"image\/jpeg\" \/>\n<meta name=\"author\" content=\"Gente de B\u00e1squet\" \/>\n<meta name=\"twitter:card\" content=\"summary_large_image\" \/>\n<meta name=\"twitter:label1\" content=\"Escrito por\" \/>\n\t<meta name=\"twitter:data1\" content=\"Gente de B\u00e1squet\" \/>\n\t<meta name=\"twitter:label2\" content=\"Tiempo de lectura\" \/>\n\t<meta name=\"twitter:data2\" content=\"3 minutos\" \/>\n<script type=\"application\/ld+json\" class=\"yoast-schema-graph\">{\"@context\":\"https:\\\/\\\/schema.org\",\"@graph\":[{\"@type\":\"Article\",\"@id\":\"https:\\\/\\\/gentedebasquet.com.ar\\\/sitio\\\/2015\\\/11\\\/19\\\/tenemos-un-espina-clavada-con-villa-mitre\\\/#article\",\"isPartOf\":{\"@id\":\"https:\\\/\\\/gentedebasquet.com.ar\\\/sitio\\\/2015\\\/11\\\/19\\\/tenemos-un-espina-clavada-con-villa-mitre\\\/\"},\"author\":{\"name\":\"Gente de B\u00e1squet\",\"@id\":\"https:\\\/\\\/gentedebasquet.com.ar\\\/sitio\\\/#\\\/schema\\\/person\\\/ca0b63bbb977369988a7bbbdc519943a\"},\"headline\":\"\u201cTenemos un espina clavada con Villa Mitre\u201d\",\"datePublished\":\"2015-11-19T16:17:58+00:00\",\"mainEntityOfPage\":{\"@id\":\"https:\\\/\\\/gentedebasquet.com.ar\\\/sitio\\\/2015\\\/11\\\/19\\\/tenemos-un-espina-clavada-con-villa-mitre\\\/\"},\"wordCount\":507,\"image\":{\"@id\":\"https:\\\/\\\/gentedebasquet.com.ar\\\/sitio\\\/2015\\\/11\\\/19\\\/tenemos-un-espina-clavada-con-villa-mitre\\\/#primaryimage\"},\"thumbnailUrl\":\"http:\\\/\\\/gentedebasquet.com.ar\\\/sitio\\\/wp-content\\\/uploads\\\/2015\\\/11\\\/gdb.jpg\",\"keywords\":[\"Bahiense Del Norte\",\"Franco Amigo\",\"Torneo Federal\",\"Villa Mitre\"],\"articleSection\":[\"Federal\",\"Nacional\",\"Slide\"],\"inLanguage\":\"es\"},{\"@type\":\"WebPage\",\"@id\":\"https:\\\/\\\/gentedebasquet.com.ar\\\/sitio\\\/2015\\\/11\\\/19\\\/tenemos-un-espina-clavada-con-villa-mitre\\\/\",\"url\":\"https:\\\/\\\/gentedebasquet.com.ar\\\/sitio\\\/2015\\\/11\\\/19\\\/tenemos-un-espina-clavada-con-villa-mitre\\\/\",\"name\":\"\u201cTenemos un espina clavada con Villa Mitre\u201d - Gente de B\u00e1squet\",\"isPartOf\":{\"@id\":\"https:\\\/\\\/gentedebasquet.com.ar\\\/sitio\\\/#website\"},\"primaryImageOfPage\":{\"@id\":\"https:\\\/\\\/gentedebasquet.com.ar\\\/sitio\\\/2015\\\/11\\\/19\\\/tenemos-un-espina-clavada-con-villa-mitre\\\/#primaryimage\"},\"image\":{\"@id\":\"https:\\\/\\\/gentedebasquet.com.ar\\\/sitio\\\/2015\\\/11\\\/19\\\/tenemos-un-espina-clavada-con-villa-mitre\\\/#primaryimage\"},\"thumbnailUrl\":\"http:\\\/\\\/gentedebasquet.com.ar\\\/sitio\\\/wp-content\\\/uploads\\\/2015\\\/11\\\/gdb.jpg\",\"datePublished\":\"2015-11-19T16:17:58+00:00\",\"author\":{\"@id\":\"https:\\\/\\\/gentedebasquet.com.ar\\\/sitio\\\/#\\\/schema\\\/person\\\/ca0b63bbb977369988a7bbbdc519943a\"},\"breadcrumb\":{\"@id\":\"https:\\\/\\\/gentedebasquet.com.ar\\\/sitio\\\/2015\\\/11\\\/19\\\/tenemos-un-espina-clavada-con-villa-mitre\\\/#breadcrumb\"},\"inLanguage\":\"es\",\"potentialAction\":[{\"@type\":\"ReadAction\",\"target\":[\"https:\\\/\\\/gentedebasquet.com.ar\\\/sitio\\\/2015\\\/11\\\/19\\\/tenemos-un-espina-clavada-con-villa-mitre\\\/\"]}]},{\"@type\":\"ImageObject\",\"inLanguage\":\"es\",\"@id\":\"https:\\\/\\\/gentedebasquet.com.ar\\\/sitio\\\/2015\\\/11\\\/19\\\/tenemos-un-espina-clavada-con-villa-mitre\\\/#primaryimage\",\"url\":\"http:\\\/\\\/gentedebasquet.com.ar\\\/sitio\\\/wp-content\\\/uploads\\\/2015\\\/11\\\/gdb.jpg\",\"contentUrl\":\"http:\\\/\\\/gentedebasquet.com.ar\\\/sitio\\\/wp-content\\\/uploads\\\/2015\\\/11\\\/gdb.jpg\",\"width\":690,\"height\":319},{\"@type\":\"BreadcrumbList\",\"@id\":\"https:\\\/\\\/gentedebasquet.com.ar\\\/sitio\\\/2015\\\/11\\\/19\\\/tenemos-un-espina-clavada-con-villa-mitre\\\/#breadcrumb\",\"itemListElement\":[{\"@type\":\"ListItem\",\"position\":1,\"name\":\"Portada\",\"item\":\"https:\\\/\\\/gentedebasquet.com.ar\\\/sitio\\\/\"},{\"@type\":\"ListItem\",\"position\":2,\"name\":\"\u201cTenemos un espina clavada con Villa Mitre\u201d\"}]},{\"@type\":\"WebSite\",\"@id\":\"https:\\\/\\\/gentedebasquet.com.ar\\\/sitio\\\/#website\",\"url\":\"https:\\\/\\\/gentedebasquet.com.ar\\\/sitio\\\/\",\"name\":\"Gente de B\u00e1squet\",\"description\":\"La revista del basquet de Bah\u00eda Blanca\",\"potentialAction\":[{\"@type\":\"SearchAction\",\"target\":{\"@type\":\"EntryPoint\",\"urlTemplate\":\"https:\\\/\\\/gentedebasquet.com.ar\\\/sitio\\\/?s={search_term_string}\"},\"query-input\":{\"@type\":\"PropertyValueSpecification\",\"valueRequired\":true,\"valueName\":\"search_term_string\"}}],\"inLanguage\":\"es\"},{\"@type\":\"Person\",\"@id\":\"https:\\\/\\\/gentedebasquet.com.ar\\\/sitio\\\/#\\\/schema\\\/person\\\/ca0b63bbb977369988a7bbbdc519943a\",\"name\":\"Gente de B\u00e1squet\",\"image\":{\"@type\":\"ImageObject\",\"inLanguage\":\"es\",\"@id\":\"https:\\\/\\\/secure.gravatar.com\\\/avatar\\\/7f2c48bdc33b30088f941fb6082e555f2874c98e20cb159d7b92b50eadfce793?s=96&d=mm&r=g\",\"url\":\"https:\\\/\\\/secure.gravatar.com\\\/avatar\\\/7f2c48bdc33b30088f941fb6082e555f2874c98e20cb159d7b92b50eadfce793?s=96&d=mm&r=g\",\"contentUrl\":\"https:\\\/\\\/secure.gravatar.com\\\/avatar\\\/7f2c48bdc33b30088f941fb6082e555f2874c98e20cb159d7b92b50eadfce793?s=96&d=mm&r=g\",\"caption\":\"Gente de B\u00e1squet\"},\"sameAs\":[\"http:\\\/\\\/gentedebasquet.com.ar\\\/sitio\"],\"url\":\"http:\\\/\\\/gentedebasquet.com.ar\\\/sitio\\\/author\\\/ulises\\\/\"}]}<\/script>\n<!-- \/ Yoast SEO plugin. -->","yoast_head_json":{"title":"\u201cTenemos un espina clavada con Villa Mitre\u201d - Gente de B\u00e1squet","robots":{"index":"index","follow":"follow","max-snippet":"max-snippet:-1","max-image-preview":"max-image-preview:large","max-video-preview":"max-video-preview:-1"},"canonical":"https:\/\/gentedebasquet.com.ar\/sitio\/2015\/11\/19\/tenemos-un-espina-clavada-con-villa-mitre\/","og_locale":"es_ES","og_type":"article","og_title":"\u201cTenemos un espina clavada con Villa Mitre\u201d - Gente de B\u00e1squet","og_description":"Franco Amigo analiz\u00f3 lo que pas\u00f3 y habl\u00f3 de lo que vendr\u00e1 en Torneo Federal","og_url":"https:\/\/gentedebasquet.com.ar\/sitio\/2015\/11\/19\/tenemos-un-espina-clavada-con-villa-mitre\/","og_site_name":"Gente de B\u00e1squet","article_published_time":"2015-11-19T16:17:58+00:00","og_image":[{"width":690,"height":319,"url":"https:\/\/gentedebasquet.com.ar\/sitio\/wp-content\/uploads\/2015\/11\/gdb.jpg","type":"image\/jpeg"}],"author":"Gente de B\u00e1squet","twitter_card":"summary_large_image","twitter_misc":{"Escrito por":"Gente de B\u00e1squet","Tiempo de lectura":"3 minutos"},"schema":{"@context":"https:\/\/schema.org","@graph":[{"@type":"Article","@id":"https:\/\/gentedebasquet.com.ar\/sitio\/2015\/11\/19\/tenemos-un-espina-clavada-con-villa-mitre\/#article","isPartOf":{"@id":"https:\/\/gentedebasquet.com.ar\/sitio\/2015\/11\/19\/tenemos-un-espina-clavada-con-villa-mitre\/"},"author":{"name":"Gente de B\u00e1squet","@id":"https:\/\/gentedebasquet.com.ar\/sitio\/#\/schema\/person\/ca0b63bbb977369988a7bbbdc519943a"},"headline":"\u201cTenemos un espina clavada con Villa Mitre\u201d","datePublished":"2015-11-19T16:17:58+00:00","mainEntityOfPage":{"@id":"https:\/\/gentedebasquet.com.ar\/sitio\/2015\/11\/19\/tenemos-un-espina-clavada-con-villa-mitre\/"},"wordCount":507,"image":{"@id":"https:\/\/gentedebasquet.com.ar\/sitio\/2015\/11\/19\/tenemos-un-espina-clavada-con-villa-mitre\/#primaryimage"},"thumbnailUrl":"http:\/\/gentedebasquet.com.ar\/sitio\/wp-content\/uploads\/2015\/11\/gdb.jpg","keywords":["Bahiense Del Norte","Franco Amigo","Torneo Federal","Villa Mitre"],"articleSection":["Federal","Nacional","Slide"],"inLanguage":"es"},{"@type":"WebPage","@id":"https:\/\/gentedebasquet.com.ar\/sitio\/2015\/11\/19\/tenemos-un-espina-clavada-con-villa-mitre\/","url":"https:\/\/gentedebasquet.com.ar\/sitio\/2015\/11\/19\/tenemos-un-espina-clavada-con-villa-mitre\/","name":"\u201cTenemos un espina clavada con Villa Mitre\u201d - Gente de B\u00e1squet","isPartOf":{"@id":"https:\/\/gentedebasquet.com.ar\/sitio\/#website"},"primaryImageOfPage":{"@id":"https:\/\/gentedebasquet.com.ar\/sitio\/2015\/11\/19\/tenemos-un-espina-clavada-con-villa-mitre\/#primaryimage"},"image":{"@id":"https:\/\/gentedebasquet.com.ar\/sitio\/2015\/11\/19\/tenemos-un-espina-clavada-con-villa-mitre\/#primaryimage"},"thumbnailUrl":"http:\/\/gentedebasquet.com.ar\/sitio\/wp-content\/uploads\/2015\/11\/gdb.jpg","datePublished":"2015-11-19T16:17:58+00:00","author":{"@id":"https:\/\/gentedebasquet.com.ar\/sitio\/#\/schema\/person\/ca0b63bbb977369988a7bbbdc519943a"},"breadcrumb":{"@id":"https:\/\/gentedebasquet.com.ar\/sitio\/2015\/11\/19\/tenemos-un-espina-clavada-con-villa-mitre\/#breadcrumb"},"inLanguage":"es","potentialAction":[{"@type":"ReadAction","target":["https:\/\/gentedebasquet.com.ar\/sitio\/2015\/11\/19\/tenemos-un-espina-clavada-con-villa-mitre\/"]}]},{"@type":"ImageObject","inLanguage":"es","@id":"https:\/\/gentedebasquet.com.ar\/sitio\/2015\/11\/19\/tenemos-un-espina-clavada-con-villa-mitre\/#primaryimage","url":"http:\/\/gentedebasquet.com.ar\/sitio\/wp-content\/uploads\/2015\/11\/gdb.jpg","contentUrl":"http:\/\/gentedebasquet.com.ar\/sitio\/wp-content\/uploads\/2015\/11\/gdb.jpg","width":690,"height":319},{"@type":"BreadcrumbList","@id":"https:\/\/gentedebasquet.com.ar\/sitio\/2015\/11\/19\/tenemos-un-espina-clavada-con-villa-mitre\/#breadcrumb","itemListElement":[{"@type":"ListItem","position":1,"name":"Portada","item":"https:\/\/gentedebasquet.com.ar\/sitio\/"},{"@type":"ListItem","position":2,"name":"\u201cTenemos un espina clavada con Villa Mitre\u201d"}]},{"@type":"WebSite","@id":"https:\/\/gentedebasquet.com.ar\/sitio\/#website","url":"https:\/\/gentedebasquet.com.ar\/sitio\/","name":"Gente de B\u00e1squet","description":"La revista del basquet de Bah\u00eda Blanca","potentialAction":[{"@type":"SearchAction","target":{"@type":"EntryPoint","urlTemplate":"https:\/\/gentedebasquet.com.ar\/sitio\/?s={search_term_string}"},"query-input":{"@type":"PropertyValueSpecification","valueRequired":true,"valueName":"search_term_string"}}],"inLanguage":"es"},{"@type":"Person","@id":"https:\/\/gentedebasquet.com.ar\/sitio\/#\/schema\/person\/ca0b63bbb977369988a7bbbdc519943a","name":"Gente de B\u00e1squet","image":{"@type":"ImageObject","inLanguage":"es","@id":"https:\/\/secure.gravatar.com\/avatar\/7f2c48bdc33b30088f941fb6082e555f2874c98e20cb159d7b92b50eadfce793?s=96&d=mm&r=g","url":"https:\/\/secure.gravatar.com\/avatar\/7f2c48bdc33b30088f941fb6082e555f2874c98e20cb159d7b92b50eadfce793?s=96&d=mm&r=g","contentUrl":"https:\/\/secure.gravatar.com\/avatar\/7f2c48bdc33b30088f941fb6082e555f2874c98e20cb159d7b92b50eadfce793?s=96&d=mm&r=g","caption":"Gente de B\u00e1squet"},"sameAs":["http:\/\/gentedebasquet.com.ar\/sitio"],"url":"http:\/\/gentedebasquet.com.ar\/sitio\/author\/ulises\/"}]}},"_links":{"self":[{"href":"http:\/\/gentedebasquet.com.ar\/sitio\/wp-json\/wp\/v2\/posts\/54174","targetHints":{"allow":["GET"]}}],"collection":[{"href":"http:\/\/gentedebasquet.com.ar\/sitio\/wp-json\/wp\/v2\/posts"}],"about":[{"href":"http:\/\/gentedebasquet.com.ar\/sitio\/wp-json\/wp\/v2\/types\/post"}],"author":[{"embeddable":true,"href":"http:\/\/gentedebasquet.com.ar\/sitio\/wp-json\/wp\/v2\/users\/1"}],"replies":[{"embeddable":true,"href":"http:\/\/gentedebasquet.com.ar\/sitio\/wp-json\/wp\/v2\/comments?post=54174"}],"version-history":[{"count":0,"href":"http:\/\/gentedebasquet.com.ar\/sitio\/wp-json\/wp\/v2\/posts\/54174\/revisions"}],"wp:featuredmedia":[{"embeddable":true,"href":"http:\/\/gentedebasquet.com.ar\/sitio\/wp-json\/wp\/v2\/media\/54175"}],"wp:attachment":[{"href":"http:\/\/gentedebasquet.com.ar\/sitio\/wp-json\/wp\/v2\/media?parent=54174"}],"wp:term":[{"taxonomy":"category","embeddable":true,"href":"http:\/\/gentedebasquet.com.ar\/sitio\/wp-json\/wp\/v2\/categories?post=54174"},{"taxonomy":"post_tag","embeddable":true,"href":"http:\/\/gentedebasquet.com.ar\/sitio\/wp-json\/wp\/v2\/tags?post=54174"}],"curies":[{"name":"wp","href":"https:\/\/api.w.org\/{rel}","templated":true}]}}