{"id":54582,"date":"2015-11-28T13:45:15","date_gmt":"2015-11-28T16:45:15","guid":{"rendered":"http:\/\/www.gentedebasquet.com.ar\/?p=54582"},"modified":"2015-11-28T13:45:15","modified_gmt":"2015-11-28T16:45:15","slug":"velocidad-y-aceleracion","status":"publish","type":"post","link":"http:\/\/gentedebasquet.com.ar\/sitio\/2015\/11\/28\/velocidad-y-aceleracion\/","title":{"rendered":"Velocidad y aceleraci\u00f3n"},"content":{"rendered":"<p><b>En el cierre del Torneo Est\u00edmulo de Juveniles, Velocidad derrot\u00f3 en el Daniel Lacunza (cancha de Alem) a su par de La Falda por 13 puntos de diferencia, marca que se mantuvo de principio a final. El resultado final fue 49-62, teniendo como goleador a Emanuel Linzuain en la visita con 25 puntos (11\/18 T2 y 3\/6 TL), adem\u00e1s de adue\u00f1arse de la pintura (en ambos cestos) bajando 14 rebotes y llegando a 33 de valoraci\u00f3n. Fue secundado por Ortiz, con 14 unidades (2\/12 T3, 3\/9 T2 y 2\/2 TL). En el local se destac\u00f3 Minucci, con 21 (4\/9 T2 y 13\/17 TL). La rotura en un aro de La Caldera oblig\u00f3 a trasladar el partido de escenario.<\/b><\/p>\n<p>El primer parcial arranc\u00d3 con conversiones de Linzuain y Ortiz en la pintura para adelantarse en los primeros 2 minutos (2-5). La Falda responder\u00eda con 3 puntos de Minucci (2 y libre correspondiente) despu\u00e9s de recibir la falta cuando encaraba el canasto. El mismo jugador (Minucci) seria quien anotara 5 de los 10 primeros puntos de su equipo en este cuarto. Lo mismo paso con Linzuain en el otro lado, convirti\u00f3 12 puntos en este parcial, con 5\/6 T2. Wilgenhoff recuper\u00f3 la pelota en su campo y corri\u00f3 solo hasta el canasto para descontar en los locales. Arango, en la visita, cerr\u00f3 con 2\/3 en los \u00faltimos minutos desde el per\u00edmetro, mientras que La Falda termin\u00f3 el cuarto con 5\/7 TL y 5\/10 en tiros de campo.<\/p>\n<p>Minuccci se hizo cargo y protagonista de las primeras dos ofensivas de La Falda pero sin \u00e9xito. Los puntos igualmente vinieron del lado local, que comenz\u00f3 mejor, moviendo m\u00e1s la pelota y no tan apurado en la definici\u00f3n en la pintura ajena. Por el otro lado, Velo perdi\u00f3 muchas posesiones en ofensiva, reflejando en el inicio del 2C un cambio en relaci\u00f3n a parcial anterior. Wilgenhoff con su tiro desde el per\u00edmetro (\u00fanico que convirti\u00f3) acerc\u00f3 a los locales a 3 unidades faltando poco menos de 5 minutos (21-24). Sin embargo, Linzuain fallaba muy poco en debajo del aro, convert\u00eda en las oportunidades que se le presentaban aprovechando su estatura y f\u00edsico ante la defensa local. La ventaja en este parcial se mantuvo en 6\/8 puntos, el parcial termino igualado en 12 y fueron al descanso largo igual que en el final del 1C, con ventaja de 6 para la visita. La Falda se excedi\u00f3 en T3 (1\/6), mejor en rebotes ofensivos Velocidad, y ambos perdieron muchas pelotas fueron algunas de las acciones que dejo este parcial.<\/p>\n<p>Los primeros puntos del 3C llegaron 0 falta de 8m08 con un libre del local. Luego la visita respondi\u00f3 con 2 puntos para abrir el juego. Fue un comienzo con 2\/4 para Linzuain a falta de 7m para Velocidad. La diferencia con estos tantos se estiraba a 9, y luego a 12 (29-41) con el triple que llegaba de las manos de Ortiz. Esto llev\u00f3 a que el entrenador local solicite r\u00e1pidamente minuto a falta de 4m15, despu\u00e9s de un parcial 9-4 en su contra. La Falda despu\u00e9s de esos segundos en la banca sigui\u00f3 sin poder convertir, con bajo porcentaje en tiros de campo y dependencia en cuanto a la anotaci\u00f3n (Minucci): el 10 termin\u00f3 con 21 puntos. Solo por la m\u00ednima ganar\u00eda Velocidad este cuarto llegando al final arriba por 7 (40-47) y cerrando mejor el parcial.<\/p>\n<p>Al igual que en el comienzo, el final ser\u00eda para la visita, quien sac\u00f3 la diferencia r\u00e1pido para definir el marcador y el triunfo a su favor. Hubo un gran trabajo de Osinaga en cuanto a los rebotes en este cuarto y en el partido, fue el mejor de su equipo en ese rubro (7, todos defensivos). En la visita Linzuain bajo 14, 7 en cada pintura. Pasando la mitad del cuarto, la diferencia se alarg\u00f3 a 11 puntos y comenz\u00f3 a cerrarse para los dirigidos por Gabrielli. La m\u00e1xima, m\u00e1s tarde, lleg\u00f3 a ser de 14 unidades. As\u00ed, pudo conseguir el triunfo en una nueva fecha del torneo estimulo, esta vez, ante La Falda y en cancha de Alem.<\/p>\n<p>&nbsp;<\/p>\n<p><b>S\u00edntesis<\/b> | U19 \u2013 Torneo Estimulo \u2013 Fecha #9<\/p>\n<p><b>La Falda 49:<\/b> Osinaga 10, Wilgenaoff 8, Minucci 21, Larrea 3, Moyano 2 (Fi); Ferreira 5 y Novaro 0. DT: Becchina.<\/p>\n<p><b>Velocidad 62: <\/b>Ortiz 14, Popp 0, Arango 9, Morosin 2, Linzuain 25 (Fi); Schaab 6, Diaz 6 y Pirul 0. DT: Gabrielli.<\/p>\n<p><b>Parciales:<\/b> 16-22, 28-34 (12-12), 40-47 (12-13) y 49-62 (9-15).<\/p>\n<p><b>\u00c1rbitros:<\/b> Villar \u2013 Andr\u00e9s.<\/p>\n<p><b>Estadio:<\/b> Daniel Lacunza (Alem).<\/p>\n<p><a class=\"modalf iframe\" title=\"Planilla\" href=\"https:\/\/docs.google.com\/spreadsheets\/d\/18odyoLnQQXb4Ol9L2J4ovN_aylTMNvIx_HPqy9gEzYI\/pubhtml?gid=1684522802&amp;single=true\" target=\"_blank\" rel=\"noopener\">Ver Planilla<\/a><\/p>\n<p>&nbsp;<\/p>\n<h6 style=\"text-align: center;\">LA FALDA U19<\/h6>\n<p><a href=\"http:\/\/www.gentedebasquet.com.ar\/wp-content\/uploads\/2015\/11\/La-Falda-U21.jpg\"><img decoding=\"async\" class=\"aligncenter size-full wp-image-54617\" alt=\"La Falda U21\" src=\"http:\/\/www.gentedebasquet.com.ar\/wp-content\/uploads\/2015\/11\/La-Falda-U21.jpg\" width=\"640\" height=\"460\" srcset=\"http:\/\/gentedebasquet.com.ar\/sitio\/wp-content\/uploads\/2015\/11\/La-Falda-U21.jpg 640w, http:\/\/gentedebasquet.com.ar\/sitio\/wp-content\/uploads\/2015\/11\/La-Falda-U21-300x216.jpg 300w\" sizes=\"(max-width: 640px) 100vw, 640px\" \/><\/a><\/p>\n<h6 style=\"text-align: center;\">VELOCIDAD U19<\/h6>\n<p><a href=\"http:\/\/www.gentedebasquet.com.ar\/wp-content\/uploads\/2015\/11\/Velocidad-U21.jpg\"><img decoding=\"async\" class=\"aligncenter size-full wp-image-54618\" alt=\"Velocidad U21\" src=\"http:\/\/www.gentedebasquet.com.ar\/wp-content\/uploads\/2015\/11\/Velocidad-U21.jpg\" width=\"640\" height=\"470\" srcset=\"http:\/\/gentedebasquet.com.ar\/sitio\/wp-content\/uploads\/2015\/11\/Velocidad-U21.jpg 640w, http:\/\/gentedebasquet.com.ar\/sitio\/wp-content\/uploads\/2015\/11\/Velocidad-U21-300x220.jpg 300w\" sizes=\"(max-width: 640px) 100vw, 640px\" \/><\/a><\/p>\n","protected":false},"excerpt":{"rendered":"<p>Velocidad derrot\u00f3 62 a 49 a La Falda en el cierre del Torneo Est\u00edmulo de Juveniles<\/p>\n","protected":false},"author":1,"featured_media":54616,"comment_status":"closed","ping_status":"open","sticky":false,"template":"","format":"standard","meta":{"jnews-multi-image_gallery":[],"jnews_single_post":[],"jnews_primary_category":[],"footnotes":""},"categories":[101,26],"tags":[13,21],"class_list":["post-54582","post","type-post","status-publish","format-standard","has-post-thumbnail","hentry","category-slide","category-u19","tag-la-falda","tag-velocidad"],"yoast_head":"<!-- This site is optimized with the Yoast SEO plugin v27.5 - https:\/\/yoast.com\/product\/yoast-seo-wordpress\/ -->\n<title>Velocidad y aceleraci\u00f3n - Gente de B\u00e1squet<\/title>\n<meta name=\"robots\" content=\"index, follow, max-snippet:-1, max-image-preview:large, max-video-preview:-1\" \/>\n<link rel=\"canonical\" href=\"http:\/\/gentedebasquet.com.ar\/sitio\/2015\/11\/28\/velocidad-y-aceleracion\/\" \/>\n<meta property=\"og:locale\" content=\"es_ES\" \/>\n<meta property=\"og:type\" content=\"article\" \/>\n<meta property=\"og:title\" content=\"Velocidad y aceleraci\u00f3n - Gente de B\u00e1squet\" \/>\n<meta property=\"og:description\" content=\"Velocidad derrot\u00f3 62 a 49 a La Falda en el cierre del Torneo Est\u00edmulo de Juveniles\" \/>\n<meta property=\"og:url\" content=\"http:\/\/gentedebasquet.com.ar\/sitio\/2015\/11\/28\/velocidad-y-aceleracion\/\" \/>\n<meta property=\"og:site_name\" content=\"Gente de B\u00e1squet\" \/>\n<meta property=\"article:published_time\" content=\"2015-11-28T16:45:15+00:00\" \/>\n<meta property=\"og:image\" content=\"http:\/\/gentedebasquet.com.ar\/sitio\/wp-content\/uploads\/2015\/11\/La-Falda-Velocidad-U21.jpg\" \/>\n\t<meta property=\"og:image:width\" content=\"690\" \/>\n\t<meta property=\"og:image:height\" content=\"319\" \/>\n\t<meta property=\"og:image:type\" content=\"image\/jpeg\" \/>\n<meta name=\"author\" content=\"Gente de B\u00e1squet\" \/>\n<meta name=\"twitter:card\" content=\"summary_large_image\" \/>\n<meta name=\"twitter:label1\" content=\"Escrito por\" \/>\n\t<meta name=\"twitter:data1\" content=\"Gente de B\u00e1squet\" \/>\n\t<meta name=\"twitter:label2\" content=\"Tiempo de lectura\" \/>\n\t<meta name=\"twitter:data2\" content=\"4 minutos\" \/>\n<script type=\"application\/ld+json\" class=\"yoast-schema-graph\">{\"@context\":\"https:\\\/\\\/schema.org\",\"@graph\":[{\"@type\":\"Article\",\"@id\":\"http:\\\/\\\/gentedebasquet.com.ar\\\/sitio\\\/2015\\\/11\\\/28\\\/velocidad-y-aceleracion\\\/#article\",\"isPartOf\":{\"@id\":\"http:\\\/\\\/gentedebasquet.com.ar\\\/sitio\\\/2015\\\/11\\\/28\\\/velocidad-y-aceleracion\\\/\"},\"author\":{\"name\":\"Gente de B\u00e1squet\",\"@id\":\"https:\\\/\\\/gentedebasquet.com.ar\\\/sitio\\\/#\\\/schema\\\/person\\\/ca0b63bbb977369988a7bbbdc519943a\"},\"headline\":\"Velocidad y aceleraci\u00f3n\",\"datePublished\":\"2015-11-28T16:45:15+00:00\",\"mainEntityOfPage\":{\"@id\":\"http:\\\/\\\/gentedebasquet.com.ar\\\/sitio\\\/2015\\\/11\\\/28\\\/velocidad-y-aceleracion\\\/\"},\"wordCount\":724,\"image\":{\"@id\":\"http:\\\/\\\/gentedebasquet.com.ar\\\/sitio\\\/2015\\\/11\\\/28\\\/velocidad-y-aceleracion\\\/#primaryimage\"},\"thumbnailUrl\":\"http:\\\/\\\/gentedebasquet.com.ar\\\/sitio\\\/wp-content\\\/uploads\\\/2015\\\/11\\\/La-Falda-Velocidad-U21.jpg\",\"keywords\":[\"La Falda\",\"Velocidad\"],\"articleSection\":[\"Slide\",\"U19\"],\"inLanguage\":\"es\"},{\"@type\":\"WebPage\",\"@id\":\"http:\\\/\\\/gentedebasquet.com.ar\\\/sitio\\\/2015\\\/11\\\/28\\\/velocidad-y-aceleracion\\\/\",\"url\":\"http:\\\/\\\/gentedebasquet.com.ar\\\/sitio\\\/2015\\\/11\\\/28\\\/velocidad-y-aceleracion\\\/\",\"name\":\"Velocidad y aceleraci\u00f3n - Gente de B\u00e1squet\",\"isPartOf\":{\"@id\":\"https:\\\/\\\/gentedebasquet.com.ar\\\/sitio\\\/#website\"},\"primaryImageOfPage\":{\"@id\":\"http:\\\/\\\/gentedebasquet.com.ar\\\/sitio\\\/2015\\\/11\\\/28\\\/velocidad-y-aceleracion\\\/#primaryimage\"},\"image\":{\"@id\":\"http:\\\/\\\/gentedebasquet.com.ar\\\/sitio\\\/2015\\\/11\\\/28\\\/velocidad-y-aceleracion\\\/#primaryimage\"},\"thumbnailUrl\":\"http:\\\/\\\/gentedebasquet.com.ar\\\/sitio\\\/wp-content\\\/uploads\\\/2015\\\/11\\\/La-Falda-Velocidad-U21.jpg\",\"datePublished\":\"2015-11-28T16:45:15+00:00\",\"author\":{\"@id\":\"https:\\\/\\\/gentedebasquet.com.ar\\\/sitio\\\/#\\\/schema\\\/person\\\/ca0b63bbb977369988a7bbbdc519943a\"},\"breadcrumb\":{\"@id\":\"http:\\\/\\\/gentedebasquet.com.ar\\\/sitio\\\/2015\\\/11\\\/28\\\/velocidad-y-aceleracion\\\/#breadcrumb\"},\"inLanguage\":\"es\",\"potentialAction\":[{\"@type\":\"ReadAction\",\"target\":[\"http:\\\/\\\/gentedebasquet.com.ar\\\/sitio\\\/2015\\\/11\\\/28\\\/velocidad-y-aceleracion\\\/\"]}]},{\"@type\":\"ImageObject\",\"inLanguage\":\"es\",\"@id\":\"http:\\\/\\\/gentedebasquet.com.ar\\\/sitio\\\/2015\\\/11\\\/28\\\/velocidad-y-aceleracion\\\/#primaryimage\",\"url\":\"http:\\\/\\\/gentedebasquet.com.ar\\\/sitio\\\/wp-content\\\/uploads\\\/2015\\\/11\\\/La-Falda-Velocidad-U21.jpg\",\"contentUrl\":\"http:\\\/\\\/gentedebasquet.com.ar\\\/sitio\\\/wp-content\\\/uploads\\\/2015\\\/11\\\/La-Falda-Velocidad-U21.jpg\",\"width\":690,\"height\":319},{\"@type\":\"BreadcrumbList\",\"@id\":\"http:\\\/\\\/gentedebasquet.com.ar\\\/sitio\\\/2015\\\/11\\\/28\\\/velocidad-y-aceleracion\\\/#breadcrumb\",\"itemListElement\":[{\"@type\":\"ListItem\",\"position\":1,\"name\":\"Portada\",\"item\":\"https:\\\/\\\/gentedebasquet.com.ar\\\/sitio\\\/\"},{\"@type\":\"ListItem\",\"position\":2,\"name\":\"Velocidad y aceleraci\u00f3n\"}]},{\"@type\":\"WebSite\",\"@id\":\"https:\\\/\\\/gentedebasquet.com.ar\\\/sitio\\\/#website\",\"url\":\"https:\\\/\\\/gentedebasquet.com.ar\\\/sitio\\\/\",\"name\":\"Gente de B\u00e1squet\",\"description\":\"La revista del basquet de Bah\u00eda Blanca\",\"potentialAction\":[{\"@type\":\"SearchAction\",\"target\":{\"@type\":\"EntryPoint\",\"urlTemplate\":\"https:\\\/\\\/gentedebasquet.com.ar\\\/sitio\\\/?s={search_term_string}\"},\"query-input\":{\"@type\":\"PropertyValueSpecification\",\"valueRequired\":true,\"valueName\":\"search_term_string\"}}],\"inLanguage\":\"es\"},{\"@type\":\"Person\",\"@id\":\"https:\\\/\\\/gentedebasquet.com.ar\\\/sitio\\\/#\\\/schema\\\/person\\\/ca0b63bbb977369988a7bbbdc519943a\",\"name\":\"Gente de B\u00e1squet\",\"image\":{\"@type\":\"ImageObject\",\"inLanguage\":\"es\",\"@id\":\"https:\\\/\\\/secure.gravatar.com\\\/avatar\\\/7f2c48bdc33b30088f941fb6082e555f2874c98e20cb159d7b92b50eadfce793?s=96&d=mm&r=g\",\"url\":\"https:\\\/\\\/secure.gravatar.com\\\/avatar\\\/7f2c48bdc33b30088f941fb6082e555f2874c98e20cb159d7b92b50eadfce793?s=96&d=mm&r=g\",\"contentUrl\":\"https:\\\/\\\/secure.gravatar.com\\\/avatar\\\/7f2c48bdc33b30088f941fb6082e555f2874c98e20cb159d7b92b50eadfce793?s=96&d=mm&r=g\",\"caption\":\"Gente de B\u00e1squet\"},\"sameAs\":[\"http:\\\/\\\/gentedebasquet.com.ar\\\/sitio\"],\"url\":\"http:\\\/\\\/gentedebasquet.com.ar\\\/sitio\\\/author\\\/ulises\\\/\"}]}<\/script>\n<!-- \/ Yoast SEO plugin. -->","yoast_head_json":{"title":"Velocidad y aceleraci\u00f3n - Gente de B\u00e1squet","robots":{"index":"index","follow":"follow","max-snippet":"max-snippet:-1","max-image-preview":"max-image-preview:large","max-video-preview":"max-video-preview:-1"},"canonical":"http:\/\/gentedebasquet.com.ar\/sitio\/2015\/11\/28\/velocidad-y-aceleracion\/","og_locale":"es_ES","og_type":"article","og_title":"Velocidad y aceleraci\u00f3n - Gente de B\u00e1squet","og_description":"Velocidad derrot\u00f3 62 a 49 a La Falda en el cierre del Torneo Est\u00edmulo de Juveniles","og_url":"http:\/\/gentedebasquet.com.ar\/sitio\/2015\/11\/28\/velocidad-y-aceleracion\/","og_site_name":"Gente de B\u00e1squet","article_published_time":"2015-11-28T16:45:15+00:00","og_image":[{"width":690,"height":319,"url":"http:\/\/gentedebasquet.com.ar\/sitio\/wp-content\/uploads\/2015\/11\/La-Falda-Velocidad-U21.jpg","type":"image\/jpeg"}],"author":"Gente de B\u00e1squet","twitter_card":"summary_large_image","twitter_misc":{"Escrito por":"Gente de B\u00e1squet","Tiempo de lectura":"4 minutos"},"schema":{"@context":"https:\/\/schema.org","@graph":[{"@type":"Article","@id":"http:\/\/gentedebasquet.com.ar\/sitio\/2015\/11\/28\/velocidad-y-aceleracion\/#article","isPartOf":{"@id":"http:\/\/gentedebasquet.com.ar\/sitio\/2015\/11\/28\/velocidad-y-aceleracion\/"},"author":{"name":"Gente de B\u00e1squet","@id":"https:\/\/gentedebasquet.com.ar\/sitio\/#\/schema\/person\/ca0b63bbb977369988a7bbbdc519943a"},"headline":"Velocidad y aceleraci\u00f3n","datePublished":"2015-11-28T16:45:15+00:00","mainEntityOfPage":{"@id":"http:\/\/gentedebasquet.com.ar\/sitio\/2015\/11\/28\/velocidad-y-aceleracion\/"},"wordCount":724,"image":{"@id":"http:\/\/gentedebasquet.com.ar\/sitio\/2015\/11\/28\/velocidad-y-aceleracion\/#primaryimage"},"thumbnailUrl":"http:\/\/gentedebasquet.com.ar\/sitio\/wp-content\/uploads\/2015\/11\/La-Falda-Velocidad-U21.jpg","keywords":["La Falda","Velocidad"],"articleSection":["Slide","U19"],"inLanguage":"es"},{"@type":"WebPage","@id":"http:\/\/gentedebasquet.com.ar\/sitio\/2015\/11\/28\/velocidad-y-aceleracion\/","url":"http:\/\/gentedebasquet.com.ar\/sitio\/2015\/11\/28\/velocidad-y-aceleracion\/","name":"Velocidad y aceleraci\u00f3n - Gente de B\u00e1squet","isPartOf":{"@id":"https:\/\/gentedebasquet.com.ar\/sitio\/#website"},"primaryImageOfPage":{"@id":"http:\/\/gentedebasquet.com.ar\/sitio\/2015\/11\/28\/velocidad-y-aceleracion\/#primaryimage"},"image":{"@id":"http:\/\/gentedebasquet.com.ar\/sitio\/2015\/11\/28\/velocidad-y-aceleracion\/#primaryimage"},"thumbnailUrl":"http:\/\/gentedebasquet.com.ar\/sitio\/wp-content\/uploads\/2015\/11\/La-Falda-Velocidad-U21.jpg","datePublished":"2015-11-28T16:45:15+00:00","author":{"@id":"https:\/\/gentedebasquet.com.ar\/sitio\/#\/schema\/person\/ca0b63bbb977369988a7bbbdc519943a"},"breadcrumb":{"@id":"http:\/\/gentedebasquet.com.ar\/sitio\/2015\/11\/28\/velocidad-y-aceleracion\/#breadcrumb"},"inLanguage":"es","potentialAction":[{"@type":"ReadAction","target":["http:\/\/gentedebasquet.com.ar\/sitio\/2015\/11\/28\/velocidad-y-aceleracion\/"]}]},{"@type":"ImageObject","inLanguage":"es","@id":"http:\/\/gentedebasquet.com.ar\/sitio\/2015\/11\/28\/velocidad-y-aceleracion\/#primaryimage","url":"http:\/\/gentedebasquet.com.ar\/sitio\/wp-content\/uploads\/2015\/11\/La-Falda-Velocidad-U21.jpg","contentUrl":"http:\/\/gentedebasquet.com.ar\/sitio\/wp-content\/uploads\/2015\/11\/La-Falda-Velocidad-U21.jpg","width":690,"height":319},{"@type":"BreadcrumbList","@id":"http:\/\/gentedebasquet.com.ar\/sitio\/2015\/11\/28\/velocidad-y-aceleracion\/#breadcrumb","itemListElement":[{"@type":"ListItem","position":1,"name":"Portada","item":"https:\/\/gentedebasquet.com.ar\/sitio\/"},{"@type":"ListItem","position":2,"name":"Velocidad y aceleraci\u00f3n"}]},{"@type":"WebSite","@id":"https:\/\/gentedebasquet.com.ar\/sitio\/#website","url":"https:\/\/gentedebasquet.com.ar\/sitio\/","name":"Gente de B\u00e1squet","description":"La revista del basquet de Bah\u00eda Blanca","potentialAction":[{"@type":"SearchAction","target":{"@type":"EntryPoint","urlTemplate":"https:\/\/gentedebasquet.com.ar\/sitio\/?s={search_term_string}"},"query-input":{"@type":"PropertyValueSpecification","valueRequired":true,"valueName":"search_term_string"}}],"inLanguage":"es"},{"@type":"Person","@id":"https:\/\/gentedebasquet.com.ar\/sitio\/#\/schema\/person\/ca0b63bbb977369988a7bbbdc519943a","name":"Gente de B\u00e1squet","image":{"@type":"ImageObject","inLanguage":"es","@id":"https:\/\/secure.gravatar.com\/avatar\/7f2c48bdc33b30088f941fb6082e555f2874c98e20cb159d7b92b50eadfce793?s=96&d=mm&r=g","url":"https:\/\/secure.gravatar.com\/avatar\/7f2c48bdc33b30088f941fb6082e555f2874c98e20cb159d7b92b50eadfce793?s=96&d=mm&r=g","contentUrl":"https:\/\/secure.gravatar.com\/avatar\/7f2c48bdc33b30088f941fb6082e555f2874c98e20cb159d7b92b50eadfce793?s=96&d=mm&r=g","caption":"Gente de B\u00e1squet"},"sameAs":["http:\/\/gentedebasquet.com.ar\/sitio"],"url":"http:\/\/gentedebasquet.com.ar\/sitio\/author\/ulises\/"}]}},"_links":{"self":[{"href":"http:\/\/gentedebasquet.com.ar\/sitio\/wp-json\/wp\/v2\/posts\/54582","targetHints":{"allow":["GET"]}}],"collection":[{"href":"http:\/\/gentedebasquet.com.ar\/sitio\/wp-json\/wp\/v2\/posts"}],"about":[{"href":"http:\/\/gentedebasquet.com.ar\/sitio\/wp-json\/wp\/v2\/types\/post"}],"author":[{"embeddable":true,"href":"http:\/\/gentedebasquet.com.ar\/sitio\/wp-json\/wp\/v2\/users\/1"}],"replies":[{"embeddable":true,"href":"http:\/\/gentedebasquet.com.ar\/sitio\/wp-json\/wp\/v2\/comments?post=54582"}],"version-history":[{"count":0,"href":"http:\/\/gentedebasquet.com.ar\/sitio\/wp-json\/wp\/v2\/posts\/54582\/revisions"}],"wp:featuredmedia":[{"embeddable":true,"href":"http:\/\/gentedebasquet.com.ar\/sitio\/wp-json\/wp\/v2\/media\/54616"}],"wp:attachment":[{"href":"http:\/\/gentedebasquet.com.ar\/sitio\/wp-json\/wp\/v2\/media?parent=54582"}],"wp:term":[{"taxonomy":"category","embeddable":true,"href":"http:\/\/gentedebasquet.com.ar\/sitio\/wp-json\/wp\/v2\/categories?post=54582"},{"taxonomy":"post_tag","embeddable":true,"href":"http:\/\/gentedebasquet.com.ar\/sitio\/wp-json\/wp\/v2\/tags?post=54582"}],"curies":[{"name":"wp","href":"https:\/\/api.w.org\/{rel}","templated":true}]}}