{"id":54973,"date":"2015-12-09T00:38:44","date_gmt":"2015-12-09T03:38:44","guid":{"rendered":"http:\/\/www.gentedebasquet.com.ar\/?p=54973"},"modified":"2015-12-09T00:38:44","modified_gmt":"2015-12-09T03:38:44","slug":"un-final-estrellado","status":"publish","type":"post","link":"http:\/\/gentedebasquet.com.ar\/sitio\/2015\/12\/09\/un-final-estrellado\/","title":{"rendered":"Un final Estrellado"},"content":{"rendered":"<p><b>Estrella venci\u00f3 por 85-82 a Argentino, en el Ardubilio Severini, y se adelant\u00f3 en las finales del Torneo Oficial de Segunda Divisi\u00f3n (2-0).\u00a0 En el auriazul, la gran figura de la noche fue Mariano Trellini (21 puntos, 5-9 en t3), bien\u00a0 secundado en el goleo por Alan Pan (17, 9-10 en t1), Franco Cardone y Dami\u00e1n Carci (10 cada uno).\u00a0 En el local, no bast\u00f3 con los rendimientos de Guillermo Mallemaci (18 y 16 rebotes) y C\u00e9sar Massa (13 y 9 tableros).\u00a0 Luego de la finalizaci\u00f3n del cotejo, se registraron incidentes entre jugadores del local y simpatizantes de la visita.<\/b><\/p>\n<p>Desafortunadamente, la violencia en el \u00e1mbito del b\u00e1squet local (y nuevamente, cerca de las festividades de fin de a\u00f1o) volvi\u00f3 a empa\u00f1ar lo que fue un partido apasionante de playoffs, ante un inmejorable marco de p\u00fablico en el contexto de la segunda divisi\u00f3n local.<\/p>\n<p>Pero luego dedicaremos unas l\u00edneas a los ingratos acontecimientos violentos que se dieron luego del encuentro. \u00a0En lo deportivo, fue mejor el comienzo de Argentino (13-6 en 4m34) gracias a lo que ya era una gran tarea de Mallemaci (10 y 5 rebotes defensivos), mientras que del otro lado, a Estrella le cost\u00f3 involucrar juego en su per\u00edmetro, por lo que se apoy\u00f3 en la tarea de Specogna (6) en la pintura.\u00a0 A pesar de tener problemas con el traslado del bal\u00f3n (5 p\u00e9rdidas) dos bombas al hilo de Sebasti\u00e1n Susbielles al cierre del 1C, ampliaron la ventaja del local (23-14).<\/p>\n<p>Pero Estrella reaccion\u00f3 de inmediato en el 2C.\u00a0 Cargando el rebote ofensivo (3) y saliendo r\u00e1pido en contragolpe a partir de buenas paradas defensivas (su mejor arma), ubic\u00f3 a Trellini (4) como el ejecutor de las transiciones r\u00e1pidas, y con un parcial de 13-3 en 5m, emparej\u00f3 las acciones en 27.\u00a0 Luego de la paridad, comenz\u00f3 a aportar Carci (6) con sus tiros desde media distancia en aclarado, ampliando el d\u00e9ficit local (34-39).\u00a0 No obstante, un buen cierre de Tom\u00e1s Bruni (5, un triple y dos libres) le permiti\u00f3 a Argentino dejar todo como en el inicio, al descanso largo (iguales en 41).<\/p>\n<p>Fue en la reanudaci\u00f3n, donde Estrella dio el gran quiebre de la noche.\u00a0 Con el ingreso de los Hermanos Almir\u00f3n (13 puntos entre los dos), el auriazul jug\u00f3 las ofensivas estacionadas con mayor orden, y eso le dio lugar a un formidable pasaje desde los 6,75 mts (5-6), apartado en el que \u00a0Chino Trellini se sinti\u00f3 como un pez en el agua, porque conect\u00f3 tres de las bombas de Estrella.\u00a0 As\u00ed, la visita firm\u00f3 un parcial de 20-10 en 7m17 que lo deposit\u00f3 en el doble d\u00edgito de ventaja (61-51).\u00a0 Sin embargo, el reci\u00e9n ingresado I\u00f1aki Errazu clav\u00f3 dos triplazos al hilo, achicando distancias en el marcador (61-68) manteniendo el partido abierto de cara al cierre.<\/p>\n<p>Y la ilusi\u00f3n de remontada de Argentino se mantuvo viva en el ep\u00edlogo, gracias a la buena tarea de Luciano Mussini (4 puntos, producto de segundas oportunidades) en los tableros, m\u00e1s las penetraciones de Antonelli (6, tras un flojo desempe\u00f1o en los tres per\u00edodos anteriores con 0-3 en TC y 3 p\u00e9rdidas), que le permitieron a los dirigidos por Mario Errazu ponerse a tiro (71-75) a falta de 4m32.\u00a0 Pero Estrella volvi\u00f3 a imprimirle v\u00e9rtigo al partido, tras no encontrar caminos en el juego estacionado, y en la figura desequilibrante de Alan Pan, atacando el aro (6-6 en t1 en el cierre) volvi\u00f3 a tomar distancia en el electr\u00f3nico 75-84).<\/p>\n<p>En el minuto final, Argentino volvi\u00f3 a acercarse a Estrella gracias a los tantos de Massa (4) en la pintura y libres de Bruni (80-84).\u00a0 Pero el local se qued\u00f3 sin tiempo, no tuvo posesiones a favor y tras un libre de Carci, el albiceleste no pudo armar con eficiencia su \u00faltima ofensiva: Bruni tir\u00f3 de tres con dos rivales encima y no toc\u00f3 aro.<\/p>\n<p>&nbsp;<\/p>\n<p>[youtube]https:\/\/youtu.be\/Dp4kSw9dqEE[\/youtube]<\/p>\n<p>&nbsp;<\/p>\n<p><b>S\u00edntesis | <\/b>Segunda Divisi\u00f3n \u2013 Torneo Oficial \u2013 Finales \u2013 Juego #2<\/p>\n<p><b>Argentino 82: <\/b>Sebasti\u00e1n Susbielles 10 (x), Lucas Lucchetti 7, Nicol\u00e1s Antonelli 8 (x), C\u00e9sar Massa 13, Guillermo Mallemaci 18 (FI); Luciano Mussini 6, Tom\u00e1s Bruni 10, Juan Franco Di Meglio 0, Bruno Aceituno 4, I\u00f1aki Errazu 6.\u00a0 D.T: Mario Errazu.<\/p>\n<p><b>Estrella 85: <\/b>Dami\u00e1n Carci 10, Mariano Trellini 21, Franco Cardone 10, Mat\u00edas Specogna 6, Nahuel C\u00e1mara 6 (FI); Agust\u00edn Almir\u00f3n 7, Alan Pan 17, Andr\u00e9s Almir\u00f3n 8.\u00a0 D.T: Claudio Queti.<\/p>\n<p><b>Parciales: <\/b>Argentino; 23-14, 41-41 (18-27), 61-68 (20-27), 82-85 (21-17).<\/p>\n<p><b>\u00c1rbitros: <\/b>Alejandro Ramallo, N\u00e9stor Schernenco y Alejandro Vizca\u00edno.<\/p>\n<p><b>Estadio: <\/b>Ardubilio Severini (Argentino).<\/p>\n<p><b>Serie: <\/b>Gana Estrella, 2-0.<\/p>\n<p><b>Pr\u00f3ximo encuentro: <\/b>viernes 11\/12, 20:30 horas en el Luis \u00c1lvarez (cancha de Estrella).<\/p>\n<p><strong>Foto:\u00a0<\/strong>Mauro Giovannini.<\/p>\n<p><a class=\"modalf iframe\" title=\"Planilla\" href=\"https:\/\/docs.google.com\/spreadsheets\/d\/1l6xXLr5126LhpjNLeXXB3ZPMteMPd2vT5zHYTj8WB3E\/pubhtml\" target=\"_blank\" rel=\"noopener\">Ver Planilla<\/a><\/p>\n<p>&nbsp;<\/p>\n<h6 style=\"text-align: center;\">Fin de a\u00f1o \u00bf\u00e9poca de incidentes?<\/h6>\n<p>Dos semanas atr\u00e1s, fue el cruce entre Franco Maceratesi y un \u00abhincha\u00bb de Olimpo en el marco del TNA el que nos tocaba comentar en la p\u00e1gina. \u00a0Hoy (mi\u00e9rcoles) volvieron a registrarse incidentes violentos durante y despu\u00e9s del desarrollo del encuentro entre Argentino y Estrella por el b\u00e1squet local.<\/p>\n<p><strong>Los primeros roces que se dieron en el marco del partido<\/strong>, <strong>fueron entre Mario Errazu y la terna arbitral<\/strong>, producto del descontento del entrenador con el desempe\u00f1o de los colegiados. \u00a0El segundo, entre algunos simpatizantes de Estrella y Victor Susbielles (relojero de Argentino) por algunas sospechas de los hinchas auriazules sobre el manejo del tiempo. \u00a0Hasta all\u00ed, situaciones controladas propias de un choque caliente, t\u00edpico de la instancia que se est\u00e1 jugando.<\/p>\n<p>Pero los incidentes m\u00e1s serios se produjeron una vez finalizado el encuentro, cuando (de acuerdo a jugadores y dirigentes de Argentino) un par de \u00abhinchas\u00bb de Estrella se les acerc\u00f3 camin\u00f3 al vestuario, insult\u00e1ndolos e incit\u00e1ndolos a pelear, provocando diversos cruces en ese sector del Ardubilio Severini que se prolongaron durante minutos. <strong>\u00a0Ninguna participaci\u00f3n tuvo en el tumulto el plantel de Estrella<\/strong>, que en vista de los incidentes, fue llevado inmediatamente a los vestuarios, siendo cuidado por el propio Claudio Queti, su asistente Juan Manuel Dobal y Maximiliano Sterz (que no fue de la partida por lesi\u00f3n).<\/p>\n<p>Cuando pareci\u00f3 que los exabruptos hab\u00edan finalizado, un grupo de jugadores de Argentino salieron enfurecidos del estadio hacia la calle, en persecuci\u00f3n de uno de los incitadores de Estrella, que continu\u00f3 provoc\u00e1ndolos verbalmente (hecho que pude presenciar).<\/p>\n<p>Lamentablemente, fue de nuevo por culpa de unos pocos, a quienes estoy seguro que nada les interesa este hermoso deporte, que la fiesta del b\u00e1squet que fue (en su mayor parte) el segundo encuentro por las finales del Torneo Oficial de Segunda, termin\u00f3 sumergida en violencia, afectando a la mayor\u00eda de las parcialidades de ambos conjuntos, que tan bien acompa\u00f1aron a sus equipos en todo 2015. \u00a0Creo (a modo personal) que es momento de dejar de picar el bal\u00f3n, pedir tiempo muerto y reflexionar. \u00a0\u00bfEs este el b\u00e1squet que queremos, en la ciudad que es la capital del deporte a nivel nacional? \u00bfNo nos alcanz\u00f3 ya con suspender las finales en Primera \u00a0el a\u00f1o pasado? \u00a0\u00bfNecesitamos que suceda algo m\u00e1s grave a\u00fan para darnos cuenta? \u00a0Invito a la Gente de B\u00e1squet, a la que tanto quiere este deporte, a pensar. \u00a0<strong>EN AMBOS BANDOS.<\/strong> \u00a0Sobretodo teniendo en cuenta que el viernes Estrella y Argentino vuelven a chocar, y de ganar el auriazul, podr\u00eda haber una nueva serie de finales.<\/p>\n","protected":false},"excerpt":{"rendered":"<p>Estrella venci\u00f3 a Argentino por 85-82 (2-0), pero se produjeron incidentes en el cierre<\/p>\n","protected":false},"author":1,"featured_media":54982,"comment_status":"closed","ping_status":"open","sticky":false,"template":"","format":"standard","meta":{"jnews-multi-image_gallery":[],"jnews_single_post":[],"jnews_primary_category":[],"footnotes":""},"categories":[25,101],"tags":[298,4,250,527,10,304,360,619,588,486],"class_list":["post-54973","post","type-post","status-publish","format-standard","has-post-thumbnail","hentry","category-segunda","category-slide","tag-alan-pan","tag-argentino","tag-cesar-massa","tag-damian-carci","tag-estrella","tag-franco-cardone","tag-guillermo-mallemaci","tag-mariano-trellini","tag-sebastian-susbielles","tag-tomas-bruni"],"yoast_head":"<!-- This site is optimized with the Yoast SEO plugin v27.5 - https:\/\/yoast.com\/product\/yoast-seo-wordpress\/ -->\n<title>Un final Estrellado - Gente de B\u00e1squet<\/title>\n<meta name=\"robots\" content=\"index, follow, max-snippet:-1, max-image-preview:large, max-video-preview:-1\" \/>\n<link rel=\"canonical\" href=\"http:\/\/gentedebasquet.com.ar\/sitio\/2015\/12\/09\/un-final-estrellado\/\" \/>\n<meta property=\"og:locale\" content=\"es_ES\" \/>\n<meta property=\"og:type\" content=\"article\" \/>\n<meta property=\"og:title\" content=\"Un final Estrellado - Gente de B\u00e1squet\" \/>\n<meta property=\"og:description\" content=\"Estrella venci\u00f3 a Argentino por 85-82 (2-0), pero se produjeron incidentes en el cierre\" \/>\n<meta property=\"og:url\" content=\"http:\/\/gentedebasquet.com.ar\/sitio\/2015\/12\/09\/un-final-estrellado\/\" \/>\n<meta property=\"og:site_name\" content=\"Gente de B\u00e1squet\" \/>\n<meta property=\"article:published_time\" content=\"2015-12-09T03:38:44+00:00\" \/>\n<meta property=\"og:image\" content=\"http:\/\/gentedebasquet.com.ar\/sitio\/wp-content\/uploads\/2015\/12\/Argentino-0-2-Estrella.jpg\" \/>\n\t<meta property=\"og:image:width\" content=\"690\" \/>\n\t<meta property=\"og:image:height\" content=\"318\" \/>\n\t<meta property=\"og:image:type\" content=\"image\/jpeg\" \/>\n<meta name=\"author\" content=\"Gente de B\u00e1squet\" \/>\n<meta name=\"twitter:card\" content=\"summary_large_image\" \/>\n<meta name=\"twitter:label1\" content=\"Escrito por\" \/>\n\t<meta name=\"twitter:data1\" content=\"Gente de B\u00e1squet\" \/>\n\t<meta name=\"twitter:label2\" content=\"Tiempo de lectura\" \/>\n\t<meta name=\"twitter:data2\" content=\"6 minutos\" \/>\n<script type=\"application\/ld+json\" class=\"yoast-schema-graph\">{\"@context\":\"https:\\\/\\\/schema.org\",\"@graph\":[{\"@type\":\"Article\",\"@id\":\"http:\\\/\\\/gentedebasquet.com.ar\\\/sitio\\\/2015\\\/12\\\/09\\\/un-final-estrellado\\\/#article\",\"isPartOf\":{\"@id\":\"http:\\\/\\\/gentedebasquet.com.ar\\\/sitio\\\/2015\\\/12\\\/09\\\/un-final-estrellado\\\/\"},\"author\":{\"name\":\"Gente de B\u00e1squet\",\"@id\":\"http:\\\/\\\/gentedebasquet.com.ar\\\/sitio\\\/#\\\/schema\\\/person\\\/ca0b63bbb977369988a7bbbdc519943a\"},\"headline\":\"Un final Estrellado\",\"datePublished\":\"2015-12-09T03:38:44+00:00\",\"mainEntityOfPage\":{\"@id\":\"http:\\\/\\\/gentedebasquet.com.ar\\\/sitio\\\/2015\\\/12\\\/09\\\/un-final-estrellado\\\/\"},\"wordCount\":1232,\"image\":{\"@id\":\"http:\\\/\\\/gentedebasquet.com.ar\\\/sitio\\\/2015\\\/12\\\/09\\\/un-final-estrellado\\\/#primaryimage\"},\"thumbnailUrl\":\"http:\\\/\\\/gentedebasquet.com.ar\\\/sitio\\\/wp-content\\\/uploads\\\/2015\\\/12\\\/Argentino-0-2-Estrella.jpg\",\"keywords\":[\"Alan Pan\",\"Argentino\",\"C\u00e9sar Massa\",\"Dami\u00e1n Carci\",\"Estrella\",\"Franco Cardone\",\"Guillermo Mallemaci\",\"Mariano Trellini\",\"Sebasti\u00e1n Susbielles\",\"Tomas Bruni\"],\"articleSection\":[\"Segunda\",\"Slide\"],\"inLanguage\":\"es\"},{\"@type\":\"WebPage\",\"@id\":\"http:\\\/\\\/gentedebasquet.com.ar\\\/sitio\\\/2015\\\/12\\\/09\\\/un-final-estrellado\\\/\",\"url\":\"http:\\\/\\\/gentedebasquet.com.ar\\\/sitio\\\/2015\\\/12\\\/09\\\/un-final-estrellado\\\/\",\"name\":\"Un final Estrellado - Gente de B\u00e1squet\",\"isPartOf\":{\"@id\":\"http:\\\/\\\/gentedebasquet.com.ar\\\/sitio\\\/#website\"},\"primaryImageOfPage\":{\"@id\":\"http:\\\/\\\/gentedebasquet.com.ar\\\/sitio\\\/2015\\\/12\\\/09\\\/un-final-estrellado\\\/#primaryimage\"},\"image\":{\"@id\":\"http:\\\/\\\/gentedebasquet.com.ar\\\/sitio\\\/2015\\\/12\\\/09\\\/un-final-estrellado\\\/#primaryimage\"},\"thumbnailUrl\":\"http:\\\/\\\/gentedebasquet.com.ar\\\/sitio\\\/wp-content\\\/uploads\\\/2015\\\/12\\\/Argentino-0-2-Estrella.jpg\",\"datePublished\":\"2015-12-09T03:38:44+00:00\",\"author\":{\"@id\":\"http:\\\/\\\/gentedebasquet.com.ar\\\/sitio\\\/#\\\/schema\\\/person\\\/ca0b63bbb977369988a7bbbdc519943a\"},\"breadcrumb\":{\"@id\":\"http:\\\/\\\/gentedebasquet.com.ar\\\/sitio\\\/2015\\\/12\\\/09\\\/un-final-estrellado\\\/#breadcrumb\"},\"inLanguage\":\"es\",\"potentialAction\":[{\"@type\":\"ReadAction\",\"target\":[\"http:\\\/\\\/gentedebasquet.com.ar\\\/sitio\\\/2015\\\/12\\\/09\\\/un-final-estrellado\\\/\"]}]},{\"@type\":\"ImageObject\",\"inLanguage\":\"es\",\"@id\":\"http:\\\/\\\/gentedebasquet.com.ar\\\/sitio\\\/2015\\\/12\\\/09\\\/un-final-estrellado\\\/#primaryimage\",\"url\":\"http:\\\/\\\/gentedebasquet.com.ar\\\/sitio\\\/wp-content\\\/uploads\\\/2015\\\/12\\\/Argentino-0-2-Estrella.jpg\",\"contentUrl\":\"http:\\\/\\\/gentedebasquet.com.ar\\\/sitio\\\/wp-content\\\/uploads\\\/2015\\\/12\\\/Argentino-0-2-Estrella.jpg\",\"width\":690,\"height\":318},{\"@type\":\"BreadcrumbList\",\"@id\":\"http:\\\/\\\/gentedebasquet.com.ar\\\/sitio\\\/2015\\\/12\\\/09\\\/un-final-estrellado\\\/#breadcrumb\",\"itemListElement\":[{\"@type\":\"ListItem\",\"position\":1,\"name\":\"Portada\",\"item\":\"http:\\\/\\\/gentedebasquet.com.ar\\\/sitio\\\/\"},{\"@type\":\"ListItem\",\"position\":2,\"name\":\"Un final Estrellado\"}]},{\"@type\":\"WebSite\",\"@id\":\"http:\\\/\\\/gentedebasquet.com.ar\\\/sitio\\\/#website\",\"url\":\"http:\\\/\\\/gentedebasquet.com.ar\\\/sitio\\\/\",\"name\":\"Gente de B\u00e1squet\",\"description\":\"La revista del basquet de Bah\u00eda Blanca\",\"potentialAction\":[{\"@type\":\"SearchAction\",\"target\":{\"@type\":\"EntryPoint\",\"urlTemplate\":\"http:\\\/\\\/gentedebasquet.com.ar\\\/sitio\\\/?s={search_term_string}\"},\"query-input\":{\"@type\":\"PropertyValueSpecification\",\"valueRequired\":true,\"valueName\":\"search_term_string\"}}],\"inLanguage\":\"es\"},{\"@type\":\"Person\",\"@id\":\"http:\\\/\\\/gentedebasquet.com.ar\\\/sitio\\\/#\\\/schema\\\/person\\\/ca0b63bbb977369988a7bbbdc519943a\",\"name\":\"Gente de B\u00e1squet\",\"image\":{\"@type\":\"ImageObject\",\"inLanguage\":\"es\",\"@id\":\"https:\\\/\\\/secure.gravatar.com\\\/avatar\\\/7f2c48bdc33b30088f941fb6082e555f2874c98e20cb159d7b92b50eadfce793?s=96&d=mm&r=g\",\"url\":\"https:\\\/\\\/secure.gravatar.com\\\/avatar\\\/7f2c48bdc33b30088f941fb6082e555f2874c98e20cb159d7b92b50eadfce793?s=96&d=mm&r=g\",\"contentUrl\":\"https:\\\/\\\/secure.gravatar.com\\\/avatar\\\/7f2c48bdc33b30088f941fb6082e555f2874c98e20cb159d7b92b50eadfce793?s=96&d=mm&r=g\",\"caption\":\"Gente de B\u00e1squet\"},\"sameAs\":[\"http:\\\/\\\/gentedebasquet.com.ar\\\/sitio\"],\"url\":\"http:\\\/\\\/gentedebasquet.com.ar\\\/sitio\\\/author\\\/ulises\\\/\"}]}<\/script>\n<!-- \/ Yoast SEO plugin. -->","yoast_head_json":{"title":"Un final Estrellado - Gente de B\u00e1squet","robots":{"index":"index","follow":"follow","max-snippet":"max-snippet:-1","max-image-preview":"max-image-preview:large","max-video-preview":"max-video-preview:-1"},"canonical":"http:\/\/gentedebasquet.com.ar\/sitio\/2015\/12\/09\/un-final-estrellado\/","og_locale":"es_ES","og_type":"article","og_title":"Un final Estrellado - Gente de B\u00e1squet","og_description":"Estrella venci\u00f3 a Argentino por 85-82 (2-0), pero se produjeron incidentes en el cierre","og_url":"http:\/\/gentedebasquet.com.ar\/sitio\/2015\/12\/09\/un-final-estrellado\/","og_site_name":"Gente de B\u00e1squet","article_published_time":"2015-12-09T03:38:44+00:00","og_image":[{"width":690,"height":318,"url":"http:\/\/gentedebasquet.com.ar\/sitio\/wp-content\/uploads\/2015\/12\/Argentino-0-2-Estrella.jpg","type":"image\/jpeg"}],"author":"Gente de B\u00e1squet","twitter_card":"summary_large_image","twitter_misc":{"Escrito por":"Gente de B\u00e1squet","Tiempo de lectura":"6 minutos"},"schema":{"@context":"https:\/\/schema.org","@graph":[{"@type":"Article","@id":"http:\/\/gentedebasquet.com.ar\/sitio\/2015\/12\/09\/un-final-estrellado\/#article","isPartOf":{"@id":"http:\/\/gentedebasquet.com.ar\/sitio\/2015\/12\/09\/un-final-estrellado\/"},"author":{"name":"Gente de B\u00e1squet","@id":"http:\/\/gentedebasquet.com.ar\/sitio\/#\/schema\/person\/ca0b63bbb977369988a7bbbdc519943a"},"headline":"Un final Estrellado","datePublished":"2015-12-09T03:38:44+00:00","mainEntityOfPage":{"@id":"http:\/\/gentedebasquet.com.ar\/sitio\/2015\/12\/09\/un-final-estrellado\/"},"wordCount":1232,"image":{"@id":"http:\/\/gentedebasquet.com.ar\/sitio\/2015\/12\/09\/un-final-estrellado\/#primaryimage"},"thumbnailUrl":"http:\/\/gentedebasquet.com.ar\/sitio\/wp-content\/uploads\/2015\/12\/Argentino-0-2-Estrella.jpg","keywords":["Alan Pan","Argentino","C\u00e9sar Massa","Dami\u00e1n Carci","Estrella","Franco Cardone","Guillermo Mallemaci","Mariano Trellini","Sebasti\u00e1n Susbielles","Tomas Bruni"],"articleSection":["Segunda","Slide"],"inLanguage":"es"},{"@type":"WebPage","@id":"http:\/\/gentedebasquet.com.ar\/sitio\/2015\/12\/09\/un-final-estrellado\/","url":"http:\/\/gentedebasquet.com.ar\/sitio\/2015\/12\/09\/un-final-estrellado\/","name":"Un final Estrellado - Gente de B\u00e1squet","isPartOf":{"@id":"http:\/\/gentedebasquet.com.ar\/sitio\/#website"},"primaryImageOfPage":{"@id":"http:\/\/gentedebasquet.com.ar\/sitio\/2015\/12\/09\/un-final-estrellado\/#primaryimage"},"image":{"@id":"http:\/\/gentedebasquet.com.ar\/sitio\/2015\/12\/09\/un-final-estrellado\/#primaryimage"},"thumbnailUrl":"http:\/\/gentedebasquet.com.ar\/sitio\/wp-content\/uploads\/2015\/12\/Argentino-0-2-Estrella.jpg","datePublished":"2015-12-09T03:38:44+00:00","author":{"@id":"http:\/\/gentedebasquet.com.ar\/sitio\/#\/schema\/person\/ca0b63bbb977369988a7bbbdc519943a"},"breadcrumb":{"@id":"http:\/\/gentedebasquet.com.ar\/sitio\/2015\/12\/09\/un-final-estrellado\/#breadcrumb"},"inLanguage":"es","potentialAction":[{"@type":"ReadAction","target":["http:\/\/gentedebasquet.com.ar\/sitio\/2015\/12\/09\/un-final-estrellado\/"]}]},{"@type":"ImageObject","inLanguage":"es","@id":"http:\/\/gentedebasquet.com.ar\/sitio\/2015\/12\/09\/un-final-estrellado\/#primaryimage","url":"http:\/\/gentedebasquet.com.ar\/sitio\/wp-content\/uploads\/2015\/12\/Argentino-0-2-Estrella.jpg","contentUrl":"http:\/\/gentedebasquet.com.ar\/sitio\/wp-content\/uploads\/2015\/12\/Argentino-0-2-Estrella.jpg","width":690,"height":318},{"@type":"BreadcrumbList","@id":"http:\/\/gentedebasquet.com.ar\/sitio\/2015\/12\/09\/un-final-estrellado\/#breadcrumb","itemListElement":[{"@type":"ListItem","position":1,"name":"Portada","item":"http:\/\/gentedebasquet.com.ar\/sitio\/"},{"@type":"ListItem","position":2,"name":"Un final Estrellado"}]},{"@type":"WebSite","@id":"http:\/\/gentedebasquet.com.ar\/sitio\/#website","url":"http:\/\/gentedebasquet.com.ar\/sitio\/","name":"Gente de B\u00e1squet","description":"La revista del basquet de Bah\u00eda Blanca","potentialAction":[{"@type":"SearchAction","target":{"@type":"EntryPoint","urlTemplate":"http:\/\/gentedebasquet.com.ar\/sitio\/?s={search_term_string}"},"query-input":{"@type":"PropertyValueSpecification","valueRequired":true,"valueName":"search_term_string"}}],"inLanguage":"es"},{"@type":"Person","@id":"http:\/\/gentedebasquet.com.ar\/sitio\/#\/schema\/person\/ca0b63bbb977369988a7bbbdc519943a","name":"Gente de B\u00e1squet","image":{"@type":"ImageObject","inLanguage":"es","@id":"https:\/\/secure.gravatar.com\/avatar\/7f2c48bdc33b30088f941fb6082e555f2874c98e20cb159d7b92b50eadfce793?s=96&d=mm&r=g","url":"https:\/\/secure.gravatar.com\/avatar\/7f2c48bdc33b30088f941fb6082e555f2874c98e20cb159d7b92b50eadfce793?s=96&d=mm&r=g","contentUrl":"https:\/\/secure.gravatar.com\/avatar\/7f2c48bdc33b30088f941fb6082e555f2874c98e20cb159d7b92b50eadfce793?s=96&d=mm&r=g","caption":"Gente de B\u00e1squet"},"sameAs":["http:\/\/gentedebasquet.com.ar\/sitio"],"url":"http:\/\/gentedebasquet.com.ar\/sitio\/author\/ulises\/"}]}},"_links":{"self":[{"href":"http:\/\/gentedebasquet.com.ar\/sitio\/wp-json\/wp\/v2\/posts\/54973","targetHints":{"allow":["GET"]}}],"collection":[{"href":"http:\/\/gentedebasquet.com.ar\/sitio\/wp-json\/wp\/v2\/posts"}],"about":[{"href":"http:\/\/gentedebasquet.com.ar\/sitio\/wp-json\/wp\/v2\/types\/post"}],"author":[{"embeddable":true,"href":"http:\/\/gentedebasquet.com.ar\/sitio\/wp-json\/wp\/v2\/users\/1"}],"replies":[{"embeddable":true,"href":"http:\/\/gentedebasquet.com.ar\/sitio\/wp-json\/wp\/v2\/comments?post=54973"}],"version-history":[{"count":0,"href":"http:\/\/gentedebasquet.com.ar\/sitio\/wp-json\/wp\/v2\/posts\/54973\/revisions"}],"wp:featuredmedia":[{"embeddable":true,"href":"http:\/\/gentedebasquet.com.ar\/sitio\/wp-json\/wp\/v2\/media\/54982"}],"wp:attachment":[{"href":"http:\/\/gentedebasquet.com.ar\/sitio\/wp-json\/wp\/v2\/media?parent=54973"}],"wp:term":[{"taxonomy":"category","embeddable":true,"href":"http:\/\/gentedebasquet.com.ar\/sitio\/wp-json\/wp\/v2\/categories?post=54973"},{"taxonomy":"post_tag","embeddable":true,"href":"http:\/\/gentedebasquet.com.ar\/sitio\/wp-json\/wp\/v2\/tags?post=54973"}],"curies":[{"name":"wp","href":"https:\/\/api.w.org\/{rel}","templated":true}]}}