{"id":55037,"date":"2015-12-10T23:47:57","date_gmt":"2015-12-11T02:47:57","guid":{"rendered":"http:\/\/www.gentedebasquet.com.ar\/?p=55037"},"modified":"2015-12-10T23:47:57","modified_gmt":"2015-12-11T02:47:57","slug":"agarro-el-baston-de-mando","status":"publish","type":"post","link":"http:\/\/gentedebasquet.com.ar\/sitio\/2015\/12\/10\/agarro-el-baston-de-mando\/","title":{"rendered":"Agarr\u00f3 el bast\u00f3n de mando"},"content":{"rendered":"<p><strong>Una notable demostraci\u00f3n le sirvi\u00f3 a Villa Mitre para alejar fantasmas y erigirse como finalista de Primera Divisi\u00f3n por cuarto a\u00f1o consecutivo. El tricolor redonde\u00f3 un ST brillante (46-17) y se qued\u00f3 con la victoria sobre Estudiantes por 94 a 54, cerrando su semifinal 2-1 y alcanz\u00f3 la posibilidad de volver a enfrentar a Liniers en la definici\u00f3n, con la copa Alberto Pedro Cabrera en el horizonte. El local cont\u00f3 con la gran tarea de Javier Bollo (19, con 7\/8 en dobles entre el 2C y el 3C). Adem\u00e1s, hubo 14 de Heinrich y Diomedi y 13 de Acosta. El albo extra\u00f1\u00f3 a Scarpaci (suspendido) y solo aguant\u00f3 el ritmo en el 1C, cuando Radavero anot\u00f3 10 de sus 12 puntos.<\/strong><\/p>\n<p>Quiz\u00e1 envalentonado por lo que fue la resonante victoria en el segundo juego, Estudiantes comenz\u00f3 el partido concentrado y profundo. Esa condici\u00f3n lo mantuvo al frente en el arranque, con Cinti y Radavero como primeras opciones ofensivas. As\u00ed, el albo sac\u00f3 4 de luz (11-15 y 15-19) en medio de un 1C muy equilibrado y de alto contenido basquetbol\u00edstico. Fue Nicol\u00e1s Renzi, con un par de triples, quien mantuvo cerca a Villa Mitre, que intent\u00f3 constantemente darle juego a Heinrich (2\/4 en dobles en el 1C).<\/p>\n<p>Ambos equipos presionaron mucho y fue el tricolor el que comenz\u00f3 a sacar ventajas de tal estrategia, ya que Estudiantes no cont\u00f3 con Tom\u00e1s Scarpaci (suspendido por haber sido descalificado la noche anterior en Juveniles, contra Bahiense) y le cost\u00f3 el traslado. En ese sentido, como pudo alcanz\u00f3 a mantenerse en juego hasta la mitad del 2C (35-31), con 6 punto en fila de Cinti. No obstante, el ingreso de Javier Bollo fue determinante, ya que domin\u00f3 la pintura como supo hacer en otras noches David Pineda, quien jug\u00f3 pocos minutos.<\/p>\n<p>Un par de aciertos del centro le dieron 11 de ventaja al tricolor de cara al descanso largo. De regreso, las chances de reacci\u00f3n de Estudiantes fueron sepultadas por Villa Mitre, quien sell\u00f3 un parcial de 16-2 que lo dej\u00f3 al frente 64-39 con 15m23 por delante. Estudiantes sali\u00f3 al 3C sin Oyhamburo y registr\u00f3, adem\u00e1s, malos porcentajes de campo: tir\u00f3 2\/9 en dobles, adem\u00e1s de ceder seis pelotas que la hicieron perder el cuarto por 24 a 9.<\/p>\n<p>Con la historia pr\u00e1cticamente sentenciada, en el local hubo tiempo para los lucimientos personales. Acosta se dio el lujo de anotar a distancia -por duplicado-, Susbielles aport\u00f3 su cuota de gol y Carlos P\u00e9rez mostr\u00f3 sus condiciones con la pelota en sus manos. El momento especial de la noche qued\u00f3 reservado a Javier Bollo, protagonista principal y compartiendo mucho tiempo en cancha junto a Heinrich. Estudiantes no le encontr\u00f3 la vuelta en toda la noche al doble pivot y dej\u00f3 escapar la gran chance de eliminar al tricolor.<\/p>\n<p>&nbsp;<\/p>\n<p>[vimeo]http:\/\/vimeo.com\/148585214[\/vimeo]<\/p>\n<p>&nbsp;<\/p>\n<p><strong>S\u00edntesis |<\/strong> Primera Divisi\u00f3n &#8211; Semifinales &#8211; Juego #3<\/p>\n<p><strong>Villa Mitre\u00a094:\u00a0<\/strong>Marcelo Berdini 3,\u00a0Sebasti\u00e1n Acosta 13,\u00a0Nicol\u00e1s Renzi 12,\u00a0Santiago Susbielles 8,\u00a0Ramiro Heinrich 14 (Fi);\u00a0David Pineda 2,\u00a0Gast\u00f3n Diomedi 14,\u00a0Javier Bollo 19,\u00a0Carlos P\u00e9rez 5, Santiago\u00a0Bussetti 0,\u00a0Leandro Rapetti 0 y\u00a0Mat\u00edas Farinella 4.\u00a0DT: Ariel Ugolini.<\/p>\n<p><strong>Estudiantes\u00a054:\u00a0<\/strong>Mat\u00edas Oyhamburo 8,\u00a0Sebasti\u00e1n Cinti 14,\u00a0An\u00edbal Buzzo 6,\u00a0Agust\u00edn Amore 4,\u00a0Federico Radavero 12 (Fi); Gonzalo Badano 0,\u00a0Jer\u00f3nimo Mitoire 2,\u00a0Joaqu\u00edn S\u00e1nchez 0,\u00a0Nicol\u00e1s S\u00e1nchez 0,\u00a0Bruno Ferrandi 4,\u00a0Juli\u00e1n Rodr\u00edguez 2 y\u00a0Jos\u00e9 Belleggia 2.\u00a0DT: Guillermo L\u00f3pez.<\/p>\n<p><strong>Parciales:\u00a0<\/strong>22-24, 48-37 (26-13), 72-46 (24-9) y 94-54 (22-8).<\/p>\n<p><strong>\u00c1rbitros:\u00a0<\/strong>Javier S\u00e1nchez &#8211; Marjorie Stuardo &#8211; Diego Kessler.<\/p>\n<p><strong>Estadio:\u00a0<\/strong>Jos\u00e9 Mart\u00ednez (Villa Mitre).<\/p>\n<p><a class=\"modalf iframe\" title=\"Planilla\" href=\"https:\/\/docs.google.com\/spreadsheets\/d\/1m7mf0q08K3EULepVKKO8G1E1yN9u3qtNBiz40wuqh5I\/pubhtml\" target=\"_blank\" rel=\"noopener\">Ver Planilla<\/a><\/p>\n<p><strong>Serie:\u00a0<\/strong>Villa Mitre, 2-1.<\/p>\n","protected":false},"excerpt":{"rendered":"<p>Villa Mitre dej\u00f3 en claro por qu\u00e9 es una vez m\u00e1s finalista: 94-54 a Estudiantes<\/p>\n","protected":false},"author":1,"featured_media":55046,"comment_status":"closed","ping_status":"open","sticky":false,"template":"","format":"standard","meta":{"jnews-multi-image_gallery":[],"jnews_single_post":[],"jnews_primary_category":[],"footnotes":""},"categories":[23,101],"tags":[11,599,603,53,725,22],"class_list":["post-55037","post","type-post","status-publish","format-standard","has-post-thumbnail","hentry","category-primera","category-slide","tag-estudiantes","tag-federico-radavero","tag-javier-bollo","tag-ramiro-heinrich","tag-sebastian-acosta","tag-villa-mitre"],"yoast_head":"<!-- This site is optimized with the Yoast SEO plugin v27.5 - https:\/\/yoast.com\/product\/yoast-seo-wordpress\/ -->\n<title>Agarr\u00f3 el bast\u00f3n de mando - Gente de B\u00e1squet<\/title>\n<meta name=\"robots\" content=\"index, follow, max-snippet:-1, max-image-preview:large, max-video-preview:-1\" \/>\n<link rel=\"canonical\" href=\"http:\/\/gentedebasquet.com.ar\/sitio\/2015\/12\/10\/agarro-el-baston-de-mando\/\" \/>\n<meta property=\"og:locale\" content=\"es_ES\" \/>\n<meta property=\"og:type\" content=\"article\" \/>\n<meta property=\"og:title\" content=\"Agarr\u00f3 el bast\u00f3n de mando - Gente de B\u00e1squet\" \/>\n<meta property=\"og:description\" content=\"Villa Mitre dej\u00f3 en claro por qu\u00e9 es una vez m\u00e1s finalista: 94-54 a Estudiantes\" \/>\n<meta property=\"og:url\" content=\"http:\/\/gentedebasquet.com.ar\/sitio\/2015\/12\/10\/agarro-el-baston-de-mando\/\" \/>\n<meta property=\"og:site_name\" content=\"Gente de B\u00e1squet\" \/>\n<meta property=\"article:published_time\" content=\"2015-12-11T02:47:57+00:00\" \/>\n<meta property=\"og:image\" content=\"http:\/\/gentedebasquet.com.ar\/sitio\/wp-content\/uploads\/2015\/12\/Villa-Mitre-Estudiantes.jpg\" \/>\n\t<meta property=\"og:image:width\" content=\"690\" \/>\n\t<meta property=\"og:image:height\" content=\"318\" \/>\n\t<meta property=\"og:image:type\" content=\"image\/jpeg\" \/>\n<meta name=\"author\" content=\"Gente de B\u00e1squet\" \/>\n<meta name=\"twitter:card\" content=\"summary_large_image\" \/>\n<meta name=\"twitter:label1\" content=\"Escrito por\" \/>\n\t<meta name=\"twitter:data1\" content=\"Gente de B\u00e1squet\" \/>\n\t<meta name=\"twitter:label2\" content=\"Tiempo de lectura\" \/>\n\t<meta name=\"twitter:data2\" content=\"3 minutos\" \/>\n<script type=\"application\/ld+json\" class=\"yoast-schema-graph\">{\"@context\":\"https:\\\/\\\/schema.org\",\"@graph\":[{\"@type\":\"Article\",\"@id\":\"http:\\\/\\\/gentedebasquet.com.ar\\\/sitio\\\/2015\\\/12\\\/10\\\/agarro-el-baston-de-mando\\\/#article\",\"isPartOf\":{\"@id\":\"http:\\\/\\\/gentedebasquet.com.ar\\\/sitio\\\/2015\\\/12\\\/10\\\/agarro-el-baston-de-mando\\\/\"},\"author\":{\"name\":\"Gente de B\u00e1squet\",\"@id\":\"https:\\\/\\\/gentedebasquet.com.ar\\\/sitio\\\/#\\\/schema\\\/person\\\/ca0b63bbb977369988a7bbbdc519943a\"},\"headline\":\"Agarr\u00f3 el bast\u00f3n de mando\",\"datePublished\":\"2015-12-11T02:47:57+00:00\",\"mainEntityOfPage\":{\"@id\":\"http:\\\/\\\/gentedebasquet.com.ar\\\/sitio\\\/2015\\\/12\\\/10\\\/agarro-el-baston-de-mando\\\/\"},\"wordCount\":595,\"image\":{\"@id\":\"http:\\\/\\\/gentedebasquet.com.ar\\\/sitio\\\/2015\\\/12\\\/10\\\/agarro-el-baston-de-mando\\\/#primaryimage\"},\"thumbnailUrl\":\"http:\\\/\\\/gentedebasquet.com.ar\\\/sitio\\\/wp-content\\\/uploads\\\/2015\\\/12\\\/Villa-Mitre-Estudiantes.jpg\",\"keywords\":[\"Estudiantes\",\"Federico Radavero\",\"Javier Bollo\",\"Ramiro Heinrich\",\"Sebasti\u00e1n Acosta\",\"Villa Mitre\"],\"articleSection\":[\"Primera\",\"Slide\"],\"inLanguage\":\"es\"},{\"@type\":\"WebPage\",\"@id\":\"http:\\\/\\\/gentedebasquet.com.ar\\\/sitio\\\/2015\\\/12\\\/10\\\/agarro-el-baston-de-mando\\\/\",\"url\":\"http:\\\/\\\/gentedebasquet.com.ar\\\/sitio\\\/2015\\\/12\\\/10\\\/agarro-el-baston-de-mando\\\/\",\"name\":\"Agarr\u00f3 el bast\u00f3n de mando - Gente de B\u00e1squet\",\"isPartOf\":{\"@id\":\"https:\\\/\\\/gentedebasquet.com.ar\\\/sitio\\\/#website\"},\"primaryImageOfPage\":{\"@id\":\"http:\\\/\\\/gentedebasquet.com.ar\\\/sitio\\\/2015\\\/12\\\/10\\\/agarro-el-baston-de-mando\\\/#primaryimage\"},\"image\":{\"@id\":\"http:\\\/\\\/gentedebasquet.com.ar\\\/sitio\\\/2015\\\/12\\\/10\\\/agarro-el-baston-de-mando\\\/#primaryimage\"},\"thumbnailUrl\":\"http:\\\/\\\/gentedebasquet.com.ar\\\/sitio\\\/wp-content\\\/uploads\\\/2015\\\/12\\\/Villa-Mitre-Estudiantes.jpg\",\"datePublished\":\"2015-12-11T02:47:57+00:00\",\"author\":{\"@id\":\"https:\\\/\\\/gentedebasquet.com.ar\\\/sitio\\\/#\\\/schema\\\/person\\\/ca0b63bbb977369988a7bbbdc519943a\"},\"breadcrumb\":{\"@id\":\"http:\\\/\\\/gentedebasquet.com.ar\\\/sitio\\\/2015\\\/12\\\/10\\\/agarro-el-baston-de-mando\\\/#breadcrumb\"},\"inLanguage\":\"es\",\"potentialAction\":[{\"@type\":\"ReadAction\",\"target\":[\"http:\\\/\\\/gentedebasquet.com.ar\\\/sitio\\\/2015\\\/12\\\/10\\\/agarro-el-baston-de-mando\\\/\"]}]},{\"@type\":\"ImageObject\",\"inLanguage\":\"es\",\"@id\":\"http:\\\/\\\/gentedebasquet.com.ar\\\/sitio\\\/2015\\\/12\\\/10\\\/agarro-el-baston-de-mando\\\/#primaryimage\",\"url\":\"http:\\\/\\\/gentedebasquet.com.ar\\\/sitio\\\/wp-content\\\/uploads\\\/2015\\\/12\\\/Villa-Mitre-Estudiantes.jpg\",\"contentUrl\":\"http:\\\/\\\/gentedebasquet.com.ar\\\/sitio\\\/wp-content\\\/uploads\\\/2015\\\/12\\\/Villa-Mitre-Estudiantes.jpg\",\"width\":690,\"height\":318},{\"@type\":\"BreadcrumbList\",\"@id\":\"http:\\\/\\\/gentedebasquet.com.ar\\\/sitio\\\/2015\\\/12\\\/10\\\/agarro-el-baston-de-mando\\\/#breadcrumb\",\"itemListElement\":[{\"@type\":\"ListItem\",\"position\":1,\"name\":\"Portada\",\"item\":\"https:\\\/\\\/gentedebasquet.com.ar\\\/sitio\\\/\"},{\"@type\":\"ListItem\",\"position\":2,\"name\":\"Agarr\u00f3 el bast\u00f3n de mando\"}]},{\"@type\":\"WebSite\",\"@id\":\"https:\\\/\\\/gentedebasquet.com.ar\\\/sitio\\\/#website\",\"url\":\"https:\\\/\\\/gentedebasquet.com.ar\\\/sitio\\\/\",\"name\":\"Gente de B\u00e1squet\",\"description\":\"La revista del basquet de Bah\u00eda Blanca\",\"potentialAction\":[{\"@type\":\"SearchAction\",\"target\":{\"@type\":\"EntryPoint\",\"urlTemplate\":\"https:\\\/\\\/gentedebasquet.com.ar\\\/sitio\\\/?s={search_term_string}\"},\"query-input\":{\"@type\":\"PropertyValueSpecification\",\"valueRequired\":true,\"valueName\":\"search_term_string\"}}],\"inLanguage\":\"es\"},{\"@type\":\"Person\",\"@id\":\"https:\\\/\\\/gentedebasquet.com.ar\\\/sitio\\\/#\\\/schema\\\/person\\\/ca0b63bbb977369988a7bbbdc519943a\",\"name\":\"Gente de B\u00e1squet\",\"image\":{\"@type\":\"ImageObject\",\"inLanguage\":\"es\",\"@id\":\"https:\\\/\\\/secure.gravatar.com\\\/avatar\\\/7f2c48bdc33b30088f941fb6082e555f2874c98e20cb159d7b92b50eadfce793?s=96&d=mm&r=g\",\"url\":\"https:\\\/\\\/secure.gravatar.com\\\/avatar\\\/7f2c48bdc33b30088f941fb6082e555f2874c98e20cb159d7b92b50eadfce793?s=96&d=mm&r=g\",\"contentUrl\":\"https:\\\/\\\/secure.gravatar.com\\\/avatar\\\/7f2c48bdc33b30088f941fb6082e555f2874c98e20cb159d7b92b50eadfce793?s=96&d=mm&r=g\",\"caption\":\"Gente de B\u00e1squet\"},\"sameAs\":[\"http:\\\/\\\/gentedebasquet.com.ar\\\/sitio\"],\"url\":\"http:\\\/\\\/gentedebasquet.com.ar\\\/sitio\\\/author\\\/ulises\\\/\"}]}<\/script>\n<!-- \/ Yoast SEO plugin. -->","yoast_head_json":{"title":"Agarr\u00f3 el bast\u00f3n de mando - Gente de B\u00e1squet","robots":{"index":"index","follow":"follow","max-snippet":"max-snippet:-1","max-image-preview":"max-image-preview:large","max-video-preview":"max-video-preview:-1"},"canonical":"http:\/\/gentedebasquet.com.ar\/sitio\/2015\/12\/10\/agarro-el-baston-de-mando\/","og_locale":"es_ES","og_type":"article","og_title":"Agarr\u00f3 el bast\u00f3n de mando - Gente de B\u00e1squet","og_description":"Villa Mitre dej\u00f3 en claro por qu\u00e9 es una vez m\u00e1s finalista: 94-54 a Estudiantes","og_url":"http:\/\/gentedebasquet.com.ar\/sitio\/2015\/12\/10\/agarro-el-baston-de-mando\/","og_site_name":"Gente de B\u00e1squet","article_published_time":"2015-12-11T02:47:57+00:00","og_image":[{"width":690,"height":318,"url":"http:\/\/gentedebasquet.com.ar\/sitio\/wp-content\/uploads\/2015\/12\/Villa-Mitre-Estudiantes.jpg","type":"image\/jpeg"}],"author":"Gente de B\u00e1squet","twitter_card":"summary_large_image","twitter_misc":{"Escrito por":"Gente de B\u00e1squet","Tiempo de lectura":"3 minutos"},"schema":{"@context":"https:\/\/schema.org","@graph":[{"@type":"Article","@id":"http:\/\/gentedebasquet.com.ar\/sitio\/2015\/12\/10\/agarro-el-baston-de-mando\/#article","isPartOf":{"@id":"http:\/\/gentedebasquet.com.ar\/sitio\/2015\/12\/10\/agarro-el-baston-de-mando\/"},"author":{"name":"Gente de B\u00e1squet","@id":"https:\/\/gentedebasquet.com.ar\/sitio\/#\/schema\/person\/ca0b63bbb977369988a7bbbdc519943a"},"headline":"Agarr\u00f3 el bast\u00f3n de mando","datePublished":"2015-12-11T02:47:57+00:00","mainEntityOfPage":{"@id":"http:\/\/gentedebasquet.com.ar\/sitio\/2015\/12\/10\/agarro-el-baston-de-mando\/"},"wordCount":595,"image":{"@id":"http:\/\/gentedebasquet.com.ar\/sitio\/2015\/12\/10\/agarro-el-baston-de-mando\/#primaryimage"},"thumbnailUrl":"http:\/\/gentedebasquet.com.ar\/sitio\/wp-content\/uploads\/2015\/12\/Villa-Mitre-Estudiantes.jpg","keywords":["Estudiantes","Federico Radavero","Javier Bollo","Ramiro Heinrich","Sebasti\u00e1n Acosta","Villa Mitre"],"articleSection":["Primera","Slide"],"inLanguage":"es"},{"@type":"WebPage","@id":"http:\/\/gentedebasquet.com.ar\/sitio\/2015\/12\/10\/agarro-el-baston-de-mando\/","url":"http:\/\/gentedebasquet.com.ar\/sitio\/2015\/12\/10\/agarro-el-baston-de-mando\/","name":"Agarr\u00f3 el bast\u00f3n de mando - Gente de B\u00e1squet","isPartOf":{"@id":"https:\/\/gentedebasquet.com.ar\/sitio\/#website"},"primaryImageOfPage":{"@id":"http:\/\/gentedebasquet.com.ar\/sitio\/2015\/12\/10\/agarro-el-baston-de-mando\/#primaryimage"},"image":{"@id":"http:\/\/gentedebasquet.com.ar\/sitio\/2015\/12\/10\/agarro-el-baston-de-mando\/#primaryimage"},"thumbnailUrl":"http:\/\/gentedebasquet.com.ar\/sitio\/wp-content\/uploads\/2015\/12\/Villa-Mitre-Estudiantes.jpg","datePublished":"2015-12-11T02:47:57+00:00","author":{"@id":"https:\/\/gentedebasquet.com.ar\/sitio\/#\/schema\/person\/ca0b63bbb977369988a7bbbdc519943a"},"breadcrumb":{"@id":"http:\/\/gentedebasquet.com.ar\/sitio\/2015\/12\/10\/agarro-el-baston-de-mando\/#breadcrumb"},"inLanguage":"es","potentialAction":[{"@type":"ReadAction","target":["http:\/\/gentedebasquet.com.ar\/sitio\/2015\/12\/10\/agarro-el-baston-de-mando\/"]}]},{"@type":"ImageObject","inLanguage":"es","@id":"http:\/\/gentedebasquet.com.ar\/sitio\/2015\/12\/10\/agarro-el-baston-de-mando\/#primaryimage","url":"http:\/\/gentedebasquet.com.ar\/sitio\/wp-content\/uploads\/2015\/12\/Villa-Mitre-Estudiantes.jpg","contentUrl":"http:\/\/gentedebasquet.com.ar\/sitio\/wp-content\/uploads\/2015\/12\/Villa-Mitre-Estudiantes.jpg","width":690,"height":318},{"@type":"BreadcrumbList","@id":"http:\/\/gentedebasquet.com.ar\/sitio\/2015\/12\/10\/agarro-el-baston-de-mando\/#breadcrumb","itemListElement":[{"@type":"ListItem","position":1,"name":"Portada","item":"https:\/\/gentedebasquet.com.ar\/sitio\/"},{"@type":"ListItem","position":2,"name":"Agarr\u00f3 el bast\u00f3n de mando"}]},{"@type":"WebSite","@id":"https:\/\/gentedebasquet.com.ar\/sitio\/#website","url":"https:\/\/gentedebasquet.com.ar\/sitio\/","name":"Gente de B\u00e1squet","description":"La revista del basquet de Bah\u00eda Blanca","potentialAction":[{"@type":"SearchAction","target":{"@type":"EntryPoint","urlTemplate":"https:\/\/gentedebasquet.com.ar\/sitio\/?s={search_term_string}"},"query-input":{"@type":"PropertyValueSpecification","valueRequired":true,"valueName":"search_term_string"}}],"inLanguage":"es"},{"@type":"Person","@id":"https:\/\/gentedebasquet.com.ar\/sitio\/#\/schema\/person\/ca0b63bbb977369988a7bbbdc519943a","name":"Gente de B\u00e1squet","image":{"@type":"ImageObject","inLanguage":"es","@id":"https:\/\/secure.gravatar.com\/avatar\/7f2c48bdc33b30088f941fb6082e555f2874c98e20cb159d7b92b50eadfce793?s=96&d=mm&r=g","url":"https:\/\/secure.gravatar.com\/avatar\/7f2c48bdc33b30088f941fb6082e555f2874c98e20cb159d7b92b50eadfce793?s=96&d=mm&r=g","contentUrl":"https:\/\/secure.gravatar.com\/avatar\/7f2c48bdc33b30088f941fb6082e555f2874c98e20cb159d7b92b50eadfce793?s=96&d=mm&r=g","caption":"Gente de B\u00e1squet"},"sameAs":["http:\/\/gentedebasquet.com.ar\/sitio"],"url":"http:\/\/gentedebasquet.com.ar\/sitio\/author\/ulises\/"}]}},"_links":{"self":[{"href":"http:\/\/gentedebasquet.com.ar\/sitio\/wp-json\/wp\/v2\/posts\/55037","targetHints":{"allow":["GET"]}}],"collection":[{"href":"http:\/\/gentedebasquet.com.ar\/sitio\/wp-json\/wp\/v2\/posts"}],"about":[{"href":"http:\/\/gentedebasquet.com.ar\/sitio\/wp-json\/wp\/v2\/types\/post"}],"author":[{"embeddable":true,"href":"http:\/\/gentedebasquet.com.ar\/sitio\/wp-json\/wp\/v2\/users\/1"}],"replies":[{"embeddable":true,"href":"http:\/\/gentedebasquet.com.ar\/sitio\/wp-json\/wp\/v2\/comments?post=55037"}],"version-history":[{"count":0,"href":"http:\/\/gentedebasquet.com.ar\/sitio\/wp-json\/wp\/v2\/posts\/55037\/revisions"}],"wp:featuredmedia":[{"embeddable":true,"href":"http:\/\/gentedebasquet.com.ar\/sitio\/wp-json\/wp\/v2\/media\/55046"}],"wp:attachment":[{"href":"http:\/\/gentedebasquet.com.ar\/sitio\/wp-json\/wp\/v2\/media?parent=55037"}],"wp:term":[{"taxonomy":"category","embeddable":true,"href":"http:\/\/gentedebasquet.com.ar\/sitio\/wp-json\/wp\/v2\/categories?post=55037"},{"taxonomy":"post_tag","embeddable":true,"href":"http:\/\/gentedebasquet.com.ar\/sitio\/wp-json\/wp\/v2\/tags?post=55037"}],"curies":[{"name":"wp","href":"https:\/\/api.w.org\/{rel}","templated":true}]}}