{"id":55040,"date":"2015-12-10T23:40:13","date_gmt":"2015-12-11T02:40:13","guid":{"rendered":"http:\/\/www.gentedebasquet.com.ar\/?p=55040"},"modified":"2015-12-10T23:40:13","modified_gmt":"2015-12-11T02:40:13","slug":"quiere-el-bi-en-la-cancha","status":"publish","type":"post","link":"http:\/\/gentedebasquet.com.ar\/sitio\/2015\/12\/10\/quiere-el-bi-en-la-cancha\/","title":{"rendered":"Quiere el \u00abbi\u00bb en la cancha"},"content":{"rendered":"<p><b>Liniers est\u00e1 nuevamente en la final tras derrotar por 76 a 71, en el tercer punto de la serie, a un duro Bahiense del Norte. El chivo fue m\u00e1s paciente y defendi\u00f3 bien en el final para ganar un partido que tuvo un primer tiempo de alto goleo (48-46) y un segundo tramo de mucho roce y poca efectividad, sobre todo en el 3C (8-6). En el ganador hubo una gran actuaci\u00f3n de Gonzalo Mart\u00ednez con 22 puntos (17 en el 1T) seguido por las producciones de Torre (15), Marinsalta (10) y Starc (10). En la visita no alcanzaron las 22 unidades y los 14 tableros de Franco Pennacchiotti, adem\u00e1s hubo 11 de Silva, 10 de Amigo y 10 de Zalguizuri. El chivo se ver\u00e1 nuevamente con Villa Mitre.<\/b><\/p>\n<p>En un partidazo, sobre todo por lo que hicieron en el primer tiempo, Liniers venci\u00f3 a Bahiense en un final ajustado y que lo defini\u00f3 la paciencia de Torre, la intensidad de Dottori y la efectividad de Starc. Porque cuando el\u00a0 partido estaba 72 a 71 a favor del Chivo a 46\u201d Santi la entretuvo, rompi\u00f3 al aro y con un pase b\u00e1rbaro asisti\u00f3 a Dottori que no fall\u00f3 debajo del cesto. Despu\u00e9s de una defensa dura y post rebote defensivo, a Starc lo cortaron con falta y desde la l\u00ednea sell\u00f3 el pase a la final para Liniers. El rival ser\u00e1 la Villa, y esta vez en la Alem quieren que la serie se termine en la cancha.<\/p>\n<p>De movida se ve\u00eda venir un partido intenso. Porque en la primer pelota Gonzalo Mart\u00ednez recibi\u00f3 y fue derecho al aro para inaugurar el tanteador desde la l\u00ednea. Un parcial de 8-0 con Silva, Amigo y Zalguizuri repartiendo el goleo pusieron enseguida arriba a Bahiense. Pero pese a la efectividad de los primero minutos (4\/5 TC) perdi\u00f3 pelotas cuando doblaron a Pennacchiotti y as\u00ed el chivo corri\u00f3 cuando lo dejaron, se apoy\u00f3 en el goleo de Torre y Mart\u00ednez y con un 12-2 en algo m\u00e1s de 2 minutos revirti\u00f3 la historia (14-10). A 8m18s para el descanso largo el local sac\u00f3 la m\u00e1xima de la noche (33-24) con un buen pasaje de Marinsalta, yendo al aro y aportando de media distancia.<\/p>\n<p>Bahiense sinti\u00f3 el cimbronazo y Navallo se vio obligado a plantar a su equipo en zona. El atrape sobre Pennacchitti obligaba a buscar variantes, pero no hab\u00eda respuestas. Hasta que sali\u00f3 Marinsalta con 3 faltas y le aclararon el panorama a Franco que reparti\u00f3 bien el bal\u00f3n desde el poste bajo y con dos triples de Barbero y dos dobles de Ressia la visita pas\u00f3 al frente 43-42 a 1m24s. A Liniers le costaba romper la zona del tricolor, pero sobre el final dos bombas casi seguidas desde el fondo de la cancha de Gonza Mart\u00ednez le devolvieron el liderato al conjunto de Aleksoski.<\/p>\n<p>El tercer cuarto fue de lo peor. No digno de estos dos equipos. A tal punto que terminaron 8 a 6 el parcial. P\u00e9rdidas, ataques si fluidez y tiros forzados lograron que anotaran reci\u00e9n luego de 4 minutos de juego y que bahiense anotara su primer gol de campo del cuarto a 1m32s. Pero se acordaron de jugar otra vez en el ep\u00edlogo. Zambrano tuvo un buen ingreso y puso r\u00e1pidamente al tricolor en juego. Pizzo aport\u00f3 su experiencia,\u00a0 Dottori la potencia y Liniers sac\u00f3 pecho cada vez que Bahiense lo atozig\u00f3. Porque los minutos finales fueron palo a palo. Los de Navallo se pon\u00edan a uno y el Chivo sacaba 3. As\u00ed intercambiaron los \u00faltimos ataques.<\/p>\n<p>Hasta que llegaron las dos posesiones finales. Con 46\u201d3 Liniers atac\u00f3 y Bahiense lo defendi\u00f3 bien, pero el chivo fue paciente, busco el hueco y lo encontr\u00f3 cuando Torre fue para adentro y descarg\u00f3 al corte por l\u00ednea de fondo de Dottori que anot\u00f3 la bandeja pasada. Bahiense busc\u00f3 el triple r\u00e1pido con Silva, sin \u00e9xito. Dottori se hizo del rebote, movieron la bola r\u00e1pido para consumir segundos y cuando cortaron con falta a Starc, Fabricio no fall\u00f3. Bahiense intent\u00f3 r\u00e1pido el tiro a distancia pero el tiempo no lo dej\u00f3. Liniers se abraz\u00f3 en un solo festejo y se meti\u00f3 nuevamente en la final, otra vez con un viejo conocido, por cuarta vez consecutiva con Villa Mitre. Esta vez \u00bfse terminar\u00e1 en la cancha? Ojal\u00e1 que s\u00ed.<\/p>\n<p>[youtube]https:\/\/youtu.be\/BKRf1RhSo2o[\/youtube]<\/p>\n<p><b>S\u00edntesis |<\/b> Primera Divisi\u00f3n \u2013 Semifinales \u2013 Juego #3<\/p>\n<p><b>Liniers 76:<\/b> Santiago Torre 15, Gonzalo Mart\u00ednez 22, Mariano Pizzo 8, Fabricio Starc 10, Facundo Goenaga 1 (FI) Juli\u00e1n Marinsalta 10 (X), Agust\u00edn Dottori 7, Mat\u00edas Mart\u00ednez 3. DT: Sebasti\u00e1n Aleksoski.<\/p>\n<p><b>Bahiense del Norte 71:<\/b> Mauro Zalguizuri 10, Andres Barbero 7, Esteban Silva 11, Franco Amigo 10, Franco Pennacchiotti 22 (FI) Germ\u00e1n Ressia 6, Juan Igancio Diomedi 1, Kevin Zambrano 4. DT: Alejandro Navallo.<\/p>\n<p><b>Parciales:<\/b> 28-22, 48-46 (20-24), 56-52 (8-6), 76-71 (20-19).<\/p>\n<p><b>\u00c1rbitros:<\/b> Alejandro Ramallo \u2013 Jorge Scheffer \u2013 Mauro Reyes.<\/p>\n<p><b>Estadio:<\/b> Hern\u00e1n Sagasti (Liniers).<\/p>\n<p><a href=\"https:\/\/docs.google.com\/spreadsheets\/d\/1IFYAOLQD2Rp7iatwHLqzX63fgKnnVRTXFhcKmsRh2N8\/pubhtml\" target=\"_blank\" rel=\"noopener\">Ver planilla<\/a><\/p>\n<p><strong>Serie:<\/strong> Liniers, 2-1.<\/p>\n<p>&nbsp;<\/p>\n<p><span style=\"text-decoration: underline;\"><strong>Gonzalo Mart\u00ednez:<\/strong> <\/span>\u00abQueremos ganar la final\u00bb<\/p>\n\n","protected":false},"excerpt":{"rendered":"<p>Liniers se sac\u00f3 de encima a un dif\u00edcil Bahiense (76-71) y se meti\u00f3 en la final<\/p>\n","protected":false},"author":1,"featured_media":55042,"comment_status":"closed","ping_status":"open","sticky":false,"template":"","format":"standard","meta":{"jnews-multi-image_gallery":[],"jnews_single_post":[],"jnews_primary_category":[],"footnotes":""},"categories":[23,101],"tags":[5,87,329,14,604],"class_list":["post-55040","post","type-post","status-publish","format-standard","has-post-thumbnail","hentry","category-primera","category-slide","tag-bahiense-del-norte","tag-franco-pennacchiotti","tag-gonzalo-martinez","tag-liniers","tag-santiago-torre"],"yoast_head":"<!-- This site is optimized with the Yoast SEO plugin v27.5 - https:\/\/yoast.com\/product\/yoast-seo-wordpress\/ -->\n<title>Quiere el &quot;bi&quot; en la cancha - Gente de B\u00e1squet<\/title>\n<meta name=\"robots\" content=\"index, follow, max-snippet:-1, max-image-preview:large, max-video-preview:-1\" \/>\n<link rel=\"canonical\" href=\"http:\/\/gentedebasquet.com.ar\/sitio\/2015\/12\/10\/quiere-el-bi-en-la-cancha\/\" \/>\n<meta property=\"og:locale\" content=\"es_ES\" \/>\n<meta property=\"og:type\" content=\"article\" \/>\n<meta property=\"og:title\" content=\"Quiere el &quot;bi&quot; en la cancha - Gente de B\u00e1squet\" \/>\n<meta property=\"og:description\" content=\"Liniers se sac\u00f3 de encima a un dif\u00edcil Bahiense (76-71) y se meti\u00f3 en la final\" \/>\n<meta property=\"og:url\" content=\"http:\/\/gentedebasquet.com.ar\/sitio\/2015\/12\/10\/quiere-el-bi-en-la-cancha\/\" \/>\n<meta property=\"og:site_name\" content=\"Gente de B\u00e1squet\" \/>\n<meta property=\"article:published_time\" content=\"2015-12-11T02:40:13+00:00\" \/>\n<meta property=\"og:image\" content=\"http:\/\/gentedebasquet.com.ar\/sitio\/wp-content\/uploads\/2015\/12\/Liniers-2-1-Bahiense.jpg\" \/>\n\t<meta property=\"og:image:width\" content=\"690\" \/>\n\t<meta property=\"og:image:height\" content=\"319\" \/>\n\t<meta property=\"og:image:type\" content=\"image\/jpeg\" \/>\n<meta name=\"author\" content=\"Gente de B\u00e1squet\" \/>\n<meta name=\"twitter:card\" content=\"summary_large_image\" \/>\n<meta name=\"twitter:label1\" content=\"Escrito por\" \/>\n\t<meta name=\"twitter:data1\" content=\"Gente de B\u00e1squet\" \/>\n\t<meta name=\"twitter:label2\" content=\"Tiempo de lectura\" \/>\n\t<meta name=\"twitter:data2\" content=\"4 minutos\" \/>\n<script type=\"application\/ld+json\" class=\"yoast-schema-graph\">{\"@context\":\"https:\\\/\\\/schema.org\",\"@graph\":[{\"@type\":\"Article\",\"@id\":\"http:\\\/\\\/gentedebasquet.com.ar\\\/sitio\\\/2015\\\/12\\\/10\\\/quiere-el-bi-en-la-cancha\\\/#article\",\"isPartOf\":{\"@id\":\"http:\\\/\\\/gentedebasquet.com.ar\\\/sitio\\\/2015\\\/12\\\/10\\\/quiere-el-bi-en-la-cancha\\\/\"},\"author\":{\"name\":\"Gente de B\u00e1squet\",\"@id\":\"https:\\\/\\\/gentedebasquet.com.ar\\\/sitio\\\/#\\\/schema\\\/person\\\/ca0b63bbb977369988a7bbbdc519943a\"},\"headline\":\"Quiere el \u00abbi\u00bb en la cancha\",\"datePublished\":\"2015-12-11T02:40:13+00:00\",\"mainEntityOfPage\":{\"@id\":\"http:\\\/\\\/gentedebasquet.com.ar\\\/sitio\\\/2015\\\/12\\\/10\\\/quiere-el-bi-en-la-cancha\\\/\"},\"wordCount\":851,\"image\":{\"@id\":\"http:\\\/\\\/gentedebasquet.com.ar\\\/sitio\\\/2015\\\/12\\\/10\\\/quiere-el-bi-en-la-cancha\\\/#primaryimage\"},\"thumbnailUrl\":\"http:\\\/\\\/gentedebasquet.com.ar\\\/sitio\\\/wp-content\\\/uploads\\\/2015\\\/12\\\/Liniers-2-1-Bahiense.jpg\",\"keywords\":[\"Bahiense Del Norte\",\"Franco Pennacchiotti\",\"Gonzalo Mart\u00ednez\",\"Liniers\",\"Santiago Torre\"],\"articleSection\":[\"Primera\",\"Slide\"],\"inLanguage\":\"es\"},{\"@type\":\"WebPage\",\"@id\":\"http:\\\/\\\/gentedebasquet.com.ar\\\/sitio\\\/2015\\\/12\\\/10\\\/quiere-el-bi-en-la-cancha\\\/\",\"url\":\"http:\\\/\\\/gentedebasquet.com.ar\\\/sitio\\\/2015\\\/12\\\/10\\\/quiere-el-bi-en-la-cancha\\\/\",\"name\":\"Quiere el \\\"bi\\\" en la cancha - Gente de B\u00e1squet\",\"isPartOf\":{\"@id\":\"https:\\\/\\\/gentedebasquet.com.ar\\\/sitio\\\/#website\"},\"primaryImageOfPage\":{\"@id\":\"http:\\\/\\\/gentedebasquet.com.ar\\\/sitio\\\/2015\\\/12\\\/10\\\/quiere-el-bi-en-la-cancha\\\/#primaryimage\"},\"image\":{\"@id\":\"http:\\\/\\\/gentedebasquet.com.ar\\\/sitio\\\/2015\\\/12\\\/10\\\/quiere-el-bi-en-la-cancha\\\/#primaryimage\"},\"thumbnailUrl\":\"http:\\\/\\\/gentedebasquet.com.ar\\\/sitio\\\/wp-content\\\/uploads\\\/2015\\\/12\\\/Liniers-2-1-Bahiense.jpg\",\"datePublished\":\"2015-12-11T02:40:13+00:00\",\"author\":{\"@id\":\"https:\\\/\\\/gentedebasquet.com.ar\\\/sitio\\\/#\\\/schema\\\/person\\\/ca0b63bbb977369988a7bbbdc519943a\"},\"breadcrumb\":{\"@id\":\"http:\\\/\\\/gentedebasquet.com.ar\\\/sitio\\\/2015\\\/12\\\/10\\\/quiere-el-bi-en-la-cancha\\\/#breadcrumb\"},\"inLanguage\":\"es\",\"potentialAction\":[{\"@type\":\"ReadAction\",\"target\":[\"http:\\\/\\\/gentedebasquet.com.ar\\\/sitio\\\/2015\\\/12\\\/10\\\/quiere-el-bi-en-la-cancha\\\/\"]}]},{\"@type\":\"ImageObject\",\"inLanguage\":\"es\",\"@id\":\"http:\\\/\\\/gentedebasquet.com.ar\\\/sitio\\\/2015\\\/12\\\/10\\\/quiere-el-bi-en-la-cancha\\\/#primaryimage\",\"url\":\"http:\\\/\\\/gentedebasquet.com.ar\\\/sitio\\\/wp-content\\\/uploads\\\/2015\\\/12\\\/Liniers-2-1-Bahiense.jpg\",\"contentUrl\":\"http:\\\/\\\/gentedebasquet.com.ar\\\/sitio\\\/wp-content\\\/uploads\\\/2015\\\/12\\\/Liniers-2-1-Bahiense.jpg\",\"width\":690,\"height\":319},{\"@type\":\"BreadcrumbList\",\"@id\":\"http:\\\/\\\/gentedebasquet.com.ar\\\/sitio\\\/2015\\\/12\\\/10\\\/quiere-el-bi-en-la-cancha\\\/#breadcrumb\",\"itemListElement\":[{\"@type\":\"ListItem\",\"position\":1,\"name\":\"Portada\",\"item\":\"https:\\\/\\\/gentedebasquet.com.ar\\\/sitio\\\/\"},{\"@type\":\"ListItem\",\"position\":2,\"name\":\"Quiere el \u00abbi\u00bb en la cancha\"}]},{\"@type\":\"WebSite\",\"@id\":\"https:\\\/\\\/gentedebasquet.com.ar\\\/sitio\\\/#website\",\"url\":\"https:\\\/\\\/gentedebasquet.com.ar\\\/sitio\\\/\",\"name\":\"Gente de B\u00e1squet\",\"description\":\"La revista del basquet de Bah\u00eda Blanca\",\"potentialAction\":[{\"@type\":\"SearchAction\",\"target\":{\"@type\":\"EntryPoint\",\"urlTemplate\":\"https:\\\/\\\/gentedebasquet.com.ar\\\/sitio\\\/?s={search_term_string}\"},\"query-input\":{\"@type\":\"PropertyValueSpecification\",\"valueRequired\":true,\"valueName\":\"search_term_string\"}}],\"inLanguage\":\"es\"},{\"@type\":\"Person\",\"@id\":\"https:\\\/\\\/gentedebasquet.com.ar\\\/sitio\\\/#\\\/schema\\\/person\\\/ca0b63bbb977369988a7bbbdc519943a\",\"name\":\"Gente de B\u00e1squet\",\"image\":{\"@type\":\"ImageObject\",\"inLanguage\":\"es\",\"@id\":\"https:\\\/\\\/secure.gravatar.com\\\/avatar\\\/7f2c48bdc33b30088f941fb6082e555f2874c98e20cb159d7b92b50eadfce793?s=96&d=mm&r=g\",\"url\":\"https:\\\/\\\/secure.gravatar.com\\\/avatar\\\/7f2c48bdc33b30088f941fb6082e555f2874c98e20cb159d7b92b50eadfce793?s=96&d=mm&r=g\",\"contentUrl\":\"https:\\\/\\\/secure.gravatar.com\\\/avatar\\\/7f2c48bdc33b30088f941fb6082e555f2874c98e20cb159d7b92b50eadfce793?s=96&d=mm&r=g\",\"caption\":\"Gente de B\u00e1squet\"},\"sameAs\":[\"http:\\\/\\\/gentedebasquet.com.ar\\\/sitio\"],\"url\":\"http:\\\/\\\/gentedebasquet.com.ar\\\/sitio\\\/author\\\/ulises\\\/\"}]}<\/script>\n<!-- \/ Yoast SEO plugin. -->","yoast_head_json":{"title":"Quiere el \"bi\" en la cancha - Gente de B\u00e1squet","robots":{"index":"index","follow":"follow","max-snippet":"max-snippet:-1","max-image-preview":"max-image-preview:large","max-video-preview":"max-video-preview:-1"},"canonical":"http:\/\/gentedebasquet.com.ar\/sitio\/2015\/12\/10\/quiere-el-bi-en-la-cancha\/","og_locale":"es_ES","og_type":"article","og_title":"Quiere el \"bi\" en la cancha - Gente de B\u00e1squet","og_description":"Liniers se sac\u00f3 de encima a un dif\u00edcil Bahiense (76-71) y se meti\u00f3 en la final","og_url":"http:\/\/gentedebasquet.com.ar\/sitio\/2015\/12\/10\/quiere-el-bi-en-la-cancha\/","og_site_name":"Gente de B\u00e1squet","article_published_time":"2015-12-11T02:40:13+00:00","og_image":[{"width":690,"height":319,"url":"http:\/\/gentedebasquet.com.ar\/sitio\/wp-content\/uploads\/2015\/12\/Liniers-2-1-Bahiense.jpg","type":"image\/jpeg"}],"author":"Gente de B\u00e1squet","twitter_card":"summary_large_image","twitter_misc":{"Escrito por":"Gente de B\u00e1squet","Tiempo de lectura":"4 minutos"},"schema":{"@context":"https:\/\/schema.org","@graph":[{"@type":"Article","@id":"http:\/\/gentedebasquet.com.ar\/sitio\/2015\/12\/10\/quiere-el-bi-en-la-cancha\/#article","isPartOf":{"@id":"http:\/\/gentedebasquet.com.ar\/sitio\/2015\/12\/10\/quiere-el-bi-en-la-cancha\/"},"author":{"name":"Gente de B\u00e1squet","@id":"https:\/\/gentedebasquet.com.ar\/sitio\/#\/schema\/person\/ca0b63bbb977369988a7bbbdc519943a"},"headline":"Quiere el \u00abbi\u00bb en la cancha","datePublished":"2015-12-11T02:40:13+00:00","mainEntityOfPage":{"@id":"http:\/\/gentedebasquet.com.ar\/sitio\/2015\/12\/10\/quiere-el-bi-en-la-cancha\/"},"wordCount":851,"image":{"@id":"http:\/\/gentedebasquet.com.ar\/sitio\/2015\/12\/10\/quiere-el-bi-en-la-cancha\/#primaryimage"},"thumbnailUrl":"http:\/\/gentedebasquet.com.ar\/sitio\/wp-content\/uploads\/2015\/12\/Liniers-2-1-Bahiense.jpg","keywords":["Bahiense Del Norte","Franco Pennacchiotti","Gonzalo Mart\u00ednez","Liniers","Santiago Torre"],"articleSection":["Primera","Slide"],"inLanguage":"es"},{"@type":"WebPage","@id":"http:\/\/gentedebasquet.com.ar\/sitio\/2015\/12\/10\/quiere-el-bi-en-la-cancha\/","url":"http:\/\/gentedebasquet.com.ar\/sitio\/2015\/12\/10\/quiere-el-bi-en-la-cancha\/","name":"Quiere el \"bi\" en la cancha - Gente de B\u00e1squet","isPartOf":{"@id":"https:\/\/gentedebasquet.com.ar\/sitio\/#website"},"primaryImageOfPage":{"@id":"http:\/\/gentedebasquet.com.ar\/sitio\/2015\/12\/10\/quiere-el-bi-en-la-cancha\/#primaryimage"},"image":{"@id":"http:\/\/gentedebasquet.com.ar\/sitio\/2015\/12\/10\/quiere-el-bi-en-la-cancha\/#primaryimage"},"thumbnailUrl":"http:\/\/gentedebasquet.com.ar\/sitio\/wp-content\/uploads\/2015\/12\/Liniers-2-1-Bahiense.jpg","datePublished":"2015-12-11T02:40:13+00:00","author":{"@id":"https:\/\/gentedebasquet.com.ar\/sitio\/#\/schema\/person\/ca0b63bbb977369988a7bbbdc519943a"},"breadcrumb":{"@id":"http:\/\/gentedebasquet.com.ar\/sitio\/2015\/12\/10\/quiere-el-bi-en-la-cancha\/#breadcrumb"},"inLanguage":"es","potentialAction":[{"@type":"ReadAction","target":["http:\/\/gentedebasquet.com.ar\/sitio\/2015\/12\/10\/quiere-el-bi-en-la-cancha\/"]}]},{"@type":"ImageObject","inLanguage":"es","@id":"http:\/\/gentedebasquet.com.ar\/sitio\/2015\/12\/10\/quiere-el-bi-en-la-cancha\/#primaryimage","url":"http:\/\/gentedebasquet.com.ar\/sitio\/wp-content\/uploads\/2015\/12\/Liniers-2-1-Bahiense.jpg","contentUrl":"http:\/\/gentedebasquet.com.ar\/sitio\/wp-content\/uploads\/2015\/12\/Liniers-2-1-Bahiense.jpg","width":690,"height":319},{"@type":"BreadcrumbList","@id":"http:\/\/gentedebasquet.com.ar\/sitio\/2015\/12\/10\/quiere-el-bi-en-la-cancha\/#breadcrumb","itemListElement":[{"@type":"ListItem","position":1,"name":"Portada","item":"https:\/\/gentedebasquet.com.ar\/sitio\/"},{"@type":"ListItem","position":2,"name":"Quiere el \u00abbi\u00bb en la cancha"}]},{"@type":"WebSite","@id":"https:\/\/gentedebasquet.com.ar\/sitio\/#website","url":"https:\/\/gentedebasquet.com.ar\/sitio\/","name":"Gente de B\u00e1squet","description":"La revista del basquet de Bah\u00eda Blanca","potentialAction":[{"@type":"SearchAction","target":{"@type":"EntryPoint","urlTemplate":"https:\/\/gentedebasquet.com.ar\/sitio\/?s={search_term_string}"},"query-input":{"@type":"PropertyValueSpecification","valueRequired":true,"valueName":"search_term_string"}}],"inLanguage":"es"},{"@type":"Person","@id":"https:\/\/gentedebasquet.com.ar\/sitio\/#\/schema\/person\/ca0b63bbb977369988a7bbbdc519943a","name":"Gente de B\u00e1squet","image":{"@type":"ImageObject","inLanguage":"es","@id":"https:\/\/secure.gravatar.com\/avatar\/7f2c48bdc33b30088f941fb6082e555f2874c98e20cb159d7b92b50eadfce793?s=96&d=mm&r=g","url":"https:\/\/secure.gravatar.com\/avatar\/7f2c48bdc33b30088f941fb6082e555f2874c98e20cb159d7b92b50eadfce793?s=96&d=mm&r=g","contentUrl":"https:\/\/secure.gravatar.com\/avatar\/7f2c48bdc33b30088f941fb6082e555f2874c98e20cb159d7b92b50eadfce793?s=96&d=mm&r=g","caption":"Gente de B\u00e1squet"},"sameAs":["http:\/\/gentedebasquet.com.ar\/sitio"],"url":"http:\/\/gentedebasquet.com.ar\/sitio\/author\/ulises\/"}]}},"_links":{"self":[{"href":"http:\/\/gentedebasquet.com.ar\/sitio\/wp-json\/wp\/v2\/posts\/55040","targetHints":{"allow":["GET"]}}],"collection":[{"href":"http:\/\/gentedebasquet.com.ar\/sitio\/wp-json\/wp\/v2\/posts"}],"about":[{"href":"http:\/\/gentedebasquet.com.ar\/sitio\/wp-json\/wp\/v2\/types\/post"}],"author":[{"embeddable":true,"href":"http:\/\/gentedebasquet.com.ar\/sitio\/wp-json\/wp\/v2\/users\/1"}],"replies":[{"embeddable":true,"href":"http:\/\/gentedebasquet.com.ar\/sitio\/wp-json\/wp\/v2\/comments?post=55040"}],"version-history":[{"count":0,"href":"http:\/\/gentedebasquet.com.ar\/sitio\/wp-json\/wp\/v2\/posts\/55040\/revisions"}],"wp:featuredmedia":[{"embeddable":true,"href":"http:\/\/gentedebasquet.com.ar\/sitio\/wp-json\/wp\/v2\/media\/55042"}],"wp:attachment":[{"href":"http:\/\/gentedebasquet.com.ar\/sitio\/wp-json\/wp\/v2\/media?parent=55040"}],"wp:term":[{"taxonomy":"category","embeddable":true,"href":"http:\/\/gentedebasquet.com.ar\/sitio\/wp-json\/wp\/v2\/categories?post=55040"},{"taxonomy":"post_tag","embeddable":true,"href":"http:\/\/gentedebasquet.com.ar\/sitio\/wp-json\/wp\/v2\/tags?post=55040"}],"curies":[{"name":"wp","href":"https:\/\/api.w.org\/{rel}","templated":true}]}}