{"id":55295,"date":"2015-12-18T22:01:33","date_gmt":"2015-12-19T01:01:33","guid":{"rendered":"http:\/\/www.gentedebasquet.com.ar\/?p=55295"},"modified":"2015-12-18T22:01:33","modified_gmt":"2015-12-19T01:01:33","slug":"apreta-el-pomo","status":"publish","type":"post","link":"http:\/\/gentedebasquet.com.ar\/sitio\/2015\/12\/18\/apreta-el-pomo\/","title":{"rendered":"Apret\u00e1 el pomo"},"content":{"rendered":"<p><strong>En categor\u00eda Juveniles, Olimpo venci\u00f3 a domicilio a Estudiantes por 90 a 78, cerr\u00f3 la serie 2-0 y grit\u00f3 campe\u00f3n. En el Casanova, el aurinegro fue de menor a mayor y consigui\u00f3 el objetivo tan deseado. En el conjunto dirigido por Daniel Allende cinco jugadores alcanzaron el doble d\u00edgito, destac\u00e1ndose Franco Ruesga con 22 (3\/6 T3 &#8211; 5\/12 T2 &#8211; 3\/4 TL), Lahuel Silva con 19 (2\/5 T3 &#8211; 6\/11 T2 &#8211; 1\/1 TL), Agust\u00edn S\u00e1nchez con 17 (7\/15 T2 &#8211; 3\/6 TL) y Facundo Arens con 17 (6\/8 T2 &#8211; 4\/8 TL). En el local, no alcanzaron las buenas labores de Tom\u00e1s Scarpaci con 16 (4\/6 T3 &#8211; 4\/4 T2), Nicol\u00e1s S\u00e1nchez con 15 ( 5\/5 T2 &#8211; 5\/5 TL) y Joaqu\u00edn S\u00e1nchez con 14 (5\/5 T2 &#8211; 4\/6 TL ).<\/strong><\/p>\n<p>Siendo de tr\u00e1mite muy parejo la primera mitad del cuarto inicial, Fabricio Pichinini solicit\u00f3 minuto a la mesa de control cuando la visita se mostraba arriba en el tablero por 17 a 14. Luego del mismo, Lahuel Silva clav\u00f3 un bombazo desde la zona de triples para establecer que la diferencia sea de 5 (20-25). En la \u00faltima pelota del per\u00edodo, Vecchi (6) le cometi\u00f3 infracci\u00f3n a Ruesga (7) cuando este lanzaba y convert\u00eda de dos, logrando a la vez, el tiro extra desde la l\u00ednea de libres.<\/p>\n<p>Para el segundo chico Estudiantes volvi\u00f3 renovado. Con el correcto ingreso de Nicol\u00e1s S\u00e1nchez (6), el due\u00f1o de casa se puso a tiro (31-32) y gener\u00f3 el pedido de minuto Daniel Allende, DT rival. De mucho le servir\u00eda al aurinegro esa charla, ya que de un momento a otro y mediante la satisfactoria tarea de Facundo Arens (7), la visita conseguir\u00eda la brecha de 10 unidades sobre el albo (35-45). Sin embargo, no todo era alegr\u00eda. Debido a una falta t\u00e9cnica, Agust\u00edn S\u00e1nchez (4) llegaba a su cuarta personal, por lo que su entrenador decidi\u00f3 darle descanso.<\/p>\n<p>A la vuelta de los vestuarios y pese a los tempraneros triples convertidos por los perimetrales Juli\u00e1n Rodr\u00edguez (8) y Tom\u00e1s Scarpaci (6), Olimpo se mostraba seguro y era inteligente a la hora de definir las jugadas. El hombre que nuevamente se destac\u00f3 en este cuarto fue Lahuel Silva, quien contribuy\u00f3 con 9 puntos y 3 rebotes y estuvo bien secundado por Franco Ruesga (7) y Valentin Bettiga (7). Los dirigidos por Daniel Allende fueron de menos a m\u00e1s y, aunque supieron estar 15 unidades arriba, previo a los \u00faltimos 10m, lo estaban por 13 (57-70).<\/p>\n<p>En el ep\u00edlogo, Estudiantes luch\u00f3 como pudo pero no le alcanz\u00f3. El due\u00f1o de casa se carg\u00f3 de faltas y mand\u00f3 a la linea en varias oportunidades a Agust\u00edn S\u00e1nchez (9), a quien su t\u00e9cnico hab\u00eda preservado por estar al l\u00edmite y para que su continuidad en el juego no peligre. En este \u00faltimo tramo, reapareci\u00f3 la figura del goleador de la jornada, Franco Ruesga. Con 22 tantos, 4 recuperos y 3 rebotes, fue de lo mejor de la segunda final. Olimpo se coron\u00f3 como campe\u00f3n en la categor\u00eda Juveniles por tercera vez y tras 17 a\u00f1os, cortando una racha de 9 t\u00edtulos consecutivos de Bahiense.<\/p>\n<p>&nbsp;<\/p>\n<p><strong>S\u00edntesis<\/strong>\u00a0| U19 \u2013 Finales \u2013 Juego #2<\/p>\n<p><strong>Estudiantes 78:<\/strong>\u00a0Tom\u00e1s Scarpaci 16, Juli\u00e1n Rodriguez Rote\u00f1o 12, Joaqu\u00edn S\u00e1nchez 14, Luciano Vecchi 8, Bruno Ferrandi 9 (FI); Juli\u00e1n Rodriguez Hoffmann 2, Nicol\u00e1s S\u00e1nchez 15, Alan Lera 2, Jos\u00e9 Bellegia 0, Juli\u00e1n Falcetta 0. DT: Fabricio Piccinini.<\/p>\n<p><strong>Olimpo 90:<\/strong>\u00a0Franco Ruesga 22, Joaqu\u00edn Godio 4, Facundo Arens 16, Lahuel Silva 19, Agust\u00edn S\u00e1nchez 17 (FI); Luciano Figueroa 0, Agust\u00edn Solomon 0, Federico Montenegro 2, Valent\u00edn Bettiga 10, Franco Pallotti 0 y Mariano Pozzer 0. DT: Daniel Allende.<\/p>\n<p><strong>Parciales:<\/strong>\u00a022-28, 38-45 (16-17), 57-70 (19-25) y 78-90 \u00a0(21-20).<\/p>\n<p><strong>\u00c1rbitros:<\/strong>\u00a0Sebasti\u00e1n Giannino &#8211; \u00a0Luis Blanco &#8211; Marcelo Gordillo.<\/p>\n<p><strong>Estadio:<\/strong>\u00a0Osvaldo Casanova (Estudiantes).<\/p>\n<p><a class=\"modalf iframe\" title=\"Planilla\" href=\"https:\/\/docs.google.com\/spreadsheets\/d\/1jlowj4lN6Sf58EE4-clV9rQWRaVsn7MphLQ6MEQcGCg\/pubhtml\" target=\"_blank\" rel=\"noopener\">Ver Planilla<\/a><\/p>\n<p><strong>Serie:<\/strong>\u00a0Olimpo, 2-0.<\/p>\n<p><strong>Fotos:\u00a0<\/strong>Mauro Giovannini.<\/p>\n","protected":false},"excerpt":{"rendered":"<p>Olimpo se qued\u00f3 con el campeonato en Juveniles al derrotar a Estudiantes 90 a 78<\/p>\n","protected":false},"author":1,"featured_media":55299,"comment_status":"closed","ping_status":"open","sticky":false,"template":"","format":"standard","meta":{"jnews-multi-image_gallery":[],"jnews_single_post":[],"jnews_primary_category":[],"footnotes":""},"categories":[101,26],"tags":[111,1165,11,1166,65,305,484,16,625,375],"class_list":["post-55295","post","type-post","status-publish","format-standard","has-post-thumbnail","hentry","category-slide","category-u19","tag-agustin-sanchez","tag-daniel-allende","tag-estudiantes","tag-fabricio-picchinini","tag-facundo-arens","tag-joaquin-sanchez","tag-nicolas-sanchez","tag-olimpo","tag-tomas-scarpaci","tag-valentin-bettiga"],"yoast_head":"<!-- This site is optimized with the Yoast SEO plugin v27.5 - https:\/\/yoast.com\/product\/yoast-seo-wordpress\/ -->\n<title>Apret\u00e1 el pomo - Gente de B\u00e1squet<\/title>\n<meta name=\"robots\" content=\"index, follow, max-snippet:-1, max-image-preview:large, max-video-preview:-1\" \/>\n<link rel=\"canonical\" href=\"http:\/\/gentedebasquet.com.ar\/sitio\/2015\/12\/18\/apreta-el-pomo\/\" \/>\n<meta property=\"og:locale\" content=\"es_ES\" \/>\n<meta property=\"og:type\" content=\"article\" \/>\n<meta property=\"og:title\" content=\"Apret\u00e1 el pomo - Gente de B\u00e1squet\" \/>\n<meta property=\"og:description\" content=\"Olimpo se qued\u00f3 con el campeonato en Juveniles al derrotar a Estudiantes 90 a 78\" \/>\n<meta property=\"og:url\" content=\"http:\/\/gentedebasquet.com.ar\/sitio\/2015\/12\/18\/apreta-el-pomo\/\" \/>\n<meta property=\"og:site_name\" content=\"Gente de B\u00e1squet\" \/>\n<meta property=\"article:published_time\" content=\"2015-12-19T01:01:33+00:00\" \/>\n<meta property=\"og:image\" content=\"http:\/\/gentedebasquet.com.ar\/sitio\/wp-content\/uploads\/2015\/12\/Estudiantes-Olimpo-Bettiga-U19.jpg\" \/>\n\t<meta property=\"og:image:width\" content=\"690\" \/>\n\t<meta property=\"og:image:height\" content=\"319\" \/>\n\t<meta property=\"og:image:type\" content=\"image\/jpeg\" \/>\n<meta name=\"author\" content=\"Gente de B\u00e1squet\" \/>\n<meta name=\"twitter:card\" content=\"summary_large_image\" \/>\n<meta name=\"twitter:label1\" content=\"Escrito por\" \/>\n\t<meta name=\"twitter:data1\" content=\"Gente de B\u00e1squet\" \/>\n\t<meta name=\"twitter:label2\" content=\"Tiempo de lectura\" \/>\n\t<meta name=\"twitter:data2\" content=\"3 minutos\" \/>\n<script type=\"application\/ld+json\" class=\"yoast-schema-graph\">{\"@context\":\"https:\\\/\\\/schema.org\",\"@graph\":[{\"@type\":\"Article\",\"@id\":\"http:\\\/\\\/gentedebasquet.com.ar\\\/sitio\\\/2015\\\/12\\\/18\\\/apreta-el-pomo\\\/#article\",\"isPartOf\":{\"@id\":\"http:\\\/\\\/gentedebasquet.com.ar\\\/sitio\\\/2015\\\/12\\\/18\\\/apreta-el-pomo\\\/\"},\"author\":{\"name\":\"Gente de B\u00e1squet\",\"@id\":\"https:\\\/\\\/gentedebasquet.com.ar\\\/sitio\\\/#\\\/schema\\\/person\\\/ca0b63bbb977369988a7bbbdc519943a\"},\"headline\":\"Apret\u00e1 el pomo\",\"datePublished\":\"2015-12-19T01:01:33+00:00\",\"mainEntityOfPage\":{\"@id\":\"http:\\\/\\\/gentedebasquet.com.ar\\\/sitio\\\/2015\\\/12\\\/18\\\/apreta-el-pomo\\\/\"},\"wordCount\":618,\"image\":{\"@id\":\"http:\\\/\\\/gentedebasquet.com.ar\\\/sitio\\\/2015\\\/12\\\/18\\\/apreta-el-pomo\\\/#primaryimage\"},\"thumbnailUrl\":\"http:\\\/\\\/gentedebasquet.com.ar\\\/sitio\\\/wp-content\\\/uploads\\\/2015\\\/12\\\/Estudiantes-Olimpo-Bettiga-U19.jpg\",\"keywords\":[\"Agust\u00edn S\u00e1nchez\",\"Daniel Allende\",\"Estudiantes\",\"Fabricio Picchinini\",\"Facundo Arens\",\"Joaqu\u00edn S\u00e1nchez\",\"Nicol\u00e1s S\u00e1nchez\",\"Ol\u00edmpo\",\"Tom\u00e1s Scarpaci\",\"Valent\u00edn Bettiga\"],\"articleSection\":[\"Slide\",\"U19\"],\"inLanguage\":\"es\"},{\"@type\":\"WebPage\",\"@id\":\"http:\\\/\\\/gentedebasquet.com.ar\\\/sitio\\\/2015\\\/12\\\/18\\\/apreta-el-pomo\\\/\",\"url\":\"http:\\\/\\\/gentedebasquet.com.ar\\\/sitio\\\/2015\\\/12\\\/18\\\/apreta-el-pomo\\\/\",\"name\":\"Apret\u00e1 el pomo - Gente de B\u00e1squet\",\"isPartOf\":{\"@id\":\"https:\\\/\\\/gentedebasquet.com.ar\\\/sitio\\\/#website\"},\"primaryImageOfPage\":{\"@id\":\"http:\\\/\\\/gentedebasquet.com.ar\\\/sitio\\\/2015\\\/12\\\/18\\\/apreta-el-pomo\\\/#primaryimage\"},\"image\":{\"@id\":\"http:\\\/\\\/gentedebasquet.com.ar\\\/sitio\\\/2015\\\/12\\\/18\\\/apreta-el-pomo\\\/#primaryimage\"},\"thumbnailUrl\":\"http:\\\/\\\/gentedebasquet.com.ar\\\/sitio\\\/wp-content\\\/uploads\\\/2015\\\/12\\\/Estudiantes-Olimpo-Bettiga-U19.jpg\",\"datePublished\":\"2015-12-19T01:01:33+00:00\",\"author\":{\"@id\":\"https:\\\/\\\/gentedebasquet.com.ar\\\/sitio\\\/#\\\/schema\\\/person\\\/ca0b63bbb977369988a7bbbdc519943a\"},\"breadcrumb\":{\"@id\":\"http:\\\/\\\/gentedebasquet.com.ar\\\/sitio\\\/2015\\\/12\\\/18\\\/apreta-el-pomo\\\/#breadcrumb\"},\"inLanguage\":\"es\",\"potentialAction\":[{\"@type\":\"ReadAction\",\"target\":[\"http:\\\/\\\/gentedebasquet.com.ar\\\/sitio\\\/2015\\\/12\\\/18\\\/apreta-el-pomo\\\/\"]}]},{\"@type\":\"ImageObject\",\"inLanguage\":\"es\",\"@id\":\"http:\\\/\\\/gentedebasquet.com.ar\\\/sitio\\\/2015\\\/12\\\/18\\\/apreta-el-pomo\\\/#primaryimage\",\"url\":\"http:\\\/\\\/gentedebasquet.com.ar\\\/sitio\\\/wp-content\\\/uploads\\\/2015\\\/12\\\/Estudiantes-Olimpo-Bettiga-U19.jpg\",\"contentUrl\":\"http:\\\/\\\/gentedebasquet.com.ar\\\/sitio\\\/wp-content\\\/uploads\\\/2015\\\/12\\\/Estudiantes-Olimpo-Bettiga-U19.jpg\",\"width\":690,\"height\":319},{\"@type\":\"BreadcrumbList\",\"@id\":\"http:\\\/\\\/gentedebasquet.com.ar\\\/sitio\\\/2015\\\/12\\\/18\\\/apreta-el-pomo\\\/#breadcrumb\",\"itemListElement\":[{\"@type\":\"ListItem\",\"position\":1,\"name\":\"Portada\",\"item\":\"https:\\\/\\\/gentedebasquet.com.ar\\\/sitio\\\/\"},{\"@type\":\"ListItem\",\"position\":2,\"name\":\"Apret\u00e1 el pomo\"}]},{\"@type\":\"WebSite\",\"@id\":\"https:\\\/\\\/gentedebasquet.com.ar\\\/sitio\\\/#website\",\"url\":\"https:\\\/\\\/gentedebasquet.com.ar\\\/sitio\\\/\",\"name\":\"Gente de B\u00e1squet\",\"description\":\"La revista del basquet de Bah\u00eda Blanca\",\"potentialAction\":[{\"@type\":\"SearchAction\",\"target\":{\"@type\":\"EntryPoint\",\"urlTemplate\":\"https:\\\/\\\/gentedebasquet.com.ar\\\/sitio\\\/?s={search_term_string}\"},\"query-input\":{\"@type\":\"PropertyValueSpecification\",\"valueRequired\":true,\"valueName\":\"search_term_string\"}}],\"inLanguage\":\"es\"},{\"@type\":\"Person\",\"@id\":\"https:\\\/\\\/gentedebasquet.com.ar\\\/sitio\\\/#\\\/schema\\\/person\\\/ca0b63bbb977369988a7bbbdc519943a\",\"name\":\"Gente de B\u00e1squet\",\"image\":{\"@type\":\"ImageObject\",\"inLanguage\":\"es\",\"@id\":\"https:\\\/\\\/secure.gravatar.com\\\/avatar\\\/7f2c48bdc33b30088f941fb6082e555f2874c98e20cb159d7b92b50eadfce793?s=96&d=mm&r=g\",\"url\":\"https:\\\/\\\/secure.gravatar.com\\\/avatar\\\/7f2c48bdc33b30088f941fb6082e555f2874c98e20cb159d7b92b50eadfce793?s=96&d=mm&r=g\",\"contentUrl\":\"https:\\\/\\\/secure.gravatar.com\\\/avatar\\\/7f2c48bdc33b30088f941fb6082e555f2874c98e20cb159d7b92b50eadfce793?s=96&d=mm&r=g\",\"caption\":\"Gente de B\u00e1squet\"},\"sameAs\":[\"http:\\\/\\\/gentedebasquet.com.ar\\\/sitio\"],\"url\":\"http:\\\/\\\/gentedebasquet.com.ar\\\/sitio\\\/author\\\/ulises\\\/\"}]}<\/script>\n<!-- \/ Yoast SEO plugin. -->","yoast_head_json":{"title":"Apret\u00e1 el pomo - Gente de B\u00e1squet","robots":{"index":"index","follow":"follow","max-snippet":"max-snippet:-1","max-image-preview":"max-image-preview:large","max-video-preview":"max-video-preview:-1"},"canonical":"http:\/\/gentedebasquet.com.ar\/sitio\/2015\/12\/18\/apreta-el-pomo\/","og_locale":"es_ES","og_type":"article","og_title":"Apret\u00e1 el pomo - Gente de B\u00e1squet","og_description":"Olimpo se qued\u00f3 con el campeonato en Juveniles al derrotar a Estudiantes 90 a 78","og_url":"http:\/\/gentedebasquet.com.ar\/sitio\/2015\/12\/18\/apreta-el-pomo\/","og_site_name":"Gente de B\u00e1squet","article_published_time":"2015-12-19T01:01:33+00:00","og_image":[{"width":690,"height":319,"url":"http:\/\/gentedebasquet.com.ar\/sitio\/wp-content\/uploads\/2015\/12\/Estudiantes-Olimpo-Bettiga-U19.jpg","type":"image\/jpeg"}],"author":"Gente de B\u00e1squet","twitter_card":"summary_large_image","twitter_misc":{"Escrito por":"Gente de B\u00e1squet","Tiempo de lectura":"3 minutos"},"schema":{"@context":"https:\/\/schema.org","@graph":[{"@type":"Article","@id":"http:\/\/gentedebasquet.com.ar\/sitio\/2015\/12\/18\/apreta-el-pomo\/#article","isPartOf":{"@id":"http:\/\/gentedebasquet.com.ar\/sitio\/2015\/12\/18\/apreta-el-pomo\/"},"author":{"name":"Gente de B\u00e1squet","@id":"https:\/\/gentedebasquet.com.ar\/sitio\/#\/schema\/person\/ca0b63bbb977369988a7bbbdc519943a"},"headline":"Apret\u00e1 el pomo","datePublished":"2015-12-19T01:01:33+00:00","mainEntityOfPage":{"@id":"http:\/\/gentedebasquet.com.ar\/sitio\/2015\/12\/18\/apreta-el-pomo\/"},"wordCount":618,"image":{"@id":"http:\/\/gentedebasquet.com.ar\/sitio\/2015\/12\/18\/apreta-el-pomo\/#primaryimage"},"thumbnailUrl":"http:\/\/gentedebasquet.com.ar\/sitio\/wp-content\/uploads\/2015\/12\/Estudiantes-Olimpo-Bettiga-U19.jpg","keywords":["Agust\u00edn S\u00e1nchez","Daniel Allende","Estudiantes","Fabricio Picchinini","Facundo Arens","Joaqu\u00edn S\u00e1nchez","Nicol\u00e1s S\u00e1nchez","Ol\u00edmpo","Tom\u00e1s Scarpaci","Valent\u00edn Bettiga"],"articleSection":["Slide","U19"],"inLanguage":"es"},{"@type":"WebPage","@id":"http:\/\/gentedebasquet.com.ar\/sitio\/2015\/12\/18\/apreta-el-pomo\/","url":"http:\/\/gentedebasquet.com.ar\/sitio\/2015\/12\/18\/apreta-el-pomo\/","name":"Apret\u00e1 el pomo - Gente de B\u00e1squet","isPartOf":{"@id":"https:\/\/gentedebasquet.com.ar\/sitio\/#website"},"primaryImageOfPage":{"@id":"http:\/\/gentedebasquet.com.ar\/sitio\/2015\/12\/18\/apreta-el-pomo\/#primaryimage"},"image":{"@id":"http:\/\/gentedebasquet.com.ar\/sitio\/2015\/12\/18\/apreta-el-pomo\/#primaryimage"},"thumbnailUrl":"http:\/\/gentedebasquet.com.ar\/sitio\/wp-content\/uploads\/2015\/12\/Estudiantes-Olimpo-Bettiga-U19.jpg","datePublished":"2015-12-19T01:01:33+00:00","author":{"@id":"https:\/\/gentedebasquet.com.ar\/sitio\/#\/schema\/person\/ca0b63bbb977369988a7bbbdc519943a"},"breadcrumb":{"@id":"http:\/\/gentedebasquet.com.ar\/sitio\/2015\/12\/18\/apreta-el-pomo\/#breadcrumb"},"inLanguage":"es","potentialAction":[{"@type":"ReadAction","target":["http:\/\/gentedebasquet.com.ar\/sitio\/2015\/12\/18\/apreta-el-pomo\/"]}]},{"@type":"ImageObject","inLanguage":"es","@id":"http:\/\/gentedebasquet.com.ar\/sitio\/2015\/12\/18\/apreta-el-pomo\/#primaryimage","url":"http:\/\/gentedebasquet.com.ar\/sitio\/wp-content\/uploads\/2015\/12\/Estudiantes-Olimpo-Bettiga-U19.jpg","contentUrl":"http:\/\/gentedebasquet.com.ar\/sitio\/wp-content\/uploads\/2015\/12\/Estudiantes-Olimpo-Bettiga-U19.jpg","width":690,"height":319},{"@type":"BreadcrumbList","@id":"http:\/\/gentedebasquet.com.ar\/sitio\/2015\/12\/18\/apreta-el-pomo\/#breadcrumb","itemListElement":[{"@type":"ListItem","position":1,"name":"Portada","item":"https:\/\/gentedebasquet.com.ar\/sitio\/"},{"@type":"ListItem","position":2,"name":"Apret\u00e1 el pomo"}]},{"@type":"WebSite","@id":"https:\/\/gentedebasquet.com.ar\/sitio\/#website","url":"https:\/\/gentedebasquet.com.ar\/sitio\/","name":"Gente de B\u00e1squet","description":"La revista del basquet de Bah\u00eda Blanca","potentialAction":[{"@type":"SearchAction","target":{"@type":"EntryPoint","urlTemplate":"https:\/\/gentedebasquet.com.ar\/sitio\/?s={search_term_string}"},"query-input":{"@type":"PropertyValueSpecification","valueRequired":true,"valueName":"search_term_string"}}],"inLanguage":"es"},{"@type":"Person","@id":"https:\/\/gentedebasquet.com.ar\/sitio\/#\/schema\/person\/ca0b63bbb977369988a7bbbdc519943a","name":"Gente de B\u00e1squet","image":{"@type":"ImageObject","inLanguage":"es","@id":"https:\/\/secure.gravatar.com\/avatar\/7f2c48bdc33b30088f941fb6082e555f2874c98e20cb159d7b92b50eadfce793?s=96&d=mm&r=g","url":"https:\/\/secure.gravatar.com\/avatar\/7f2c48bdc33b30088f941fb6082e555f2874c98e20cb159d7b92b50eadfce793?s=96&d=mm&r=g","contentUrl":"https:\/\/secure.gravatar.com\/avatar\/7f2c48bdc33b30088f941fb6082e555f2874c98e20cb159d7b92b50eadfce793?s=96&d=mm&r=g","caption":"Gente de B\u00e1squet"},"sameAs":["http:\/\/gentedebasquet.com.ar\/sitio"],"url":"http:\/\/gentedebasquet.com.ar\/sitio\/author\/ulises\/"}]}},"_links":{"self":[{"href":"http:\/\/gentedebasquet.com.ar\/sitio\/wp-json\/wp\/v2\/posts\/55295","targetHints":{"allow":["GET"]}}],"collection":[{"href":"http:\/\/gentedebasquet.com.ar\/sitio\/wp-json\/wp\/v2\/posts"}],"about":[{"href":"http:\/\/gentedebasquet.com.ar\/sitio\/wp-json\/wp\/v2\/types\/post"}],"author":[{"embeddable":true,"href":"http:\/\/gentedebasquet.com.ar\/sitio\/wp-json\/wp\/v2\/users\/1"}],"replies":[{"embeddable":true,"href":"http:\/\/gentedebasquet.com.ar\/sitio\/wp-json\/wp\/v2\/comments?post=55295"}],"version-history":[{"count":0,"href":"http:\/\/gentedebasquet.com.ar\/sitio\/wp-json\/wp\/v2\/posts\/55295\/revisions"}],"wp:featuredmedia":[{"embeddable":true,"href":"http:\/\/gentedebasquet.com.ar\/sitio\/wp-json\/wp\/v2\/media\/55299"}],"wp:attachment":[{"href":"http:\/\/gentedebasquet.com.ar\/sitio\/wp-json\/wp\/v2\/media?parent=55295"}],"wp:term":[{"taxonomy":"category","embeddable":true,"href":"http:\/\/gentedebasquet.com.ar\/sitio\/wp-json\/wp\/v2\/categories?post=55295"},{"taxonomy":"post_tag","embeddable":true,"href":"http:\/\/gentedebasquet.com.ar\/sitio\/wp-json\/wp\/v2\/tags?post=55295"}],"curies":[{"name":"wp","href":"https:\/\/api.w.org\/{rel}","templated":true}]}}