{"id":56986,"date":"2016-03-09T23:06:15","date_gmt":"2016-03-10T02:06:15","guid":{"rendered":"http:\/\/www.gentedebasquet.com.ar\/?p=56986"},"modified":"2016-03-09T23:06:15","modified_gmt":"2016-03-10T02:06:15","slug":"se-termino-que-les-vaya-bien","status":"publish","type":"post","link":"http:\/\/gentedebasquet.com.ar\/sitio\/2016\/03\/09\/se-termino-que-les-vaya-bien\/","title":{"rendered":"\u00abSe termin\u00f3, que les vaya bien\u00bb"},"content":{"rendered":"<p><strong>En una jornada hist\u00f3rica para el b\u00e1squetbol de la ciudad, y en el marco de la Asamblea Anual General Ordinaria,\u00a0qued\u00f3 establecido que Maximiliano G\u00f6rg suceder\u00e1 a Adolfo Lista en la presidencia, sitial que ocup\u00f3 desde 1995. Adem\u00e1s, qued\u00f3 establecido que el torneo de Primera comenzar\u00e1 el lunes 21, Segunda el martes 22 y los Menores, el s\u00e1bado 19. Finalmente, se defini\u00f3 por votaci\u00f3n que los planteles superiores deber\u00e1n conformarse con 7 fichas mayores, una U23 y el resto con menores de U21.<\/strong><\/p>\n<p>A\u00fan retumban en las paredes de la Asociaci\u00f3n Bahiense los aplausos de los asamble\u00edstas, tras las \u00faltimas palabras de Adolfo Lista como presidente. Pasadas las 20.43 del mi\u00e9rcoles 9 de marzo de 2016, y tras 21 a\u00f1os, <strong>la entidad madre del b\u00e1squetbol bahiense tendr\u00e1 nuevo mandatario: Maximiliano G\u00f6rg<\/strong>. \u00abEstoy a disposici\u00f3n de ustedes. Les deseo lo mejor, que tengan unos ciclos mejores que los m\u00edos y hasta siempre. Se termin\u00f3, que les vaya bien\u00bb, sostuvo Adolfo, con los ojos vidriosos y ante la atenta mirada de los \u00abclubes\u00bb.<\/p>\n<blockquote><p>Esto fue mal hecho\u00a0[&#8230;] Nos dijeron muy tarde, sobre la hora. Nosotros no sab\u00edamos nada&#8230; pero me lo palpitaba. No me voy a enojar por eso y lo que necesiten de nosotros lo vamos a aceptar, se\u00f1al\u00f3 Lista.<\/p><\/blockquote>\n<p>\u00abGracias. Les deseo lo mejor, a todos. Ya habl\u00e9 con Maxi (G\u00f6rg). No tengo rencor con ninguno. Lo que siempre voy a seguir diciendo -y dije-, que esto fue mal hecho, fue\u00a0respecto a la designaci\u00f3n de las autoridades.\u00a0Nos dijeron muy tarde, sobre la hora. Nosotros no sab\u00edamos nada&#8230; pero me lo palpitaba. No me voy a enojar por eso y lo que necesiten de nosotros lo vamos a aceptar\u00bb, remarc\u00f3 Lista fiel a su estilo, aunque ya melanc\u00f3lico por la situaci\u00f3n.<\/p>\n<figure id=\"attachment_56989\" aria-describedby=\"caption-attachment-56989\" style=\"width: 640px\" class=\"wp-caption aligncenter\"><img decoding=\"async\" class=\"wp-image-56989 size-full\" src=\"http:\/\/www.gentedebasquet.com.ar\/wp-content\/uploads\/2016\/03\/Lista.jpg\" alt=\"Lista\" width=\"640\" height=\"480\" srcset=\"http:\/\/gentedebasquet.com.ar\/sitio\/wp-content\/uploads\/2016\/03\/Lista.jpg 640w, http:\/\/gentedebasquet.com.ar\/sitio\/wp-content\/uploads\/2016\/03\/Lista-300x225.jpg 300w\" sizes=\"(max-width: 640px) 100vw, 640px\" \/><figcaption id=\"caption-attachment-56989\" class=\"wp-caption-text\">Foto: Romina Sald\u00edas<\/figcaption><\/figure>\n<p><strong>La Asamblea comenz\u00f3 formalmente a las 20.25.<\/strong> Tras la lectura y aprobaci\u00f3n de los primeros cuatro puntos en el orden del d\u00eda, el quinto trat\u00f3 sobre la <strong>elecci\u00f3n del presidente y vice<\/strong>. All\u00ed, Andr\u00e9s Salvatori (delegado de Pac\u00edfico), pidi\u00f3 la palabra. \u00abM\u00e1s all\u00e1 del Estatuto vigente, y existiendo una sola lista de autoridades a proponer en este acto, se votar\u00e1 a mano alzada. La autoridades a votar son: Maximiliano G\u00f6rg (Presidente); N\u00e9stor Diez (Vice Presidente); Consejeros, Marcelo Pallotti (Secretario), Pablo Casali (Pro Secretario), Rub\u00e9n Caldez (Tesorero), Alberto\u00a0Fornetti (Pro Tesorero), Diego Costa, Guillermo Barco, Oscar Avio y V\u00edctor Susbielles (Vocales)\u00bb, ley\u00f3.<\/p>\n<p>Inmediatamente, Salvatori aclar\u00f3: \u00abUna vez aprobado el nuevo Estatuto por personas jur\u00eddicas, situaci\u00f3n que se encuentra en tr\u00e1mite, se adecuar\u00e1 al nuevo formato de autoridades de manera inmediata, reduciendo los consejeros de acuerdo al orden de la votaci\u00f3n\u00bb. Ser\u00e1n cinco en lugar de ocho.<\/p>\n<p>A continuaci\u00f3n, <strong>uno a uno los clubes aprobaron o no la lista mencionada<\/strong>. De los 22 clubes afiliados a la Asociaci\u00f3n, Comercial no fue habilitado por registrar deudas (igualmente estuvo presente Fabi\u00e1n Dilernia), Argentino lleg\u00f3 tarde (V\u00edctor Susbielles) y <strong>solo Villa Mitre (Ariel Apilli) y Olimpo (Alberto Zani) no aprobaron<\/strong>. Los 18 clubes restantes aprobaron la lista mencionada, convirti\u00e9ndose autom\u00e1ticamente en el oficialismo.<\/p>\n<p>Finalizada la Asamblea, lleg\u00f3 el tiempo del balance.<strong> \u00abLo tengo que tomar con tranquilidad; no se si iba a seguir o no, tengo que ser sincero. No estoy alegre, pero ojal\u00e1 que les vaya muy bien y en lo que pueda les voy a dar una mano<\/strong>\u00ab, le cont\u00f3 a <em>Gente de B\u00e1squet<\/em>. Y sigui\u00f3: \u00abrecuerdo muchas cosas y se que me va a costar. Hoy estuve mirando todos los rincones y me duele\u00bb.<\/p>\n<p><strong>\u00abA Bah\u00eda Blanca la respetan, eso es lo que me interesa a mi.<\/strong> Ma\u00f1ana voy a levantarme como todas las ma\u00f1anas\u00bb, mencion\u00f3 el presidente que m\u00e1s a\u00f1os estuvo a cargo de la ABB. A continuaci\u00f3n, la entrevista completa.<\/p>\n<audio class=\"wp-audio-shortcode\" id=\"audio-56986-1\" preload=\"none\" style=\"width: 100%;\" controls=\"controls\"><source type=\"audio\/mpeg\" src=\"http:\/\/gentedebasquet.com.ar\/sitio\/wp-content\/uploads\/2016\/03\/Adolfo-Lista.mp3?_=1\" \/><a href=\"http:\/\/gentedebasquet.com.ar\/sitio\/wp-content\/uploads\/2016\/03\/Adolfo-Lista.mp3\">http:\/\/gentedebasquet.com.ar\/sitio\/wp-content\/uploads\/2016\/03\/Adolfo-Lista.mp3<\/a><\/audio>\n<p>M\u00e1s tarde, lleg\u00f3 la hora de dialogar con el<strong> flamante presidente<\/strong>, en otro mano a mano. \u00abAntes de la Asamblea habl\u00e9 con Adolfo, me dio buena vibra y me gener\u00f3 buenas sensaciones. Fue una muestra m\u00e1s del porqu\u00e9 del respeto que se le tiene\u00bb, cont\u00f3 Maximiliano G\u00f6rg.<\/p>\n<blockquote><p>No era mi intenci\u00f3n ser candidato. Pero las cosas se fueron dando y el apoyo de los clubes lleg\u00f3. Me encontr\u00e9 con el apoyo de muchos clubes, eso me gener\u00f3 el empujoncito final. Si se forma un lindo grupo, como yo veo, todo es posible, cont\u00f3 Maximiliano G\u00f6rg.<\/p><\/blockquote>\n<p><strong>\u00abTodo esto comenz\u00f3 por la necesidad de cambiar el Estatuto y Reglamento<\/strong>, hace casi un a\u00f1o. Empezamos con reuniones entre los clubes, en octubre se aprobaron las modificaciones y uno llega (a ser presidente) por la profesi\u00f3n y por haber direccionado esa modificaci\u00f3n\u00bb, se\u00f1al\u00f3 el abogado, de 40 a\u00f1os.<\/p>\n<figure id=\"attachment_56988\" aria-describedby=\"caption-attachment-56988\" style=\"width: 640px\" class=\"wp-caption aligncenter\"><img decoding=\"async\" class=\"wp-image-56988 size-full\" src=\"http:\/\/www.gentedebasquet.com.ar\/wp-content\/uploads\/2016\/03\/Gorg.jpg\" alt=\"Gorg\" width=\"640\" height=\"480\" srcset=\"http:\/\/gentedebasquet.com.ar\/sitio\/wp-content\/uploads\/2016\/03\/Gorg.jpg 640w, http:\/\/gentedebasquet.com.ar\/sitio\/wp-content\/uploads\/2016\/03\/Gorg-300x225.jpg 300w\" sizes=\"(max-width: 640px) 100vw, 640px\" \/><figcaption id=\"caption-attachment-56988\" class=\"wp-caption-text\">Foto: Romina Sald\u00edas<\/figcaption><\/figure>\n<p>\u00abNo era mi intenci\u00f3n ser candidato. Pero las cosas se fueron dando y el apoyo de los clubes lleg\u00f3.<strong> Me encontr\u00e9 con el apoyo de muchos clubes<\/strong>, eso me gener\u00f3 el empujoncito final. Si se forma un lindo grupo, como yo veo, todo es posible. <strong>La Asociaci\u00f3n tiene un nombre recontra importante y eso lo hizo Adolfo, eso hay que mantener<\/strong>\u00ab, sostuvo.<\/p>\n<p>Muchos deber\u00e1n acostumbrarse a las nuevas formas, y G\u00f6rg lo sabe. \u00abEs un cambio brusco. Si bien estoy en el b\u00e1squet desde hace muchos a\u00f1os. Impacta el cambio cuando lo ves, pero la sensaci\u00f3n es que estoy rodeado de gente que est\u00e1 desde hace mas a\u00f1os que yo, como Diez, Ant\u00f3n, Cabo&#8230; Gente con experiencia que tal vez se ve\u00edan como sucesores naturales. Yo conf\u00edo en los clubes y todos estaban interesados en que esto cambie\u00bb, remarc\u00f3.<\/p>\n<p>\u00abTodo lo ratificado hoy es fruto de las reuniones anteriores. Ahora viene la parte del crecimiento. Tenemos que marcar la diferencia con el resto. Por ejemplo, me gustar\u00eda que el Provincial de Mayores vuelva a Bah\u00eda Blanca.\u00a0Desde 2011 que no se hace, cinco a\u00f1os es suficiente y debe volver a Bah\u00eda\u00bb, manifest\u00f3 el dirigente con pasado en Liniers, ahora al frente de la ABB por los pr\u00f3ximos dos a\u00f1os.<\/p>\n<p>El tiempo dir\u00e1.<\/p>\n","protected":false},"excerpt":{"rendered":"<p>Tras 21 a\u00f1os, Adolfo Lista dej\u00f3 la Asociaci\u00f3n Bahiense en manos de Maximiliano G\u00f6rg<\/p>\n","protected":false},"author":1,"featured_media":56987,"comment_status":"closed","ping_status":"open","sticky":false,"template":"","format":"standard","meta":{"jnews-multi-image_gallery":[],"jnews_single_post":[],"jnews_primary_category":[],"footnotes":""},"categories":[24,101],"tags":[357,438,1239],"class_list":["post-56986","post","type-post","status-publish","format-standard","has-post-thumbnail","hentry","category-overtime","category-slide","tag-abb","tag-adolfo-lista","tag-maximiliano-gorg"],"yoast_head":"<!-- This site is optimized with the Yoast SEO plugin v27.5 - https:\/\/yoast.com\/product\/yoast-seo-wordpress\/ -->\n<title>&quot;Se termin\u00f3, que les vaya bien&quot; - Gente de B\u00e1squet<\/title>\n<meta name=\"robots\" content=\"index, follow, max-snippet:-1, max-image-preview:large, max-video-preview:-1\" \/>\n<link rel=\"canonical\" href=\"http:\/\/gentedebasquet.com.ar\/sitio\/2016\/03\/09\/se-termino-que-les-vaya-bien\/\" \/>\n<meta property=\"og:locale\" content=\"es_ES\" \/>\n<meta property=\"og:type\" content=\"article\" \/>\n<meta property=\"og:title\" content=\"&quot;Se termin\u00f3, que les vaya bien&quot; - Gente de B\u00e1squet\" \/>\n<meta property=\"og:description\" content=\"Tras 21 a\u00f1os, Adolfo Lista dej\u00f3 la Asociaci\u00f3n Bahiense en manos de Maximiliano G\u00f6rg\" \/>\n<meta property=\"og:url\" content=\"http:\/\/gentedebasquet.com.ar\/sitio\/2016\/03\/09\/se-termino-que-les-vaya-bien\/\" \/>\n<meta property=\"og:site_name\" content=\"Gente de B\u00e1squet\" \/>\n<meta property=\"article:published_time\" content=\"2016-03-10T02:06:15+00:00\" \/>\n<meta property=\"og:image\" content=\"http:\/\/gentedebasquet.com.ar\/sitio\/wp-content\/uploads\/2016\/03\/Gorg-Lista-ABB.jpg\" \/>\n\t<meta property=\"og:image:width\" content=\"690\" \/>\n\t<meta property=\"og:image:height\" content=\"319\" \/>\n\t<meta property=\"og:image:type\" content=\"image\/jpeg\" \/>\n<meta name=\"author\" content=\"Gente de B\u00e1squet\" \/>\n<meta name=\"twitter:card\" content=\"summary_large_image\" \/>\n<meta name=\"twitter:label1\" content=\"Escrito por\" \/>\n\t<meta name=\"twitter:data1\" content=\"Gente de B\u00e1squet\" \/>\n\t<meta name=\"twitter:label2\" content=\"Tiempo de lectura\" \/>\n\t<meta name=\"twitter:data2\" content=\"5 minutos\" \/>\n<script type=\"application\/ld+json\" class=\"yoast-schema-graph\">{\"@context\":\"https:\\\/\\\/schema.org\",\"@graph\":[{\"@type\":\"Article\",\"@id\":\"http:\\\/\\\/gentedebasquet.com.ar\\\/sitio\\\/2016\\\/03\\\/09\\\/se-termino-que-les-vaya-bien\\\/#article\",\"isPartOf\":{\"@id\":\"http:\\\/\\\/gentedebasquet.com.ar\\\/sitio\\\/2016\\\/03\\\/09\\\/se-termino-que-les-vaya-bien\\\/\"},\"author\":{\"name\":\"Gente de B\u00e1squet\",\"@id\":\"https:\\\/\\\/gentedebasquet.com.ar\\\/sitio\\\/#\\\/schema\\\/person\\\/ca0b63bbb977369988a7bbbdc519943a\"},\"headline\":\"\u00abSe termin\u00f3, que les vaya bien\u00bb\",\"datePublished\":\"2016-03-10T02:06:15+00:00\",\"mainEntityOfPage\":{\"@id\":\"http:\\\/\\\/gentedebasquet.com.ar\\\/sitio\\\/2016\\\/03\\\/09\\\/se-termino-que-les-vaya-bien\\\/\"},\"wordCount\":1078,\"image\":{\"@id\":\"http:\\\/\\\/gentedebasquet.com.ar\\\/sitio\\\/2016\\\/03\\\/09\\\/se-termino-que-les-vaya-bien\\\/#primaryimage\"},\"thumbnailUrl\":\"http:\\\/\\\/gentedebasquet.com.ar\\\/sitio\\\/wp-content\\\/uploads\\\/2016\\\/03\\\/Gorg-Lista-ABB.jpg\",\"keywords\":[\"ABB\",\"Adolfo Lista\",\"Maximiliano G\u00f6rg\"],\"articleSection\":[\"#Overtime\",\"Slide\"],\"inLanguage\":\"es\"},{\"@type\":\"WebPage\",\"@id\":\"http:\\\/\\\/gentedebasquet.com.ar\\\/sitio\\\/2016\\\/03\\\/09\\\/se-termino-que-les-vaya-bien\\\/\",\"url\":\"http:\\\/\\\/gentedebasquet.com.ar\\\/sitio\\\/2016\\\/03\\\/09\\\/se-termino-que-les-vaya-bien\\\/\",\"name\":\"\\\"Se termin\u00f3, que les vaya bien\\\" - Gente de B\u00e1squet\",\"isPartOf\":{\"@id\":\"https:\\\/\\\/gentedebasquet.com.ar\\\/sitio\\\/#website\"},\"primaryImageOfPage\":{\"@id\":\"http:\\\/\\\/gentedebasquet.com.ar\\\/sitio\\\/2016\\\/03\\\/09\\\/se-termino-que-les-vaya-bien\\\/#primaryimage\"},\"image\":{\"@id\":\"http:\\\/\\\/gentedebasquet.com.ar\\\/sitio\\\/2016\\\/03\\\/09\\\/se-termino-que-les-vaya-bien\\\/#primaryimage\"},\"thumbnailUrl\":\"http:\\\/\\\/gentedebasquet.com.ar\\\/sitio\\\/wp-content\\\/uploads\\\/2016\\\/03\\\/Gorg-Lista-ABB.jpg\",\"datePublished\":\"2016-03-10T02:06:15+00:00\",\"author\":{\"@id\":\"https:\\\/\\\/gentedebasquet.com.ar\\\/sitio\\\/#\\\/schema\\\/person\\\/ca0b63bbb977369988a7bbbdc519943a\"},\"breadcrumb\":{\"@id\":\"http:\\\/\\\/gentedebasquet.com.ar\\\/sitio\\\/2016\\\/03\\\/09\\\/se-termino-que-les-vaya-bien\\\/#breadcrumb\"},\"inLanguage\":\"es\",\"potentialAction\":[{\"@type\":\"ReadAction\",\"target\":[\"http:\\\/\\\/gentedebasquet.com.ar\\\/sitio\\\/2016\\\/03\\\/09\\\/se-termino-que-les-vaya-bien\\\/\"]}]},{\"@type\":\"ImageObject\",\"inLanguage\":\"es\",\"@id\":\"http:\\\/\\\/gentedebasquet.com.ar\\\/sitio\\\/2016\\\/03\\\/09\\\/se-termino-que-les-vaya-bien\\\/#primaryimage\",\"url\":\"http:\\\/\\\/gentedebasquet.com.ar\\\/sitio\\\/wp-content\\\/uploads\\\/2016\\\/03\\\/Gorg-Lista-ABB.jpg\",\"contentUrl\":\"http:\\\/\\\/gentedebasquet.com.ar\\\/sitio\\\/wp-content\\\/uploads\\\/2016\\\/03\\\/Gorg-Lista-ABB.jpg\",\"width\":690,\"height\":319},{\"@type\":\"BreadcrumbList\",\"@id\":\"http:\\\/\\\/gentedebasquet.com.ar\\\/sitio\\\/2016\\\/03\\\/09\\\/se-termino-que-les-vaya-bien\\\/#breadcrumb\",\"itemListElement\":[{\"@type\":\"ListItem\",\"position\":1,\"name\":\"Portada\",\"item\":\"https:\\\/\\\/gentedebasquet.com.ar\\\/sitio\\\/\"},{\"@type\":\"ListItem\",\"position\":2,\"name\":\"\u00abSe termin\u00f3, que les vaya bien\u00bb\"}]},{\"@type\":\"WebSite\",\"@id\":\"https:\\\/\\\/gentedebasquet.com.ar\\\/sitio\\\/#website\",\"url\":\"https:\\\/\\\/gentedebasquet.com.ar\\\/sitio\\\/\",\"name\":\"Gente de B\u00e1squet\",\"description\":\"La revista del basquet de Bah\u00eda Blanca\",\"potentialAction\":[{\"@type\":\"SearchAction\",\"target\":{\"@type\":\"EntryPoint\",\"urlTemplate\":\"https:\\\/\\\/gentedebasquet.com.ar\\\/sitio\\\/?s={search_term_string}\"},\"query-input\":{\"@type\":\"PropertyValueSpecification\",\"valueRequired\":true,\"valueName\":\"search_term_string\"}}],\"inLanguage\":\"es\"},{\"@type\":\"Person\",\"@id\":\"https:\\\/\\\/gentedebasquet.com.ar\\\/sitio\\\/#\\\/schema\\\/person\\\/ca0b63bbb977369988a7bbbdc519943a\",\"name\":\"Gente de B\u00e1squet\",\"image\":{\"@type\":\"ImageObject\",\"inLanguage\":\"es\",\"@id\":\"https:\\\/\\\/secure.gravatar.com\\\/avatar\\\/7f2c48bdc33b30088f941fb6082e555f2874c98e20cb159d7b92b50eadfce793?s=96&d=mm&r=g\",\"url\":\"https:\\\/\\\/secure.gravatar.com\\\/avatar\\\/7f2c48bdc33b30088f941fb6082e555f2874c98e20cb159d7b92b50eadfce793?s=96&d=mm&r=g\",\"contentUrl\":\"https:\\\/\\\/secure.gravatar.com\\\/avatar\\\/7f2c48bdc33b30088f941fb6082e555f2874c98e20cb159d7b92b50eadfce793?s=96&d=mm&r=g\",\"caption\":\"Gente de B\u00e1squet\"},\"sameAs\":[\"http:\\\/\\\/gentedebasquet.com.ar\\\/sitio\"],\"url\":\"http:\\\/\\\/gentedebasquet.com.ar\\\/sitio\\\/author\\\/ulises\\\/\"}]}<\/script>\n<!-- \/ Yoast SEO plugin. -->","yoast_head_json":{"title":"\"Se termin\u00f3, que les vaya bien\" - Gente de B\u00e1squet","robots":{"index":"index","follow":"follow","max-snippet":"max-snippet:-1","max-image-preview":"max-image-preview:large","max-video-preview":"max-video-preview:-1"},"canonical":"http:\/\/gentedebasquet.com.ar\/sitio\/2016\/03\/09\/se-termino-que-les-vaya-bien\/","og_locale":"es_ES","og_type":"article","og_title":"\"Se termin\u00f3, que les vaya bien\" - Gente de B\u00e1squet","og_description":"Tras 21 a\u00f1os, Adolfo Lista dej\u00f3 la Asociaci\u00f3n Bahiense en manos de Maximiliano G\u00f6rg","og_url":"http:\/\/gentedebasquet.com.ar\/sitio\/2016\/03\/09\/se-termino-que-les-vaya-bien\/","og_site_name":"Gente de B\u00e1squet","article_published_time":"2016-03-10T02:06:15+00:00","og_image":[{"width":690,"height":319,"url":"http:\/\/gentedebasquet.com.ar\/sitio\/wp-content\/uploads\/2016\/03\/Gorg-Lista-ABB.jpg","type":"image\/jpeg"}],"author":"Gente de B\u00e1squet","twitter_card":"summary_large_image","twitter_misc":{"Escrito por":"Gente de B\u00e1squet","Tiempo de lectura":"5 minutos"},"schema":{"@context":"https:\/\/schema.org","@graph":[{"@type":"Article","@id":"http:\/\/gentedebasquet.com.ar\/sitio\/2016\/03\/09\/se-termino-que-les-vaya-bien\/#article","isPartOf":{"@id":"http:\/\/gentedebasquet.com.ar\/sitio\/2016\/03\/09\/se-termino-que-les-vaya-bien\/"},"author":{"name":"Gente de B\u00e1squet","@id":"https:\/\/gentedebasquet.com.ar\/sitio\/#\/schema\/person\/ca0b63bbb977369988a7bbbdc519943a"},"headline":"\u00abSe termin\u00f3, que les vaya bien\u00bb","datePublished":"2016-03-10T02:06:15+00:00","mainEntityOfPage":{"@id":"http:\/\/gentedebasquet.com.ar\/sitio\/2016\/03\/09\/se-termino-que-les-vaya-bien\/"},"wordCount":1078,"image":{"@id":"http:\/\/gentedebasquet.com.ar\/sitio\/2016\/03\/09\/se-termino-que-les-vaya-bien\/#primaryimage"},"thumbnailUrl":"http:\/\/gentedebasquet.com.ar\/sitio\/wp-content\/uploads\/2016\/03\/Gorg-Lista-ABB.jpg","keywords":["ABB","Adolfo Lista","Maximiliano G\u00f6rg"],"articleSection":["#Overtime","Slide"],"inLanguage":"es"},{"@type":"WebPage","@id":"http:\/\/gentedebasquet.com.ar\/sitio\/2016\/03\/09\/se-termino-que-les-vaya-bien\/","url":"http:\/\/gentedebasquet.com.ar\/sitio\/2016\/03\/09\/se-termino-que-les-vaya-bien\/","name":"\"Se termin\u00f3, que les vaya bien\" - Gente de B\u00e1squet","isPartOf":{"@id":"https:\/\/gentedebasquet.com.ar\/sitio\/#website"},"primaryImageOfPage":{"@id":"http:\/\/gentedebasquet.com.ar\/sitio\/2016\/03\/09\/se-termino-que-les-vaya-bien\/#primaryimage"},"image":{"@id":"http:\/\/gentedebasquet.com.ar\/sitio\/2016\/03\/09\/se-termino-que-les-vaya-bien\/#primaryimage"},"thumbnailUrl":"http:\/\/gentedebasquet.com.ar\/sitio\/wp-content\/uploads\/2016\/03\/Gorg-Lista-ABB.jpg","datePublished":"2016-03-10T02:06:15+00:00","author":{"@id":"https:\/\/gentedebasquet.com.ar\/sitio\/#\/schema\/person\/ca0b63bbb977369988a7bbbdc519943a"},"breadcrumb":{"@id":"http:\/\/gentedebasquet.com.ar\/sitio\/2016\/03\/09\/se-termino-que-les-vaya-bien\/#breadcrumb"},"inLanguage":"es","potentialAction":[{"@type":"ReadAction","target":["http:\/\/gentedebasquet.com.ar\/sitio\/2016\/03\/09\/se-termino-que-les-vaya-bien\/"]}]},{"@type":"ImageObject","inLanguage":"es","@id":"http:\/\/gentedebasquet.com.ar\/sitio\/2016\/03\/09\/se-termino-que-les-vaya-bien\/#primaryimage","url":"http:\/\/gentedebasquet.com.ar\/sitio\/wp-content\/uploads\/2016\/03\/Gorg-Lista-ABB.jpg","contentUrl":"http:\/\/gentedebasquet.com.ar\/sitio\/wp-content\/uploads\/2016\/03\/Gorg-Lista-ABB.jpg","width":690,"height":319},{"@type":"BreadcrumbList","@id":"http:\/\/gentedebasquet.com.ar\/sitio\/2016\/03\/09\/se-termino-que-les-vaya-bien\/#breadcrumb","itemListElement":[{"@type":"ListItem","position":1,"name":"Portada","item":"https:\/\/gentedebasquet.com.ar\/sitio\/"},{"@type":"ListItem","position":2,"name":"\u00abSe termin\u00f3, que les vaya bien\u00bb"}]},{"@type":"WebSite","@id":"https:\/\/gentedebasquet.com.ar\/sitio\/#website","url":"https:\/\/gentedebasquet.com.ar\/sitio\/","name":"Gente de B\u00e1squet","description":"La revista del basquet de Bah\u00eda Blanca","potentialAction":[{"@type":"SearchAction","target":{"@type":"EntryPoint","urlTemplate":"https:\/\/gentedebasquet.com.ar\/sitio\/?s={search_term_string}"},"query-input":{"@type":"PropertyValueSpecification","valueRequired":true,"valueName":"search_term_string"}}],"inLanguage":"es"},{"@type":"Person","@id":"https:\/\/gentedebasquet.com.ar\/sitio\/#\/schema\/person\/ca0b63bbb977369988a7bbbdc519943a","name":"Gente de B\u00e1squet","image":{"@type":"ImageObject","inLanguage":"es","@id":"https:\/\/secure.gravatar.com\/avatar\/7f2c48bdc33b30088f941fb6082e555f2874c98e20cb159d7b92b50eadfce793?s=96&d=mm&r=g","url":"https:\/\/secure.gravatar.com\/avatar\/7f2c48bdc33b30088f941fb6082e555f2874c98e20cb159d7b92b50eadfce793?s=96&d=mm&r=g","contentUrl":"https:\/\/secure.gravatar.com\/avatar\/7f2c48bdc33b30088f941fb6082e555f2874c98e20cb159d7b92b50eadfce793?s=96&d=mm&r=g","caption":"Gente de B\u00e1squet"},"sameAs":["http:\/\/gentedebasquet.com.ar\/sitio"],"url":"http:\/\/gentedebasquet.com.ar\/sitio\/author\/ulises\/"}]}},"_links":{"self":[{"href":"http:\/\/gentedebasquet.com.ar\/sitio\/wp-json\/wp\/v2\/posts\/56986","targetHints":{"allow":["GET"]}}],"collection":[{"href":"http:\/\/gentedebasquet.com.ar\/sitio\/wp-json\/wp\/v2\/posts"}],"about":[{"href":"http:\/\/gentedebasquet.com.ar\/sitio\/wp-json\/wp\/v2\/types\/post"}],"author":[{"embeddable":true,"href":"http:\/\/gentedebasquet.com.ar\/sitio\/wp-json\/wp\/v2\/users\/1"}],"replies":[{"embeddable":true,"href":"http:\/\/gentedebasquet.com.ar\/sitio\/wp-json\/wp\/v2\/comments?post=56986"}],"version-history":[{"count":0,"href":"http:\/\/gentedebasquet.com.ar\/sitio\/wp-json\/wp\/v2\/posts\/56986\/revisions"}],"wp:featuredmedia":[{"embeddable":true,"href":"http:\/\/gentedebasquet.com.ar\/sitio\/wp-json\/wp\/v2\/media\/56987"}],"wp:attachment":[{"href":"http:\/\/gentedebasquet.com.ar\/sitio\/wp-json\/wp\/v2\/media?parent=56986"}],"wp:term":[{"taxonomy":"category","embeddable":true,"href":"http:\/\/gentedebasquet.com.ar\/sitio\/wp-json\/wp\/v2\/categories?post=56986"},{"taxonomy":"post_tag","embeddable":true,"href":"http:\/\/gentedebasquet.com.ar\/sitio\/wp-json\/wp\/v2\/tags?post=56986"}],"curies":[{"name":"wp","href":"https:\/\/api.w.org\/{rel}","templated":true}]}}