{"id":57021,"date":"2016-03-11T11:41:29","date_gmt":"2016-03-11T14:41:29","guid":{"rendered":"http:\/\/www.gentedebasquet.com.ar\/?p=57021"},"modified":"2016-03-11T11:41:29","modified_gmt":"2016-03-11T14:41:29","slug":"es-muy-bueno-que-estemos-tan-positivos","status":"publish","type":"post","link":"http:\/\/gentedebasquet.com.ar\/sitio\/2016\/03\/11\/es-muy-bueno-que-estemos-tan-positivos\/","title":{"rendered":"\u00abEs muy bueno que estemos tan positivos\u00bb"},"content":{"rendered":"<p><strong>Franco Pennacchiotti analiz\u00f3 la \u00faltima doble jornada que tuvo Bahiense del Norte en condici\u00f3n de local. Adem\u00e1s, ya comenz\u00f3 a palpitar la recta final de la fase regular, sobre todo el nuevo choque con Villa Mitre que se dar\u00e1 este s\u00e1bado desde las 21 en el Jos\u00e9 Mart\u00ednez. \u201cCon Villa Mitre en particular no sirve mucho mirar la tabla porque son tantas veces las que jugamos y nos conocemos tanto todos, que es m\u00e1s que nada concentrarnos en no equivocarnos en los peque\u00f1os detalles\u00bb, se\u00f1al\u00f3 el interno.<\/strong><\/p>\n<p>El \u00faltimo fin de semana, Bahiense del Norte cumpli\u00f3 con su tarea en el Manu Gin\u00f3bili y se qued\u00f3 con dos grandes victorias frente a los equipos neuquinos. Primero ante P\u00e9rfora (68-60) y luego contra Independiente (93-65). As\u00ed, el conjunto de Alejandro Navallo cerr\u00f3 su serie de localias en la fase regular y logr\u00f3 trepar, por primera vez en la temporada, al primer puesto de la Divisi\u00f3n Sur Bonaerense junto a San Mart\u00edn (Jun\u00edn) y Villa Mitre, rival con el que se medir\u00e1, por sexta vez, este s\u00e1bado desde las 21. Los \u00e1rbitros bahienses Emanuel S\u00e1nchez y Eduardo Ferreyra ser\u00e1n los encargados de dirigir dicho compromiso.<\/p>\n<p>Sobre lo que dejaron los \u00faltimos dos encuentros como local, en especial el partido frente a Independiente, habl\u00f3 Franco Pennacchiotti, uno de los referentes del plantel de Navallo. \u201cAl principio contra Independiente no sab\u00edamos con que nos \u00edbamos a encontrar, porque ellos est\u00e1n ante\u00faltimos pero le hab\u00edan ganado a Villa Mitre por treinta. Con estos equipos hay que tener mucho cuidado al principio y lo tuvimos. Supimos que si a las v\u00edas de gol de ellos las dej\u00e1bamos mucho abiertos y solos iban a tomar confianza y era lo que no quer\u00edamos. Por suerte, en un momento del segundo cuarto supimos quebrarlo y mantener la diferencia\u201d, se\u00f1al\u00f3.<\/p>\n<p>El cierre de la fase regular le deparar\u00e1 a Bahiense una seguidilla de tres encuentros en condici\u00f3n de visitante. Todos ellos ante rivales directos: Villa Mitre, Sarmiento y San Mart\u00edn. \u201cSe nos viene la recta final del torneo y de este a\u00f1o es lo m\u00e1s dif\u00edcil que tuvimos en la fase regular. Los equipos que se cre\u00eda que iban a estar arriba terminaron estando y los tenemos a los tres de visitante. Es muy bueno que estemos tan positivos, m\u00e1s all\u00e1 de que el primero con Villa Mitre es un partido aparte. Sabemos la importancia que tienen estos tres partidos para los playoffs y las local\u00edas\u201d, apunt\u00f3.<\/p>\n<blockquote><p>Se nos viene la recta final del torneo y de este a\u00f1o es lo m\u00e1s dif\u00edcil que tuvimos en la fase regular. Los equipos que se cre\u00eda que iban a estar arriba terminaron estando y los tenemos a los tres de visitante, analiz\u00f3 franco Pennacchiotti.<\/p><\/blockquote>\n<p>M\u00e1s all\u00e1 de los dos triunfos, lo que resalt\u00f3 Pennacchiotti del pasado fin de semana fue el hecho de haber podido alcanzar nuevamente a Villa Mitre en la tabla de posiciones de cara al \u00faltimo encuentro entre s\u00ed. \u201cEl hecho de que Villa Mitre haya ganado uno solo y nosotros los dos es importante. Nos emparej\u00f3 en la tabla y gener\u00f3 un contexto mucho m\u00e1s propicio para que nuestro partido con ellos sea m\u00e1s importante y que empiece a haber ambiente de playoffs. La realidad es que todo esto va a definir en que posici\u00f3n vas a quedar y que nosotros lo sintamos con esa importancia va a ser como un comienzo de empezar a sentir la actitud que tenemos que tener en los playoffs\u201d, mencion\u00f3.<\/p>\n<p>Por \u00faltimo, el interno se refiri\u00f3 a la importancia de estar concentrados el s\u00e1bado y todo lo que servir\u00eda obtener un buen resultado en el Jos\u00e9 Mart\u00ednez. \u201cCon Villa Mitre en particular no sirve mucho mirar la tabla porque son tantas veces las que jugamos y nos conocemos tanto todos, que es m\u00e1s que nada concentrarnos en no equivocarnos en los peque\u00f1os detalles. Sin lugar a dudas si lo llegamos a ganar vamos a estar muy bien, con mucha confianza para ir a Jun\u00edn y pr\u00e1cticamente entre los cuatro, que es un objetivo que nos planteamos al principio de la temporada y que m\u00e1s all\u00e1 de que siempre estuvimos bien perfilados ahora lo queremos asegurar y tratar de aspirar lo m\u00e1s arriba que podamos\u201d, finaliz\u00f3.<\/p>\n<p><strong>Fuente:<\/strong> Prensa Bahiense del Norte.<\/p>\n","protected":false},"excerpt":{"rendered":"<p>Franco Pennacchiotti habl\u00f3 en la previa de otro Villa Mitre-Bahiense por el TFB<\/p>\n","protected":false},"author":1,"featured_media":57023,"comment_status":"closed","ping_status":"open","sticky":false,"template":"","format":"standard","meta":{"jnews-multi-image_gallery":[],"jnews_single_post":[],"jnews_primary_category":[],"footnotes":""},"categories":[36,39],"tags":[5,87,40,22],"class_list":["post-57021","post","type-post","status-publish","format-standard","has-post-thumbnail","hentry","category-federal","category-nacional","tag-bahiense-del-norte","tag-franco-pennacchiotti","tag-torneo-federal","tag-villa-mitre"],"yoast_head":"<!-- This site is optimized with the Yoast SEO plugin v27.5 - https:\/\/yoast.com\/product\/yoast-seo-wordpress\/ -->\n<title>&quot;Es muy bueno que estemos tan positivos&quot; - Gente de B\u00e1squet<\/title>\n<meta name=\"robots\" content=\"index, follow, max-snippet:-1, max-image-preview:large, max-video-preview:-1\" \/>\n<link rel=\"canonical\" href=\"http:\/\/gentedebasquet.com.ar\/sitio\/2016\/03\/11\/es-muy-bueno-que-estemos-tan-positivos\/\" \/>\n<meta property=\"og:locale\" content=\"es_ES\" \/>\n<meta property=\"og:type\" content=\"article\" \/>\n<meta property=\"og:title\" content=\"&quot;Es muy bueno que estemos tan positivos&quot; - Gente de B\u00e1squet\" \/>\n<meta property=\"og:description\" content=\"Franco Pennacchiotti habl\u00f3 en la previa de otro Villa Mitre-Bahiense por el TFB\" \/>\n<meta property=\"og:url\" content=\"http:\/\/gentedebasquet.com.ar\/sitio\/2016\/03\/11\/es-muy-bueno-que-estemos-tan-positivos\/\" \/>\n<meta property=\"og:site_name\" content=\"Gente de B\u00e1squet\" \/>\n<meta property=\"article:published_time\" content=\"2016-03-11T14:41:29+00:00\" \/>\n<meta property=\"og:image\" content=\"http:\/\/gentedebasquet.com.ar\/sitio\/wp-content\/uploads\/2016\/03\/SLIDE-2.jpg\" \/>\n\t<meta property=\"og:image:width\" content=\"690\" \/>\n\t<meta property=\"og:image:height\" content=\"319\" \/>\n\t<meta property=\"og:image:type\" content=\"image\/jpeg\" \/>\n<meta name=\"author\" content=\"Gente de B\u00e1squet\" \/>\n<meta name=\"twitter:card\" content=\"summary_large_image\" \/>\n<meta name=\"twitter:label1\" content=\"Escrito por\" \/>\n\t<meta name=\"twitter:data1\" content=\"Gente de B\u00e1squet\" \/>\n\t<meta name=\"twitter:label2\" content=\"Tiempo de lectura\" \/>\n\t<meta name=\"twitter:data2\" content=\"4 minutos\" \/>\n<script type=\"application\/ld+json\" class=\"yoast-schema-graph\">{\"@context\":\"https:\\\/\\\/schema.org\",\"@graph\":[{\"@type\":\"Article\",\"@id\":\"http:\\\/\\\/gentedebasquet.com.ar\\\/sitio\\\/2016\\\/03\\\/11\\\/es-muy-bueno-que-estemos-tan-positivos\\\/#article\",\"isPartOf\":{\"@id\":\"http:\\\/\\\/gentedebasquet.com.ar\\\/sitio\\\/2016\\\/03\\\/11\\\/es-muy-bueno-que-estemos-tan-positivos\\\/\"},\"author\":{\"name\":\"Gente de B\u00e1squet\",\"@id\":\"https:\\\/\\\/gentedebasquet.com.ar\\\/sitio\\\/#\\\/schema\\\/person\\\/ca0b63bbb977369988a7bbbdc519943a\"},\"headline\":\"\u00abEs muy bueno que estemos tan positivos\u00bb\",\"datePublished\":\"2016-03-11T14:41:29+00:00\",\"mainEntityOfPage\":{\"@id\":\"http:\\\/\\\/gentedebasquet.com.ar\\\/sitio\\\/2016\\\/03\\\/11\\\/es-muy-bueno-que-estemos-tan-positivos\\\/\"},\"wordCount\":761,\"image\":{\"@id\":\"http:\\\/\\\/gentedebasquet.com.ar\\\/sitio\\\/2016\\\/03\\\/11\\\/es-muy-bueno-que-estemos-tan-positivos\\\/#primaryimage\"},\"thumbnailUrl\":\"http:\\\/\\\/gentedebasquet.com.ar\\\/sitio\\\/wp-content\\\/uploads\\\/2016\\\/03\\\/SLIDE-2.jpg\",\"keywords\":[\"Bahiense Del Norte\",\"Franco Pennacchiotti\",\"Torneo Federal\",\"Villa Mitre\"],\"articleSection\":[\"Federal\",\"Nacional\"],\"inLanguage\":\"es\"},{\"@type\":\"WebPage\",\"@id\":\"http:\\\/\\\/gentedebasquet.com.ar\\\/sitio\\\/2016\\\/03\\\/11\\\/es-muy-bueno-que-estemos-tan-positivos\\\/\",\"url\":\"http:\\\/\\\/gentedebasquet.com.ar\\\/sitio\\\/2016\\\/03\\\/11\\\/es-muy-bueno-que-estemos-tan-positivos\\\/\",\"name\":\"\\\"Es muy bueno que estemos tan positivos\\\" - Gente de B\u00e1squet\",\"isPartOf\":{\"@id\":\"https:\\\/\\\/gentedebasquet.com.ar\\\/sitio\\\/#website\"},\"primaryImageOfPage\":{\"@id\":\"http:\\\/\\\/gentedebasquet.com.ar\\\/sitio\\\/2016\\\/03\\\/11\\\/es-muy-bueno-que-estemos-tan-positivos\\\/#primaryimage\"},\"image\":{\"@id\":\"http:\\\/\\\/gentedebasquet.com.ar\\\/sitio\\\/2016\\\/03\\\/11\\\/es-muy-bueno-que-estemos-tan-positivos\\\/#primaryimage\"},\"thumbnailUrl\":\"http:\\\/\\\/gentedebasquet.com.ar\\\/sitio\\\/wp-content\\\/uploads\\\/2016\\\/03\\\/SLIDE-2.jpg\",\"datePublished\":\"2016-03-11T14:41:29+00:00\",\"author\":{\"@id\":\"https:\\\/\\\/gentedebasquet.com.ar\\\/sitio\\\/#\\\/schema\\\/person\\\/ca0b63bbb977369988a7bbbdc519943a\"},\"breadcrumb\":{\"@id\":\"http:\\\/\\\/gentedebasquet.com.ar\\\/sitio\\\/2016\\\/03\\\/11\\\/es-muy-bueno-que-estemos-tan-positivos\\\/#breadcrumb\"},\"inLanguage\":\"es\",\"potentialAction\":[{\"@type\":\"ReadAction\",\"target\":[\"http:\\\/\\\/gentedebasquet.com.ar\\\/sitio\\\/2016\\\/03\\\/11\\\/es-muy-bueno-que-estemos-tan-positivos\\\/\"]}]},{\"@type\":\"ImageObject\",\"inLanguage\":\"es\",\"@id\":\"http:\\\/\\\/gentedebasquet.com.ar\\\/sitio\\\/2016\\\/03\\\/11\\\/es-muy-bueno-que-estemos-tan-positivos\\\/#primaryimage\",\"url\":\"http:\\\/\\\/gentedebasquet.com.ar\\\/sitio\\\/wp-content\\\/uploads\\\/2016\\\/03\\\/SLIDE-2.jpg\",\"contentUrl\":\"http:\\\/\\\/gentedebasquet.com.ar\\\/sitio\\\/wp-content\\\/uploads\\\/2016\\\/03\\\/SLIDE-2.jpg\",\"width\":690,\"height\":319},{\"@type\":\"BreadcrumbList\",\"@id\":\"http:\\\/\\\/gentedebasquet.com.ar\\\/sitio\\\/2016\\\/03\\\/11\\\/es-muy-bueno-que-estemos-tan-positivos\\\/#breadcrumb\",\"itemListElement\":[{\"@type\":\"ListItem\",\"position\":1,\"name\":\"Portada\",\"item\":\"https:\\\/\\\/gentedebasquet.com.ar\\\/sitio\\\/\"},{\"@type\":\"ListItem\",\"position\":2,\"name\":\"\u00abEs muy bueno que estemos tan positivos\u00bb\"}]},{\"@type\":\"WebSite\",\"@id\":\"https:\\\/\\\/gentedebasquet.com.ar\\\/sitio\\\/#website\",\"url\":\"https:\\\/\\\/gentedebasquet.com.ar\\\/sitio\\\/\",\"name\":\"Gente de B\u00e1squet\",\"description\":\"La revista del basquet de Bah\u00eda Blanca\",\"potentialAction\":[{\"@type\":\"SearchAction\",\"target\":{\"@type\":\"EntryPoint\",\"urlTemplate\":\"https:\\\/\\\/gentedebasquet.com.ar\\\/sitio\\\/?s={search_term_string}\"},\"query-input\":{\"@type\":\"PropertyValueSpecification\",\"valueRequired\":true,\"valueName\":\"search_term_string\"}}],\"inLanguage\":\"es\"},{\"@type\":\"Person\",\"@id\":\"https:\\\/\\\/gentedebasquet.com.ar\\\/sitio\\\/#\\\/schema\\\/person\\\/ca0b63bbb977369988a7bbbdc519943a\",\"name\":\"Gente de B\u00e1squet\",\"image\":{\"@type\":\"ImageObject\",\"inLanguage\":\"es\",\"@id\":\"https:\\\/\\\/secure.gravatar.com\\\/avatar\\\/7f2c48bdc33b30088f941fb6082e555f2874c98e20cb159d7b92b50eadfce793?s=96&d=mm&r=g\",\"url\":\"https:\\\/\\\/secure.gravatar.com\\\/avatar\\\/7f2c48bdc33b30088f941fb6082e555f2874c98e20cb159d7b92b50eadfce793?s=96&d=mm&r=g\",\"contentUrl\":\"https:\\\/\\\/secure.gravatar.com\\\/avatar\\\/7f2c48bdc33b30088f941fb6082e555f2874c98e20cb159d7b92b50eadfce793?s=96&d=mm&r=g\",\"caption\":\"Gente de B\u00e1squet\"},\"sameAs\":[\"http:\\\/\\\/gentedebasquet.com.ar\\\/sitio\"],\"url\":\"http:\\\/\\\/gentedebasquet.com.ar\\\/sitio\\\/author\\\/ulises\\\/\"}]}<\/script>\n<!-- \/ Yoast SEO plugin. -->","yoast_head_json":{"title":"\"Es muy bueno que estemos tan positivos\" - Gente de B\u00e1squet","robots":{"index":"index","follow":"follow","max-snippet":"max-snippet:-1","max-image-preview":"max-image-preview:large","max-video-preview":"max-video-preview:-1"},"canonical":"http:\/\/gentedebasquet.com.ar\/sitio\/2016\/03\/11\/es-muy-bueno-que-estemos-tan-positivos\/","og_locale":"es_ES","og_type":"article","og_title":"\"Es muy bueno que estemos tan positivos\" - Gente de B\u00e1squet","og_description":"Franco Pennacchiotti habl\u00f3 en la previa de otro Villa Mitre-Bahiense por el TFB","og_url":"http:\/\/gentedebasquet.com.ar\/sitio\/2016\/03\/11\/es-muy-bueno-que-estemos-tan-positivos\/","og_site_name":"Gente de B\u00e1squet","article_published_time":"2016-03-11T14:41:29+00:00","og_image":[{"width":690,"height":319,"url":"http:\/\/gentedebasquet.com.ar\/sitio\/wp-content\/uploads\/2016\/03\/SLIDE-2.jpg","type":"image\/jpeg"}],"author":"Gente de B\u00e1squet","twitter_card":"summary_large_image","twitter_misc":{"Escrito por":"Gente de B\u00e1squet","Tiempo de lectura":"4 minutos"},"schema":{"@context":"https:\/\/schema.org","@graph":[{"@type":"Article","@id":"http:\/\/gentedebasquet.com.ar\/sitio\/2016\/03\/11\/es-muy-bueno-que-estemos-tan-positivos\/#article","isPartOf":{"@id":"http:\/\/gentedebasquet.com.ar\/sitio\/2016\/03\/11\/es-muy-bueno-que-estemos-tan-positivos\/"},"author":{"name":"Gente de B\u00e1squet","@id":"https:\/\/gentedebasquet.com.ar\/sitio\/#\/schema\/person\/ca0b63bbb977369988a7bbbdc519943a"},"headline":"\u00abEs muy bueno que estemos tan positivos\u00bb","datePublished":"2016-03-11T14:41:29+00:00","mainEntityOfPage":{"@id":"http:\/\/gentedebasquet.com.ar\/sitio\/2016\/03\/11\/es-muy-bueno-que-estemos-tan-positivos\/"},"wordCount":761,"image":{"@id":"http:\/\/gentedebasquet.com.ar\/sitio\/2016\/03\/11\/es-muy-bueno-que-estemos-tan-positivos\/#primaryimage"},"thumbnailUrl":"http:\/\/gentedebasquet.com.ar\/sitio\/wp-content\/uploads\/2016\/03\/SLIDE-2.jpg","keywords":["Bahiense Del Norte","Franco Pennacchiotti","Torneo Federal","Villa Mitre"],"articleSection":["Federal","Nacional"],"inLanguage":"es"},{"@type":"WebPage","@id":"http:\/\/gentedebasquet.com.ar\/sitio\/2016\/03\/11\/es-muy-bueno-que-estemos-tan-positivos\/","url":"http:\/\/gentedebasquet.com.ar\/sitio\/2016\/03\/11\/es-muy-bueno-que-estemos-tan-positivos\/","name":"\"Es muy bueno que estemos tan positivos\" - Gente de B\u00e1squet","isPartOf":{"@id":"https:\/\/gentedebasquet.com.ar\/sitio\/#website"},"primaryImageOfPage":{"@id":"http:\/\/gentedebasquet.com.ar\/sitio\/2016\/03\/11\/es-muy-bueno-que-estemos-tan-positivos\/#primaryimage"},"image":{"@id":"http:\/\/gentedebasquet.com.ar\/sitio\/2016\/03\/11\/es-muy-bueno-que-estemos-tan-positivos\/#primaryimage"},"thumbnailUrl":"http:\/\/gentedebasquet.com.ar\/sitio\/wp-content\/uploads\/2016\/03\/SLIDE-2.jpg","datePublished":"2016-03-11T14:41:29+00:00","author":{"@id":"https:\/\/gentedebasquet.com.ar\/sitio\/#\/schema\/person\/ca0b63bbb977369988a7bbbdc519943a"},"breadcrumb":{"@id":"http:\/\/gentedebasquet.com.ar\/sitio\/2016\/03\/11\/es-muy-bueno-que-estemos-tan-positivos\/#breadcrumb"},"inLanguage":"es","potentialAction":[{"@type":"ReadAction","target":["http:\/\/gentedebasquet.com.ar\/sitio\/2016\/03\/11\/es-muy-bueno-que-estemos-tan-positivos\/"]}]},{"@type":"ImageObject","inLanguage":"es","@id":"http:\/\/gentedebasquet.com.ar\/sitio\/2016\/03\/11\/es-muy-bueno-que-estemos-tan-positivos\/#primaryimage","url":"http:\/\/gentedebasquet.com.ar\/sitio\/wp-content\/uploads\/2016\/03\/SLIDE-2.jpg","contentUrl":"http:\/\/gentedebasquet.com.ar\/sitio\/wp-content\/uploads\/2016\/03\/SLIDE-2.jpg","width":690,"height":319},{"@type":"BreadcrumbList","@id":"http:\/\/gentedebasquet.com.ar\/sitio\/2016\/03\/11\/es-muy-bueno-que-estemos-tan-positivos\/#breadcrumb","itemListElement":[{"@type":"ListItem","position":1,"name":"Portada","item":"https:\/\/gentedebasquet.com.ar\/sitio\/"},{"@type":"ListItem","position":2,"name":"\u00abEs muy bueno que estemos tan positivos\u00bb"}]},{"@type":"WebSite","@id":"https:\/\/gentedebasquet.com.ar\/sitio\/#website","url":"https:\/\/gentedebasquet.com.ar\/sitio\/","name":"Gente de B\u00e1squet","description":"La revista del basquet de Bah\u00eda Blanca","potentialAction":[{"@type":"SearchAction","target":{"@type":"EntryPoint","urlTemplate":"https:\/\/gentedebasquet.com.ar\/sitio\/?s={search_term_string}"},"query-input":{"@type":"PropertyValueSpecification","valueRequired":true,"valueName":"search_term_string"}}],"inLanguage":"es"},{"@type":"Person","@id":"https:\/\/gentedebasquet.com.ar\/sitio\/#\/schema\/person\/ca0b63bbb977369988a7bbbdc519943a","name":"Gente de B\u00e1squet","image":{"@type":"ImageObject","inLanguage":"es","@id":"https:\/\/secure.gravatar.com\/avatar\/7f2c48bdc33b30088f941fb6082e555f2874c98e20cb159d7b92b50eadfce793?s=96&d=mm&r=g","url":"https:\/\/secure.gravatar.com\/avatar\/7f2c48bdc33b30088f941fb6082e555f2874c98e20cb159d7b92b50eadfce793?s=96&d=mm&r=g","contentUrl":"https:\/\/secure.gravatar.com\/avatar\/7f2c48bdc33b30088f941fb6082e555f2874c98e20cb159d7b92b50eadfce793?s=96&d=mm&r=g","caption":"Gente de B\u00e1squet"},"sameAs":["http:\/\/gentedebasquet.com.ar\/sitio"],"url":"http:\/\/gentedebasquet.com.ar\/sitio\/author\/ulises\/"}]}},"_links":{"self":[{"href":"http:\/\/gentedebasquet.com.ar\/sitio\/wp-json\/wp\/v2\/posts\/57021","targetHints":{"allow":["GET"]}}],"collection":[{"href":"http:\/\/gentedebasquet.com.ar\/sitio\/wp-json\/wp\/v2\/posts"}],"about":[{"href":"http:\/\/gentedebasquet.com.ar\/sitio\/wp-json\/wp\/v2\/types\/post"}],"author":[{"embeddable":true,"href":"http:\/\/gentedebasquet.com.ar\/sitio\/wp-json\/wp\/v2\/users\/1"}],"replies":[{"embeddable":true,"href":"http:\/\/gentedebasquet.com.ar\/sitio\/wp-json\/wp\/v2\/comments?post=57021"}],"version-history":[{"count":0,"href":"http:\/\/gentedebasquet.com.ar\/sitio\/wp-json\/wp\/v2\/posts\/57021\/revisions"}],"wp:featuredmedia":[{"embeddable":true,"href":"http:\/\/gentedebasquet.com.ar\/sitio\/wp-json\/wp\/v2\/media\/57023"}],"wp:attachment":[{"href":"http:\/\/gentedebasquet.com.ar\/sitio\/wp-json\/wp\/v2\/media?parent=57021"}],"wp:term":[{"taxonomy":"category","embeddable":true,"href":"http:\/\/gentedebasquet.com.ar\/sitio\/wp-json\/wp\/v2\/categories?post=57021"},{"taxonomy":"post_tag","embeddable":true,"href":"http:\/\/gentedebasquet.com.ar\/sitio\/wp-json\/wp\/v2\/tags?post=57021"}],"curies":[{"name":"wp","href":"https:\/\/api.w.org\/{rel}","templated":true}]}}