{"id":57387,"date":"2016-03-23T23:30:41","date_gmt":"2016-03-24T02:30:41","guid":{"rendered":"http:\/\/www.gentedebasquet.com.ar\/?p=57387"},"modified":"2016-03-23T23:30:41","modified_gmt":"2016-03-24T02:30:41","slug":"la-ley-del-ex","status":"publish","type":"post","link":"http:\/\/gentedebasquet.com.ar\/sitio\/2016\/03\/23\/la-ley-del-ex\/","title":{"rendered":"La Ley del ex"},"content":{"rendered":"<p><strong>La falla del reloj global no prohibi\u00f3 que Alem y Liniers entregaran un partidazo, en el que el verdirrojo logr\u00f3 imponerse, como local, \u00a0por 91-79. Santiago Torre tuvo una excepcional actuaci\u00f3n ante su ex equipo (21 puntos, 12 rebotes y 7 asistencias) en conjunto a la gran tarea de Juan Pablo Rotta (24).\u00a0 En el Chivo, Juan Ignacio Bellozas (16\u00a0 y 11 rebotes), Gonzalo Mart\u00ednez (16) y Agust\u00edn Dottori (15) fueron los destacados.<\/strong><\/p>\n<p>Corr\u00eda el 1C cuando pareci\u00f3 que se postergaba el primer partido de la temporada 2016.\u00a0 El reloj global dej\u00f3 de funcionar, pero como el de tiro funcionaba con normalidad, por reglamento se establece que el partido se deb\u00eda disputar de todas maneras.\u00a0 A pesar de la incomodidad de disputar un cotejo sin noci\u00f3n del tiempo, ni Liniers ni Alem se guardaron nada en cancha.<\/p>\n<p>Tras un comienzo a puro bombazo (3-3 para cada equipo), Liniers consigui\u00f3 buenas paradas bajo el aro con Bellozas y Radavero, y fue el ex Napost\u00e1 y Olimpo (TNA) el que con 6 puntos en el cierre del 1C adelant\u00f3 a la visita (21-27).<\/p>\n<p>Luego de\u00a0un tibio comienzo, Fabricio Starc (8) comenz\u00f3 a pesar en la pintura y arrim\u00f3 a Alem en el marcador (28-29).\u00a0 Pero ah\u00ed fue cuando ingres\u00f3 Dottori, y el escolta fue un tren en ambos costados de la cancha, convirtiendo 3 robos en 7 puntos de contragolpe para mantener la ventaja de Liniers al descanso largo (39-41).<\/p>\n<blockquote><p>El partido anterior (ante Estudiantes) fue un asco. \u00a0Somos un equipo nuevo que se est\u00e1 conociendo, por lo que sabemos que nos faltan muchos partidos [&#8230;] (enfrentar a Liniers) Es raro&#8230; Le tom\u00e9 mucho cari\u00f1o al club porque dej\u00e9 amigos, con el Negro (Pizzo) soy muy amigo, nos juntamos a comer siempre, lo mismo con Fabri (Starc) y los otros chicos (Santiago Torre)<\/p><\/blockquote>\n<p>Sebasti\u00e1n Aleksoski dispuso marcar en zona 2-3 al regreso de los vestuarios, y all\u00ed fue cuando m\u00e1s se luci\u00f3 Bellozas, porque fue un muro defensivamente (dos robos\u00a0 y un tap\u00f3n) y un ejecutor en el ataque (5).\u00a0 As\u00ed, Liniers sec\u00f3 a Alem ofensivamente y le sac\u00f3 12 de ventaja (47-59).\u00a0 Pero tras tiempo pedido por \u201cPaquito\u201d \u00c1lvarez, el local reaccion\u00f3 con los ataques de Torre y Rotta al aro (12 entre los dos) supliendo la baja del flaco Banegas por quinta falta.\u00a0 Una jugada de doble y falta de Dami\u00e1n Foulkes sobre el cierre del 3C redonde\u00f3 un parcial de 18-7 en 5m para Alem que lo dej\u00f3 a tiro (65-66) de cara al final.<\/p>\n<p>Y ese ep\u00edlogo fue una sinfon\u00eda del verdirrojo, con Torre\u00a0 (4 puntos y 3 asistencias) como maestro, continuando la conexi\u00f3n con Rotta (7) y manteniendo a Starc como referencia en el trapecio (5).\u00a0 A pesar de la buena tarea de Gonzalo Mart\u00ednez (5) jugando 1v1, Alem se aprovech\u00f3 de las imprecisiones de Liniers en el armado ofensivo (5 p\u00e9rdidas) y a falta de 2m30 le sac\u00f3 diez de ventaja al Chivo para quedarse con el partido.<\/p>\n<p>&nbsp;<\/p>\n<p>[youtube]https:\/\/youtu.be\/ss_g8jcNHsw[\/youtube]<\/p>\n<p>&nbsp;<\/p>\n<p><strong>S\u00edntesis| <\/strong>Primera \u2013 Fecha #2<\/p>\n<p><strong>Alem 91: <\/strong>Santiago Torre 21 (x), Walter Gigena 17, Juan Pablo Rotta 24, Fabricio Starc 13 (x), Herman Banegas 8 (x) (FI); Genaro Priore 2, Juan Manuel Bicondoa 2, Patricio Zapata 2, Dami\u00e1n Foulkes 3.\u00a0 D.T: Alejandro \u00c1lvarez.<\/p>\n<p><strong>Liniers 79: <\/strong>Mat\u00edas Mart\u00ednez 10 (x), Gonzalo Mart\u00ednez 16, Mariano Pizzo 13, Federico Radavero 5, Juan Ignacio Bellozas 16 (FI); Iv\u00e1n Petrini 2, Alejo Agull\u00f3 0, Juli\u00e1n Marinsalta, Agust\u00edn Dottori 15.\u00a0 D.T: Sebasti\u00e1n Aleksoski.<\/p>\n<p><strong>Parciales: <\/strong>21-27, 39-41 (18-14), 65-66 (26-25), 91-79 (26-13).<\/p>\n<p><strong>\u00c1rbitros: <\/strong>Jorge Scheffer \u2013 Sebasti\u00e1n Giannino.<\/p>\n<p><strong>Estadio: <\/strong>Daniel Lacunza (Alem).<\/p>\n<p><a class=\"modalf iframe\" title=\"Planilla\" href=\"https:\/\/docs.google.com\/spreadsheets\/d\/1Jd9g4Nwlh_gK3oYsl47NV4ZJoiusloDU4dWyqmqwtHE\/pubhtml\" target=\"_blank\" rel=\"noopener\">Ver Planilla<\/a><\/p>\n","protected":false},"excerpt":{"rendered":"<p>Torre (21p, 12r y 7a) brill\u00f3 ante Liniers en el triunfo de Alem por 91-79<\/p>\n","protected":false},"author":1,"featured_media":57405,"comment_status":"closed","ping_status":"open","sticky":false,"template":"","format":"standard","meta":{"jnews-multi-image_gallery":[],"jnews_single_post":[],"jnews_primary_category":[],"footnotes":""},"categories":[23,101],"tags":[241,3,329,319,48,14,604],"class_list":["post-57387","post","type-post","status-publish","format-standard","has-post-thumbnail","hentry","category-primera","category-slide","tag-agustin-dottori","tag-alem","tag-gonzalo-martinez","tag-juan-ignacio-bellozas","tag-juan-pablo-rotta","tag-liniers","tag-santiago-torre"],"yoast_head":"<!-- This site is optimized with the Yoast SEO plugin v27.5 - https:\/\/yoast.com\/product\/yoast-seo-wordpress\/ -->\n<title>La Ley del ex - Gente de B\u00e1squet<\/title>\n<meta name=\"robots\" content=\"index, follow, max-snippet:-1, max-image-preview:large, max-video-preview:-1\" \/>\n<link rel=\"canonical\" href=\"http:\/\/gentedebasquet.com.ar\/sitio\/2016\/03\/23\/la-ley-del-ex\/\" \/>\n<meta property=\"og:locale\" content=\"es_ES\" \/>\n<meta property=\"og:type\" content=\"article\" \/>\n<meta property=\"og:title\" content=\"La Ley del ex - Gente de B\u00e1squet\" \/>\n<meta property=\"og:description\" content=\"Torre (21p, 12r y 7a) brill\u00f3 ante Liniers en el triunfo de Alem por 91-79\" \/>\n<meta property=\"og:url\" content=\"http:\/\/gentedebasquet.com.ar\/sitio\/2016\/03\/23\/la-ley-del-ex\/\" \/>\n<meta property=\"og:site_name\" content=\"Gente de B\u00e1squet\" \/>\n<meta property=\"article:published_time\" content=\"2016-03-24T02:30:41+00:00\" \/>\n<meta property=\"og:image\" content=\"http:\/\/gentedebasquet.com.ar\/sitio\/wp-content\/uploads\/2016\/03\/Alem-Liniers.jpg\" \/>\n\t<meta property=\"og:image:width\" content=\"690\" \/>\n\t<meta property=\"og:image:height\" content=\"319\" \/>\n\t<meta property=\"og:image:type\" content=\"image\/jpeg\" \/>\n<meta name=\"author\" content=\"Gente de B\u00e1squet\" \/>\n<meta name=\"twitter:card\" content=\"summary_large_image\" \/>\n<meta name=\"twitter:label1\" content=\"Escrito por\" \/>\n\t<meta name=\"twitter:data1\" content=\"Gente de B\u00e1squet\" \/>\n\t<meta name=\"twitter:label2\" content=\"Tiempo de lectura\" \/>\n\t<meta name=\"twitter:data2\" content=\"3 minutos\" \/>\n<script type=\"application\/ld+json\" class=\"yoast-schema-graph\">{\"@context\":\"https:\\\/\\\/schema.org\",\"@graph\":[{\"@type\":\"Article\",\"@id\":\"http:\\\/\\\/gentedebasquet.com.ar\\\/sitio\\\/2016\\\/03\\\/23\\\/la-ley-del-ex\\\/#article\",\"isPartOf\":{\"@id\":\"http:\\\/\\\/gentedebasquet.com.ar\\\/sitio\\\/2016\\\/03\\\/23\\\/la-ley-del-ex\\\/\"},\"author\":{\"name\":\"Gente de B\u00e1squet\",\"@id\":\"https:\\\/\\\/gentedebasquet.com.ar\\\/sitio\\\/#\\\/schema\\\/person\\\/ca0b63bbb977369988a7bbbdc519943a\"},\"headline\":\"La Ley del ex\",\"datePublished\":\"2016-03-24T02:30:41+00:00\",\"mainEntityOfPage\":{\"@id\":\"http:\\\/\\\/gentedebasquet.com.ar\\\/sitio\\\/2016\\\/03\\\/23\\\/la-ley-del-ex\\\/\"},\"wordCount\":587,\"image\":{\"@id\":\"http:\\\/\\\/gentedebasquet.com.ar\\\/sitio\\\/2016\\\/03\\\/23\\\/la-ley-del-ex\\\/#primaryimage\"},\"thumbnailUrl\":\"http:\\\/\\\/gentedebasquet.com.ar\\\/sitio\\\/wp-content\\\/uploads\\\/2016\\\/03\\\/Alem-Liniers.jpg\",\"keywords\":[\"Agust\u00edn Dottori\",\"Alem\",\"Gonzalo Mart\u00ednez\",\"Juan Ignacio Bellozas\",\"Juan Pablo Rotta\",\"Liniers\",\"Santiago Torre\"],\"articleSection\":[\"Primera\",\"Slide\"],\"inLanguage\":\"es\"},{\"@type\":\"WebPage\",\"@id\":\"http:\\\/\\\/gentedebasquet.com.ar\\\/sitio\\\/2016\\\/03\\\/23\\\/la-ley-del-ex\\\/\",\"url\":\"http:\\\/\\\/gentedebasquet.com.ar\\\/sitio\\\/2016\\\/03\\\/23\\\/la-ley-del-ex\\\/\",\"name\":\"La Ley del ex - Gente de B\u00e1squet\",\"isPartOf\":{\"@id\":\"https:\\\/\\\/gentedebasquet.com.ar\\\/sitio\\\/#website\"},\"primaryImageOfPage\":{\"@id\":\"http:\\\/\\\/gentedebasquet.com.ar\\\/sitio\\\/2016\\\/03\\\/23\\\/la-ley-del-ex\\\/#primaryimage\"},\"image\":{\"@id\":\"http:\\\/\\\/gentedebasquet.com.ar\\\/sitio\\\/2016\\\/03\\\/23\\\/la-ley-del-ex\\\/#primaryimage\"},\"thumbnailUrl\":\"http:\\\/\\\/gentedebasquet.com.ar\\\/sitio\\\/wp-content\\\/uploads\\\/2016\\\/03\\\/Alem-Liniers.jpg\",\"datePublished\":\"2016-03-24T02:30:41+00:00\",\"author\":{\"@id\":\"https:\\\/\\\/gentedebasquet.com.ar\\\/sitio\\\/#\\\/schema\\\/person\\\/ca0b63bbb977369988a7bbbdc519943a\"},\"breadcrumb\":{\"@id\":\"http:\\\/\\\/gentedebasquet.com.ar\\\/sitio\\\/2016\\\/03\\\/23\\\/la-ley-del-ex\\\/#breadcrumb\"},\"inLanguage\":\"es\",\"potentialAction\":[{\"@type\":\"ReadAction\",\"target\":[\"http:\\\/\\\/gentedebasquet.com.ar\\\/sitio\\\/2016\\\/03\\\/23\\\/la-ley-del-ex\\\/\"]}]},{\"@type\":\"ImageObject\",\"inLanguage\":\"es\",\"@id\":\"http:\\\/\\\/gentedebasquet.com.ar\\\/sitio\\\/2016\\\/03\\\/23\\\/la-ley-del-ex\\\/#primaryimage\",\"url\":\"http:\\\/\\\/gentedebasquet.com.ar\\\/sitio\\\/wp-content\\\/uploads\\\/2016\\\/03\\\/Alem-Liniers.jpg\",\"contentUrl\":\"http:\\\/\\\/gentedebasquet.com.ar\\\/sitio\\\/wp-content\\\/uploads\\\/2016\\\/03\\\/Alem-Liniers.jpg\",\"width\":690,\"height\":319},{\"@type\":\"BreadcrumbList\",\"@id\":\"http:\\\/\\\/gentedebasquet.com.ar\\\/sitio\\\/2016\\\/03\\\/23\\\/la-ley-del-ex\\\/#breadcrumb\",\"itemListElement\":[{\"@type\":\"ListItem\",\"position\":1,\"name\":\"Portada\",\"item\":\"https:\\\/\\\/gentedebasquet.com.ar\\\/sitio\\\/\"},{\"@type\":\"ListItem\",\"position\":2,\"name\":\"La Ley del ex\"}]},{\"@type\":\"WebSite\",\"@id\":\"https:\\\/\\\/gentedebasquet.com.ar\\\/sitio\\\/#website\",\"url\":\"https:\\\/\\\/gentedebasquet.com.ar\\\/sitio\\\/\",\"name\":\"Gente de B\u00e1squet\",\"description\":\"La revista del basquet de Bah\u00eda Blanca\",\"potentialAction\":[{\"@type\":\"SearchAction\",\"target\":{\"@type\":\"EntryPoint\",\"urlTemplate\":\"https:\\\/\\\/gentedebasquet.com.ar\\\/sitio\\\/?s={search_term_string}\"},\"query-input\":{\"@type\":\"PropertyValueSpecification\",\"valueRequired\":true,\"valueName\":\"search_term_string\"}}],\"inLanguage\":\"es\"},{\"@type\":\"Person\",\"@id\":\"https:\\\/\\\/gentedebasquet.com.ar\\\/sitio\\\/#\\\/schema\\\/person\\\/ca0b63bbb977369988a7bbbdc519943a\",\"name\":\"Gente de B\u00e1squet\",\"image\":{\"@type\":\"ImageObject\",\"inLanguage\":\"es\",\"@id\":\"https:\\\/\\\/secure.gravatar.com\\\/avatar\\\/7f2c48bdc33b30088f941fb6082e555f2874c98e20cb159d7b92b50eadfce793?s=96&d=mm&r=g\",\"url\":\"https:\\\/\\\/secure.gravatar.com\\\/avatar\\\/7f2c48bdc33b30088f941fb6082e555f2874c98e20cb159d7b92b50eadfce793?s=96&d=mm&r=g\",\"contentUrl\":\"https:\\\/\\\/secure.gravatar.com\\\/avatar\\\/7f2c48bdc33b30088f941fb6082e555f2874c98e20cb159d7b92b50eadfce793?s=96&d=mm&r=g\",\"caption\":\"Gente de B\u00e1squet\"},\"sameAs\":[\"http:\\\/\\\/gentedebasquet.com.ar\\\/sitio\"],\"url\":\"http:\\\/\\\/gentedebasquet.com.ar\\\/sitio\\\/author\\\/ulises\\\/\"}]}<\/script>\n<!-- \/ Yoast SEO plugin. -->","yoast_head_json":{"title":"La Ley del ex - Gente de B\u00e1squet","robots":{"index":"index","follow":"follow","max-snippet":"max-snippet:-1","max-image-preview":"max-image-preview:large","max-video-preview":"max-video-preview:-1"},"canonical":"http:\/\/gentedebasquet.com.ar\/sitio\/2016\/03\/23\/la-ley-del-ex\/","og_locale":"es_ES","og_type":"article","og_title":"La Ley del ex - Gente de B\u00e1squet","og_description":"Torre (21p, 12r y 7a) brill\u00f3 ante Liniers en el triunfo de Alem por 91-79","og_url":"http:\/\/gentedebasquet.com.ar\/sitio\/2016\/03\/23\/la-ley-del-ex\/","og_site_name":"Gente de B\u00e1squet","article_published_time":"2016-03-24T02:30:41+00:00","og_image":[{"width":690,"height":319,"url":"http:\/\/gentedebasquet.com.ar\/sitio\/wp-content\/uploads\/2016\/03\/Alem-Liniers.jpg","type":"image\/jpeg"}],"author":"Gente de B\u00e1squet","twitter_card":"summary_large_image","twitter_misc":{"Escrito por":"Gente de B\u00e1squet","Tiempo de lectura":"3 minutos"},"schema":{"@context":"https:\/\/schema.org","@graph":[{"@type":"Article","@id":"http:\/\/gentedebasquet.com.ar\/sitio\/2016\/03\/23\/la-ley-del-ex\/#article","isPartOf":{"@id":"http:\/\/gentedebasquet.com.ar\/sitio\/2016\/03\/23\/la-ley-del-ex\/"},"author":{"name":"Gente de B\u00e1squet","@id":"https:\/\/gentedebasquet.com.ar\/sitio\/#\/schema\/person\/ca0b63bbb977369988a7bbbdc519943a"},"headline":"La Ley del ex","datePublished":"2016-03-24T02:30:41+00:00","mainEntityOfPage":{"@id":"http:\/\/gentedebasquet.com.ar\/sitio\/2016\/03\/23\/la-ley-del-ex\/"},"wordCount":587,"image":{"@id":"http:\/\/gentedebasquet.com.ar\/sitio\/2016\/03\/23\/la-ley-del-ex\/#primaryimage"},"thumbnailUrl":"http:\/\/gentedebasquet.com.ar\/sitio\/wp-content\/uploads\/2016\/03\/Alem-Liniers.jpg","keywords":["Agust\u00edn Dottori","Alem","Gonzalo Mart\u00ednez","Juan Ignacio Bellozas","Juan Pablo Rotta","Liniers","Santiago Torre"],"articleSection":["Primera","Slide"],"inLanguage":"es"},{"@type":"WebPage","@id":"http:\/\/gentedebasquet.com.ar\/sitio\/2016\/03\/23\/la-ley-del-ex\/","url":"http:\/\/gentedebasquet.com.ar\/sitio\/2016\/03\/23\/la-ley-del-ex\/","name":"La Ley del ex - Gente de B\u00e1squet","isPartOf":{"@id":"https:\/\/gentedebasquet.com.ar\/sitio\/#website"},"primaryImageOfPage":{"@id":"http:\/\/gentedebasquet.com.ar\/sitio\/2016\/03\/23\/la-ley-del-ex\/#primaryimage"},"image":{"@id":"http:\/\/gentedebasquet.com.ar\/sitio\/2016\/03\/23\/la-ley-del-ex\/#primaryimage"},"thumbnailUrl":"http:\/\/gentedebasquet.com.ar\/sitio\/wp-content\/uploads\/2016\/03\/Alem-Liniers.jpg","datePublished":"2016-03-24T02:30:41+00:00","author":{"@id":"https:\/\/gentedebasquet.com.ar\/sitio\/#\/schema\/person\/ca0b63bbb977369988a7bbbdc519943a"},"breadcrumb":{"@id":"http:\/\/gentedebasquet.com.ar\/sitio\/2016\/03\/23\/la-ley-del-ex\/#breadcrumb"},"inLanguage":"es","potentialAction":[{"@type":"ReadAction","target":["http:\/\/gentedebasquet.com.ar\/sitio\/2016\/03\/23\/la-ley-del-ex\/"]}]},{"@type":"ImageObject","inLanguage":"es","@id":"http:\/\/gentedebasquet.com.ar\/sitio\/2016\/03\/23\/la-ley-del-ex\/#primaryimage","url":"http:\/\/gentedebasquet.com.ar\/sitio\/wp-content\/uploads\/2016\/03\/Alem-Liniers.jpg","contentUrl":"http:\/\/gentedebasquet.com.ar\/sitio\/wp-content\/uploads\/2016\/03\/Alem-Liniers.jpg","width":690,"height":319},{"@type":"BreadcrumbList","@id":"http:\/\/gentedebasquet.com.ar\/sitio\/2016\/03\/23\/la-ley-del-ex\/#breadcrumb","itemListElement":[{"@type":"ListItem","position":1,"name":"Portada","item":"https:\/\/gentedebasquet.com.ar\/sitio\/"},{"@type":"ListItem","position":2,"name":"La Ley del ex"}]},{"@type":"WebSite","@id":"https:\/\/gentedebasquet.com.ar\/sitio\/#website","url":"https:\/\/gentedebasquet.com.ar\/sitio\/","name":"Gente de B\u00e1squet","description":"La revista del basquet de Bah\u00eda Blanca","potentialAction":[{"@type":"SearchAction","target":{"@type":"EntryPoint","urlTemplate":"https:\/\/gentedebasquet.com.ar\/sitio\/?s={search_term_string}"},"query-input":{"@type":"PropertyValueSpecification","valueRequired":true,"valueName":"search_term_string"}}],"inLanguage":"es"},{"@type":"Person","@id":"https:\/\/gentedebasquet.com.ar\/sitio\/#\/schema\/person\/ca0b63bbb977369988a7bbbdc519943a","name":"Gente de B\u00e1squet","image":{"@type":"ImageObject","inLanguage":"es","@id":"https:\/\/secure.gravatar.com\/avatar\/7f2c48bdc33b30088f941fb6082e555f2874c98e20cb159d7b92b50eadfce793?s=96&d=mm&r=g","url":"https:\/\/secure.gravatar.com\/avatar\/7f2c48bdc33b30088f941fb6082e555f2874c98e20cb159d7b92b50eadfce793?s=96&d=mm&r=g","contentUrl":"https:\/\/secure.gravatar.com\/avatar\/7f2c48bdc33b30088f941fb6082e555f2874c98e20cb159d7b92b50eadfce793?s=96&d=mm&r=g","caption":"Gente de B\u00e1squet"},"sameAs":["http:\/\/gentedebasquet.com.ar\/sitio"],"url":"http:\/\/gentedebasquet.com.ar\/sitio\/author\/ulises\/"}]}},"_links":{"self":[{"href":"http:\/\/gentedebasquet.com.ar\/sitio\/wp-json\/wp\/v2\/posts\/57387","targetHints":{"allow":["GET"]}}],"collection":[{"href":"http:\/\/gentedebasquet.com.ar\/sitio\/wp-json\/wp\/v2\/posts"}],"about":[{"href":"http:\/\/gentedebasquet.com.ar\/sitio\/wp-json\/wp\/v2\/types\/post"}],"author":[{"embeddable":true,"href":"http:\/\/gentedebasquet.com.ar\/sitio\/wp-json\/wp\/v2\/users\/1"}],"replies":[{"embeddable":true,"href":"http:\/\/gentedebasquet.com.ar\/sitio\/wp-json\/wp\/v2\/comments?post=57387"}],"version-history":[{"count":0,"href":"http:\/\/gentedebasquet.com.ar\/sitio\/wp-json\/wp\/v2\/posts\/57387\/revisions"}],"wp:featuredmedia":[{"embeddable":true,"href":"http:\/\/gentedebasquet.com.ar\/sitio\/wp-json\/wp\/v2\/media\/57405"}],"wp:attachment":[{"href":"http:\/\/gentedebasquet.com.ar\/sitio\/wp-json\/wp\/v2\/media?parent=57387"}],"wp:term":[{"taxonomy":"category","embeddable":true,"href":"http:\/\/gentedebasquet.com.ar\/sitio\/wp-json\/wp\/v2\/categories?post=57387"},{"taxonomy":"post_tag","embeddable":true,"href":"http:\/\/gentedebasquet.com.ar\/sitio\/wp-json\/wp\/v2\/tags?post=57387"}],"curies":[{"name":"wp","href":"https:\/\/api.w.org\/{rel}","templated":true}]}}