{"id":57547,"date":"2016-03-28T23:50:13","date_gmt":"2016-03-29T02:50:13","guid":{"rendered":"http:\/\/www.gentedebasquet.com.ar\/?p=57547"},"modified":"2016-03-28T23:50:13","modified_gmt":"2016-03-29T02:50:13","slug":"tres-de-tres","status":"publish","type":"post","link":"http:\/\/gentedebasquet.com.ar\/sitio\/2016\/03\/28\/tres-de-tres\/","title":{"rendered":"Tres de tres"},"content":{"rendered":"<p><strong>Con clima de cl\u00e1sico, Villa Mitre venci\u00f3 a Alem por 69-68 y a\u00fan no conoce la derrota en sus primeras tres presentaciones.\u00a0 Gast\u00f3n Diomedi (13 puntos) lider\u00f3 en el goleo tricolor a otros tres jugadores que terminaron en doble d\u00edgito.\u00a0 En la visita (que no tuvo a Juan Pablo Rotta, lesionado), hubo enormes rendimientos de Herman Banegas (25, 11-13 en TC y 3 tapones) y Santiago Torre (11 y 12 asistencias). \u00a0Dos jugadores del verdirrojo fueron agredidos\u00a0violentamente a la salida del Jos\u00e9 Mart\u00ednez<\/strong><\/p>\n<p>Varios que se acercaban a la mesa de control en la previa y durante el partido, no hac\u00edan m\u00e1s que destacar<strong> los \u00e9picos duelos que Villa Mitre y Alem tuvieron en los a\u00f1os dorados del b\u00e1squet local<\/strong>.\u00a0 Sin desmerecer a aquellos enfrentamientos, parece que se reanim\u00f3 un viejo cl\u00e1sico del b\u00e1squet local, y este choque, favorable al tricolor, es prueba de ello.\u00a0 Clima caliente, buen marco de p\u00fablico y un cierre ajustado fueron algunos de los condimentos de una buena noche de b\u00e1squet. \u00a0Pero, lamentablemente y como es costumbre en los \u00fatlimos a\u00f1os, <strong>hay que comentar hechos violentos<\/strong> en el marco del deporte en la ciudad.<\/p>\n<p>Ninguno logr\u00f3 sacar una abultada ventaja al otro, y los cambios de liderazgo se sucedieron constantemente.\u00a0 Pero si hubo un par de constantes: <strong>Banegas lider\u00f3 en la pintura<\/strong> durante toda la noche (11-13 en tiros de dos puntos) asoci\u00e1ndose a la perfecci\u00f3n en el pick and roll con Torre, quien tuvo otra gran actuaci\u00f3n en la organizaci\u00f3n ofensiva del verdirrojo (12 asistencias).<\/p>\n<blockquote><p>Sentimos las bajas de Ramiro (Heinrich) porque es nuestro pivot determinante, y la de Germ\u00e1n (Andr\u00e9s) por lo explosivo que es. \u00a0Pero los juveniles vienen realizando una gran tarea reemplaz\u00e1ndolos, y hoy no fue la excepci\u00f3n \u00a0(Gast\u00f3n Diomedi).<\/p><\/blockquote>\n<p><strong>En el tricolor, el goleo fue m\u00e1s repartido<\/strong>, pero fue el porcentaje detr\u00e1s de la medialuna (34% sobre el 21 de Alem) lo que le termin\u00f3 marcando la diferencia.\u00a0 Es que justamente, en el 4C, apareci\u00f3 una andanada de triples de la mano de su francotirador,<strong> Marcelo Berdini<\/strong> (3-3) m\u00e1s otra de Diomedi, que le dieron seis puntos de ventaja a falta de 5m (62-56), la m\u00e1xima que el local tuvo en el marcador.<\/p>\n<p>Pero Alem continu\u00f3 haciendo fuerza con Banegas ,Torre, y los ataques al aro de Gigena (15 en la noche), y logr\u00f3 igualar las acciones en 68 a falta de tan s\u00f3lo un minuto.\u00a0 Fue David Pineda (11), de gran tarea viniendo desde la banca, el que dirimi\u00f3 la suerte del partido con un libre a falta de 25s. Alem tuvo el tiro del triunfo, pero Fabricio Starc no lanz\u00f3 c\u00f3modo y no hubo tiempo para m\u00e1s.<\/p>\n<p>Si bien el final del partido mostr\u00f3 algunos cruces verbales entre jugadores de Alem y Villa Mitre, producto del clima del partido, la situaci\u00f3n no pas\u00f3 a mayores. All\u00ed\u2026 Porque horas m\u00e1s tarde, <strong>Gente de B\u00e1squet se enter\u00f3 que dos jugadores del verdirrojo fueron agredidos por \u201csimpatizantes\u201d del tricolor.<\/strong><\/p>\n<p>\u201cSalimos de la cancha de Villa Mitre con Gigena -porque siempre lo llevo hasta la casa-. En la esquina hab\u00eda tres pibes de Villa Mitre que estaban en el partido y nos empezaron a insultar y a gritar cosas. Nos siguieron hasta donde yo ten\u00eda el auto, nos encerraron y empezaron a insultar a Walter m\u00e1s que nada porque \u00e9l estaba con la ropa de Alem. Yo estaba de civil porque no jugu\u00e9\u00bb, <strong>coment\u00f3 Juan Pablo Rotta, uno de los jugadores agredidos<\/strong>.<\/p>\n<p>\u00abCuando se le fueron encima, me puse en el medio y me pegaron dos pi\u00f1as. Me pegaron de atr\u00e1s. Y cuando me doy vuelta <strong>uno me sac\u00f3 un cuchillo<\/strong>. Despu\u00e9s, con Walter volvimos para la cancha y ellos se fueron. Pedimos hablar con el presidente del club, pero no estaba, y nos dijeron que vayamos al hospital, que nada m\u00e1s se pod\u00eda hacer\u00bb, sostuvo el alero.\u00a0El jugador, indignado, coment\u00f3 que se dirigir\u00e1 a la ABB y de ser necesario, radicar\u00e1 la denuncia policial.<\/p>\n<p>&nbsp;<\/p>\n<p>[youtube]https:\/\/www.youtube.com\/watch?v=Ad15YOQEDW4[\/youtube]<\/p>\n<p>&nbsp;<\/p>\n<p><strong>S\u00edntesis| <\/strong>Primera Divisi\u00f3n \u2013 Fecha #3<\/p>\n<p><strong>Villa Mitre 69: <\/strong>Marcelo Berdini 12, Gast\u00f3n Diomedi 13, Nicol\u00e1s Renzi 9, Carlos P\u00e9rez 3, Javier Bollo 6 (FI); David Pineda 11, Federico Barraza 12, Fernando Alfonso 2, Mat\u00edas Monteoliva 2.\u00a0 D.T: Ariel Ugolini.<\/p>\n<p><strong>Alem 68: <\/strong>Santiago Torre 11, Walter Gigena 15, Dami\u00e1n Foulkes 2 (x), Fabricio Starc 11, Herm\u00e1n Banegas 26 (FI); Genaro Priore 3, Juan Manuel Bicondoa 0.\u00a0 D.T: Alejandro \u00c1lvarez.<\/p>\n<p><strong>Parciales: <\/strong>16-15, 30-27 (14-12), 54-50 (24-23), 69-68 (15-18).<\/p>\n<p><strong>\u00c1rbitros: <\/strong>Javier S\u00e1nchez \u2013 Eduardo Ferreyra.<\/p>\n<p><strong>Estadio: <\/strong>Jos\u00e9 Mart\u00ednez (Villa Mitre).<\/p>\n<p><a class=\"modalf iframe\" title=\"Planilla\" href=\"https:\/\/docs.google.com\/spreadsheets\/d\/1EjgGXmF50BcjrbOPT-Iw4EaD-gZNh9S9ESpwkiCERaA\/pubhtml\" target=\"_blank\" rel=\"noopener\">Ver Planilla<\/a><\/p>\n<p>&nbsp;<\/p>\n<h5 style=\"text-align: left;\">Esperan por Andr\u00e9s y Heinrich<\/h5>\n<p>Germ\u00e1n Andr\u00e9s, tras su infortunado accidente en Jun\u00edn (una puerta de vidri\u00f3 le explot\u00f3 encima, provoc\u00e1ndole cortes en sus dos brazos) tendr\u00e1, como mucho, dos semanas de baja. \u00a0Mientras que Ramiro Heinrich se someti\u00f3 a una resonancia magn\u00e9tica durante el transcurso de Villa Mitre &#8211; Alem, seg\u00fan afirm\u00f3 el entrenador tricolor, Ariel Ugolini, para determinar el grado de la lesi\u00f3n en su tobillo izquierdo.<\/p>\n","protected":false},"excerpt":{"rendered":"<p>Villa Mitre venci\u00f3 a Alem (69-68) y a\u00fan no conoce la derrota en las primeras fechas<\/p>\n","protected":false},"author":1,"featured_media":57548,"comment_status":"closed","ping_status":"open","sticky":false,"template":"","format":"standard","meta":{"jnews-multi-image_gallery":[],"jnews_single_post":[],"jnews_primary_category":[],"footnotes":""},"categories":[23,101],"tags":[3,228,242,615,230,321,604,22,302],"class_list":["post-57547","post","type-post","status-publish","format-standard","has-post-thumbnail","hentry","category-primera","category-slide","tag-alem","tag-david-pineda","tag-fabricio-starc","tag-gaston-diomedi","tag-herman-banegas","tag-marcelo-berdini","tag-santiago-torre","tag-villa-mitre","tag-walter-gigena"],"yoast_head":"<!-- This site is optimized with the Yoast SEO plugin v27.5 - https:\/\/yoast.com\/product\/yoast-seo-wordpress\/ -->\n<title>Tres de tres - Gente de B\u00e1squet<\/title>\n<meta name=\"robots\" content=\"index, follow, max-snippet:-1, max-image-preview:large, max-video-preview:-1\" \/>\n<link rel=\"canonical\" href=\"http:\/\/gentedebasquet.com.ar\/sitio\/2016\/03\/28\/tres-de-tres\/\" \/>\n<meta property=\"og:locale\" content=\"es_ES\" \/>\n<meta property=\"og:type\" content=\"article\" \/>\n<meta property=\"og:title\" content=\"Tres de tres - Gente de B\u00e1squet\" \/>\n<meta property=\"og:description\" content=\"Villa Mitre venci\u00f3 a Alem (69-68) y a\u00fan no conoce la derrota en las primeras fechas\" \/>\n<meta property=\"og:url\" content=\"http:\/\/gentedebasquet.com.ar\/sitio\/2016\/03\/28\/tres-de-tres\/\" \/>\n<meta property=\"og:site_name\" content=\"Gente de B\u00e1squet\" \/>\n<meta property=\"article:published_time\" content=\"2016-03-29T02:50:13+00:00\" \/>\n<meta property=\"og:image\" content=\"http:\/\/gentedebasquet.com.ar\/sitio\/wp-content\/uploads\/2016\/03\/pineda-alem.jpg\" \/>\n\t<meta property=\"og:image:width\" content=\"690\" \/>\n\t<meta property=\"og:image:height\" content=\"319\" \/>\n\t<meta property=\"og:image:type\" content=\"image\/jpeg\" \/>\n<meta name=\"author\" content=\"Gente de B\u00e1squet\" \/>\n<meta name=\"twitter:card\" content=\"summary_large_image\" \/>\n<meta name=\"twitter:label1\" content=\"Escrito por\" \/>\n\t<meta name=\"twitter:data1\" content=\"Gente de B\u00e1squet\" \/>\n\t<meta name=\"twitter:label2\" content=\"Tiempo de lectura\" \/>\n\t<meta name=\"twitter:data2\" content=\"4 minutos\" \/>\n<script type=\"application\/ld+json\" class=\"yoast-schema-graph\">{\"@context\":\"https:\\\/\\\/schema.org\",\"@graph\":[{\"@type\":\"Article\",\"@id\":\"http:\\\/\\\/gentedebasquet.com.ar\\\/sitio\\\/2016\\\/03\\\/28\\\/tres-de-tres\\\/#article\",\"isPartOf\":{\"@id\":\"http:\\\/\\\/gentedebasquet.com.ar\\\/sitio\\\/2016\\\/03\\\/28\\\/tres-de-tres\\\/\"},\"author\":{\"name\":\"Gente de B\u00e1squet\",\"@id\":\"https:\\\/\\\/gentedebasquet.com.ar\\\/sitio\\\/#\\\/schema\\\/person\\\/ca0b63bbb977369988a7bbbdc519943a\"},\"headline\":\"Tres de tres\",\"datePublished\":\"2016-03-29T02:50:13+00:00\",\"mainEntityOfPage\":{\"@id\":\"http:\\\/\\\/gentedebasquet.com.ar\\\/sitio\\\/2016\\\/03\\\/28\\\/tres-de-tres\\\/\"},\"wordCount\":859,\"image\":{\"@id\":\"http:\\\/\\\/gentedebasquet.com.ar\\\/sitio\\\/2016\\\/03\\\/28\\\/tres-de-tres\\\/#primaryimage\"},\"thumbnailUrl\":\"http:\\\/\\\/gentedebasquet.com.ar\\\/sitio\\\/wp-content\\\/uploads\\\/2016\\\/03\\\/pineda-alem.jpg\",\"keywords\":[\"Alem\",\"David Pineda\",\"Fabricio Starc\",\"Gaston Diomedi\",\"Herman Banegas\",\"Marcelo Berdini\",\"Santiago Torre\",\"Villa Mitre\",\"Walter Gigena\"],\"articleSection\":[\"Primera\",\"Slide\"],\"inLanguage\":\"es\"},{\"@type\":\"WebPage\",\"@id\":\"http:\\\/\\\/gentedebasquet.com.ar\\\/sitio\\\/2016\\\/03\\\/28\\\/tres-de-tres\\\/\",\"url\":\"http:\\\/\\\/gentedebasquet.com.ar\\\/sitio\\\/2016\\\/03\\\/28\\\/tres-de-tres\\\/\",\"name\":\"Tres de tres - Gente de B\u00e1squet\",\"isPartOf\":{\"@id\":\"https:\\\/\\\/gentedebasquet.com.ar\\\/sitio\\\/#website\"},\"primaryImageOfPage\":{\"@id\":\"http:\\\/\\\/gentedebasquet.com.ar\\\/sitio\\\/2016\\\/03\\\/28\\\/tres-de-tres\\\/#primaryimage\"},\"image\":{\"@id\":\"http:\\\/\\\/gentedebasquet.com.ar\\\/sitio\\\/2016\\\/03\\\/28\\\/tres-de-tres\\\/#primaryimage\"},\"thumbnailUrl\":\"http:\\\/\\\/gentedebasquet.com.ar\\\/sitio\\\/wp-content\\\/uploads\\\/2016\\\/03\\\/pineda-alem.jpg\",\"datePublished\":\"2016-03-29T02:50:13+00:00\",\"author\":{\"@id\":\"https:\\\/\\\/gentedebasquet.com.ar\\\/sitio\\\/#\\\/schema\\\/person\\\/ca0b63bbb977369988a7bbbdc519943a\"},\"breadcrumb\":{\"@id\":\"http:\\\/\\\/gentedebasquet.com.ar\\\/sitio\\\/2016\\\/03\\\/28\\\/tres-de-tres\\\/#breadcrumb\"},\"inLanguage\":\"es\",\"potentialAction\":[{\"@type\":\"ReadAction\",\"target\":[\"http:\\\/\\\/gentedebasquet.com.ar\\\/sitio\\\/2016\\\/03\\\/28\\\/tres-de-tres\\\/\"]}]},{\"@type\":\"ImageObject\",\"inLanguage\":\"es\",\"@id\":\"http:\\\/\\\/gentedebasquet.com.ar\\\/sitio\\\/2016\\\/03\\\/28\\\/tres-de-tres\\\/#primaryimage\",\"url\":\"http:\\\/\\\/gentedebasquet.com.ar\\\/sitio\\\/wp-content\\\/uploads\\\/2016\\\/03\\\/pineda-alem.jpg\",\"contentUrl\":\"http:\\\/\\\/gentedebasquet.com.ar\\\/sitio\\\/wp-content\\\/uploads\\\/2016\\\/03\\\/pineda-alem.jpg\",\"width\":690,\"height\":319},{\"@type\":\"BreadcrumbList\",\"@id\":\"http:\\\/\\\/gentedebasquet.com.ar\\\/sitio\\\/2016\\\/03\\\/28\\\/tres-de-tres\\\/#breadcrumb\",\"itemListElement\":[{\"@type\":\"ListItem\",\"position\":1,\"name\":\"Portada\",\"item\":\"https:\\\/\\\/gentedebasquet.com.ar\\\/sitio\\\/\"},{\"@type\":\"ListItem\",\"position\":2,\"name\":\"Tres de tres\"}]},{\"@type\":\"WebSite\",\"@id\":\"https:\\\/\\\/gentedebasquet.com.ar\\\/sitio\\\/#website\",\"url\":\"https:\\\/\\\/gentedebasquet.com.ar\\\/sitio\\\/\",\"name\":\"Gente de B\u00e1squet\",\"description\":\"La revista del basquet de Bah\u00eda Blanca\",\"potentialAction\":[{\"@type\":\"SearchAction\",\"target\":{\"@type\":\"EntryPoint\",\"urlTemplate\":\"https:\\\/\\\/gentedebasquet.com.ar\\\/sitio\\\/?s={search_term_string}\"},\"query-input\":{\"@type\":\"PropertyValueSpecification\",\"valueRequired\":true,\"valueName\":\"search_term_string\"}}],\"inLanguage\":\"es\"},{\"@type\":\"Person\",\"@id\":\"https:\\\/\\\/gentedebasquet.com.ar\\\/sitio\\\/#\\\/schema\\\/person\\\/ca0b63bbb977369988a7bbbdc519943a\",\"name\":\"Gente de B\u00e1squet\",\"image\":{\"@type\":\"ImageObject\",\"inLanguage\":\"es\",\"@id\":\"https:\\\/\\\/secure.gravatar.com\\\/avatar\\\/7f2c48bdc33b30088f941fb6082e555f2874c98e20cb159d7b92b50eadfce793?s=96&d=mm&r=g\",\"url\":\"https:\\\/\\\/secure.gravatar.com\\\/avatar\\\/7f2c48bdc33b30088f941fb6082e555f2874c98e20cb159d7b92b50eadfce793?s=96&d=mm&r=g\",\"contentUrl\":\"https:\\\/\\\/secure.gravatar.com\\\/avatar\\\/7f2c48bdc33b30088f941fb6082e555f2874c98e20cb159d7b92b50eadfce793?s=96&d=mm&r=g\",\"caption\":\"Gente de B\u00e1squet\"},\"sameAs\":[\"http:\\\/\\\/gentedebasquet.com.ar\\\/sitio\"],\"url\":\"http:\\\/\\\/gentedebasquet.com.ar\\\/sitio\\\/author\\\/ulises\\\/\"}]}<\/script>\n<!-- \/ Yoast SEO plugin. -->","yoast_head_json":{"title":"Tres de tres - Gente de B\u00e1squet","robots":{"index":"index","follow":"follow","max-snippet":"max-snippet:-1","max-image-preview":"max-image-preview:large","max-video-preview":"max-video-preview:-1"},"canonical":"http:\/\/gentedebasquet.com.ar\/sitio\/2016\/03\/28\/tres-de-tres\/","og_locale":"es_ES","og_type":"article","og_title":"Tres de tres - Gente de B\u00e1squet","og_description":"Villa Mitre venci\u00f3 a Alem (69-68) y a\u00fan no conoce la derrota en las primeras fechas","og_url":"http:\/\/gentedebasquet.com.ar\/sitio\/2016\/03\/28\/tres-de-tres\/","og_site_name":"Gente de B\u00e1squet","article_published_time":"2016-03-29T02:50:13+00:00","og_image":[{"width":690,"height":319,"url":"http:\/\/gentedebasquet.com.ar\/sitio\/wp-content\/uploads\/2016\/03\/pineda-alem.jpg","type":"image\/jpeg"}],"author":"Gente de B\u00e1squet","twitter_card":"summary_large_image","twitter_misc":{"Escrito por":"Gente de B\u00e1squet","Tiempo de lectura":"4 minutos"},"schema":{"@context":"https:\/\/schema.org","@graph":[{"@type":"Article","@id":"http:\/\/gentedebasquet.com.ar\/sitio\/2016\/03\/28\/tres-de-tres\/#article","isPartOf":{"@id":"http:\/\/gentedebasquet.com.ar\/sitio\/2016\/03\/28\/tres-de-tres\/"},"author":{"name":"Gente de B\u00e1squet","@id":"https:\/\/gentedebasquet.com.ar\/sitio\/#\/schema\/person\/ca0b63bbb977369988a7bbbdc519943a"},"headline":"Tres de tres","datePublished":"2016-03-29T02:50:13+00:00","mainEntityOfPage":{"@id":"http:\/\/gentedebasquet.com.ar\/sitio\/2016\/03\/28\/tres-de-tres\/"},"wordCount":859,"image":{"@id":"http:\/\/gentedebasquet.com.ar\/sitio\/2016\/03\/28\/tres-de-tres\/#primaryimage"},"thumbnailUrl":"http:\/\/gentedebasquet.com.ar\/sitio\/wp-content\/uploads\/2016\/03\/pineda-alem.jpg","keywords":["Alem","David Pineda","Fabricio Starc","Gaston Diomedi","Herman Banegas","Marcelo Berdini","Santiago Torre","Villa Mitre","Walter Gigena"],"articleSection":["Primera","Slide"],"inLanguage":"es"},{"@type":"WebPage","@id":"http:\/\/gentedebasquet.com.ar\/sitio\/2016\/03\/28\/tres-de-tres\/","url":"http:\/\/gentedebasquet.com.ar\/sitio\/2016\/03\/28\/tres-de-tres\/","name":"Tres de tres - Gente de B\u00e1squet","isPartOf":{"@id":"https:\/\/gentedebasquet.com.ar\/sitio\/#website"},"primaryImageOfPage":{"@id":"http:\/\/gentedebasquet.com.ar\/sitio\/2016\/03\/28\/tres-de-tres\/#primaryimage"},"image":{"@id":"http:\/\/gentedebasquet.com.ar\/sitio\/2016\/03\/28\/tres-de-tres\/#primaryimage"},"thumbnailUrl":"http:\/\/gentedebasquet.com.ar\/sitio\/wp-content\/uploads\/2016\/03\/pineda-alem.jpg","datePublished":"2016-03-29T02:50:13+00:00","author":{"@id":"https:\/\/gentedebasquet.com.ar\/sitio\/#\/schema\/person\/ca0b63bbb977369988a7bbbdc519943a"},"breadcrumb":{"@id":"http:\/\/gentedebasquet.com.ar\/sitio\/2016\/03\/28\/tres-de-tres\/#breadcrumb"},"inLanguage":"es","potentialAction":[{"@type":"ReadAction","target":["http:\/\/gentedebasquet.com.ar\/sitio\/2016\/03\/28\/tres-de-tres\/"]}]},{"@type":"ImageObject","inLanguage":"es","@id":"http:\/\/gentedebasquet.com.ar\/sitio\/2016\/03\/28\/tres-de-tres\/#primaryimage","url":"http:\/\/gentedebasquet.com.ar\/sitio\/wp-content\/uploads\/2016\/03\/pineda-alem.jpg","contentUrl":"http:\/\/gentedebasquet.com.ar\/sitio\/wp-content\/uploads\/2016\/03\/pineda-alem.jpg","width":690,"height":319},{"@type":"BreadcrumbList","@id":"http:\/\/gentedebasquet.com.ar\/sitio\/2016\/03\/28\/tres-de-tres\/#breadcrumb","itemListElement":[{"@type":"ListItem","position":1,"name":"Portada","item":"https:\/\/gentedebasquet.com.ar\/sitio\/"},{"@type":"ListItem","position":2,"name":"Tres de tres"}]},{"@type":"WebSite","@id":"https:\/\/gentedebasquet.com.ar\/sitio\/#website","url":"https:\/\/gentedebasquet.com.ar\/sitio\/","name":"Gente de B\u00e1squet","description":"La revista del basquet de Bah\u00eda Blanca","potentialAction":[{"@type":"SearchAction","target":{"@type":"EntryPoint","urlTemplate":"https:\/\/gentedebasquet.com.ar\/sitio\/?s={search_term_string}"},"query-input":{"@type":"PropertyValueSpecification","valueRequired":true,"valueName":"search_term_string"}}],"inLanguage":"es"},{"@type":"Person","@id":"https:\/\/gentedebasquet.com.ar\/sitio\/#\/schema\/person\/ca0b63bbb977369988a7bbbdc519943a","name":"Gente de B\u00e1squet","image":{"@type":"ImageObject","inLanguage":"es","@id":"https:\/\/secure.gravatar.com\/avatar\/7f2c48bdc33b30088f941fb6082e555f2874c98e20cb159d7b92b50eadfce793?s=96&d=mm&r=g","url":"https:\/\/secure.gravatar.com\/avatar\/7f2c48bdc33b30088f941fb6082e555f2874c98e20cb159d7b92b50eadfce793?s=96&d=mm&r=g","contentUrl":"https:\/\/secure.gravatar.com\/avatar\/7f2c48bdc33b30088f941fb6082e555f2874c98e20cb159d7b92b50eadfce793?s=96&d=mm&r=g","caption":"Gente de B\u00e1squet"},"sameAs":["http:\/\/gentedebasquet.com.ar\/sitio"],"url":"http:\/\/gentedebasquet.com.ar\/sitio\/author\/ulises\/"}]}},"_links":{"self":[{"href":"http:\/\/gentedebasquet.com.ar\/sitio\/wp-json\/wp\/v2\/posts\/57547","targetHints":{"allow":["GET"]}}],"collection":[{"href":"http:\/\/gentedebasquet.com.ar\/sitio\/wp-json\/wp\/v2\/posts"}],"about":[{"href":"http:\/\/gentedebasquet.com.ar\/sitio\/wp-json\/wp\/v2\/types\/post"}],"author":[{"embeddable":true,"href":"http:\/\/gentedebasquet.com.ar\/sitio\/wp-json\/wp\/v2\/users\/1"}],"replies":[{"embeddable":true,"href":"http:\/\/gentedebasquet.com.ar\/sitio\/wp-json\/wp\/v2\/comments?post=57547"}],"version-history":[{"count":0,"href":"http:\/\/gentedebasquet.com.ar\/sitio\/wp-json\/wp\/v2\/posts\/57547\/revisions"}],"wp:featuredmedia":[{"embeddable":true,"href":"http:\/\/gentedebasquet.com.ar\/sitio\/wp-json\/wp\/v2\/media\/57548"}],"wp:attachment":[{"href":"http:\/\/gentedebasquet.com.ar\/sitio\/wp-json\/wp\/v2\/media?parent=57547"}],"wp:term":[{"taxonomy":"category","embeddable":true,"href":"http:\/\/gentedebasquet.com.ar\/sitio\/wp-json\/wp\/v2\/categories?post=57547"},{"taxonomy":"post_tag","embeddable":true,"href":"http:\/\/gentedebasquet.com.ar\/sitio\/wp-json\/wp\/v2\/tags?post=57547"}],"curies":[{"name":"wp","href":"https:\/\/api.w.org\/{rel}","templated":true}]}}