{"id":57800,"date":"2016-04-02T19:54:52","date_gmt":"2016-04-02T22:54:52","guid":{"rendered":"http:\/\/www.gentedebasquet.com.ar\/?p=57800"},"modified":"2016-04-02T19:54:52","modified_gmt":"2016-04-02T22:54:52","slug":"olimpo-tuvo-una-tarde-de-diel","status":"publish","type":"post","link":"http:\/\/gentedebasquet.com.ar\/sitio\/2016\/04\/02\/olimpo-tuvo-una-tarde-de-diel\/","title":{"rendered":"Olimpo tuvo una tarde de Diel"},"content":{"rendered":"<p><strong>El conjunto aurinegro derrot\u00f3 a San Lorenzo (35-72) en la primer fecha del torneo de Infantiles. Olimpo tuvo una gran actuaci\u00f3n colectiva, pero principalmente de su\u00a0figura Marcos Diel (15 y 12 rebotes). Polak (15), Galassi (11) y Renzi (9) lo secundaron. Por su parte, en el conjunto local no alcanz\u00f3 con la buena actuaci\u00f3n de Joaqu\u00edn Coria (11 y 6 rebotes).<\/strong><\/p>\n<p>En el Rom\u00e1n Avecilla, al ritmo de Joaqu\u00edn Coria y de los buenos ataques realizados por el equipo, San Lorenzo comenz\u00f3 superando\u00a0a su rival Olimpo (8-3) en los primeros minutos de juego. Por su parte, el conjunto de L\u00f3pez no tard\u00f3 en reaccionar de la mano de Gast\u00f3n Polak (9 puntos), logrando cerrar el primer parcial 18 a 13 a su favor, mostrando indicios de una defensa asfixiante y un ataque directo.<\/p>\n<p>En el transcurso del segundo parcial, Olimpo comenz\u00f3 a aprovechar los errores rivales y empez\u00f3 a despegarse en el marcador. En este cuarto, el equipo local se vi\u00f3 superado por la intensidad constante del rival. en ese sentido, Marcos Diel fue determinante en la pintura, consiguiendo 7 unidades y 5 rebotes. El cotejo se fue al descanso con ventaja de 18 para el aurinegro: 21-39.<\/p>\n<p>El desarrollo del tercer cuarto se vio reflejado en las imprecisiones y el desgaste f\u00edsico de ambos equipo, la evidencia est\u00e1 en el precario parcial (10-15) a favor de Olimpo. Debido a esto, los entrenadores realizaron variantes buscando efectividad. Lleg\u00f3 as\u00ed el \u00faltimo cuarto con el resultado 31-54, consolid\u00e1ndose el dominio del equipo visitante.<\/p>\n<p>En el \u00faltimo periodo, pese a la b\u00fasqueda constante de buen juego, San Lorenzo no encontr\u00f3 efectividad para finalizar sus ataques. Sobre todo teniendo en cuenta que los naranjas intentaron jugar bien en todo momento, pero desperdiciaron muchas oportunidades. Mientras tanto, Olimpo, sac\u00f3 provecho de esta situaci\u00f3n de la mano del MVP de turno y de un trabajo en conjunto, y termin\u00f3 con un triunfo amplio por 72 a 32 a domicilio.<\/p>\n<p>&nbsp;<\/p>\n<p><strong>S\u00edntesis |<\/strong>\u00a0U15 \u2013 Primera Etapa &#8211; Zona Clasficatoria A &#8211; Fecha #1<\/p>\n<p><strong>San Lorenzo 35: <\/strong>Joaqu\u00edn Coria 11, Franco Castro 2, Facundo Peri 2, Nicol\u00e1s Bastan 2, Valent\u00edn Jeva 0 (Fi); Lautaro Barco 2, Franco Navarro 6, Tom\u00e1s Carvalhosa 4, Tobias Soria 2, Gonzalo Etchengo 0 y\u00a0Juli\u00e1n Dotti 4.\u00a0DT: Nahuel Diez.<\/p>\n<p><strong>Olimpo\u00a072:<\/strong>\u00a0Felipe Galassi 11, Gast\u00f3n Polak 15, Juan Cruz\u00a0Schernenco 0, Blas Ruesga 4, Tom\u00e1s Basaul 4\u00a0(Fi); Valent\u00edn Carrizo 2 (x), Luca Specogna 0, Juan Mart\u00edn Stoessel\u00a07, Marcos Diel 15, Juan Bautista Renzi 9, Facundo Zani\u00a05. DT: Juan Mart\u00edn L\u00f3pez.<\/p>\n<p><strong>Parciales: <\/strong>13-18, 21-39 (8-21), 31-54 (10-15) y 35-72 (4-18).<\/p>\n<p><strong>\u00c1rbitros: <\/strong>Rodrigo\u00a0Ballerini \u2013Mat\u00edas Villar.<\/p>\n<p><strong>Estadio:<\/strong>\u00a0Rom\u00e1n Avecilla (San Lorenzo).<\/p>\n<p><strong>Colaboraci\u00f3n:<\/strong> Gabriel Cuadrado.<\/p>\n<p><strong>Fotos<\/strong>: Mart\u00edn G\u00e1lvez.<\/p>\n<p><a href=\"https:\/\/docs.google.com\/spreadsheets\/d\/1Bs-Y0QACetGkL7oG2Na1osh8PwWSx70zqmQI2kYtNAI\/pubhtml\" target=\"_blank\" rel=\"noopener\">Ver planilla<\/a><\/p>\n<p>&nbsp;<\/p>\n<h5 style=\"text-align: center;\">SAN LORENZO U15<\/h5>\n<p><img decoding=\"async\" class=\"aligncenter size-full wp-image-57808\" src=\"http:\/\/www.gentedebasquet.com.ar\/wp-content\/uploads\/2016\/04\/San-Lorenzo-U15-2016.jpg\" alt=\"San Lorenzo U15 2016\" width=\"640\" height=\"440\" srcset=\"http:\/\/gentedebasquet.com.ar\/sitio\/wp-content\/uploads\/2016\/04\/San-Lorenzo-U15-2016.jpg 640w, http:\/\/gentedebasquet.com.ar\/sitio\/wp-content\/uploads\/2016\/04\/San-Lorenzo-U15-2016-300x206.jpg 300w\" sizes=\"(max-width: 640px) 100vw, 640px\" \/><\/p>\n<h5 style=\"text-align: center;\">OLIMPO U15<\/h5>\n<p><img decoding=\"async\" class=\"aligncenter size-full wp-image-57806\" src=\"http:\/\/www.gentedebasquet.com.ar\/wp-content\/uploads\/2016\/04\/Olimpo-U15-2016.jpg\" alt=\"Olimpo U15 2016\" width=\"640\" height=\"440\" srcset=\"http:\/\/gentedebasquet.com.ar\/sitio\/wp-content\/uploads\/2016\/04\/Olimpo-U15-2016.jpg 640w, http:\/\/gentedebasquet.com.ar\/sitio\/wp-content\/uploads\/2016\/04\/Olimpo-U15-2016-300x206.jpg 300w\" sizes=\"(max-width: 640px) 100vw, 640px\" \/><\/p>\n","protected":false},"excerpt":{"rendered":"<p>En un partido con buen juego, al aurinegro venci\u00f3 a San Lorenzo 72-35 en Infantiles<\/p>\n","protected":false},"author":43,"featured_media":57807,"comment_status":"closed","ping_status":"open","sticky":false,"template":"","format":"standard","meta":{"jnews-multi-image_gallery":[],"jnews_single_post":[],"jnews_primary_category":[],"footnotes":""},"categories":[101,27],"tags":[1247,16,668,1041,1248],"class_list":["post-57800","post","type-post","status-publish","format-standard","has-post-thumbnail","hentry","category-slide","category-u15","tag-marcos-diel","tag-olimpo","tag-san-lorenzo-del-sud","tag-u15","tag-valentin-carrizo"],"yoast_head":"<!-- This site is optimized with the Yoast SEO plugin v27.5 - https:\/\/yoast.com\/product\/yoast-seo-wordpress\/ -->\n<title>Olimpo tuvo una tarde de Diel - Gente de B\u00e1squet<\/title>\n<meta name=\"robots\" content=\"index, follow, max-snippet:-1, max-image-preview:large, max-video-preview:-1\" \/>\n<link rel=\"canonical\" href=\"http:\/\/gentedebasquet.com.ar\/sitio\/2016\/04\/02\/olimpo-tuvo-una-tarde-de-diel\/\" \/>\n<meta property=\"og:locale\" content=\"es_ES\" \/>\n<meta property=\"og:type\" content=\"article\" \/>\n<meta property=\"og:title\" content=\"Olimpo tuvo una tarde de Diel - Gente de B\u00e1squet\" \/>\n<meta property=\"og:description\" content=\"En un partido con buen juego, al aurinegro venci\u00f3 a San Lorenzo 72-35 en Infantiles\" \/>\n<meta property=\"og:url\" content=\"http:\/\/gentedebasquet.com.ar\/sitio\/2016\/04\/02\/olimpo-tuvo-una-tarde-de-diel\/\" \/>\n<meta property=\"og:site_name\" content=\"Gente de B\u00e1squet\" \/>\n<meta property=\"article:published_time\" content=\"2016-04-02T22:54:52+00:00\" \/>\n<meta property=\"og:image\" content=\"http:\/\/gentedebasquet.com.ar\/sitio\/wp-content\/uploads\/2016\/04\/San-Lorenzo-Olimpo-U15-2016.jpg\" \/>\n\t<meta property=\"og:image:width\" content=\"690\" \/>\n\t<meta property=\"og:image:height\" content=\"319\" \/>\n\t<meta property=\"og:image:type\" content=\"image\/jpeg\" \/>\n<meta name=\"author\" content=\"Nico Chaher\" \/>\n<meta name=\"twitter:card\" content=\"summary_large_image\" \/>\n<meta name=\"twitter:label1\" content=\"Escrito por\" \/>\n\t<meta name=\"twitter:data1\" content=\"Nico Chaher\" \/>\n\t<meta name=\"twitter:label2\" content=\"Tiempo de lectura\" \/>\n\t<meta name=\"twitter:data2\" content=\"2 minutos\" \/>\n<script type=\"application\/ld+json\" class=\"yoast-schema-graph\">{\"@context\":\"https:\\\/\\\/schema.org\",\"@graph\":[{\"@type\":\"Article\",\"@id\":\"http:\\\/\\\/gentedebasquet.com.ar\\\/sitio\\\/2016\\\/04\\\/02\\\/olimpo-tuvo-una-tarde-de-diel\\\/#article\",\"isPartOf\":{\"@id\":\"http:\\\/\\\/gentedebasquet.com.ar\\\/sitio\\\/2016\\\/04\\\/02\\\/olimpo-tuvo-una-tarde-de-diel\\\/\"},\"author\":{\"name\":\"Nico Chaher\",\"@id\":\"https:\\\/\\\/gentedebasquet.com.ar\\\/sitio\\\/#\\\/schema\\\/person\\\/49069b303a17d61df7da4bd13a344816\"},\"headline\":\"Olimpo tuvo una tarde de Diel\",\"datePublished\":\"2016-04-02T22:54:52+00:00\",\"mainEntityOfPage\":{\"@id\":\"http:\\\/\\\/gentedebasquet.com.ar\\\/sitio\\\/2016\\\/04\\\/02\\\/olimpo-tuvo-una-tarde-de-diel\\\/\"},\"wordCount\":450,\"image\":{\"@id\":\"http:\\\/\\\/gentedebasquet.com.ar\\\/sitio\\\/2016\\\/04\\\/02\\\/olimpo-tuvo-una-tarde-de-diel\\\/#primaryimage\"},\"thumbnailUrl\":\"http:\\\/\\\/gentedebasquet.com.ar\\\/sitio\\\/wp-content\\\/uploads\\\/2016\\\/04\\\/San-Lorenzo-Olimpo-U15-2016.jpg\",\"keywords\":[\"Marcos Diel\",\"Ol\u00edmpo\",\"San Lorenzo del Sud\",\"U15\",\"Valent\u00edn Carrizo\"],\"articleSection\":[\"Slide\",\"U15\"],\"inLanguage\":\"es\"},{\"@type\":\"WebPage\",\"@id\":\"http:\\\/\\\/gentedebasquet.com.ar\\\/sitio\\\/2016\\\/04\\\/02\\\/olimpo-tuvo-una-tarde-de-diel\\\/\",\"url\":\"http:\\\/\\\/gentedebasquet.com.ar\\\/sitio\\\/2016\\\/04\\\/02\\\/olimpo-tuvo-una-tarde-de-diel\\\/\",\"name\":\"Olimpo tuvo una tarde de Diel - Gente de B\u00e1squet\",\"isPartOf\":{\"@id\":\"https:\\\/\\\/gentedebasquet.com.ar\\\/sitio\\\/#website\"},\"primaryImageOfPage\":{\"@id\":\"http:\\\/\\\/gentedebasquet.com.ar\\\/sitio\\\/2016\\\/04\\\/02\\\/olimpo-tuvo-una-tarde-de-diel\\\/#primaryimage\"},\"image\":{\"@id\":\"http:\\\/\\\/gentedebasquet.com.ar\\\/sitio\\\/2016\\\/04\\\/02\\\/olimpo-tuvo-una-tarde-de-diel\\\/#primaryimage\"},\"thumbnailUrl\":\"http:\\\/\\\/gentedebasquet.com.ar\\\/sitio\\\/wp-content\\\/uploads\\\/2016\\\/04\\\/San-Lorenzo-Olimpo-U15-2016.jpg\",\"datePublished\":\"2016-04-02T22:54:52+00:00\",\"author\":{\"@id\":\"https:\\\/\\\/gentedebasquet.com.ar\\\/sitio\\\/#\\\/schema\\\/person\\\/49069b303a17d61df7da4bd13a344816\"},\"breadcrumb\":{\"@id\":\"http:\\\/\\\/gentedebasquet.com.ar\\\/sitio\\\/2016\\\/04\\\/02\\\/olimpo-tuvo-una-tarde-de-diel\\\/#breadcrumb\"},\"inLanguage\":\"es\",\"potentialAction\":[{\"@type\":\"ReadAction\",\"target\":[\"http:\\\/\\\/gentedebasquet.com.ar\\\/sitio\\\/2016\\\/04\\\/02\\\/olimpo-tuvo-una-tarde-de-diel\\\/\"]}]},{\"@type\":\"ImageObject\",\"inLanguage\":\"es\",\"@id\":\"http:\\\/\\\/gentedebasquet.com.ar\\\/sitio\\\/2016\\\/04\\\/02\\\/olimpo-tuvo-una-tarde-de-diel\\\/#primaryimage\",\"url\":\"http:\\\/\\\/gentedebasquet.com.ar\\\/sitio\\\/wp-content\\\/uploads\\\/2016\\\/04\\\/San-Lorenzo-Olimpo-U15-2016.jpg\",\"contentUrl\":\"http:\\\/\\\/gentedebasquet.com.ar\\\/sitio\\\/wp-content\\\/uploads\\\/2016\\\/04\\\/San-Lorenzo-Olimpo-U15-2016.jpg\",\"width\":690,\"height\":319},{\"@type\":\"BreadcrumbList\",\"@id\":\"http:\\\/\\\/gentedebasquet.com.ar\\\/sitio\\\/2016\\\/04\\\/02\\\/olimpo-tuvo-una-tarde-de-diel\\\/#breadcrumb\",\"itemListElement\":[{\"@type\":\"ListItem\",\"position\":1,\"name\":\"Portada\",\"item\":\"https:\\\/\\\/gentedebasquet.com.ar\\\/sitio\\\/\"},{\"@type\":\"ListItem\",\"position\":2,\"name\":\"Olimpo tuvo una tarde de Diel\"}]},{\"@type\":\"WebSite\",\"@id\":\"https:\\\/\\\/gentedebasquet.com.ar\\\/sitio\\\/#website\",\"url\":\"https:\\\/\\\/gentedebasquet.com.ar\\\/sitio\\\/\",\"name\":\"Gente de B\u00e1squet\",\"description\":\"La revista del basquet de Bah\u00eda Blanca\",\"potentialAction\":[{\"@type\":\"SearchAction\",\"target\":{\"@type\":\"EntryPoint\",\"urlTemplate\":\"https:\\\/\\\/gentedebasquet.com.ar\\\/sitio\\\/?s={search_term_string}\"},\"query-input\":{\"@type\":\"PropertyValueSpecification\",\"valueRequired\":true,\"valueName\":\"search_term_string\"}}],\"inLanguage\":\"es\"},{\"@type\":\"Person\",\"@id\":\"https:\\\/\\\/gentedebasquet.com.ar\\\/sitio\\\/#\\\/schema\\\/person\\\/49069b303a17d61df7da4bd13a344816\",\"name\":\"Nico Chaher\",\"image\":{\"@type\":\"ImageObject\",\"inLanguage\":\"es\",\"@id\":\"https:\\\/\\\/secure.gravatar.com\\\/avatar\\\/d760dde37c703805d97ab6009d8fc9c660359bcbb8e511b5e61b5e61448e24e2?s=96&d=mm&r=g\",\"url\":\"https:\\\/\\\/secure.gravatar.com\\\/avatar\\\/d760dde37c703805d97ab6009d8fc9c660359bcbb8e511b5e61b5e61448e24e2?s=96&d=mm&r=g\",\"contentUrl\":\"https:\\\/\\\/secure.gravatar.com\\\/avatar\\\/d760dde37c703805d97ab6009d8fc9c660359bcbb8e511b5e61b5e61448e24e2?s=96&d=mm&r=g\",\"caption\":\"Nico Chaher\"},\"url\":\"http:\\\/\\\/gentedebasquet.com.ar\\\/sitio\\\/author\\\/nico-chaher\\\/\"}]}<\/script>\n<!-- \/ Yoast SEO plugin. -->","yoast_head_json":{"title":"Olimpo tuvo una tarde de Diel - Gente de B\u00e1squet","robots":{"index":"index","follow":"follow","max-snippet":"max-snippet:-1","max-image-preview":"max-image-preview:large","max-video-preview":"max-video-preview:-1"},"canonical":"http:\/\/gentedebasquet.com.ar\/sitio\/2016\/04\/02\/olimpo-tuvo-una-tarde-de-diel\/","og_locale":"es_ES","og_type":"article","og_title":"Olimpo tuvo una tarde de Diel - Gente de B\u00e1squet","og_description":"En un partido con buen juego, al aurinegro venci\u00f3 a San Lorenzo 72-35 en Infantiles","og_url":"http:\/\/gentedebasquet.com.ar\/sitio\/2016\/04\/02\/olimpo-tuvo-una-tarde-de-diel\/","og_site_name":"Gente de B\u00e1squet","article_published_time":"2016-04-02T22:54:52+00:00","og_image":[{"width":690,"height":319,"url":"http:\/\/gentedebasquet.com.ar\/sitio\/wp-content\/uploads\/2016\/04\/San-Lorenzo-Olimpo-U15-2016.jpg","type":"image\/jpeg"}],"author":"Nico Chaher","twitter_card":"summary_large_image","twitter_misc":{"Escrito por":"Nico Chaher","Tiempo de lectura":"2 minutos"},"schema":{"@context":"https:\/\/schema.org","@graph":[{"@type":"Article","@id":"http:\/\/gentedebasquet.com.ar\/sitio\/2016\/04\/02\/olimpo-tuvo-una-tarde-de-diel\/#article","isPartOf":{"@id":"http:\/\/gentedebasquet.com.ar\/sitio\/2016\/04\/02\/olimpo-tuvo-una-tarde-de-diel\/"},"author":{"name":"Nico Chaher","@id":"https:\/\/gentedebasquet.com.ar\/sitio\/#\/schema\/person\/49069b303a17d61df7da4bd13a344816"},"headline":"Olimpo tuvo una tarde de Diel","datePublished":"2016-04-02T22:54:52+00:00","mainEntityOfPage":{"@id":"http:\/\/gentedebasquet.com.ar\/sitio\/2016\/04\/02\/olimpo-tuvo-una-tarde-de-diel\/"},"wordCount":450,"image":{"@id":"http:\/\/gentedebasquet.com.ar\/sitio\/2016\/04\/02\/olimpo-tuvo-una-tarde-de-diel\/#primaryimage"},"thumbnailUrl":"http:\/\/gentedebasquet.com.ar\/sitio\/wp-content\/uploads\/2016\/04\/San-Lorenzo-Olimpo-U15-2016.jpg","keywords":["Marcos Diel","Ol\u00edmpo","San Lorenzo del Sud","U15","Valent\u00edn Carrizo"],"articleSection":["Slide","U15"],"inLanguage":"es"},{"@type":"WebPage","@id":"http:\/\/gentedebasquet.com.ar\/sitio\/2016\/04\/02\/olimpo-tuvo-una-tarde-de-diel\/","url":"http:\/\/gentedebasquet.com.ar\/sitio\/2016\/04\/02\/olimpo-tuvo-una-tarde-de-diel\/","name":"Olimpo tuvo una tarde de Diel - Gente de B\u00e1squet","isPartOf":{"@id":"https:\/\/gentedebasquet.com.ar\/sitio\/#website"},"primaryImageOfPage":{"@id":"http:\/\/gentedebasquet.com.ar\/sitio\/2016\/04\/02\/olimpo-tuvo-una-tarde-de-diel\/#primaryimage"},"image":{"@id":"http:\/\/gentedebasquet.com.ar\/sitio\/2016\/04\/02\/olimpo-tuvo-una-tarde-de-diel\/#primaryimage"},"thumbnailUrl":"http:\/\/gentedebasquet.com.ar\/sitio\/wp-content\/uploads\/2016\/04\/San-Lorenzo-Olimpo-U15-2016.jpg","datePublished":"2016-04-02T22:54:52+00:00","author":{"@id":"https:\/\/gentedebasquet.com.ar\/sitio\/#\/schema\/person\/49069b303a17d61df7da4bd13a344816"},"breadcrumb":{"@id":"http:\/\/gentedebasquet.com.ar\/sitio\/2016\/04\/02\/olimpo-tuvo-una-tarde-de-diel\/#breadcrumb"},"inLanguage":"es","potentialAction":[{"@type":"ReadAction","target":["http:\/\/gentedebasquet.com.ar\/sitio\/2016\/04\/02\/olimpo-tuvo-una-tarde-de-diel\/"]}]},{"@type":"ImageObject","inLanguage":"es","@id":"http:\/\/gentedebasquet.com.ar\/sitio\/2016\/04\/02\/olimpo-tuvo-una-tarde-de-diel\/#primaryimage","url":"http:\/\/gentedebasquet.com.ar\/sitio\/wp-content\/uploads\/2016\/04\/San-Lorenzo-Olimpo-U15-2016.jpg","contentUrl":"http:\/\/gentedebasquet.com.ar\/sitio\/wp-content\/uploads\/2016\/04\/San-Lorenzo-Olimpo-U15-2016.jpg","width":690,"height":319},{"@type":"BreadcrumbList","@id":"http:\/\/gentedebasquet.com.ar\/sitio\/2016\/04\/02\/olimpo-tuvo-una-tarde-de-diel\/#breadcrumb","itemListElement":[{"@type":"ListItem","position":1,"name":"Portada","item":"https:\/\/gentedebasquet.com.ar\/sitio\/"},{"@type":"ListItem","position":2,"name":"Olimpo tuvo una tarde de Diel"}]},{"@type":"WebSite","@id":"https:\/\/gentedebasquet.com.ar\/sitio\/#website","url":"https:\/\/gentedebasquet.com.ar\/sitio\/","name":"Gente de B\u00e1squet","description":"La revista del basquet de Bah\u00eda Blanca","potentialAction":[{"@type":"SearchAction","target":{"@type":"EntryPoint","urlTemplate":"https:\/\/gentedebasquet.com.ar\/sitio\/?s={search_term_string}"},"query-input":{"@type":"PropertyValueSpecification","valueRequired":true,"valueName":"search_term_string"}}],"inLanguage":"es"},{"@type":"Person","@id":"https:\/\/gentedebasquet.com.ar\/sitio\/#\/schema\/person\/49069b303a17d61df7da4bd13a344816","name":"Nico Chaher","image":{"@type":"ImageObject","inLanguage":"es","@id":"https:\/\/secure.gravatar.com\/avatar\/d760dde37c703805d97ab6009d8fc9c660359bcbb8e511b5e61b5e61448e24e2?s=96&d=mm&r=g","url":"https:\/\/secure.gravatar.com\/avatar\/d760dde37c703805d97ab6009d8fc9c660359bcbb8e511b5e61b5e61448e24e2?s=96&d=mm&r=g","contentUrl":"https:\/\/secure.gravatar.com\/avatar\/d760dde37c703805d97ab6009d8fc9c660359bcbb8e511b5e61b5e61448e24e2?s=96&d=mm&r=g","caption":"Nico Chaher"},"url":"http:\/\/gentedebasquet.com.ar\/sitio\/author\/nico-chaher\/"}]}},"_links":{"self":[{"href":"http:\/\/gentedebasquet.com.ar\/sitio\/wp-json\/wp\/v2\/posts\/57800","targetHints":{"allow":["GET"]}}],"collection":[{"href":"http:\/\/gentedebasquet.com.ar\/sitio\/wp-json\/wp\/v2\/posts"}],"about":[{"href":"http:\/\/gentedebasquet.com.ar\/sitio\/wp-json\/wp\/v2\/types\/post"}],"author":[{"embeddable":true,"href":"http:\/\/gentedebasquet.com.ar\/sitio\/wp-json\/wp\/v2\/users\/43"}],"replies":[{"embeddable":true,"href":"http:\/\/gentedebasquet.com.ar\/sitio\/wp-json\/wp\/v2\/comments?post=57800"}],"version-history":[{"count":0,"href":"http:\/\/gentedebasquet.com.ar\/sitio\/wp-json\/wp\/v2\/posts\/57800\/revisions"}],"wp:featuredmedia":[{"embeddable":true,"href":"http:\/\/gentedebasquet.com.ar\/sitio\/wp-json\/wp\/v2\/media\/57807"}],"wp:attachment":[{"href":"http:\/\/gentedebasquet.com.ar\/sitio\/wp-json\/wp\/v2\/media?parent=57800"}],"wp:term":[{"taxonomy":"category","embeddable":true,"href":"http:\/\/gentedebasquet.com.ar\/sitio\/wp-json\/wp\/v2\/categories?post=57800"},{"taxonomy":"post_tag","embeddable":true,"href":"http:\/\/gentedebasquet.com.ar\/sitio\/wp-json\/wp\/v2\/tags?post=57800"}],"curies":[{"name":"wp","href":"https:\/\/api.w.org\/{rel}","templated":true}]}}