{"id":57958,"date":"2016-04-05T22:20:09","date_gmt":"2016-04-06T01:20:09","guid":{"rendered":"http:\/\/www.gentedebasquet.com.ar\/?p=57958"},"modified":"2016-04-05T22:20:09","modified_gmt":"2016-04-06T01:20:09","slug":"primera-marcha","status":"publish","type":"post","link":"http:\/\/gentedebasquet.com.ar\/sitio\/2016\/04\/05\/primera-marcha\/","title":{"rendered":"Primera marcha"},"content":{"rendered":"<p><strong>Hacerse fuerte en defensa en el tercer cuarto le permiti\u00f3 a Velocidad comenzar a controlar el partido hasta lograr la primera victoria del a\u00f1o. Fue 73 a 61 sobre Independiente, con dos actuaciones que se destacaron del resto: Ignacio Fris\u00f3n, autor de 18 puntos y 7 rebotes, y Sebasti\u00e1n Susbielles, quien arrim\u00f3 14, 8 tableros y 4 asistencias. El Viola, que sigue sin poder contar con Branciforte y Banchero, tuvo en su juego interior a las partes m\u00e1s valiosas, con Tacchetti (24 y 14 cristales) y Uriel Mart\u00ednez (17 y 11).<\/strong><\/p>\n<p>Velocidad e Independiente ensayaron unos primeros minutos muy acelerados y, por lo tanto, imprecisos. La diferencia se produjo en que el local busc\u00f3 siempre ir para adentro (tir\u00f3 5\/12 en dobles en el 1C) y el Viola abus\u00f3 del lanzamiento a distancia (1\/8 en el 1C). Reci\u00e9n cuando Uriel Mart\u00ednez se fabric\u00f3 un espacio en la pintura (5 ofensivos), Independiente creci\u00f3. Adem\u00e1s, se contagi\u00f3 Tacchetti, d\u00e1ndole m\u00e1s presencia a\u00fan al conjunto visitante y una ventaja de 5 puntos (13-18) en el amanecer del 2C.<\/p>\n<p>Atento a esa condici\u00f3n, el local vari\u00f3 a zona y de a poco fue afirm\u00e1ndose. El buen ingreso de Frrs\u00f3n y los puntos que se ganaron en la l\u00ednea Bisterfeld y Susbielles dejaron al due\u00f1o de casa en ventaja (29-25), a 1m49 del descanso largo. La tendencia se mantuvo de regreso, con Velocidad cerrado e intentando salir r\u00e1pido de contra ataque. All\u00ed, lucieron Sacrist\u00e1n y el propio Fris\u00f3n, que hasta acert\u00f3 2\/4 desde 6m75 para alimentar la confianza local.<\/p>\n<blockquote><p>Los dos primeros partidos estuvimos cerca, pero hoy jugamos un segundo tiempo importante, con nuestra defensa, que es la que nos va a hacer ganar, y adelante estuvimos mucho m\u00e1s tranquilos. La victoria nos deja muy contentos. La necesit\u00e1bamos por el grupo, que viene trabajando bastante. Esto nos va a servir para lo que viene (Ignacio Fris\u00f3n)<\/p><\/blockquote>\n<p>Un dato revelador de lo que le cost\u00f3 al Viola anotar es que su media cancha titular no sum\u00f3 puntos y acumul\u00f3 0\/18 en tiros de campo. En ese contexto, pas\u00f3 a depender demasiado de los producido por Tacchetti-Mart\u00ednez, aunque cada vez con menos tiempo para reaccionar. Velo se tranquiliz\u00f3 y una jugada de salida por el fondo, con Susbielles de pasador y Cruz anotando al vidrio (doble y falta), liquid\u00f3 las acciones: 68-56 a 3m15.<\/p>\n<p>&nbsp;<\/p>\n<p>[vimeo]http:\/\/vimeo.com\/161768088[\/vimeo]<\/p>\n<p>&nbsp;<\/p>\n<p><strong>S\u00edntesis |<\/strong> Segunda Divisi\u00f3n &#8211; Fecha #4<\/p>\n<p><strong>Velocidad\u00a073:\u00a0<\/strong>Sebasti\u00e1n Susbielles 14,\u00a0Manuel Sacrist\u00e1n 14,\u00a0Alan Grill 9 (x),\u00a0Gustavo Cruz 9,\u00a0Cristian Bisterfeld 6 (Fi);\u00a0Sim\u00f3n Delucchi 1,\u00a0Franco Mastrandrea 2,\u00a0Cristian Garc\u00eda 0 e\u00a0Ignacio Fris\u00f3n 18.\u00a0DT: Mauricio Vago.<\/p>\n<p><strong>Independiente\u00a061:<\/strong>\u00a0Santiago Miranda 0,\u00a0Agust\u00edn Almir\u00f3n 0,\u00a0Mariano Guill\u00e9n 0,\u00a0Sebasti\u00e1n Tacchetti 24,\u00a0Uriel Mart\u00ednez 17 (Fi);\u00a0Ignacio \u00c9rcoli 3,\u00a0Mauro Insaurralde 2 (x),\u00a0Nicol\u00e1s Caputo 12 y\u00a0Juan Jes\u00fas Garc\u00eda 3.\u00a0DT: Javier Musumeci.<\/p>\n<p><strong>Parciales:\u00a0<\/strong>12-14, 29-28 (17-14), 58-48 (29-20) y 73-61 (15-13).<\/p>\n<p><strong>\u00c1rbitros:\u00a0<\/strong>Eduardo Ferreyra &#8211; Alejandro Vizca\u00edno.<\/p>\n<p><strong>Estadio:\u00a0<\/strong>Pedro S\u00e1nchez (Velocidad).<\/p>\n<p><a href=\"https:\/\/docs.google.com\/spreadsheets\/d\/1KwFdBEREdqGsX4ujA5AAjjA0Avv8CLObYwC-Em3HFRU\/pubhtml\" target=\"_blank\" rel=\"noopener\">Ver planilla<\/a><\/p>\n","protected":false},"excerpt":{"rendered":"<p>Velocidad alcanz\u00f3 su primer triunfo del a\u00f1o al vencer a Independiente por 73 a 61<\/p>\n","protected":false},"author":1,"featured_media":57964,"comment_status":"closed","ping_status":"open","sticky":false,"template":"","format":"standard","meta":{"jnews-multi-image_gallery":[],"jnews_single_post":[],"jnews_primary_category":[],"footnotes":""},"categories":[25,101],"tags":[1258,12,588,204,779,21],"class_list":["post-57958","post","type-post","status-publish","format-standard","has-post-thumbnail","hentry","category-segunda","category-slide","tag-ignacio-frison","tag-independiente","tag-sebastian-susbielles","tag-sebastian-tacchetti","tag-uriel-martinez","tag-velocidad"],"yoast_head":"<!-- This site is optimized with the Yoast SEO plugin v27.5 - https:\/\/yoast.com\/product\/yoast-seo-wordpress\/ -->\n<title>Primera marcha - Gente de B\u00e1squet<\/title>\n<meta name=\"robots\" content=\"index, follow, max-snippet:-1, max-image-preview:large, max-video-preview:-1\" \/>\n<link rel=\"canonical\" href=\"http:\/\/gentedebasquet.com.ar\/sitio\/2016\/04\/05\/primera-marcha\/\" \/>\n<meta property=\"og:locale\" content=\"es_ES\" \/>\n<meta property=\"og:type\" content=\"article\" \/>\n<meta property=\"og:title\" content=\"Primera marcha - Gente de B\u00e1squet\" \/>\n<meta property=\"og:description\" content=\"Velocidad alcanz\u00f3 su primer triunfo del a\u00f1o al vencer a Independiente por 73 a 61\" \/>\n<meta property=\"og:url\" content=\"http:\/\/gentedebasquet.com.ar\/sitio\/2016\/04\/05\/primera-marcha\/\" \/>\n<meta property=\"og:site_name\" content=\"Gente de B\u00e1squet\" \/>\n<meta property=\"article:published_time\" content=\"2016-04-06T01:20:09+00:00\" \/>\n<meta property=\"og:image\" content=\"http:\/\/gentedebasquet.com.ar\/sitio\/wp-content\/uploads\/2016\/04\/Velocidad-Independiente.jpg\" \/>\n\t<meta property=\"og:image:width\" content=\"690\" \/>\n\t<meta property=\"og:image:height\" content=\"319\" \/>\n\t<meta property=\"og:image:type\" content=\"image\/jpeg\" \/>\n<meta name=\"author\" content=\"Gente de B\u00e1squet\" \/>\n<meta name=\"twitter:card\" content=\"summary_large_image\" \/>\n<meta name=\"twitter:label1\" content=\"Escrito por\" \/>\n\t<meta name=\"twitter:data1\" content=\"Gente de B\u00e1squet\" \/>\n\t<meta name=\"twitter:label2\" content=\"Tiempo de lectura\" \/>\n\t<meta name=\"twitter:data2\" content=\"2 minutos\" \/>\n<script type=\"application\/ld+json\" class=\"yoast-schema-graph\">{\"@context\":\"https:\\\/\\\/schema.org\",\"@graph\":[{\"@type\":\"Article\",\"@id\":\"http:\\\/\\\/gentedebasquet.com.ar\\\/sitio\\\/2016\\\/04\\\/05\\\/primera-marcha\\\/#article\",\"isPartOf\":{\"@id\":\"http:\\\/\\\/gentedebasquet.com.ar\\\/sitio\\\/2016\\\/04\\\/05\\\/primera-marcha\\\/\"},\"author\":{\"name\":\"Gente de B\u00e1squet\",\"@id\":\"https:\\\/\\\/gentedebasquet.com.ar\\\/sitio\\\/#\\\/schema\\\/person\\\/ca0b63bbb977369988a7bbbdc519943a\"},\"headline\":\"Primera marcha\",\"datePublished\":\"2016-04-06T01:20:09+00:00\",\"mainEntityOfPage\":{\"@id\":\"http:\\\/\\\/gentedebasquet.com.ar\\\/sitio\\\/2016\\\/04\\\/05\\\/primera-marcha\\\/\"},\"wordCount\":496,\"image\":{\"@id\":\"http:\\\/\\\/gentedebasquet.com.ar\\\/sitio\\\/2016\\\/04\\\/05\\\/primera-marcha\\\/#primaryimage\"},\"thumbnailUrl\":\"http:\\\/\\\/gentedebasquet.com.ar\\\/sitio\\\/wp-content\\\/uploads\\\/2016\\\/04\\\/Velocidad-Independiente.jpg\",\"keywords\":[\"Ignacio Fris\u00f3n\",\"independiente\",\"Sebasti\u00e1n Susbielles\",\"Sebasti\u00e1n Tacchetti\",\"uriel martinez\",\"Velocidad\"],\"articleSection\":[\"Segunda\",\"Slide\"],\"inLanguage\":\"es\"},{\"@type\":\"WebPage\",\"@id\":\"http:\\\/\\\/gentedebasquet.com.ar\\\/sitio\\\/2016\\\/04\\\/05\\\/primera-marcha\\\/\",\"url\":\"http:\\\/\\\/gentedebasquet.com.ar\\\/sitio\\\/2016\\\/04\\\/05\\\/primera-marcha\\\/\",\"name\":\"Primera marcha - Gente de B\u00e1squet\",\"isPartOf\":{\"@id\":\"https:\\\/\\\/gentedebasquet.com.ar\\\/sitio\\\/#website\"},\"primaryImageOfPage\":{\"@id\":\"http:\\\/\\\/gentedebasquet.com.ar\\\/sitio\\\/2016\\\/04\\\/05\\\/primera-marcha\\\/#primaryimage\"},\"image\":{\"@id\":\"http:\\\/\\\/gentedebasquet.com.ar\\\/sitio\\\/2016\\\/04\\\/05\\\/primera-marcha\\\/#primaryimage\"},\"thumbnailUrl\":\"http:\\\/\\\/gentedebasquet.com.ar\\\/sitio\\\/wp-content\\\/uploads\\\/2016\\\/04\\\/Velocidad-Independiente.jpg\",\"datePublished\":\"2016-04-06T01:20:09+00:00\",\"author\":{\"@id\":\"https:\\\/\\\/gentedebasquet.com.ar\\\/sitio\\\/#\\\/schema\\\/person\\\/ca0b63bbb977369988a7bbbdc519943a\"},\"breadcrumb\":{\"@id\":\"http:\\\/\\\/gentedebasquet.com.ar\\\/sitio\\\/2016\\\/04\\\/05\\\/primera-marcha\\\/#breadcrumb\"},\"inLanguage\":\"es\",\"potentialAction\":[{\"@type\":\"ReadAction\",\"target\":[\"http:\\\/\\\/gentedebasquet.com.ar\\\/sitio\\\/2016\\\/04\\\/05\\\/primera-marcha\\\/\"]}]},{\"@type\":\"ImageObject\",\"inLanguage\":\"es\",\"@id\":\"http:\\\/\\\/gentedebasquet.com.ar\\\/sitio\\\/2016\\\/04\\\/05\\\/primera-marcha\\\/#primaryimage\",\"url\":\"http:\\\/\\\/gentedebasquet.com.ar\\\/sitio\\\/wp-content\\\/uploads\\\/2016\\\/04\\\/Velocidad-Independiente.jpg\",\"contentUrl\":\"http:\\\/\\\/gentedebasquet.com.ar\\\/sitio\\\/wp-content\\\/uploads\\\/2016\\\/04\\\/Velocidad-Independiente.jpg\",\"width\":690,\"height\":319},{\"@type\":\"BreadcrumbList\",\"@id\":\"http:\\\/\\\/gentedebasquet.com.ar\\\/sitio\\\/2016\\\/04\\\/05\\\/primera-marcha\\\/#breadcrumb\",\"itemListElement\":[{\"@type\":\"ListItem\",\"position\":1,\"name\":\"Portada\",\"item\":\"https:\\\/\\\/gentedebasquet.com.ar\\\/sitio\\\/\"},{\"@type\":\"ListItem\",\"position\":2,\"name\":\"Primera marcha\"}]},{\"@type\":\"WebSite\",\"@id\":\"https:\\\/\\\/gentedebasquet.com.ar\\\/sitio\\\/#website\",\"url\":\"https:\\\/\\\/gentedebasquet.com.ar\\\/sitio\\\/\",\"name\":\"Gente de B\u00e1squet\",\"description\":\"La revista del basquet de Bah\u00eda Blanca\",\"potentialAction\":[{\"@type\":\"SearchAction\",\"target\":{\"@type\":\"EntryPoint\",\"urlTemplate\":\"https:\\\/\\\/gentedebasquet.com.ar\\\/sitio\\\/?s={search_term_string}\"},\"query-input\":{\"@type\":\"PropertyValueSpecification\",\"valueRequired\":true,\"valueName\":\"search_term_string\"}}],\"inLanguage\":\"es\"},{\"@type\":\"Person\",\"@id\":\"https:\\\/\\\/gentedebasquet.com.ar\\\/sitio\\\/#\\\/schema\\\/person\\\/ca0b63bbb977369988a7bbbdc519943a\",\"name\":\"Gente de B\u00e1squet\",\"image\":{\"@type\":\"ImageObject\",\"inLanguage\":\"es\",\"@id\":\"https:\\\/\\\/secure.gravatar.com\\\/avatar\\\/7f2c48bdc33b30088f941fb6082e555f2874c98e20cb159d7b92b50eadfce793?s=96&d=mm&r=g\",\"url\":\"https:\\\/\\\/secure.gravatar.com\\\/avatar\\\/7f2c48bdc33b30088f941fb6082e555f2874c98e20cb159d7b92b50eadfce793?s=96&d=mm&r=g\",\"contentUrl\":\"https:\\\/\\\/secure.gravatar.com\\\/avatar\\\/7f2c48bdc33b30088f941fb6082e555f2874c98e20cb159d7b92b50eadfce793?s=96&d=mm&r=g\",\"caption\":\"Gente de B\u00e1squet\"},\"sameAs\":[\"http:\\\/\\\/gentedebasquet.com.ar\\\/sitio\"],\"url\":\"http:\\\/\\\/gentedebasquet.com.ar\\\/sitio\\\/author\\\/ulises\\\/\"}]}<\/script>\n<!-- \/ Yoast SEO plugin. -->","yoast_head_json":{"title":"Primera marcha - Gente de B\u00e1squet","robots":{"index":"index","follow":"follow","max-snippet":"max-snippet:-1","max-image-preview":"max-image-preview:large","max-video-preview":"max-video-preview:-1"},"canonical":"http:\/\/gentedebasquet.com.ar\/sitio\/2016\/04\/05\/primera-marcha\/","og_locale":"es_ES","og_type":"article","og_title":"Primera marcha - Gente de B\u00e1squet","og_description":"Velocidad alcanz\u00f3 su primer triunfo del a\u00f1o al vencer a Independiente por 73 a 61","og_url":"http:\/\/gentedebasquet.com.ar\/sitio\/2016\/04\/05\/primera-marcha\/","og_site_name":"Gente de B\u00e1squet","article_published_time":"2016-04-06T01:20:09+00:00","og_image":[{"width":690,"height":319,"url":"http:\/\/gentedebasquet.com.ar\/sitio\/wp-content\/uploads\/2016\/04\/Velocidad-Independiente.jpg","type":"image\/jpeg"}],"author":"Gente de B\u00e1squet","twitter_card":"summary_large_image","twitter_misc":{"Escrito por":"Gente de B\u00e1squet","Tiempo de lectura":"2 minutos"},"schema":{"@context":"https:\/\/schema.org","@graph":[{"@type":"Article","@id":"http:\/\/gentedebasquet.com.ar\/sitio\/2016\/04\/05\/primera-marcha\/#article","isPartOf":{"@id":"http:\/\/gentedebasquet.com.ar\/sitio\/2016\/04\/05\/primera-marcha\/"},"author":{"name":"Gente de B\u00e1squet","@id":"https:\/\/gentedebasquet.com.ar\/sitio\/#\/schema\/person\/ca0b63bbb977369988a7bbbdc519943a"},"headline":"Primera marcha","datePublished":"2016-04-06T01:20:09+00:00","mainEntityOfPage":{"@id":"http:\/\/gentedebasquet.com.ar\/sitio\/2016\/04\/05\/primera-marcha\/"},"wordCount":496,"image":{"@id":"http:\/\/gentedebasquet.com.ar\/sitio\/2016\/04\/05\/primera-marcha\/#primaryimage"},"thumbnailUrl":"http:\/\/gentedebasquet.com.ar\/sitio\/wp-content\/uploads\/2016\/04\/Velocidad-Independiente.jpg","keywords":["Ignacio Fris\u00f3n","independiente","Sebasti\u00e1n Susbielles","Sebasti\u00e1n Tacchetti","uriel martinez","Velocidad"],"articleSection":["Segunda","Slide"],"inLanguage":"es"},{"@type":"WebPage","@id":"http:\/\/gentedebasquet.com.ar\/sitio\/2016\/04\/05\/primera-marcha\/","url":"http:\/\/gentedebasquet.com.ar\/sitio\/2016\/04\/05\/primera-marcha\/","name":"Primera marcha - Gente de B\u00e1squet","isPartOf":{"@id":"https:\/\/gentedebasquet.com.ar\/sitio\/#website"},"primaryImageOfPage":{"@id":"http:\/\/gentedebasquet.com.ar\/sitio\/2016\/04\/05\/primera-marcha\/#primaryimage"},"image":{"@id":"http:\/\/gentedebasquet.com.ar\/sitio\/2016\/04\/05\/primera-marcha\/#primaryimage"},"thumbnailUrl":"http:\/\/gentedebasquet.com.ar\/sitio\/wp-content\/uploads\/2016\/04\/Velocidad-Independiente.jpg","datePublished":"2016-04-06T01:20:09+00:00","author":{"@id":"https:\/\/gentedebasquet.com.ar\/sitio\/#\/schema\/person\/ca0b63bbb977369988a7bbbdc519943a"},"breadcrumb":{"@id":"http:\/\/gentedebasquet.com.ar\/sitio\/2016\/04\/05\/primera-marcha\/#breadcrumb"},"inLanguage":"es","potentialAction":[{"@type":"ReadAction","target":["http:\/\/gentedebasquet.com.ar\/sitio\/2016\/04\/05\/primera-marcha\/"]}]},{"@type":"ImageObject","inLanguage":"es","@id":"http:\/\/gentedebasquet.com.ar\/sitio\/2016\/04\/05\/primera-marcha\/#primaryimage","url":"http:\/\/gentedebasquet.com.ar\/sitio\/wp-content\/uploads\/2016\/04\/Velocidad-Independiente.jpg","contentUrl":"http:\/\/gentedebasquet.com.ar\/sitio\/wp-content\/uploads\/2016\/04\/Velocidad-Independiente.jpg","width":690,"height":319},{"@type":"BreadcrumbList","@id":"http:\/\/gentedebasquet.com.ar\/sitio\/2016\/04\/05\/primera-marcha\/#breadcrumb","itemListElement":[{"@type":"ListItem","position":1,"name":"Portada","item":"https:\/\/gentedebasquet.com.ar\/sitio\/"},{"@type":"ListItem","position":2,"name":"Primera marcha"}]},{"@type":"WebSite","@id":"https:\/\/gentedebasquet.com.ar\/sitio\/#website","url":"https:\/\/gentedebasquet.com.ar\/sitio\/","name":"Gente de B\u00e1squet","description":"La revista del basquet de Bah\u00eda Blanca","potentialAction":[{"@type":"SearchAction","target":{"@type":"EntryPoint","urlTemplate":"https:\/\/gentedebasquet.com.ar\/sitio\/?s={search_term_string}"},"query-input":{"@type":"PropertyValueSpecification","valueRequired":true,"valueName":"search_term_string"}}],"inLanguage":"es"},{"@type":"Person","@id":"https:\/\/gentedebasquet.com.ar\/sitio\/#\/schema\/person\/ca0b63bbb977369988a7bbbdc519943a","name":"Gente de B\u00e1squet","image":{"@type":"ImageObject","inLanguage":"es","@id":"https:\/\/secure.gravatar.com\/avatar\/7f2c48bdc33b30088f941fb6082e555f2874c98e20cb159d7b92b50eadfce793?s=96&d=mm&r=g","url":"https:\/\/secure.gravatar.com\/avatar\/7f2c48bdc33b30088f941fb6082e555f2874c98e20cb159d7b92b50eadfce793?s=96&d=mm&r=g","contentUrl":"https:\/\/secure.gravatar.com\/avatar\/7f2c48bdc33b30088f941fb6082e555f2874c98e20cb159d7b92b50eadfce793?s=96&d=mm&r=g","caption":"Gente de B\u00e1squet"},"sameAs":["http:\/\/gentedebasquet.com.ar\/sitio"],"url":"http:\/\/gentedebasquet.com.ar\/sitio\/author\/ulises\/"}]}},"_links":{"self":[{"href":"http:\/\/gentedebasquet.com.ar\/sitio\/wp-json\/wp\/v2\/posts\/57958","targetHints":{"allow":["GET"]}}],"collection":[{"href":"http:\/\/gentedebasquet.com.ar\/sitio\/wp-json\/wp\/v2\/posts"}],"about":[{"href":"http:\/\/gentedebasquet.com.ar\/sitio\/wp-json\/wp\/v2\/types\/post"}],"author":[{"embeddable":true,"href":"http:\/\/gentedebasquet.com.ar\/sitio\/wp-json\/wp\/v2\/users\/1"}],"replies":[{"embeddable":true,"href":"http:\/\/gentedebasquet.com.ar\/sitio\/wp-json\/wp\/v2\/comments?post=57958"}],"version-history":[{"count":0,"href":"http:\/\/gentedebasquet.com.ar\/sitio\/wp-json\/wp\/v2\/posts\/57958\/revisions"}],"wp:featuredmedia":[{"embeddable":true,"href":"http:\/\/gentedebasquet.com.ar\/sitio\/wp-json\/wp\/v2\/media\/57964"}],"wp:attachment":[{"href":"http:\/\/gentedebasquet.com.ar\/sitio\/wp-json\/wp\/v2\/media?parent=57958"}],"wp:term":[{"taxonomy":"category","embeddable":true,"href":"http:\/\/gentedebasquet.com.ar\/sitio\/wp-json\/wp\/v2\/categories?post=57958"},{"taxonomy":"post_tag","embeddable":true,"href":"http:\/\/gentedebasquet.com.ar\/sitio\/wp-json\/wp\/v2\/tags?post=57958"}],"curies":[{"name":"wp","href":"https:\/\/api.w.org\/{rel}","templated":true}]}}