{"id":58409,"date":"2016-04-14T23:15:00","date_gmt":"2016-04-15T02:15:00","guid":{"rendered":"http:\/\/www.gentedebasquet.com.ar\/?p=58409"},"modified":"2016-04-14T23:15:00","modified_gmt":"2016-04-15T02:15:00","slug":"de-vuelta-a-la-vida","status":"publish","type":"post","link":"http:\/\/gentedebasquet.com.ar\/sitio\/2016\/04\/14\/de-vuelta-a-la-vida\/","title":{"rendered":"De vuelta a la vida"},"content":{"rendered":"<p><strong>Napost\u00e1 cort\u00f3 una racha de cuatro derrotas al hilo y derrot\u00f3 a Alem, como local, por 68-62.\u00a0 En el conjunto de la avenida, Bruno Pallotti (21 puntos) y Nicol\u00e1s Quiroga (15 y 7 rebotes) fueron los art\u00edfices del triunfo.\u00a0 En el verdirrojo, que reci\u00e9n recuperar\u00e1 a Santiago Torre el lunes (contractura en la espalda), no alcanz\u00f3 con las tareas de Herman Banegas (20), Juan Pablo Rotta (14 y 8 tableros) y Augusto Priore (13).<\/strong><\/p>\n<p>El duelo de los equipos que mejor se reforzaron en 2016 qued\u00f3 en la Avenida Alem.\u00a0 Porque Napost\u00e1, necesitado de triunfos tras cuatro derrotas al hilo, propuso un eficiente cierre en la segunda mitad que le permiti\u00f3 hacerse con los dos puntos.<\/p>\n<p>Y hablo de la segunda mitad, porque la primera fue de la visita.\u00a0 Con un Banegas en\u00e9rgico en el (11 puntos) y la buena conducci\u00f3n de Priore (6) teniendo que reemplazar ni m\u00e1s ni menos que a uno de los mejores bases de la ciudad, le permitieron a Alem sacudir temprano el marcador, ante un local que sali\u00f3 dormido en el 1C (4-13 en TC).<\/p>\n<blockquote><p>Necesit\u00e1bamos mucho ganar este partido, porque hac\u00eda cuatro que no sab\u00edamos lo que eso era. \u00a0Si bien a ellos les falt\u00f3 Santi (Torre), Augusto (Priore) es muy buen jugador. \u00a0Pero defendimos bien a sus internos en la segunda mitad, y por eso nos quedamos con el partido (Bruno Pallotti)<\/p><\/blockquote>\n<p>A pesar de que al conjunto de Walter Romerniszyn se le abri\u00f3 el aro desde afuera en el 2C (3-5 en t3), principalmente mediante Agust\u00edn Amore (8 de sus 9 puntos en ese segmento) Alem fue un tren hacia el aro y as\u00ed se qued\u00f3 con la primera mitad (29-36).<\/p>\n<p>Pero el quiebre estuvo en la reanudaci\u00f3n.\u00a0 Bruno Pallotti tom\u00f3 la batuta del equipo, y fue productivo en ambos costados de la cancha (6 puntos y 3 robos).\u00a0 Tambi\u00e9n lo ayud\u00f3 la aparici\u00f3n de Federico Harina (5 tras un discreto primer tiempo con 0-5 en TC) y Aguirre (4).\u00a0 Alem sobrecarg\u00f3 el poste bajo con Banegas (6), pero Napo comenz\u00f3 a sobre poblar la pintura en defensa, y el verdirrojo ya no fue tan eficiente (Rotta apenas contribuy\u00f3 dos puntos en la l\u00ednea, Starc no anot\u00f3) y eso le permiti\u00f3 arrimarse en el marcador (45-47).<\/p>\n<p>El cierre fue la recompensa al esfuerzo defensivo y las buenas decisiones ofensivas que Napost\u00e1 tom\u00f3 en la segunda mitad: con Pallotti jugando el 1v1 en aclarado (8) y Nicol\u00e1s Quiroga atacando la pintura (7), el local pas\u00f3 al frente por primera vez en la noche (64-60) a falta de 1 minuto, mediante acci\u00f3n de doble y falta del ex El Nacional. Casi sin tiempo,\u00a0 a Alem le quedaron dos posesiones m\u00e1s para igualar, pero fall\u00f3 en ambas, y Napost\u00e1 pudo cerrar el juego desde la l\u00ednea (2-4) para hacerse de una victoria revitalizadora.<\/p>\n<p>&nbsp;<\/p>\n<p>[youtube]https:\/\/youtu.be\/QL22JAD3Img[\/youtube]<\/p>\n<p>&nbsp;<\/p>\n<p><strong>S\u00edntesis| <\/strong>Primera Divisi\u00f3n \u2013 Fecha #8<\/p>\n<p><strong>Napost\u00e1 68: <\/strong>Bruno Pallotti 21, Federico Harina 7, Tom\u00e1s Taj\u00e1n 4, Agust\u00edn Amore 9, Nicol\u00e1s Quiroga 15 (FI); Ramiro Agurrie 12, Antonio Iturrioz 0, Augusto Meneses 0.\u00a0 D.T: Walter Romerniszyn.<\/p>\n<p><strong>Alem 62: <\/strong>Augusto Priore 13, Juan Pablo Rotta 14, Dami\u00e1n Foulkes 1, Fabricio Starc 5, Herman Banegas 20 (FI); Juan Manuel Bicondoa 0, Walter Gigena 9.\u00a0 D.T: Alejandro \u00c1lvarez.<\/p>\n<p><strong>Parciales: <\/strong>12-19, 29-36 (17-17), 45-47 (16-11)\u00a0y\u00a068-62 (23-15).<\/p>\n<p><strong>\u00c1rbitros: <\/strong>N\u00e9stor Schernenco \u2013 Sebasti\u00e1n Arcas.<\/p>\n<p><strong>Estadio: <\/strong>Antonio Palma (Napost\u00e1).<\/p>\n<p><a class=\"modalf iframe\" title=\"Planilla\" href=\"https:\/\/docs.google.com\/spreadsheets\/d\/1zPzXA3FQYXr0t_sjl5TUubLhZFtN16Vau-7UfL3rKec\/pubhtml\" target=\"_blank\" rel=\"noopener\">Ver Planilla<\/a><\/p>\n","protected":false},"excerpt":{"rendered":"<p>Tras cuatro derrotas al hilo, Napost\u00e1 se recompuso y venci\u00f3 a Alem por 68 a 62<\/p>\n","protected":false},"author":1,"featured_media":58414,"comment_status":"closed","ping_status":"open","sticky":false,"template":"","format":"standard","meta":{"jnews-multi-image_gallery":[],"jnews_single_post":[],"jnews_primary_category":[],"footnotes":""},"categories":[23,101],"tags":[3,656,459,230,48,15,283,618],"class_list":["post-58409","post","type-post","status-publish","format-standard","has-post-thumbnail","hentry","category-primera","category-slide","tag-alem","tag-augusto-priore","tag-bruno-pallotti","tag-herman-banegas","tag-juan-pablo-rotta","tag-naposta","tag-nicolas-quiroga","tag-ramiro-aguirre"],"yoast_head":"<!-- This site is optimized with the Yoast SEO plugin v27.5 - https:\/\/yoast.com\/product\/yoast-seo-wordpress\/ -->\n<title>De vuelta a la vida - Gente de B\u00e1squet<\/title>\n<meta name=\"robots\" content=\"index, follow, max-snippet:-1, max-image-preview:large, max-video-preview:-1\" \/>\n<link rel=\"canonical\" href=\"http:\/\/gentedebasquet.com.ar\/sitio\/2016\/04\/14\/de-vuelta-a-la-vida\/\" \/>\n<meta property=\"og:locale\" content=\"es_ES\" \/>\n<meta property=\"og:type\" content=\"article\" \/>\n<meta property=\"og:title\" content=\"De vuelta a la vida - Gente de B\u00e1squet\" \/>\n<meta property=\"og:description\" content=\"Tras cuatro derrotas al hilo, Napost\u00e1 se recompuso y venci\u00f3 a Alem por 68 a 62\" \/>\n<meta property=\"og:url\" content=\"http:\/\/gentedebasquet.com.ar\/sitio\/2016\/04\/14\/de-vuelta-a-la-vida\/\" \/>\n<meta property=\"og:site_name\" content=\"Gente de B\u00e1squet\" \/>\n<meta property=\"article:published_time\" content=\"2016-04-15T02:15:00+00:00\" \/>\n<meta property=\"og:image\" content=\"http:\/\/gentedebasquet.com.ar\/sitio\/wp-content\/uploads\/2016\/04\/Palloti-nap-v-alem-1.jpg\" \/>\n\t<meta property=\"og:image:width\" content=\"690\" \/>\n\t<meta property=\"og:image:height\" content=\"319\" \/>\n\t<meta property=\"og:image:type\" content=\"image\/jpeg\" \/>\n<meta name=\"author\" content=\"Gente de B\u00e1squet\" \/>\n<meta name=\"twitter:card\" content=\"summary_large_image\" \/>\n<meta name=\"twitter:label1\" content=\"Escrito por\" \/>\n\t<meta name=\"twitter:data1\" content=\"Gente de B\u00e1squet\" \/>\n\t<meta name=\"twitter:label2\" content=\"Tiempo de lectura\" \/>\n\t<meta name=\"twitter:data2\" content=\"3 minutos\" \/>\n<script type=\"application\/ld+json\" class=\"yoast-schema-graph\">{\"@context\":\"https:\\\/\\\/schema.org\",\"@graph\":[{\"@type\":\"Article\",\"@id\":\"http:\\\/\\\/gentedebasquet.com.ar\\\/sitio\\\/2016\\\/04\\\/14\\\/de-vuelta-a-la-vida\\\/#article\",\"isPartOf\":{\"@id\":\"http:\\\/\\\/gentedebasquet.com.ar\\\/sitio\\\/2016\\\/04\\\/14\\\/de-vuelta-a-la-vida\\\/\"},\"author\":{\"name\":\"Gente de B\u00e1squet\",\"@id\":\"https:\\\/\\\/gentedebasquet.com.ar\\\/sitio\\\/#\\\/schema\\\/person\\\/ca0b63bbb977369988a7bbbdc519943a\"},\"headline\":\"De vuelta a la vida\",\"datePublished\":\"2016-04-15T02:15:00+00:00\",\"mainEntityOfPage\":{\"@id\":\"http:\\\/\\\/gentedebasquet.com.ar\\\/sitio\\\/2016\\\/04\\\/14\\\/de-vuelta-a-la-vida\\\/\"},\"wordCount\":559,\"image\":{\"@id\":\"http:\\\/\\\/gentedebasquet.com.ar\\\/sitio\\\/2016\\\/04\\\/14\\\/de-vuelta-a-la-vida\\\/#primaryimage\"},\"thumbnailUrl\":\"http:\\\/\\\/gentedebasquet.com.ar\\\/sitio\\\/wp-content\\\/uploads\\\/2016\\\/04\\\/Palloti-nap-v-alem-1.jpg\",\"keywords\":[\"Alem\",\"Augusto Priore\",\"Bruno Pallotti\",\"Herman Banegas\",\"Juan Pablo Rotta\",\"Naposta\",\"Nicol\u00e1s Quiroga\",\"Ramiro Aguirre\"],\"articleSection\":[\"Primera\",\"Slide\"],\"inLanguage\":\"es\"},{\"@type\":\"WebPage\",\"@id\":\"http:\\\/\\\/gentedebasquet.com.ar\\\/sitio\\\/2016\\\/04\\\/14\\\/de-vuelta-a-la-vida\\\/\",\"url\":\"http:\\\/\\\/gentedebasquet.com.ar\\\/sitio\\\/2016\\\/04\\\/14\\\/de-vuelta-a-la-vida\\\/\",\"name\":\"De vuelta a la vida - Gente de B\u00e1squet\",\"isPartOf\":{\"@id\":\"https:\\\/\\\/gentedebasquet.com.ar\\\/sitio\\\/#website\"},\"primaryImageOfPage\":{\"@id\":\"http:\\\/\\\/gentedebasquet.com.ar\\\/sitio\\\/2016\\\/04\\\/14\\\/de-vuelta-a-la-vida\\\/#primaryimage\"},\"image\":{\"@id\":\"http:\\\/\\\/gentedebasquet.com.ar\\\/sitio\\\/2016\\\/04\\\/14\\\/de-vuelta-a-la-vida\\\/#primaryimage\"},\"thumbnailUrl\":\"http:\\\/\\\/gentedebasquet.com.ar\\\/sitio\\\/wp-content\\\/uploads\\\/2016\\\/04\\\/Palloti-nap-v-alem-1.jpg\",\"datePublished\":\"2016-04-15T02:15:00+00:00\",\"author\":{\"@id\":\"https:\\\/\\\/gentedebasquet.com.ar\\\/sitio\\\/#\\\/schema\\\/person\\\/ca0b63bbb977369988a7bbbdc519943a\"},\"breadcrumb\":{\"@id\":\"http:\\\/\\\/gentedebasquet.com.ar\\\/sitio\\\/2016\\\/04\\\/14\\\/de-vuelta-a-la-vida\\\/#breadcrumb\"},\"inLanguage\":\"es\",\"potentialAction\":[{\"@type\":\"ReadAction\",\"target\":[\"http:\\\/\\\/gentedebasquet.com.ar\\\/sitio\\\/2016\\\/04\\\/14\\\/de-vuelta-a-la-vida\\\/\"]}]},{\"@type\":\"ImageObject\",\"inLanguage\":\"es\",\"@id\":\"http:\\\/\\\/gentedebasquet.com.ar\\\/sitio\\\/2016\\\/04\\\/14\\\/de-vuelta-a-la-vida\\\/#primaryimage\",\"url\":\"http:\\\/\\\/gentedebasquet.com.ar\\\/sitio\\\/wp-content\\\/uploads\\\/2016\\\/04\\\/Palloti-nap-v-alem-1.jpg\",\"contentUrl\":\"http:\\\/\\\/gentedebasquet.com.ar\\\/sitio\\\/wp-content\\\/uploads\\\/2016\\\/04\\\/Palloti-nap-v-alem-1.jpg\",\"width\":690,\"height\":319},{\"@type\":\"BreadcrumbList\",\"@id\":\"http:\\\/\\\/gentedebasquet.com.ar\\\/sitio\\\/2016\\\/04\\\/14\\\/de-vuelta-a-la-vida\\\/#breadcrumb\",\"itemListElement\":[{\"@type\":\"ListItem\",\"position\":1,\"name\":\"Portada\",\"item\":\"https:\\\/\\\/gentedebasquet.com.ar\\\/sitio\\\/\"},{\"@type\":\"ListItem\",\"position\":2,\"name\":\"De vuelta a la vida\"}]},{\"@type\":\"WebSite\",\"@id\":\"https:\\\/\\\/gentedebasquet.com.ar\\\/sitio\\\/#website\",\"url\":\"https:\\\/\\\/gentedebasquet.com.ar\\\/sitio\\\/\",\"name\":\"Gente de B\u00e1squet\",\"description\":\"La revista del basquet de Bah\u00eda Blanca\",\"potentialAction\":[{\"@type\":\"SearchAction\",\"target\":{\"@type\":\"EntryPoint\",\"urlTemplate\":\"https:\\\/\\\/gentedebasquet.com.ar\\\/sitio\\\/?s={search_term_string}\"},\"query-input\":{\"@type\":\"PropertyValueSpecification\",\"valueRequired\":true,\"valueName\":\"search_term_string\"}}],\"inLanguage\":\"es\"},{\"@type\":\"Person\",\"@id\":\"https:\\\/\\\/gentedebasquet.com.ar\\\/sitio\\\/#\\\/schema\\\/person\\\/ca0b63bbb977369988a7bbbdc519943a\",\"name\":\"Gente de B\u00e1squet\",\"image\":{\"@type\":\"ImageObject\",\"inLanguage\":\"es\",\"@id\":\"https:\\\/\\\/secure.gravatar.com\\\/avatar\\\/7f2c48bdc33b30088f941fb6082e555f2874c98e20cb159d7b92b50eadfce793?s=96&d=mm&r=g\",\"url\":\"https:\\\/\\\/secure.gravatar.com\\\/avatar\\\/7f2c48bdc33b30088f941fb6082e555f2874c98e20cb159d7b92b50eadfce793?s=96&d=mm&r=g\",\"contentUrl\":\"https:\\\/\\\/secure.gravatar.com\\\/avatar\\\/7f2c48bdc33b30088f941fb6082e555f2874c98e20cb159d7b92b50eadfce793?s=96&d=mm&r=g\",\"caption\":\"Gente de B\u00e1squet\"},\"sameAs\":[\"http:\\\/\\\/gentedebasquet.com.ar\\\/sitio\"],\"url\":\"http:\\\/\\\/gentedebasquet.com.ar\\\/sitio\\\/author\\\/ulises\\\/\"}]}<\/script>\n<!-- \/ Yoast SEO plugin. -->","yoast_head_json":{"title":"De vuelta a la vida - Gente de B\u00e1squet","robots":{"index":"index","follow":"follow","max-snippet":"max-snippet:-1","max-image-preview":"max-image-preview:large","max-video-preview":"max-video-preview:-1"},"canonical":"http:\/\/gentedebasquet.com.ar\/sitio\/2016\/04\/14\/de-vuelta-a-la-vida\/","og_locale":"es_ES","og_type":"article","og_title":"De vuelta a la vida - Gente de B\u00e1squet","og_description":"Tras cuatro derrotas al hilo, Napost\u00e1 se recompuso y venci\u00f3 a Alem por 68 a 62","og_url":"http:\/\/gentedebasquet.com.ar\/sitio\/2016\/04\/14\/de-vuelta-a-la-vida\/","og_site_name":"Gente de B\u00e1squet","article_published_time":"2016-04-15T02:15:00+00:00","og_image":[{"width":690,"height":319,"url":"http:\/\/gentedebasquet.com.ar\/sitio\/wp-content\/uploads\/2016\/04\/Palloti-nap-v-alem-1.jpg","type":"image\/jpeg"}],"author":"Gente de B\u00e1squet","twitter_card":"summary_large_image","twitter_misc":{"Escrito por":"Gente de B\u00e1squet","Tiempo de lectura":"3 minutos"},"schema":{"@context":"https:\/\/schema.org","@graph":[{"@type":"Article","@id":"http:\/\/gentedebasquet.com.ar\/sitio\/2016\/04\/14\/de-vuelta-a-la-vida\/#article","isPartOf":{"@id":"http:\/\/gentedebasquet.com.ar\/sitio\/2016\/04\/14\/de-vuelta-a-la-vida\/"},"author":{"name":"Gente de B\u00e1squet","@id":"https:\/\/gentedebasquet.com.ar\/sitio\/#\/schema\/person\/ca0b63bbb977369988a7bbbdc519943a"},"headline":"De vuelta a la vida","datePublished":"2016-04-15T02:15:00+00:00","mainEntityOfPage":{"@id":"http:\/\/gentedebasquet.com.ar\/sitio\/2016\/04\/14\/de-vuelta-a-la-vida\/"},"wordCount":559,"image":{"@id":"http:\/\/gentedebasquet.com.ar\/sitio\/2016\/04\/14\/de-vuelta-a-la-vida\/#primaryimage"},"thumbnailUrl":"http:\/\/gentedebasquet.com.ar\/sitio\/wp-content\/uploads\/2016\/04\/Palloti-nap-v-alem-1.jpg","keywords":["Alem","Augusto Priore","Bruno Pallotti","Herman Banegas","Juan Pablo Rotta","Naposta","Nicol\u00e1s Quiroga","Ramiro Aguirre"],"articleSection":["Primera","Slide"],"inLanguage":"es"},{"@type":"WebPage","@id":"http:\/\/gentedebasquet.com.ar\/sitio\/2016\/04\/14\/de-vuelta-a-la-vida\/","url":"http:\/\/gentedebasquet.com.ar\/sitio\/2016\/04\/14\/de-vuelta-a-la-vida\/","name":"De vuelta a la vida - Gente de B\u00e1squet","isPartOf":{"@id":"https:\/\/gentedebasquet.com.ar\/sitio\/#website"},"primaryImageOfPage":{"@id":"http:\/\/gentedebasquet.com.ar\/sitio\/2016\/04\/14\/de-vuelta-a-la-vida\/#primaryimage"},"image":{"@id":"http:\/\/gentedebasquet.com.ar\/sitio\/2016\/04\/14\/de-vuelta-a-la-vida\/#primaryimage"},"thumbnailUrl":"http:\/\/gentedebasquet.com.ar\/sitio\/wp-content\/uploads\/2016\/04\/Palloti-nap-v-alem-1.jpg","datePublished":"2016-04-15T02:15:00+00:00","author":{"@id":"https:\/\/gentedebasquet.com.ar\/sitio\/#\/schema\/person\/ca0b63bbb977369988a7bbbdc519943a"},"breadcrumb":{"@id":"http:\/\/gentedebasquet.com.ar\/sitio\/2016\/04\/14\/de-vuelta-a-la-vida\/#breadcrumb"},"inLanguage":"es","potentialAction":[{"@type":"ReadAction","target":["http:\/\/gentedebasquet.com.ar\/sitio\/2016\/04\/14\/de-vuelta-a-la-vida\/"]}]},{"@type":"ImageObject","inLanguage":"es","@id":"http:\/\/gentedebasquet.com.ar\/sitio\/2016\/04\/14\/de-vuelta-a-la-vida\/#primaryimage","url":"http:\/\/gentedebasquet.com.ar\/sitio\/wp-content\/uploads\/2016\/04\/Palloti-nap-v-alem-1.jpg","contentUrl":"http:\/\/gentedebasquet.com.ar\/sitio\/wp-content\/uploads\/2016\/04\/Palloti-nap-v-alem-1.jpg","width":690,"height":319},{"@type":"BreadcrumbList","@id":"http:\/\/gentedebasquet.com.ar\/sitio\/2016\/04\/14\/de-vuelta-a-la-vida\/#breadcrumb","itemListElement":[{"@type":"ListItem","position":1,"name":"Portada","item":"https:\/\/gentedebasquet.com.ar\/sitio\/"},{"@type":"ListItem","position":2,"name":"De vuelta a la vida"}]},{"@type":"WebSite","@id":"https:\/\/gentedebasquet.com.ar\/sitio\/#website","url":"https:\/\/gentedebasquet.com.ar\/sitio\/","name":"Gente de B\u00e1squet","description":"La revista del basquet de Bah\u00eda Blanca","potentialAction":[{"@type":"SearchAction","target":{"@type":"EntryPoint","urlTemplate":"https:\/\/gentedebasquet.com.ar\/sitio\/?s={search_term_string}"},"query-input":{"@type":"PropertyValueSpecification","valueRequired":true,"valueName":"search_term_string"}}],"inLanguage":"es"},{"@type":"Person","@id":"https:\/\/gentedebasquet.com.ar\/sitio\/#\/schema\/person\/ca0b63bbb977369988a7bbbdc519943a","name":"Gente de B\u00e1squet","image":{"@type":"ImageObject","inLanguage":"es","@id":"https:\/\/secure.gravatar.com\/avatar\/7f2c48bdc33b30088f941fb6082e555f2874c98e20cb159d7b92b50eadfce793?s=96&d=mm&r=g","url":"https:\/\/secure.gravatar.com\/avatar\/7f2c48bdc33b30088f941fb6082e555f2874c98e20cb159d7b92b50eadfce793?s=96&d=mm&r=g","contentUrl":"https:\/\/secure.gravatar.com\/avatar\/7f2c48bdc33b30088f941fb6082e555f2874c98e20cb159d7b92b50eadfce793?s=96&d=mm&r=g","caption":"Gente de B\u00e1squet"},"sameAs":["http:\/\/gentedebasquet.com.ar\/sitio"],"url":"http:\/\/gentedebasquet.com.ar\/sitio\/author\/ulises\/"}]}},"_links":{"self":[{"href":"http:\/\/gentedebasquet.com.ar\/sitio\/wp-json\/wp\/v2\/posts\/58409","targetHints":{"allow":["GET"]}}],"collection":[{"href":"http:\/\/gentedebasquet.com.ar\/sitio\/wp-json\/wp\/v2\/posts"}],"about":[{"href":"http:\/\/gentedebasquet.com.ar\/sitio\/wp-json\/wp\/v2\/types\/post"}],"author":[{"embeddable":true,"href":"http:\/\/gentedebasquet.com.ar\/sitio\/wp-json\/wp\/v2\/users\/1"}],"replies":[{"embeddable":true,"href":"http:\/\/gentedebasquet.com.ar\/sitio\/wp-json\/wp\/v2\/comments?post=58409"}],"version-history":[{"count":0,"href":"http:\/\/gentedebasquet.com.ar\/sitio\/wp-json\/wp\/v2\/posts\/58409\/revisions"}],"wp:featuredmedia":[{"embeddable":true,"href":"http:\/\/gentedebasquet.com.ar\/sitio\/wp-json\/wp\/v2\/media\/58414"}],"wp:attachment":[{"href":"http:\/\/gentedebasquet.com.ar\/sitio\/wp-json\/wp\/v2\/media?parent=58409"}],"wp:term":[{"taxonomy":"category","embeddable":true,"href":"http:\/\/gentedebasquet.com.ar\/sitio\/wp-json\/wp\/v2\/categories?post=58409"},{"taxonomy":"post_tag","embeddable":true,"href":"http:\/\/gentedebasquet.com.ar\/sitio\/wp-json\/wp\/v2\/tags?post=58409"}],"curies":[{"name":"wp","href":"https:\/\/api.w.org\/{rel}","templated":true}]}}