{"id":58471,"date":"2016-04-15T23:10:36","date_gmt":"2016-04-16T02:10:36","guid":{"rendered":"http:\/\/www.gentedebasquet.com.ar\/?p=58471"},"modified":"2016-04-15T23:10:36","modified_gmt":"2016-04-16T02:10:36","slug":"victoria-al-tacho","status":"publish","type":"post","link":"http:\/\/gentedebasquet.com.ar\/sitio\/2016\/04\/15\/victoria-al-tacho\/","title":{"rendered":"Victoria al Tacho"},"content":{"rendered":"<p><strong>En un final peleado, Independiente derrot\u00f3 a Whitense 74 a 73. El conjunto de Ingeniero White fue l\u00edder durante todo el partido, pero el Viola pudo cerrarlo de mejor manera gracias a las buenas decisiones de Igancio \u00c9rcoli (10 puntos en el 4C). En el equipo ganador se destac\u00f3 Sebasti\u00e1n Tacchetti, con 28 puntos (10\/15 T2 y 8\/9 TL) y 12 rebotes, y lo secund\u00f3 el propio \u00c9rcoli, con 21. El goleador de la noche fue visitante: Juan Ignacio De Pastena convirti\u00f3 34 puntos (1\/5 T3, 12\/18 T2 y 7\/9 TL).<\/strong><\/p>\n<p>El encuentro arranc\u00f3 parejo, gol a gol. Independiente se mostr\u00f3 poco efectivo (4\/14 TC) y le cost\u00f3 ponerse en juego, pero con Tacchetti imponi\u00e9ndose en la pintura sigui\u00f3 manteniendo el ritmo. Whitense no se la hizo f\u00e1cil y castigaba con Veliz y De Pastena. A 2m32s de finalizar el cuarto, la visita plasm\u00f3 un parcial 5-0 por el mismo De Pastena. El Viola trat\u00f3 de acercarse en el marcador pero de todas maneras se lo termin\u00f3 llevando Whitense 17 a 14.<\/p>\n<p>En los segundos 10 minutos la historia continu\u00f3 de la misma manera. Un triple de Walter Acebedo abri\u00f3 el marcador, pero eso no fue todo. La seguidilla continu\u00f3 con dos dobles de Mauro Veliz cerrando un parcial 7-0 a favor de la visita. Esto oblig\u00f3 a que Javier Musumeci pidiera minuto para evitar que el rival se siga alejando (14-24). La poca efectividad por parte del local perduraba (1\/11 TC) y no pod\u00edan acomodarse en la defensa. Nuevamente el equipo de Musumeci se refugi\u00f3 en las conversiones de Tacchetti (16) para seguir con vida.<\/p>\n<blockquote><p>Hicimos las cosas muy mal. En ataque no tuvimos la paciencia necesaria y en defensa no fuimos lo bastante intensos como para parar a De Pastena. Lo que tenemos que mejorar si o si es la confianza, tomarnos un segundo y pensar a la hora de atacar (Sebasti\u00e1n Tacchetti)<\/p><\/blockquote>\n<p>A la vuelta del entretiempo parec\u00eda que el local hab\u00eda cambiado la cabeza. Con un Nacho \u00c9rcoli on fire, imponiendo un parcial 5-0, dej\u00f3 al equipo 4 puntos abajo (30 a 34). El DT visitante solicit\u00f3 minuto porque su equipo no lograba convertir. A la vuelta, el parcial contin\u00fao con un doble de Tacchetti y otro de Agust\u00edn Almir\u00f3n, quien empat\u00f3 el marcador en 34. Finalmente, De Pastena logr\u00f3 romper la mala racha y con 6 puntos consecutivos le dio un respiro a su equipo.<\/p>\n<p>El \u00faltimo cuarto arranc\u00f3 con un parcial 6-0 a favor de Whitense. El Viola logr\u00f3 reaccionar a tiempo y estall\u00f3 con un doble y falta de \u00c9rcoli. El per\u00edodo sigo desarroll\u00e1ndose de manera pareja, hasta que nuevamente el alero de Independiente -con un tiro de larga distancia- puso a su equipo al frente (62-60). Veliz respondi\u00f3 con una bomba y tom\u00f3 las riendas. Con segundos por jugar, la visita fall\u00f3 en la ofensiva y en un contra ataque Tacchetti recibi\u00f3 falta y convirti\u00f3 los dos TL que le dieron la victoria a su equipo.<\/p>\n<p>[vimeo]http:\/\/vimeo.com\/163058198[\/vimeo]<\/p>\n<p>&nbsp;<\/p>\n<p><strong>S\u00edntesis <\/strong>|\u00a0Segunda Divisi\u00f3n \u2013 Fecha #6<\/p>\n<p><strong>Independiente 74:<\/strong>\u00a0Sebasti\u00e1n Branciforte 12, Agust\u00edn Almir\u00f3n 9, Ignacio \u00c9rcoli 21, Uriel Mart\u00ednez 3, Sebasti\u00e1n Tacchetti 28 (Fi); Mariano Guill\u00e9n 0, Santiago Miranda, Emiliano Men\u00e9ndez 0, Mariano Insaurralde 0, Nicol\u00e1s Caputo 0 y Juan Jes\u00fas Garc\u00eda 1. DT: Javier Musumeci.<\/p>\n<p><strong>Whitense 73:<\/strong>\u00a0Juan Ignacio De Pastena 34, Mauro Veliz 11, Federico Congos 19, Walter Acebedo 5, Santiago Abenel 2 (Fi); Mauro Capurso 0 y Gonzalo Resler 2 (x). DT: Silvio Montero.<\/p>\n<p><strong>Parciales:<\/strong>\u00a014-17, 24-32 (10-15), 43-46 (19-14) y 74-73 (31-27).<\/p>\n<p><strong>\u00c1rbitros:<\/strong>\u00a0Javier S\u00e1nchez \u2013 Diego Kessler.<\/p>\n<p><strong>Estadio:<\/strong>\u00a0Ra\u00fal y N\u00e9stor Barral (Independiente).<\/p>\n<p><a href=\"https:\/\/docs.google.com\/spreadsheets\/d\/1yCze7HhB7sYf7eOJlY9X0uYieDGixB-Pj6yDp_og4yU\/pubhtml\" target=\"_blank\" rel=\"noopener\">Ver planilla<\/a><\/p>\n","protected":false},"excerpt":{"rendered":"<p>Los 28 de Tacchetti fueron determinantes en la victoria del Viola ante Whitense 74-73<\/p>\n","protected":false},"author":1,"featured_media":58502,"comment_status":"closed","ping_status":"open","sticky":false,"template":"","format":"standard","meta":{"jnews-multi-image_gallery":[],"jnews_single_post":[],"jnews_primary_category":[],"footnotes":""},"categories":[25,101],"tags":[12,743,204,537],"class_list":["post-58471","post","type-post","status-publish","format-standard","has-post-thumbnail","hentry","category-segunda","category-slide","tag-independiente","tag-juan-ignacio-de-pastena","tag-sebastian-tacchetti","tag-whitense"],"yoast_head":"<!-- This site is optimized with the Yoast SEO plugin v27.5 - https:\/\/yoast.com\/product\/yoast-seo-wordpress\/ -->\n<title>Victoria al Tacho - Gente de B\u00e1squet<\/title>\n<meta name=\"robots\" content=\"index, follow, max-snippet:-1, max-image-preview:large, max-video-preview:-1\" \/>\n<link rel=\"canonical\" href=\"https:\/\/gentedebasquet.com.ar\/sitio\/2016\/04\/15\/victoria-al-tacho\/\" \/>\n<meta property=\"og:locale\" content=\"es_ES\" \/>\n<meta property=\"og:type\" content=\"article\" \/>\n<meta property=\"og:title\" content=\"Victoria al Tacho - Gente de B\u00e1squet\" \/>\n<meta property=\"og:description\" content=\"Los 28 de Tacchetti fueron determinantes en la victoria del Viola ante Whitense 74-73\" \/>\n<meta property=\"og:url\" content=\"https:\/\/gentedebasquet.com.ar\/sitio\/2016\/04\/15\/victoria-al-tacho\/\" \/>\n<meta property=\"og:site_name\" content=\"Gente de B\u00e1squet\" \/>\n<meta property=\"article:published_time\" content=\"2016-04-16T02:10:36+00:00\" \/>\n<meta property=\"og:image\" content=\"https:\/\/gentedebasquet.com.ar\/sitio\/wp-content\/uploads\/2016\/04\/Independiente-Whitense.jpg\" \/>\n\t<meta property=\"og:image:width\" content=\"690\" \/>\n\t<meta property=\"og:image:height\" content=\"319\" \/>\n\t<meta property=\"og:image:type\" content=\"image\/jpeg\" \/>\n<meta name=\"author\" content=\"Gente de B\u00e1squet\" \/>\n<meta name=\"twitter:card\" content=\"summary_large_image\" \/>\n<meta name=\"twitter:label1\" content=\"Escrito por\" \/>\n\t<meta name=\"twitter:data1\" content=\"Gente de B\u00e1squet\" \/>\n\t<meta name=\"twitter:label2\" content=\"Tiempo de lectura\" \/>\n\t<meta name=\"twitter:data2\" content=\"3 minutos\" \/>\n<script type=\"application\/ld+json\" class=\"yoast-schema-graph\">{\"@context\":\"https:\\\/\\\/schema.org\",\"@graph\":[{\"@type\":\"Article\",\"@id\":\"https:\\\/\\\/gentedebasquet.com.ar\\\/sitio\\\/2016\\\/04\\\/15\\\/victoria-al-tacho\\\/#article\",\"isPartOf\":{\"@id\":\"https:\\\/\\\/gentedebasquet.com.ar\\\/sitio\\\/2016\\\/04\\\/15\\\/victoria-al-tacho\\\/\"},\"author\":{\"name\":\"Gente de B\u00e1squet\",\"@id\":\"https:\\\/\\\/gentedebasquet.com.ar\\\/sitio\\\/#\\\/schema\\\/person\\\/ca0b63bbb977369988a7bbbdc519943a\"},\"headline\":\"Victoria al Tacho\",\"datePublished\":\"2016-04-16T02:10:36+00:00\",\"mainEntityOfPage\":{\"@id\":\"https:\\\/\\\/gentedebasquet.com.ar\\\/sitio\\\/2016\\\/04\\\/15\\\/victoria-al-tacho\\\/\"},\"wordCount\":587,\"image\":{\"@id\":\"https:\\\/\\\/gentedebasquet.com.ar\\\/sitio\\\/2016\\\/04\\\/15\\\/victoria-al-tacho\\\/#primaryimage\"},\"thumbnailUrl\":\"http:\\\/\\\/gentedebasquet.com.ar\\\/sitio\\\/wp-content\\\/uploads\\\/2016\\\/04\\\/Independiente-Whitense.jpg\",\"keywords\":[\"independiente\",\"Juan Ignacio De Pastena\",\"Sebasti\u00e1n Tacchetti\",\"Whitense\"],\"articleSection\":[\"Segunda\",\"Slide\"],\"inLanguage\":\"es\"},{\"@type\":\"WebPage\",\"@id\":\"https:\\\/\\\/gentedebasquet.com.ar\\\/sitio\\\/2016\\\/04\\\/15\\\/victoria-al-tacho\\\/\",\"url\":\"https:\\\/\\\/gentedebasquet.com.ar\\\/sitio\\\/2016\\\/04\\\/15\\\/victoria-al-tacho\\\/\",\"name\":\"Victoria al Tacho - Gente de B\u00e1squet\",\"isPartOf\":{\"@id\":\"https:\\\/\\\/gentedebasquet.com.ar\\\/sitio\\\/#website\"},\"primaryImageOfPage\":{\"@id\":\"https:\\\/\\\/gentedebasquet.com.ar\\\/sitio\\\/2016\\\/04\\\/15\\\/victoria-al-tacho\\\/#primaryimage\"},\"image\":{\"@id\":\"https:\\\/\\\/gentedebasquet.com.ar\\\/sitio\\\/2016\\\/04\\\/15\\\/victoria-al-tacho\\\/#primaryimage\"},\"thumbnailUrl\":\"http:\\\/\\\/gentedebasquet.com.ar\\\/sitio\\\/wp-content\\\/uploads\\\/2016\\\/04\\\/Independiente-Whitense.jpg\",\"datePublished\":\"2016-04-16T02:10:36+00:00\",\"author\":{\"@id\":\"https:\\\/\\\/gentedebasquet.com.ar\\\/sitio\\\/#\\\/schema\\\/person\\\/ca0b63bbb977369988a7bbbdc519943a\"},\"breadcrumb\":{\"@id\":\"https:\\\/\\\/gentedebasquet.com.ar\\\/sitio\\\/2016\\\/04\\\/15\\\/victoria-al-tacho\\\/#breadcrumb\"},\"inLanguage\":\"es\",\"potentialAction\":[{\"@type\":\"ReadAction\",\"target\":[\"https:\\\/\\\/gentedebasquet.com.ar\\\/sitio\\\/2016\\\/04\\\/15\\\/victoria-al-tacho\\\/\"]}]},{\"@type\":\"ImageObject\",\"inLanguage\":\"es\",\"@id\":\"https:\\\/\\\/gentedebasquet.com.ar\\\/sitio\\\/2016\\\/04\\\/15\\\/victoria-al-tacho\\\/#primaryimage\",\"url\":\"http:\\\/\\\/gentedebasquet.com.ar\\\/sitio\\\/wp-content\\\/uploads\\\/2016\\\/04\\\/Independiente-Whitense.jpg\",\"contentUrl\":\"http:\\\/\\\/gentedebasquet.com.ar\\\/sitio\\\/wp-content\\\/uploads\\\/2016\\\/04\\\/Independiente-Whitense.jpg\",\"width\":690,\"height\":319},{\"@type\":\"BreadcrumbList\",\"@id\":\"https:\\\/\\\/gentedebasquet.com.ar\\\/sitio\\\/2016\\\/04\\\/15\\\/victoria-al-tacho\\\/#breadcrumb\",\"itemListElement\":[{\"@type\":\"ListItem\",\"position\":1,\"name\":\"Portada\",\"item\":\"https:\\\/\\\/gentedebasquet.com.ar\\\/sitio\\\/\"},{\"@type\":\"ListItem\",\"position\":2,\"name\":\"Victoria al Tacho\"}]},{\"@type\":\"WebSite\",\"@id\":\"https:\\\/\\\/gentedebasquet.com.ar\\\/sitio\\\/#website\",\"url\":\"https:\\\/\\\/gentedebasquet.com.ar\\\/sitio\\\/\",\"name\":\"Gente de B\u00e1squet\",\"description\":\"La revista del basquet de Bah\u00eda Blanca\",\"potentialAction\":[{\"@type\":\"SearchAction\",\"target\":{\"@type\":\"EntryPoint\",\"urlTemplate\":\"https:\\\/\\\/gentedebasquet.com.ar\\\/sitio\\\/?s={search_term_string}\"},\"query-input\":{\"@type\":\"PropertyValueSpecification\",\"valueRequired\":true,\"valueName\":\"search_term_string\"}}],\"inLanguage\":\"es\"},{\"@type\":\"Person\",\"@id\":\"https:\\\/\\\/gentedebasquet.com.ar\\\/sitio\\\/#\\\/schema\\\/person\\\/ca0b63bbb977369988a7bbbdc519943a\",\"name\":\"Gente de B\u00e1squet\",\"image\":{\"@type\":\"ImageObject\",\"inLanguage\":\"es\",\"@id\":\"https:\\\/\\\/secure.gravatar.com\\\/avatar\\\/7f2c48bdc33b30088f941fb6082e555f2874c98e20cb159d7b92b50eadfce793?s=96&d=mm&r=g\",\"url\":\"https:\\\/\\\/secure.gravatar.com\\\/avatar\\\/7f2c48bdc33b30088f941fb6082e555f2874c98e20cb159d7b92b50eadfce793?s=96&d=mm&r=g\",\"contentUrl\":\"https:\\\/\\\/secure.gravatar.com\\\/avatar\\\/7f2c48bdc33b30088f941fb6082e555f2874c98e20cb159d7b92b50eadfce793?s=96&d=mm&r=g\",\"caption\":\"Gente de B\u00e1squet\"},\"sameAs\":[\"http:\\\/\\\/gentedebasquet.com.ar\\\/sitio\"],\"url\":\"http:\\\/\\\/gentedebasquet.com.ar\\\/sitio\\\/author\\\/ulises\\\/\"}]}<\/script>\n<!-- \/ Yoast SEO plugin. -->","yoast_head_json":{"title":"Victoria al Tacho - Gente de B\u00e1squet","robots":{"index":"index","follow":"follow","max-snippet":"max-snippet:-1","max-image-preview":"max-image-preview:large","max-video-preview":"max-video-preview:-1"},"canonical":"https:\/\/gentedebasquet.com.ar\/sitio\/2016\/04\/15\/victoria-al-tacho\/","og_locale":"es_ES","og_type":"article","og_title":"Victoria al Tacho - Gente de B\u00e1squet","og_description":"Los 28 de Tacchetti fueron determinantes en la victoria del Viola ante Whitense 74-73","og_url":"https:\/\/gentedebasquet.com.ar\/sitio\/2016\/04\/15\/victoria-al-tacho\/","og_site_name":"Gente de B\u00e1squet","article_published_time":"2016-04-16T02:10:36+00:00","og_image":[{"width":690,"height":319,"url":"https:\/\/gentedebasquet.com.ar\/sitio\/wp-content\/uploads\/2016\/04\/Independiente-Whitense.jpg","type":"image\/jpeg"}],"author":"Gente de B\u00e1squet","twitter_card":"summary_large_image","twitter_misc":{"Escrito por":"Gente de B\u00e1squet","Tiempo de lectura":"3 minutos"},"schema":{"@context":"https:\/\/schema.org","@graph":[{"@type":"Article","@id":"https:\/\/gentedebasquet.com.ar\/sitio\/2016\/04\/15\/victoria-al-tacho\/#article","isPartOf":{"@id":"https:\/\/gentedebasquet.com.ar\/sitio\/2016\/04\/15\/victoria-al-tacho\/"},"author":{"name":"Gente de B\u00e1squet","@id":"https:\/\/gentedebasquet.com.ar\/sitio\/#\/schema\/person\/ca0b63bbb977369988a7bbbdc519943a"},"headline":"Victoria al Tacho","datePublished":"2016-04-16T02:10:36+00:00","mainEntityOfPage":{"@id":"https:\/\/gentedebasquet.com.ar\/sitio\/2016\/04\/15\/victoria-al-tacho\/"},"wordCount":587,"image":{"@id":"https:\/\/gentedebasquet.com.ar\/sitio\/2016\/04\/15\/victoria-al-tacho\/#primaryimage"},"thumbnailUrl":"http:\/\/gentedebasquet.com.ar\/sitio\/wp-content\/uploads\/2016\/04\/Independiente-Whitense.jpg","keywords":["independiente","Juan Ignacio De Pastena","Sebasti\u00e1n Tacchetti","Whitense"],"articleSection":["Segunda","Slide"],"inLanguage":"es"},{"@type":"WebPage","@id":"https:\/\/gentedebasquet.com.ar\/sitio\/2016\/04\/15\/victoria-al-tacho\/","url":"https:\/\/gentedebasquet.com.ar\/sitio\/2016\/04\/15\/victoria-al-tacho\/","name":"Victoria al Tacho - Gente de B\u00e1squet","isPartOf":{"@id":"https:\/\/gentedebasquet.com.ar\/sitio\/#website"},"primaryImageOfPage":{"@id":"https:\/\/gentedebasquet.com.ar\/sitio\/2016\/04\/15\/victoria-al-tacho\/#primaryimage"},"image":{"@id":"https:\/\/gentedebasquet.com.ar\/sitio\/2016\/04\/15\/victoria-al-tacho\/#primaryimage"},"thumbnailUrl":"http:\/\/gentedebasquet.com.ar\/sitio\/wp-content\/uploads\/2016\/04\/Independiente-Whitense.jpg","datePublished":"2016-04-16T02:10:36+00:00","author":{"@id":"https:\/\/gentedebasquet.com.ar\/sitio\/#\/schema\/person\/ca0b63bbb977369988a7bbbdc519943a"},"breadcrumb":{"@id":"https:\/\/gentedebasquet.com.ar\/sitio\/2016\/04\/15\/victoria-al-tacho\/#breadcrumb"},"inLanguage":"es","potentialAction":[{"@type":"ReadAction","target":["https:\/\/gentedebasquet.com.ar\/sitio\/2016\/04\/15\/victoria-al-tacho\/"]}]},{"@type":"ImageObject","inLanguage":"es","@id":"https:\/\/gentedebasquet.com.ar\/sitio\/2016\/04\/15\/victoria-al-tacho\/#primaryimage","url":"http:\/\/gentedebasquet.com.ar\/sitio\/wp-content\/uploads\/2016\/04\/Independiente-Whitense.jpg","contentUrl":"http:\/\/gentedebasquet.com.ar\/sitio\/wp-content\/uploads\/2016\/04\/Independiente-Whitense.jpg","width":690,"height":319},{"@type":"BreadcrumbList","@id":"https:\/\/gentedebasquet.com.ar\/sitio\/2016\/04\/15\/victoria-al-tacho\/#breadcrumb","itemListElement":[{"@type":"ListItem","position":1,"name":"Portada","item":"https:\/\/gentedebasquet.com.ar\/sitio\/"},{"@type":"ListItem","position":2,"name":"Victoria al Tacho"}]},{"@type":"WebSite","@id":"https:\/\/gentedebasquet.com.ar\/sitio\/#website","url":"https:\/\/gentedebasquet.com.ar\/sitio\/","name":"Gente de B\u00e1squet","description":"La revista del basquet de Bah\u00eda Blanca","potentialAction":[{"@type":"SearchAction","target":{"@type":"EntryPoint","urlTemplate":"https:\/\/gentedebasquet.com.ar\/sitio\/?s={search_term_string}"},"query-input":{"@type":"PropertyValueSpecification","valueRequired":true,"valueName":"search_term_string"}}],"inLanguage":"es"},{"@type":"Person","@id":"https:\/\/gentedebasquet.com.ar\/sitio\/#\/schema\/person\/ca0b63bbb977369988a7bbbdc519943a","name":"Gente de B\u00e1squet","image":{"@type":"ImageObject","inLanguage":"es","@id":"https:\/\/secure.gravatar.com\/avatar\/7f2c48bdc33b30088f941fb6082e555f2874c98e20cb159d7b92b50eadfce793?s=96&d=mm&r=g","url":"https:\/\/secure.gravatar.com\/avatar\/7f2c48bdc33b30088f941fb6082e555f2874c98e20cb159d7b92b50eadfce793?s=96&d=mm&r=g","contentUrl":"https:\/\/secure.gravatar.com\/avatar\/7f2c48bdc33b30088f941fb6082e555f2874c98e20cb159d7b92b50eadfce793?s=96&d=mm&r=g","caption":"Gente de B\u00e1squet"},"sameAs":["http:\/\/gentedebasquet.com.ar\/sitio"],"url":"http:\/\/gentedebasquet.com.ar\/sitio\/author\/ulises\/"}]}},"_links":{"self":[{"href":"http:\/\/gentedebasquet.com.ar\/sitio\/wp-json\/wp\/v2\/posts\/58471","targetHints":{"allow":["GET"]}}],"collection":[{"href":"http:\/\/gentedebasquet.com.ar\/sitio\/wp-json\/wp\/v2\/posts"}],"about":[{"href":"http:\/\/gentedebasquet.com.ar\/sitio\/wp-json\/wp\/v2\/types\/post"}],"author":[{"embeddable":true,"href":"http:\/\/gentedebasquet.com.ar\/sitio\/wp-json\/wp\/v2\/users\/1"}],"replies":[{"embeddable":true,"href":"http:\/\/gentedebasquet.com.ar\/sitio\/wp-json\/wp\/v2\/comments?post=58471"}],"version-history":[{"count":0,"href":"http:\/\/gentedebasquet.com.ar\/sitio\/wp-json\/wp\/v2\/posts\/58471\/revisions"}],"wp:featuredmedia":[{"embeddable":true,"href":"http:\/\/gentedebasquet.com.ar\/sitio\/wp-json\/wp\/v2\/media\/58502"}],"wp:attachment":[{"href":"http:\/\/gentedebasquet.com.ar\/sitio\/wp-json\/wp\/v2\/media?parent=58471"}],"wp:term":[{"taxonomy":"category","embeddable":true,"href":"http:\/\/gentedebasquet.com.ar\/sitio\/wp-json\/wp\/v2\/categories?post=58471"},{"taxonomy":"post_tag","embeddable":true,"href":"http:\/\/gentedebasquet.com.ar\/sitio\/wp-json\/wp\/v2\/tags?post=58471"}],"curies":[{"name":"wp","href":"https:\/\/api.w.org\/{rel}","templated":true}]}}