{"id":600,"date":"2011-10-08T04:43:21","date_gmt":"2011-10-08T04:43:21","guid":{"rendered":"http:\/\/www.gentedebasquet.com.ar\/?p=600"},"modified":"2011-10-08T04:43:21","modified_gmt":"2011-10-08T04:43:21","slug":"el-barba-ilumino-el-bosque","status":"publish","type":"post","link":"http:\/\/gentedebasquet.com.ar\/sitio\/2011\/10\/08\/el-barba-ilumino-el-bosque\/","title":{"rendered":"El \u201cBarba\u201d ilumin\u00f3 el \u201cBosque\u201d"},"content":{"rendered":"<p style=\"text-align: center\"><a title=\"El \u201cBarba\u201d ilumin\u00f3 el \u201cBosque\u201d\" href=\"http:\/\/www.gentedebasquet.com.ar\/?p=600\"><img decoding=\"async\" class=\"aligncenter size-large wp-image-601\" src=\"http:\/\/www.gentedebasquet.com.ar\/wp-content\/uploads\/2011\/10\/Imagen0053-e1318075703652-1024x744.jpg\" alt=\"\" \/><\/a><\/p>\n<p><strong><em>Independiente derrot\u00f3 a Barracas, en calidad de visitante, por 76 a 72 y se qued\u00f3 con el cl\u00e1sico de barrio, de la decimoquinta fecha del Oficial de Segunda.<br \/>\nLa figura del partido fue Stefano Barba con 26 unidades y 8 rebotes, mientras que en Barracas sobresalieron Agust\u00edn Juanpataoro e Ignacio Sella con 18 unidades cada uno.<!--more--><\/em><\/strong><\/p>\n<p>El partido comenz\u00f3 con un tr\u00e1mite chato y feo para la vista: 0-5 para \u201cel viola\u201d en 3m30seg, con ambos equipos muy err\u00e1ticos: 1\/9 en tiros de campo entre ambos.<br \/>\nIturralde solicit\u00f3 minuto, y a partir de ah\u00ed el local domin\u00f3 a su rival y con un parcial de 19-3 (7 de Schmidt y 6 de Rodr\u00edguez) \u00a0pas\u00f3 al frente 19-10, que se transform\u00f3 en 26-17 en el final del segmento.<\/p>\n<p>En el segundo cuarto Sella someti\u00f3 en ambos cristales (4rebotes y 3 rebotes), Juanpataoro castig\u00f3 desde los 6,75mts (12 puntos con 2\/2 en triples) y el local estir\u00f3 la ventaja diecis\u00e9is, sacando la m\u00e1xima del juego: 44-28. La visita solo inquiet\u00f3 con la fuerza de Montanaro (5pts), pero estuvo lejos de molestar a su rival, por lo que el primer tiempo finaliz\u00f3 46-32 para \u201cEl Bosque\u201d.<\/p>\n<p>El inicio de la complementaria fue similar al del arranque del partido: ambos elencos erraron m\u00e1s de lo que convirtieron (Barracas 1\/5, e Independiente 2\/8) y el local mantuvo la ventaja (51-37). No obstante, Montanaro no permiti\u00f3 segundos tiros (5 recobres), Barba se rasp\u00f3 debajo del cristal ajeno (8 puntos y 3 rebotes) y los de Palumbo achicaron a cuatro (56-52), para ingresar al \u00faltimo cap\u00edtulo 58-52 abajo.<\/p>\n<p>El \u00faltimo, y m\u00e1s emocionante periodo, pod\u00eda presagiar cualquier cosa. Es que Barracas pod\u00eda liquidarlo o Independiente ajustar marcas (no lo hab\u00eda hecho a lo largo del encuentro) y aspirar a llegar con chances al final. Finalmente se dio la \u00faltima opci\u00f3n y la visita se termin\u00f3 llevando una victoria muy festejada, ya que Barba se carg\u00f3 el equipo al hombro (10 puntos), Sacrist\u00e1n castig\u00f3 desde lejos (12 puntos con 3\/3 en triples) y el local se qued\u00f3 sin gol (5\/18), facilit\u00e1ndole las acciones a su rival.<\/p>\n<p><strong><em><span style=\"text-decoration: underline\">S\u00edntesis: <\/span><\/em><\/strong><\/p>\n<p><strong>Barracas 72: <\/strong><\/p>\n<p>A. Juanpataoro 18; I. Sella 18; S. Rodr\u00edguez 8; C. Schmidt 13; S. Marco 13.<br \/>\nM. Segal 2; M. Settimi s\/u; L. Romano s\/u.<br \/>\nDT: J. Iturralde.<\/p>\n<p><strong>Independiente 76: <\/strong><\/p>\n<p>M. Minervino 9; M. Sacrist\u00e1n 17; M. Trellini 5; S. Barba 26; G. De La Torre 3.<br \/>\nB. Sagripandi 2; J.M. Pites 2; C. Brugniere 4; M. Sosa s\/u.<br \/>\nDT: J. Palumbo.<\/p>\n<p><strong>Cuartos:<\/strong> 26-17; 46-32; 58-52.<br \/>\n<strong>\u00c1rbitros:<\/strong> J. Scheffer- L. Blanco.<br \/>\n<strong>5 Faltas:<\/strong> M. Minervino (I).<\/p>\n<p><strong><em><span style=\"text-decoration: underline\">Otros resultados:<\/span><\/em><\/strong> Naposta 74- La Falda 75; San Lorenzo 103- Pueyrredon 80; Estrella 81- Whitense 94; Sportivo 90- Alem 79.<br \/>\nLibre: Velocidad y Resistencia.<\/p>\n<p><strong><em><span style=\"text-decoration: underline\">Tabla de Posiciones:<\/span><\/em><\/strong> San Lorenzo 28; La Falda, Naposta y Sportivo 23; Independiente 21; Pueyrredon y Barracas 19; Velocidad y Resistencia y Estrella 18; Whitense 17; Alem 16.<\/p>\n<p><strong><em><span style=\"text-decoration: underline\">Tabla Acumulada:<\/span><\/em><\/strong> San Lorenzo 66; Naposta 55; Sportivo 54; Barracas 52; La Falda 51; Independiente y Pueyrredon 49; Estrella 47; Velocidad y Resistencia 46; Alem 45; Whitense 41.<\/p>\n","protected":false},"excerpt":{"rendered":"<p>Independiente derrot\u00f3 a Barracas, en calidad de visitante, por 76 a 72 y se qued\u00f3 con el cl\u00e1sico de barrio, de la decimoquinta fecha del Oficial de Segunda. La figura del partido fue Stefano Barba con 26 unidades y 8 rebotes, mientras que en Barracas sobresalieron Agust\u00edn Juanpataoro e Ignacio Sella con 18 unidades cada [&hellip;]<\/p>\n","protected":false},"author":5,"featured_media":0,"comment_status":"open","ping_status":"open","sticky":false,"template":"","format":"standard","meta":{"jnews-multi-image_gallery":[],"jnews_single_post":[],"jnews_primary_category":[],"footnotes":""},"categories":[25],"tags":[6,12],"class_list":["post-600","post","type-post","status-publish","format-standard","hentry","category-segunda","tag-barracas-central","tag-independiente"],"yoast_head":"<!-- This site is optimized with the Yoast SEO plugin v27.5 - https:\/\/yoast.com\/product\/yoast-seo-wordpress\/ -->\n<title>El \u201cBarba\u201d ilumin\u00f3 el \u201cBosque\u201d - Gente de B\u00e1squet<\/title>\n<meta name=\"robots\" content=\"index, follow, max-snippet:-1, max-image-preview:large, max-video-preview:-1\" \/>\n<link rel=\"canonical\" href=\"https:\/\/gentedebasquet.com.ar\/sitio\/2011\/10\/08\/el-barba-ilumino-el-bosque\/\" \/>\n<meta property=\"og:locale\" content=\"es_ES\" \/>\n<meta property=\"og:type\" content=\"article\" \/>\n<meta property=\"og:title\" content=\"El \u201cBarba\u201d ilumin\u00f3 el \u201cBosque\u201d - Gente de B\u00e1squet\" \/>\n<meta property=\"og:description\" content=\"Independiente derrot\u00f3 a Barracas, en calidad de visitante, por 76 a 72 y se qued\u00f3 con el cl\u00e1sico de barrio, de la decimoquinta fecha del Oficial de Segunda. La figura del partido fue Stefano Barba con 26 unidades y 8 rebotes, mientras que en Barracas sobresalieron Agust\u00edn Juanpataoro e Ignacio Sella con 18 unidades cada [&hellip;]\" \/>\n<meta property=\"og:url\" content=\"https:\/\/gentedebasquet.com.ar\/sitio\/2011\/10\/08\/el-barba-ilumino-el-bosque\/\" \/>\n<meta property=\"og:site_name\" content=\"Gente de B\u00e1squet\" \/>\n<meta property=\"article:published_time\" content=\"2011-10-08T04:43:21+00:00\" \/>\n<meta property=\"og:image\" content=\"http:\/\/www.gentedebasquet.com.ar\/wp-content\/uploads\/2011\/10\/Imagen0053-e1318075703652-1024x744.jpg\" \/>\n<meta name=\"author\" content=\"Mati Ortiz\" \/>\n<meta name=\"twitter:card\" content=\"summary_large_image\" \/>\n<meta name=\"twitter:label1\" content=\"Escrito por\" \/>\n\t<meta name=\"twitter:data1\" content=\"Mati Ortiz\" \/>\n\t<meta name=\"twitter:label2\" content=\"Tiempo de lectura\" \/>\n\t<meta name=\"twitter:data2\" content=\"2 minutos\" \/>\n<script type=\"application\/ld+json\" class=\"yoast-schema-graph\">{\"@context\":\"https:\\\/\\\/schema.org\",\"@graph\":[{\"@type\":\"Article\",\"@id\":\"https:\\\/\\\/gentedebasquet.com.ar\\\/sitio\\\/2011\\\/10\\\/08\\\/el-barba-ilumino-el-bosque\\\/#article\",\"isPartOf\":{\"@id\":\"https:\\\/\\\/gentedebasquet.com.ar\\\/sitio\\\/2011\\\/10\\\/08\\\/el-barba-ilumino-el-bosque\\\/\"},\"author\":{\"name\":\"Mati Ortiz\",\"@id\":\"https:\\\/\\\/gentedebasquet.com.ar\\\/sitio\\\/#\\\/schema\\\/person\\\/bdfda4f76826a67711ffbc5c019867b1\"},\"headline\":\"El \u201cBarba\u201d ilumin\u00f3 el \u201cBosque\u201d\",\"datePublished\":\"2011-10-08T04:43:21+00:00\",\"mainEntityOfPage\":{\"@id\":\"https:\\\/\\\/gentedebasquet.com.ar\\\/sitio\\\/2011\\\/10\\\/08\\\/el-barba-ilumino-el-bosque\\\/\"},\"wordCount\":477,\"commentCount\":0,\"image\":{\"@id\":\"https:\\\/\\\/gentedebasquet.com.ar\\\/sitio\\\/2011\\\/10\\\/08\\\/el-barba-ilumino-el-bosque\\\/#primaryimage\"},\"thumbnailUrl\":\"http:\\\/\\\/www.gentedebasquet.com.ar\\\/wp-content\\\/uploads\\\/2011\\\/10\\\/Imagen0053-e1318075703652-1024x744.jpg\",\"keywords\":[\"Barracas Central\",\"independiente\"],\"articleSection\":[\"Segunda\"],\"inLanguage\":\"es\",\"potentialAction\":[{\"@type\":\"CommentAction\",\"name\":\"Comment\",\"target\":[\"https:\\\/\\\/gentedebasquet.com.ar\\\/sitio\\\/2011\\\/10\\\/08\\\/el-barba-ilumino-el-bosque\\\/#respond\"]}]},{\"@type\":\"WebPage\",\"@id\":\"https:\\\/\\\/gentedebasquet.com.ar\\\/sitio\\\/2011\\\/10\\\/08\\\/el-barba-ilumino-el-bosque\\\/\",\"url\":\"https:\\\/\\\/gentedebasquet.com.ar\\\/sitio\\\/2011\\\/10\\\/08\\\/el-barba-ilumino-el-bosque\\\/\",\"name\":\"El \u201cBarba\u201d ilumin\u00f3 el \u201cBosque\u201d - Gente de B\u00e1squet\",\"isPartOf\":{\"@id\":\"https:\\\/\\\/gentedebasquet.com.ar\\\/sitio\\\/#website\"},\"primaryImageOfPage\":{\"@id\":\"https:\\\/\\\/gentedebasquet.com.ar\\\/sitio\\\/2011\\\/10\\\/08\\\/el-barba-ilumino-el-bosque\\\/#primaryimage\"},\"image\":{\"@id\":\"https:\\\/\\\/gentedebasquet.com.ar\\\/sitio\\\/2011\\\/10\\\/08\\\/el-barba-ilumino-el-bosque\\\/#primaryimage\"},\"thumbnailUrl\":\"http:\\\/\\\/www.gentedebasquet.com.ar\\\/wp-content\\\/uploads\\\/2011\\\/10\\\/Imagen0053-e1318075703652-1024x744.jpg\",\"datePublished\":\"2011-10-08T04:43:21+00:00\",\"author\":{\"@id\":\"https:\\\/\\\/gentedebasquet.com.ar\\\/sitio\\\/#\\\/schema\\\/person\\\/bdfda4f76826a67711ffbc5c019867b1\"},\"breadcrumb\":{\"@id\":\"https:\\\/\\\/gentedebasquet.com.ar\\\/sitio\\\/2011\\\/10\\\/08\\\/el-barba-ilumino-el-bosque\\\/#breadcrumb\"},\"inLanguage\":\"es\",\"potentialAction\":[{\"@type\":\"ReadAction\",\"target\":[\"https:\\\/\\\/gentedebasquet.com.ar\\\/sitio\\\/2011\\\/10\\\/08\\\/el-barba-ilumino-el-bosque\\\/\"]}]},{\"@type\":\"ImageObject\",\"inLanguage\":\"es\",\"@id\":\"https:\\\/\\\/gentedebasquet.com.ar\\\/sitio\\\/2011\\\/10\\\/08\\\/el-barba-ilumino-el-bosque\\\/#primaryimage\",\"url\":\"http:\\\/\\\/www.gentedebasquet.com.ar\\\/wp-content\\\/uploads\\\/2011\\\/10\\\/Imagen0053-e1318075703652-1024x744.jpg\",\"contentUrl\":\"http:\\\/\\\/www.gentedebasquet.com.ar\\\/wp-content\\\/uploads\\\/2011\\\/10\\\/Imagen0053-e1318075703652-1024x744.jpg\"},{\"@type\":\"BreadcrumbList\",\"@id\":\"https:\\\/\\\/gentedebasquet.com.ar\\\/sitio\\\/2011\\\/10\\\/08\\\/el-barba-ilumino-el-bosque\\\/#breadcrumb\",\"itemListElement\":[{\"@type\":\"ListItem\",\"position\":1,\"name\":\"Portada\",\"item\":\"https:\\\/\\\/gentedebasquet.com.ar\\\/sitio\\\/\"},{\"@type\":\"ListItem\",\"position\":2,\"name\":\"El \u201cBarba\u201d ilumin\u00f3 el \u201cBosque\u201d\"}]},{\"@type\":\"WebSite\",\"@id\":\"https:\\\/\\\/gentedebasquet.com.ar\\\/sitio\\\/#website\",\"url\":\"https:\\\/\\\/gentedebasquet.com.ar\\\/sitio\\\/\",\"name\":\"Gente de B\u00e1squet\",\"description\":\"La revista del basquet de Bah\u00eda Blanca\",\"potentialAction\":[{\"@type\":\"SearchAction\",\"target\":{\"@type\":\"EntryPoint\",\"urlTemplate\":\"https:\\\/\\\/gentedebasquet.com.ar\\\/sitio\\\/?s={search_term_string}\"},\"query-input\":{\"@type\":\"PropertyValueSpecification\",\"valueRequired\":true,\"valueName\":\"search_term_string\"}}],\"inLanguage\":\"es\"},{\"@type\":\"Person\",\"@id\":\"https:\\\/\\\/gentedebasquet.com.ar\\\/sitio\\\/#\\\/schema\\\/person\\\/bdfda4f76826a67711ffbc5c019867b1\",\"name\":\"Mati Ortiz\",\"image\":{\"@type\":\"ImageObject\",\"inLanguage\":\"es\",\"@id\":\"https:\\\/\\\/secure.gravatar.com\\\/avatar\\\/639f103875d0262257ad455ccde7a9fdf5a890a827f0e877d951e4fb1b0906e5?s=96&d=mm&r=g\",\"url\":\"https:\\\/\\\/secure.gravatar.com\\\/avatar\\\/639f103875d0262257ad455ccde7a9fdf5a890a827f0e877d951e4fb1b0906e5?s=96&d=mm&r=g\",\"contentUrl\":\"https:\\\/\\\/secure.gravatar.com\\\/avatar\\\/639f103875d0262257ad455ccde7a9fdf5a890a827f0e877d951e4fb1b0906e5?s=96&d=mm&r=g\",\"caption\":\"Mati Ortiz\"},\"url\":\"http:\\\/\\\/gentedebasquet.com.ar\\\/sitio\\\/author\\\/mati-ortiz\\\/\"}]}<\/script>\n<!-- \/ Yoast SEO plugin. -->","yoast_head_json":{"title":"El \u201cBarba\u201d ilumin\u00f3 el \u201cBosque\u201d - Gente de B\u00e1squet","robots":{"index":"index","follow":"follow","max-snippet":"max-snippet:-1","max-image-preview":"max-image-preview:large","max-video-preview":"max-video-preview:-1"},"canonical":"https:\/\/gentedebasquet.com.ar\/sitio\/2011\/10\/08\/el-barba-ilumino-el-bosque\/","og_locale":"es_ES","og_type":"article","og_title":"El \u201cBarba\u201d ilumin\u00f3 el \u201cBosque\u201d - Gente de B\u00e1squet","og_description":"Independiente derrot\u00f3 a Barracas, en calidad de visitante, por 76 a 72 y se qued\u00f3 con el cl\u00e1sico de barrio, de la decimoquinta fecha del Oficial de Segunda. La figura del partido fue Stefano Barba con 26 unidades y 8 rebotes, mientras que en Barracas sobresalieron Agust\u00edn Juanpataoro e Ignacio Sella con 18 unidades cada [&hellip;]","og_url":"https:\/\/gentedebasquet.com.ar\/sitio\/2011\/10\/08\/el-barba-ilumino-el-bosque\/","og_site_name":"Gente de B\u00e1squet","article_published_time":"2011-10-08T04:43:21+00:00","og_image":[{"url":"http:\/\/www.gentedebasquet.com.ar\/wp-content\/uploads\/2011\/10\/Imagen0053-e1318075703652-1024x744.jpg","type":"","width":"","height":""}],"author":"Mati Ortiz","twitter_card":"summary_large_image","twitter_misc":{"Escrito por":"Mati Ortiz","Tiempo de lectura":"2 minutos"},"schema":{"@context":"https:\/\/schema.org","@graph":[{"@type":"Article","@id":"https:\/\/gentedebasquet.com.ar\/sitio\/2011\/10\/08\/el-barba-ilumino-el-bosque\/#article","isPartOf":{"@id":"https:\/\/gentedebasquet.com.ar\/sitio\/2011\/10\/08\/el-barba-ilumino-el-bosque\/"},"author":{"name":"Mati Ortiz","@id":"https:\/\/gentedebasquet.com.ar\/sitio\/#\/schema\/person\/bdfda4f76826a67711ffbc5c019867b1"},"headline":"El \u201cBarba\u201d ilumin\u00f3 el \u201cBosque\u201d","datePublished":"2011-10-08T04:43:21+00:00","mainEntityOfPage":{"@id":"https:\/\/gentedebasquet.com.ar\/sitio\/2011\/10\/08\/el-barba-ilumino-el-bosque\/"},"wordCount":477,"commentCount":0,"image":{"@id":"https:\/\/gentedebasquet.com.ar\/sitio\/2011\/10\/08\/el-barba-ilumino-el-bosque\/#primaryimage"},"thumbnailUrl":"http:\/\/www.gentedebasquet.com.ar\/wp-content\/uploads\/2011\/10\/Imagen0053-e1318075703652-1024x744.jpg","keywords":["Barracas Central","independiente"],"articleSection":["Segunda"],"inLanguage":"es","potentialAction":[{"@type":"CommentAction","name":"Comment","target":["https:\/\/gentedebasquet.com.ar\/sitio\/2011\/10\/08\/el-barba-ilumino-el-bosque\/#respond"]}]},{"@type":"WebPage","@id":"https:\/\/gentedebasquet.com.ar\/sitio\/2011\/10\/08\/el-barba-ilumino-el-bosque\/","url":"https:\/\/gentedebasquet.com.ar\/sitio\/2011\/10\/08\/el-barba-ilumino-el-bosque\/","name":"El \u201cBarba\u201d ilumin\u00f3 el \u201cBosque\u201d - Gente de B\u00e1squet","isPartOf":{"@id":"https:\/\/gentedebasquet.com.ar\/sitio\/#website"},"primaryImageOfPage":{"@id":"https:\/\/gentedebasquet.com.ar\/sitio\/2011\/10\/08\/el-barba-ilumino-el-bosque\/#primaryimage"},"image":{"@id":"https:\/\/gentedebasquet.com.ar\/sitio\/2011\/10\/08\/el-barba-ilumino-el-bosque\/#primaryimage"},"thumbnailUrl":"http:\/\/www.gentedebasquet.com.ar\/wp-content\/uploads\/2011\/10\/Imagen0053-e1318075703652-1024x744.jpg","datePublished":"2011-10-08T04:43:21+00:00","author":{"@id":"https:\/\/gentedebasquet.com.ar\/sitio\/#\/schema\/person\/bdfda4f76826a67711ffbc5c019867b1"},"breadcrumb":{"@id":"https:\/\/gentedebasquet.com.ar\/sitio\/2011\/10\/08\/el-barba-ilumino-el-bosque\/#breadcrumb"},"inLanguage":"es","potentialAction":[{"@type":"ReadAction","target":["https:\/\/gentedebasquet.com.ar\/sitio\/2011\/10\/08\/el-barba-ilumino-el-bosque\/"]}]},{"@type":"ImageObject","inLanguage":"es","@id":"https:\/\/gentedebasquet.com.ar\/sitio\/2011\/10\/08\/el-barba-ilumino-el-bosque\/#primaryimage","url":"http:\/\/www.gentedebasquet.com.ar\/wp-content\/uploads\/2011\/10\/Imagen0053-e1318075703652-1024x744.jpg","contentUrl":"http:\/\/www.gentedebasquet.com.ar\/wp-content\/uploads\/2011\/10\/Imagen0053-e1318075703652-1024x744.jpg"},{"@type":"BreadcrumbList","@id":"https:\/\/gentedebasquet.com.ar\/sitio\/2011\/10\/08\/el-barba-ilumino-el-bosque\/#breadcrumb","itemListElement":[{"@type":"ListItem","position":1,"name":"Portada","item":"https:\/\/gentedebasquet.com.ar\/sitio\/"},{"@type":"ListItem","position":2,"name":"El \u201cBarba\u201d ilumin\u00f3 el \u201cBosque\u201d"}]},{"@type":"WebSite","@id":"https:\/\/gentedebasquet.com.ar\/sitio\/#website","url":"https:\/\/gentedebasquet.com.ar\/sitio\/","name":"Gente de B\u00e1squet","description":"La revista del basquet de Bah\u00eda Blanca","potentialAction":[{"@type":"SearchAction","target":{"@type":"EntryPoint","urlTemplate":"https:\/\/gentedebasquet.com.ar\/sitio\/?s={search_term_string}"},"query-input":{"@type":"PropertyValueSpecification","valueRequired":true,"valueName":"search_term_string"}}],"inLanguage":"es"},{"@type":"Person","@id":"https:\/\/gentedebasquet.com.ar\/sitio\/#\/schema\/person\/bdfda4f76826a67711ffbc5c019867b1","name":"Mati Ortiz","image":{"@type":"ImageObject","inLanguage":"es","@id":"https:\/\/secure.gravatar.com\/avatar\/639f103875d0262257ad455ccde7a9fdf5a890a827f0e877d951e4fb1b0906e5?s=96&d=mm&r=g","url":"https:\/\/secure.gravatar.com\/avatar\/639f103875d0262257ad455ccde7a9fdf5a890a827f0e877d951e4fb1b0906e5?s=96&d=mm&r=g","contentUrl":"https:\/\/secure.gravatar.com\/avatar\/639f103875d0262257ad455ccde7a9fdf5a890a827f0e877d951e4fb1b0906e5?s=96&d=mm&r=g","caption":"Mati Ortiz"},"url":"http:\/\/gentedebasquet.com.ar\/sitio\/author\/mati-ortiz\/"}]}},"_links":{"self":[{"href":"http:\/\/gentedebasquet.com.ar\/sitio\/wp-json\/wp\/v2\/posts\/600","targetHints":{"allow":["GET"]}}],"collection":[{"href":"http:\/\/gentedebasquet.com.ar\/sitio\/wp-json\/wp\/v2\/posts"}],"about":[{"href":"http:\/\/gentedebasquet.com.ar\/sitio\/wp-json\/wp\/v2\/types\/post"}],"author":[{"embeddable":true,"href":"http:\/\/gentedebasquet.com.ar\/sitio\/wp-json\/wp\/v2\/users\/5"}],"replies":[{"embeddable":true,"href":"http:\/\/gentedebasquet.com.ar\/sitio\/wp-json\/wp\/v2\/comments?post=600"}],"version-history":[{"count":0,"href":"http:\/\/gentedebasquet.com.ar\/sitio\/wp-json\/wp\/v2\/posts\/600\/revisions"}],"wp:attachment":[{"href":"http:\/\/gentedebasquet.com.ar\/sitio\/wp-json\/wp\/v2\/media?parent=600"}],"wp:term":[{"taxonomy":"category","embeddable":true,"href":"http:\/\/gentedebasquet.com.ar\/sitio\/wp-json\/wp\/v2\/categories?post=600"},{"taxonomy":"post_tag","embeddable":true,"href":"http:\/\/gentedebasquet.com.ar\/sitio\/wp-json\/wp\/v2\/tags?post=600"}],"curies":[{"name":"wp","href":"https:\/\/api.w.org\/{rel}","templated":true}]}}