{"id":60260,"date":"2016-05-24T23:20:26","date_gmt":"2016-05-25T02:20:26","guid":{"rendered":"http:\/\/www.gentedebasquet.com.ar\/?p=60260"},"modified":"2016-05-24T23:20:26","modified_gmt":"2016-05-25T02:20:26","slug":"cinti-me-quedo-cholo","status":"publish","type":"post","link":"http:\/\/gentedebasquet.com.ar\/sitio\/2016\/05\/24\/cinti-me-quedo-cholo\/","title":{"rendered":"Cinti me quedo Cholo"},"content":{"rendered":"<p><strong>La Falda se llev\u00f3 un intenso y desprolijo partido ante Sportivo Bahiense por 76 a 74 y acumul\u00f3 su cuarta victoria en fila. El due\u00f1o de casa lider\u00f3 gran parte del juego, en base a las actuaciones de Sebasti\u00e1n Cinti (17, con 8\/10 en libres) y Mart\u00edn \u00abCholo\u00bb Miguel (17, con 5\/8 en triples). Adem\u00e1s, Juli\u00e1n Rodr\u00edguez y Federico Vilouta (llevaba 1\/8 TL y meti\u00f3 uno clave en el cierre) aparecieron en el momentos m\u00e1s calientes de la noche. El tricolor, por su parte, revivi\u00f3 con bombas de Villoldo (24, con 4\/8) pero no tom\u00f3 buenas decisiones en el final y termin\u00f3 derrotado.<\/strong><\/p>\n<p>Con dos premisas totalmente opuestas, La Falda y Sportivo animaron un entretenido 1C. EL local apost\u00f3 a los lanzamientos desde el per\u00edmetro y tuvo \u00e9xito: 5\/7 en el segmento, con aciertos de cuatro jugadores diferentes (Cinti, Miguel, Vilouta y Lan). En frente, el tricolor fue m\u00e1s vertical hasta encontrar gol en la pintura, con Villoldo, Nico Mart\u00ednez o Asnaghi, en penetraci\u00f3n. La primera diferencia la provoc\u00f3 Mond\u00f3n, entreg\u00e1ndole 8 de luz al due\u00f1o de casa (18-10).<\/p>\n<p>No obstante, a trav\u00e9s de una presi\u00f3n m\u00e1s alta (La Falda perdi\u00f3 siete pelotas en el 2C), Sportivo se mantuvo a la expectativa. En este cuarto se dio una situaci\u00f3n agradable para la salud deportiva. Tuero felicit\u00f3 a Vilouta por una tremenda tapa que el jugador local le propin\u00f3 (restaban 4m36 para el T y el local ganaba 31-25). Al margen, en el complemento la visita se puso r\u00e1pidamente en partido al incorporar a Villoldo al circuito ofensivo.<\/p>\n<blockquote><p>Estoy teniendo un a\u00f1o complicado con los tiros libres (NdeR: 55,3 % en la temporada). No me puse nervioso, me daba gracia por la racha&#8230; ten\u00eda muy en claro que llevaba 1\/8 hasta que por suerte met\u00ed uno importante en el final. Fue un partido intenso de los dos lados y el aro se nos cerr\u00f3 en el segundo tiempo. Tuvimos un par de pelotas que nos ayudaron m\u00e1s a nosotros para cerrarlo bien (Federico Vilouta)<\/p><\/blockquote>\n<p>El ex 9 de Julio anot\u00f3 9 puntos en fila (triple, libre y doble m\u00e1s falta) y Sportivo pas\u00f3 al frente (42-43). Aunque d\u00e1ndole la bola a Mond\u00f3n, el local se repuso hasta que Miguel volvi\u00f3 a conectar dos bombas desde el costado derecho: 56-50 a 11m49. No obstante, la inestabilidad de ambos comenz\u00f3 a pesar. Primero, el tricolor sac\u00f3 4 de luz (68-72 a 2m10) con TL de Lucas Iriarte. Luego, Juli\u00e1n Rodr\u00edguez anot\u00f3 dos canastas calcadas (72-72) que dejaron abierto el final.<\/p>\n<p>En lo sucesivo y estando igualados 74-74, Tuero fall\u00f3 en el 1vs1. Luego, ahorcado por los 24s, Vilouta err\u00f3 a distancia, pero Miguel baj\u00f3 el ofensivo largo y Quevedo le cometi\u00f3 falta (1\/2). El rebote del TL fallado fue de Vilouta, que enseguida recibi\u00f3 el foul de Tuero: 1\/2 y al frente el local 76-74. La siguiente la condujo Tuero y alcanz\u00f3 a tirar inc\u00f3modo Quevedo, muy corto. Cinti tom\u00f3 la bola y fue cortado a 2s del final. Fall\u00f3 el primero y tir\u00f3 a errar el segundo porque a la visita le quedaba un tiempo muerto&#8230; En el rebote se esfum\u00f3 el partido.<\/p>\n<p>&nbsp;<\/p>\n<p>[vimeo]http:\/\/vimeo.com\/167995715[\/vimeo]<\/p>\n<p>&nbsp;<\/p>\n<p><strong>S\u00edntesis |<\/strong> Segunda Divisi\u00f3n &#8211; Fecha #16<\/p>\n<p><strong>La Falda 76:\u00a0<\/strong>Juli\u00e1n Rodr\u00edguez 11,\u00a0Mart\u00edn Miguel 17,\u00a0Sebati\u00e1n Cinti 17,\u00a0Andr\u00e9s Mond\u00f3n 10,\u00a0Gustavo Lan 5 (Fi);\u00a0Federico Vilouta 14,\u00a0Manuel Gim\u00e9nez 0,\u00a0Federico Gonz\u00e1lez 2,\u00a0Mart\u00edn Frola 0 y\u00a0Facundo Apcari\u00e1n 0.\u00a0DT: Miguel Loffredo.<\/p>\n<p><strong>Sportivo 74:<\/strong>\u00a0Joaqu\u00edn Tuero 7,\u00a0Yoel Asnaghi 10,\u00a0Mart\u00edn Quevedo 11,\u00a0Nicol\u00e1s Mart\u00ednez 8 (x),\u00a0Mart\u00edn Villoldo 24 (Fi);\u00a0Facundo Sastre 4,\u00a0Nahuel M\u00e9lida 3 (x),\u00a0Juli\u00e1n Gutt 0 y\u00a0Lucas Iriarte 7.\u00a0DT: Fernando \u00c1lvarez.<\/p>\n<p><strong>Parciales:<\/strong> 22-18, 40-34 (18-16), 58-54 (18-20) y 76-74 (18-20).<\/p>\n<p><strong>\u00c1rbitros:<\/strong> Jorge Scheffer &#8211; Mariano Enrique.<\/p>\n<p><strong>Estadio:<\/strong> La Caldera (La Falda).<\/p>\n<p><a href=\"https:\/\/docs.google.com\/spreadsheets\/d\/1SWakjI4aYVOfU84h0_ieuXeA-mt6aKqQsbBXbyNZ6X8\/pubhtml\" target=\"_blank\" rel=\"noopener\">Ver planilla<\/a><\/p>\n","protected":false},"excerpt":{"rendered":"<p>Seba (17) y Miguel (17) lideraron la victoria de La Falda sobre Sportivo por 76 a 74<\/p>\n","protected":false},"author":1,"featured_media":60265,"comment_status":"closed","ping_status":"open","sticky":false,"template":"","format":"standard","meta":{"jnews-multi-image_gallery":[],"jnews_single_post":[],"jnews_primary_category":[],"footnotes":""},"categories":[25,101],"tags":[303,13,249,688,227,20],"class_list":["post-60260","post","type-post","status-publish","format-standard","has-post-thumbnail","hentry","category-segunda","category-slide","tag-federico-vilouta","tag-la-falda","tag-martin-miguel","tag-martin-villoldo","tag-sebastian-cinti","tag-sportivo-bahiense"],"yoast_head":"<!-- This site is optimized with the Yoast SEO plugin v27.5 - https:\/\/yoast.com\/product\/yoast-seo-wordpress\/ -->\n<title>Cinti me quedo Cholo - Gente de B\u00e1squet<\/title>\n<meta name=\"robots\" content=\"index, follow, max-snippet:-1, max-image-preview:large, max-video-preview:-1\" \/>\n<link rel=\"canonical\" href=\"https:\/\/gentedebasquet.com.ar\/sitio\/2016\/05\/24\/cinti-me-quedo-cholo\/\" \/>\n<meta property=\"og:locale\" content=\"es_ES\" \/>\n<meta property=\"og:type\" content=\"article\" \/>\n<meta property=\"og:title\" content=\"Cinti me quedo Cholo - Gente de B\u00e1squet\" \/>\n<meta property=\"og:description\" content=\"Seba (17) y Miguel (17) lideraron la victoria de La Falda sobre Sportivo por 76 a 74\" \/>\n<meta property=\"og:url\" content=\"https:\/\/gentedebasquet.com.ar\/sitio\/2016\/05\/24\/cinti-me-quedo-cholo\/\" \/>\n<meta property=\"og:site_name\" content=\"Gente de B\u00e1squet\" \/>\n<meta property=\"article:published_time\" content=\"2016-05-25T02:20:26+00:00\" \/>\n<meta property=\"og:image\" content=\"https:\/\/gentedebasquet.com.ar\/sitio\/wp-content\/uploads\/2016\/05\/La-Falda-Sportivo-Cinti.jpg\" \/>\n\t<meta property=\"og:image:width\" content=\"690\" \/>\n\t<meta property=\"og:image:height\" content=\"319\" \/>\n\t<meta property=\"og:image:type\" content=\"image\/jpeg\" \/>\n<meta name=\"author\" content=\"Gente de B\u00e1squet\" \/>\n<meta name=\"twitter:card\" content=\"summary_large_image\" \/>\n<meta name=\"twitter:label1\" content=\"Escrito por\" \/>\n\t<meta name=\"twitter:data1\" content=\"Gente de B\u00e1squet\" \/>\n\t<meta name=\"twitter:label2\" content=\"Tiempo de lectura\" \/>\n\t<meta name=\"twitter:data2\" content=\"3 minutos\" \/>\n<script type=\"application\/ld+json\" class=\"yoast-schema-graph\">{\"@context\":\"https:\\\/\\\/schema.org\",\"@graph\":[{\"@type\":\"Article\",\"@id\":\"https:\\\/\\\/gentedebasquet.com.ar\\\/sitio\\\/2016\\\/05\\\/24\\\/cinti-me-quedo-cholo\\\/#article\",\"isPartOf\":{\"@id\":\"https:\\\/\\\/gentedebasquet.com.ar\\\/sitio\\\/2016\\\/05\\\/24\\\/cinti-me-quedo-cholo\\\/\"},\"author\":{\"name\":\"Gente de B\u00e1squet\",\"@id\":\"https:\\\/\\\/gentedebasquet.com.ar\\\/sitio\\\/#\\\/schema\\\/person\\\/ca0b63bbb977369988a7bbbdc519943a\"},\"headline\":\"Cinti me quedo Cholo\",\"datePublished\":\"2016-05-25T02:20:26+00:00\",\"mainEntityOfPage\":{\"@id\":\"https:\\\/\\\/gentedebasquet.com.ar\\\/sitio\\\/2016\\\/05\\\/24\\\/cinti-me-quedo-cholo\\\/\"},\"wordCount\":640,\"image\":{\"@id\":\"https:\\\/\\\/gentedebasquet.com.ar\\\/sitio\\\/2016\\\/05\\\/24\\\/cinti-me-quedo-cholo\\\/#primaryimage\"},\"thumbnailUrl\":\"http:\\\/\\\/gentedebasquet.com.ar\\\/sitio\\\/wp-content\\\/uploads\\\/2016\\\/05\\\/La-Falda-Sportivo-Cinti.jpg\",\"keywords\":[\"Federico Vilouta\",\"La Falda\",\"Mart\u00edn Miguel\",\"Mart\u00edn Villoldo\",\"Sebasti\u00e1n Cinti\",\"Sportivo Bahiense\"],\"articleSection\":[\"Segunda\",\"Slide\"],\"inLanguage\":\"es\"},{\"@type\":\"WebPage\",\"@id\":\"https:\\\/\\\/gentedebasquet.com.ar\\\/sitio\\\/2016\\\/05\\\/24\\\/cinti-me-quedo-cholo\\\/\",\"url\":\"https:\\\/\\\/gentedebasquet.com.ar\\\/sitio\\\/2016\\\/05\\\/24\\\/cinti-me-quedo-cholo\\\/\",\"name\":\"Cinti me quedo Cholo - Gente de B\u00e1squet\",\"isPartOf\":{\"@id\":\"https:\\\/\\\/gentedebasquet.com.ar\\\/sitio\\\/#website\"},\"primaryImageOfPage\":{\"@id\":\"https:\\\/\\\/gentedebasquet.com.ar\\\/sitio\\\/2016\\\/05\\\/24\\\/cinti-me-quedo-cholo\\\/#primaryimage\"},\"image\":{\"@id\":\"https:\\\/\\\/gentedebasquet.com.ar\\\/sitio\\\/2016\\\/05\\\/24\\\/cinti-me-quedo-cholo\\\/#primaryimage\"},\"thumbnailUrl\":\"http:\\\/\\\/gentedebasquet.com.ar\\\/sitio\\\/wp-content\\\/uploads\\\/2016\\\/05\\\/La-Falda-Sportivo-Cinti.jpg\",\"datePublished\":\"2016-05-25T02:20:26+00:00\",\"author\":{\"@id\":\"https:\\\/\\\/gentedebasquet.com.ar\\\/sitio\\\/#\\\/schema\\\/person\\\/ca0b63bbb977369988a7bbbdc519943a\"},\"breadcrumb\":{\"@id\":\"https:\\\/\\\/gentedebasquet.com.ar\\\/sitio\\\/2016\\\/05\\\/24\\\/cinti-me-quedo-cholo\\\/#breadcrumb\"},\"inLanguage\":\"es\",\"potentialAction\":[{\"@type\":\"ReadAction\",\"target\":[\"https:\\\/\\\/gentedebasquet.com.ar\\\/sitio\\\/2016\\\/05\\\/24\\\/cinti-me-quedo-cholo\\\/\"]}]},{\"@type\":\"ImageObject\",\"inLanguage\":\"es\",\"@id\":\"https:\\\/\\\/gentedebasquet.com.ar\\\/sitio\\\/2016\\\/05\\\/24\\\/cinti-me-quedo-cholo\\\/#primaryimage\",\"url\":\"http:\\\/\\\/gentedebasquet.com.ar\\\/sitio\\\/wp-content\\\/uploads\\\/2016\\\/05\\\/La-Falda-Sportivo-Cinti.jpg\",\"contentUrl\":\"http:\\\/\\\/gentedebasquet.com.ar\\\/sitio\\\/wp-content\\\/uploads\\\/2016\\\/05\\\/La-Falda-Sportivo-Cinti.jpg\",\"width\":690,\"height\":319},{\"@type\":\"BreadcrumbList\",\"@id\":\"https:\\\/\\\/gentedebasquet.com.ar\\\/sitio\\\/2016\\\/05\\\/24\\\/cinti-me-quedo-cholo\\\/#breadcrumb\",\"itemListElement\":[{\"@type\":\"ListItem\",\"position\":1,\"name\":\"Portada\",\"item\":\"https:\\\/\\\/gentedebasquet.com.ar\\\/sitio\\\/\"},{\"@type\":\"ListItem\",\"position\":2,\"name\":\"Cinti me quedo Cholo\"}]},{\"@type\":\"WebSite\",\"@id\":\"https:\\\/\\\/gentedebasquet.com.ar\\\/sitio\\\/#website\",\"url\":\"https:\\\/\\\/gentedebasquet.com.ar\\\/sitio\\\/\",\"name\":\"Gente de B\u00e1squet\",\"description\":\"La revista del basquet de Bah\u00eda Blanca\",\"potentialAction\":[{\"@type\":\"SearchAction\",\"target\":{\"@type\":\"EntryPoint\",\"urlTemplate\":\"https:\\\/\\\/gentedebasquet.com.ar\\\/sitio\\\/?s={search_term_string}\"},\"query-input\":{\"@type\":\"PropertyValueSpecification\",\"valueRequired\":true,\"valueName\":\"search_term_string\"}}],\"inLanguage\":\"es\"},{\"@type\":\"Person\",\"@id\":\"https:\\\/\\\/gentedebasquet.com.ar\\\/sitio\\\/#\\\/schema\\\/person\\\/ca0b63bbb977369988a7bbbdc519943a\",\"name\":\"Gente de B\u00e1squet\",\"image\":{\"@type\":\"ImageObject\",\"inLanguage\":\"es\",\"@id\":\"https:\\\/\\\/secure.gravatar.com\\\/avatar\\\/7f2c48bdc33b30088f941fb6082e555f2874c98e20cb159d7b92b50eadfce793?s=96&d=mm&r=g\",\"url\":\"https:\\\/\\\/secure.gravatar.com\\\/avatar\\\/7f2c48bdc33b30088f941fb6082e555f2874c98e20cb159d7b92b50eadfce793?s=96&d=mm&r=g\",\"contentUrl\":\"https:\\\/\\\/secure.gravatar.com\\\/avatar\\\/7f2c48bdc33b30088f941fb6082e555f2874c98e20cb159d7b92b50eadfce793?s=96&d=mm&r=g\",\"caption\":\"Gente de B\u00e1squet\"},\"sameAs\":[\"http:\\\/\\\/gentedebasquet.com.ar\\\/sitio\"],\"url\":\"http:\\\/\\\/gentedebasquet.com.ar\\\/sitio\\\/author\\\/ulises\\\/\"}]}<\/script>\n<!-- \/ Yoast SEO plugin. -->","yoast_head_json":{"title":"Cinti me quedo Cholo - Gente de B\u00e1squet","robots":{"index":"index","follow":"follow","max-snippet":"max-snippet:-1","max-image-preview":"max-image-preview:large","max-video-preview":"max-video-preview:-1"},"canonical":"https:\/\/gentedebasquet.com.ar\/sitio\/2016\/05\/24\/cinti-me-quedo-cholo\/","og_locale":"es_ES","og_type":"article","og_title":"Cinti me quedo Cholo - Gente de B\u00e1squet","og_description":"Seba (17) y Miguel (17) lideraron la victoria de La Falda sobre Sportivo por 76 a 74","og_url":"https:\/\/gentedebasquet.com.ar\/sitio\/2016\/05\/24\/cinti-me-quedo-cholo\/","og_site_name":"Gente de B\u00e1squet","article_published_time":"2016-05-25T02:20:26+00:00","og_image":[{"width":690,"height":319,"url":"https:\/\/gentedebasquet.com.ar\/sitio\/wp-content\/uploads\/2016\/05\/La-Falda-Sportivo-Cinti.jpg","type":"image\/jpeg"}],"author":"Gente de B\u00e1squet","twitter_card":"summary_large_image","twitter_misc":{"Escrito por":"Gente de B\u00e1squet","Tiempo de lectura":"3 minutos"},"schema":{"@context":"https:\/\/schema.org","@graph":[{"@type":"Article","@id":"https:\/\/gentedebasquet.com.ar\/sitio\/2016\/05\/24\/cinti-me-quedo-cholo\/#article","isPartOf":{"@id":"https:\/\/gentedebasquet.com.ar\/sitio\/2016\/05\/24\/cinti-me-quedo-cholo\/"},"author":{"name":"Gente de B\u00e1squet","@id":"https:\/\/gentedebasquet.com.ar\/sitio\/#\/schema\/person\/ca0b63bbb977369988a7bbbdc519943a"},"headline":"Cinti me quedo Cholo","datePublished":"2016-05-25T02:20:26+00:00","mainEntityOfPage":{"@id":"https:\/\/gentedebasquet.com.ar\/sitio\/2016\/05\/24\/cinti-me-quedo-cholo\/"},"wordCount":640,"image":{"@id":"https:\/\/gentedebasquet.com.ar\/sitio\/2016\/05\/24\/cinti-me-quedo-cholo\/#primaryimage"},"thumbnailUrl":"http:\/\/gentedebasquet.com.ar\/sitio\/wp-content\/uploads\/2016\/05\/La-Falda-Sportivo-Cinti.jpg","keywords":["Federico Vilouta","La Falda","Mart\u00edn Miguel","Mart\u00edn Villoldo","Sebasti\u00e1n Cinti","Sportivo Bahiense"],"articleSection":["Segunda","Slide"],"inLanguage":"es"},{"@type":"WebPage","@id":"https:\/\/gentedebasquet.com.ar\/sitio\/2016\/05\/24\/cinti-me-quedo-cholo\/","url":"https:\/\/gentedebasquet.com.ar\/sitio\/2016\/05\/24\/cinti-me-quedo-cholo\/","name":"Cinti me quedo Cholo - Gente de B\u00e1squet","isPartOf":{"@id":"https:\/\/gentedebasquet.com.ar\/sitio\/#website"},"primaryImageOfPage":{"@id":"https:\/\/gentedebasquet.com.ar\/sitio\/2016\/05\/24\/cinti-me-quedo-cholo\/#primaryimage"},"image":{"@id":"https:\/\/gentedebasquet.com.ar\/sitio\/2016\/05\/24\/cinti-me-quedo-cholo\/#primaryimage"},"thumbnailUrl":"http:\/\/gentedebasquet.com.ar\/sitio\/wp-content\/uploads\/2016\/05\/La-Falda-Sportivo-Cinti.jpg","datePublished":"2016-05-25T02:20:26+00:00","author":{"@id":"https:\/\/gentedebasquet.com.ar\/sitio\/#\/schema\/person\/ca0b63bbb977369988a7bbbdc519943a"},"breadcrumb":{"@id":"https:\/\/gentedebasquet.com.ar\/sitio\/2016\/05\/24\/cinti-me-quedo-cholo\/#breadcrumb"},"inLanguage":"es","potentialAction":[{"@type":"ReadAction","target":["https:\/\/gentedebasquet.com.ar\/sitio\/2016\/05\/24\/cinti-me-quedo-cholo\/"]}]},{"@type":"ImageObject","inLanguage":"es","@id":"https:\/\/gentedebasquet.com.ar\/sitio\/2016\/05\/24\/cinti-me-quedo-cholo\/#primaryimage","url":"http:\/\/gentedebasquet.com.ar\/sitio\/wp-content\/uploads\/2016\/05\/La-Falda-Sportivo-Cinti.jpg","contentUrl":"http:\/\/gentedebasquet.com.ar\/sitio\/wp-content\/uploads\/2016\/05\/La-Falda-Sportivo-Cinti.jpg","width":690,"height":319},{"@type":"BreadcrumbList","@id":"https:\/\/gentedebasquet.com.ar\/sitio\/2016\/05\/24\/cinti-me-quedo-cholo\/#breadcrumb","itemListElement":[{"@type":"ListItem","position":1,"name":"Portada","item":"https:\/\/gentedebasquet.com.ar\/sitio\/"},{"@type":"ListItem","position":2,"name":"Cinti me quedo Cholo"}]},{"@type":"WebSite","@id":"https:\/\/gentedebasquet.com.ar\/sitio\/#website","url":"https:\/\/gentedebasquet.com.ar\/sitio\/","name":"Gente de B\u00e1squet","description":"La revista del basquet de Bah\u00eda Blanca","potentialAction":[{"@type":"SearchAction","target":{"@type":"EntryPoint","urlTemplate":"https:\/\/gentedebasquet.com.ar\/sitio\/?s={search_term_string}"},"query-input":{"@type":"PropertyValueSpecification","valueRequired":true,"valueName":"search_term_string"}}],"inLanguage":"es"},{"@type":"Person","@id":"https:\/\/gentedebasquet.com.ar\/sitio\/#\/schema\/person\/ca0b63bbb977369988a7bbbdc519943a","name":"Gente de B\u00e1squet","image":{"@type":"ImageObject","inLanguage":"es","@id":"https:\/\/secure.gravatar.com\/avatar\/7f2c48bdc33b30088f941fb6082e555f2874c98e20cb159d7b92b50eadfce793?s=96&d=mm&r=g","url":"https:\/\/secure.gravatar.com\/avatar\/7f2c48bdc33b30088f941fb6082e555f2874c98e20cb159d7b92b50eadfce793?s=96&d=mm&r=g","contentUrl":"https:\/\/secure.gravatar.com\/avatar\/7f2c48bdc33b30088f941fb6082e555f2874c98e20cb159d7b92b50eadfce793?s=96&d=mm&r=g","caption":"Gente de B\u00e1squet"},"sameAs":["http:\/\/gentedebasquet.com.ar\/sitio"],"url":"http:\/\/gentedebasquet.com.ar\/sitio\/author\/ulises\/"}]}},"_links":{"self":[{"href":"http:\/\/gentedebasquet.com.ar\/sitio\/wp-json\/wp\/v2\/posts\/60260","targetHints":{"allow":["GET"]}}],"collection":[{"href":"http:\/\/gentedebasquet.com.ar\/sitio\/wp-json\/wp\/v2\/posts"}],"about":[{"href":"http:\/\/gentedebasquet.com.ar\/sitio\/wp-json\/wp\/v2\/types\/post"}],"author":[{"embeddable":true,"href":"http:\/\/gentedebasquet.com.ar\/sitio\/wp-json\/wp\/v2\/users\/1"}],"replies":[{"embeddable":true,"href":"http:\/\/gentedebasquet.com.ar\/sitio\/wp-json\/wp\/v2\/comments?post=60260"}],"version-history":[{"count":0,"href":"http:\/\/gentedebasquet.com.ar\/sitio\/wp-json\/wp\/v2\/posts\/60260\/revisions"}],"wp:featuredmedia":[{"embeddable":true,"href":"http:\/\/gentedebasquet.com.ar\/sitio\/wp-json\/wp\/v2\/media\/60265"}],"wp:attachment":[{"href":"http:\/\/gentedebasquet.com.ar\/sitio\/wp-json\/wp\/v2\/media?parent=60260"}],"wp:term":[{"taxonomy":"category","embeddable":true,"href":"http:\/\/gentedebasquet.com.ar\/sitio\/wp-json\/wp\/v2\/categories?post=60260"},{"taxonomy":"post_tag","embeddable":true,"href":"http:\/\/gentedebasquet.com.ar\/sitio\/wp-json\/wp\/v2\/tags?post=60260"}],"curies":[{"name":"wp","href":"https:\/\/api.w.org\/{rel}","templated":true}]}}