{"id":61126,"date":"2016-06-16T23:17:10","date_gmt":"2016-06-17T02:17:10","guid":{"rendered":"http:\/\/www.gentedebasquet.com.ar\/?p=61126"},"modified":"2016-06-16T23:17:10","modified_gmt":"2016-06-17T02:17:10","slug":"confianza-por-las-nubes","status":"publish","type":"post","link":"http:\/\/gentedebasquet.com.ar\/sitio\/2016\/06\/16\/confianza-por-las-nubes\/","title":{"rendered":"Confianza por las nubes"},"content":{"rendered":"<p><strong>En el cierre de la fase regular de\u00a0Primera, El Nacional derrot\u00f3 a Alem por 88 a 78 en el Hnos. Ciccioli. Tras un 3C\u00a0donde la visita sac\u00f3 a relucir su chapa de candidato, los de Juan Garc\u00eda se hicieron fuertes en defensa y en los instantes finales se abrazaron a la victoria. En el ganador, Lucas Chaves tuvo otra noche a puro gol y se luci\u00f3 con 30 puntos (4\/9 T3 &#8211; 7\/10 T2 y 4\/4 TL). Adem\u00e1s, Franco Amigo colabor\u00f3 con 16 (1\/5 T3 &#8211; 6\/6 T2 y 1\/4 TL) y St\u00e9fano Barba con 15 (4\/10 T2 y 7\/8 TL). Por su parte, en el elenco derrotado no alcanzaron las 21 unidades de Juan Pablo Rotta (2\/8 T3 &#8211; 5\/9 T2 y 5\/8 TL) ni las 20 de H\u00e9rman Banegas (8\/11 T2 y 4\/9 TL). El celeste (8\u00ba) cruzar\u00e1 con Estrella (9\u00ba) en Octavos y Alem (1\u00ba) esperar\u00e1 rival en Cuartos.<\/strong><\/p>\n<p>En el inicio del pleito, El Nacional dio cuenta de su buen momento en el certamen y esto le permiti\u00f3 la primera diferencia notable en el\u00a0juego. Con Lucas Chaves (10) liderando las\u00a0ofensivas, los de la Quinta se mostraron inteligentes y ordenados para ponerse 14-6 en el marcador, cifra que aument\u00f3 mediante la satisfactoria labor de\u00a0St\u00e9fano Barba (4) y la viveza de Pomar Garbarino (2) para cazar rebotes. En los de calle Azara, H\u00e9rman Banegas (4) luch\u00f3 debajo del aro para hacerse de cada pelota pero no la tuvo\u00a0para nada f\u00e1cil. A 1m para el cierre del segmento, el local estir\u00f3 de 6 a 10 la distancia en el tablero para irse al descanso 29-19 arriba.<\/p>\n<p>Ya en el segundo per\u00edodo, Alem creci\u00f3 en todo aspecto y encontr\u00f3 en los libres de Juan Pablo Rotta (7) y el mencionado H\u00e9rman Banegas (7), la manera de acortar la brecha para colocarse 31-26 a 7m50. Sin embargo, Lucas Chaves (7) y St\u00e9fano Barba (7) continuaban encendidos y el conjunto local volvi\u00f3 a alejarse en el resultado cuando promediaba el cuarto. Sin dudas, el minuto solicitado por Juan Garc\u00eda cuando el verdirrojo arremet\u00eda y lograba descontar, sirvi\u00f3 y mucho para que a la hora del descanso largo, El Nacional se encuentre\u00a0liderando las acciones por\u00a050-40.<\/p>\n<blockquote><p>Fue un partido que nos sirve justamente para cerrar la primera fase y arrancar los playoffs con el pie derecho. La verdad que hicimos una muy buena segunda rueda con estas cuatro victorias en fila, pero creo que sobretodo encontramos una identidad de equipo (Lucas Chaves)<\/p><\/blockquote>\n<p>Post descanso largo, se vio la mejor versi\u00f3n de Alem. Los de Paquito \u00c1lvarez mostraron se\u00f1ales\u00a0del mejor equipo de la fase regular y se pusieron\u00a0nuevamente en juego. A trav\u00e9s de dos bombazos de Fabricio Starc (6), Alem meti\u00f3 un parcial de 10-1 para estar 51-50 abajo con\u00a07 minutos por jugar. La respuesta del due\u00f1o de casa lleg\u00f3 reci\u00e9n sobre el final del per\u00edodo, cuando Chaves (10) contagi\u00f3 a los suyos y as\u00ed sac\u00f3 6 de ventaja previo a los \u00faltimos 10m. La historia estaba 67-61 en favor del celeste y comenzaba a aparecer la figura de Emiliano Iraola (4).<\/p>\n<p>Lleg\u00f3 el ep\u00edlogo y la paridad se hizo notar hasta el final. Primero, el goleador Chaves (30 en total) clav\u00f3 un triple para que el local aventaje 72-64. Luego, fue tiempo de ver en acci\u00f3n una vez m\u00e1s a Rotta (8), quien manten\u00eda vivas las ilusiones de Alem. Pese a esto, Franco Amigo (9) liquid\u00f3 el encuentro cuando tras un robo del Bocha Iraola, el alero se fue solito y solo hacia el aro y decret\u00f3 el triunfo del due\u00f1o de casa.<\/p>\n<p>&nbsp;<\/p>\n<p>[vimeo]http:\/\/vimeo.com\/171121369[\/vimeo]<\/p>\n<p>&nbsp;<\/p>\n<p><strong>S\u00edntesis| <\/strong>Primera Divisi\u00f3n \u2013 Ciudad de Bah\u00eda Blanca \u2013 Fecha #22<\/p>\n<p><strong>El Nacional 88:<\/strong>\u00a0Gonzalo Etchepare 5,\u00a0Lucas Chaves 30, Franco Amigo 16, Pomar Garbarino 9, St\u00e9fano Barba 15\u00a0(FI); Emiliano Iraola 11 (X), Esteban Arteaga 2, Mariano Blanche 0, Mateo Murphy 0, Emiliano Valbuena 0, Ferm\u00edn Garmendia 0 y Fausto De Paoli 0. DT: Juan Andr\u00e9s Garc\u00eda.<\/p>\n<p><strong>Alem 78:<\/strong>\u00a0Santiago Torre 5 (X), Juan Pablo Rotta 21, Dami\u00e1n Foulkes 2\u00a0(X), Fabricio Starc 16, Herman Banegas 20\u00a0(FI); Juan Ignacio Diomedi 5,\u00a0Augusto Priore 9, Genaro Priore 0, Juan Manuel Bicondoa 0, Patricio Zapata 0 y Nahuel Baldazarre 0. DT: Alejandro \u00c1lvarez.<\/p>\n<p><strong>Parciales: <\/strong>29-19, 50-40\u00a0(21-21), 67-61\u00a0(17-21) y 88-78\u00a0(21-17).<\/p>\n<p><strong>\u00c1rbitros:<\/strong> Sebasti\u00e1n Giannino y Mauro Reyes.<\/p>\n<p><strong>Estadio: <\/strong>Hnos. Ciccioli<strong>\u00a0<\/strong>(El Nacional).<\/p>\n<p><a href=\"https:\/\/docs.google.com\/spreadsheets\/d\/1IYY5x8KFpnEDGNFOY4d45dHeb9nmkZ0NsWTr5viWF4E\/pubhtml\" target=\"_blank\" rel=\"noopener\">Ver planilla<\/a><\/p>\n","protected":false},"excerpt":{"rendered":"<p>El Nacional alcanz\u00f3 su cuarta victoria en fila, al vencer 88 a 78 al l\u00edder Alem<\/p>\n","protected":false},"author":1,"featured_media":61166,"comment_status":"closed","ping_status":"open","sticky":false,"template":"","format":"standard","meta":{"jnews-multi-image_gallery":[],"jnews_single_post":[],"jnews_primary_category":[],"footnotes":""},"categories":[23,101],"tags":[3,9,661,242,223,230,48,79,658],"class_list":["post-61126","post","type-post","status-publish","format-standard","has-post-thumbnail","hentry","category-primera","category-slide","tag-alem","tag-el-nacional","tag-emiliano-iraola","tag-fabricio-starc","tag-franco-amigo","tag-herman-banegas","tag-juan-pablo-rotta","tag-lucas-chaves","tag-stefano-barba"],"yoast_head":"<!-- This site is optimized with the Yoast SEO plugin v27.5 - https:\/\/yoast.com\/product\/yoast-seo-wordpress\/ -->\n<title>Confianza por las nubes - Gente de B\u00e1squet<\/title>\n<meta name=\"robots\" content=\"index, follow, max-snippet:-1, max-image-preview:large, max-video-preview:-1\" \/>\n<link rel=\"canonical\" href=\"http:\/\/gentedebasquet.com.ar\/sitio\/2016\/06\/16\/confianza-por-las-nubes\/\" \/>\n<meta property=\"og:locale\" content=\"es_ES\" \/>\n<meta property=\"og:type\" content=\"article\" \/>\n<meta property=\"og:title\" content=\"Confianza por las nubes - Gente de B\u00e1squet\" \/>\n<meta property=\"og:description\" content=\"El Nacional alcanz\u00f3 su cuarta victoria en fila, al vencer 88 a 78 al l\u00edder Alem\" \/>\n<meta property=\"og:url\" content=\"http:\/\/gentedebasquet.com.ar\/sitio\/2016\/06\/16\/confianza-por-las-nubes\/\" \/>\n<meta property=\"og:site_name\" content=\"Gente de B\u00e1squet\" \/>\n<meta property=\"article:published_time\" content=\"2016-06-17T02:17:10+00:00\" \/>\n<meta property=\"og:image\" content=\"http:\/\/gentedebasquet.com.ar\/sitio\/wp-content\/uploads\/2016\/06\/El-Nacional-Alem-1.jpg\" \/>\n\t<meta property=\"og:image:width\" content=\"690\" \/>\n\t<meta property=\"og:image:height\" content=\"319\" \/>\n\t<meta property=\"og:image:type\" content=\"image\/jpeg\" \/>\n<meta name=\"author\" content=\"Gente de B\u00e1squet\" \/>\n<meta name=\"twitter:card\" content=\"summary_large_image\" \/>\n<meta name=\"twitter:label1\" content=\"Escrito por\" \/>\n\t<meta name=\"twitter:data1\" content=\"Gente de B\u00e1squet\" \/>\n\t<meta name=\"twitter:label2\" content=\"Tiempo de lectura\" \/>\n\t<meta name=\"twitter:data2\" content=\"3 minutos\" \/>\n<script type=\"application\/ld+json\" class=\"yoast-schema-graph\">{\"@context\":\"https:\\\/\\\/schema.org\",\"@graph\":[{\"@type\":\"Article\",\"@id\":\"http:\\\/\\\/gentedebasquet.com.ar\\\/sitio\\\/2016\\\/06\\\/16\\\/confianza-por-las-nubes\\\/#article\",\"isPartOf\":{\"@id\":\"http:\\\/\\\/gentedebasquet.com.ar\\\/sitio\\\/2016\\\/06\\\/16\\\/confianza-por-las-nubes\\\/\"},\"author\":{\"name\":\"Gente de B\u00e1squet\",\"@id\":\"https:\\\/\\\/gentedebasquet.com.ar\\\/sitio\\\/#\\\/schema\\\/person\\\/ca0b63bbb977369988a7bbbdc519943a\"},\"headline\":\"Confianza por las nubes\",\"datePublished\":\"2016-06-17T02:17:10+00:00\",\"mainEntityOfPage\":{\"@id\":\"http:\\\/\\\/gentedebasquet.com.ar\\\/sitio\\\/2016\\\/06\\\/16\\\/confianza-por-las-nubes\\\/\"},\"wordCount\":699,\"image\":{\"@id\":\"http:\\\/\\\/gentedebasquet.com.ar\\\/sitio\\\/2016\\\/06\\\/16\\\/confianza-por-las-nubes\\\/#primaryimage\"},\"thumbnailUrl\":\"http:\\\/\\\/gentedebasquet.com.ar\\\/sitio\\\/wp-content\\\/uploads\\\/2016\\\/06\\\/El-Nacional-Alem-1.jpg\",\"keywords\":[\"Alem\",\"El Nacional\",\"Emiliano Iraola\",\"Fabricio Starc\",\"Franco Amigo\",\"Herman Banegas\",\"Juan Pablo Rotta\",\"Lucas Chaves\",\"St\u00e9fano Barba\"],\"articleSection\":[\"Primera\",\"Slide\"],\"inLanguage\":\"es\"},{\"@type\":\"WebPage\",\"@id\":\"http:\\\/\\\/gentedebasquet.com.ar\\\/sitio\\\/2016\\\/06\\\/16\\\/confianza-por-las-nubes\\\/\",\"url\":\"http:\\\/\\\/gentedebasquet.com.ar\\\/sitio\\\/2016\\\/06\\\/16\\\/confianza-por-las-nubes\\\/\",\"name\":\"Confianza por las nubes - Gente de B\u00e1squet\",\"isPartOf\":{\"@id\":\"https:\\\/\\\/gentedebasquet.com.ar\\\/sitio\\\/#website\"},\"primaryImageOfPage\":{\"@id\":\"http:\\\/\\\/gentedebasquet.com.ar\\\/sitio\\\/2016\\\/06\\\/16\\\/confianza-por-las-nubes\\\/#primaryimage\"},\"image\":{\"@id\":\"http:\\\/\\\/gentedebasquet.com.ar\\\/sitio\\\/2016\\\/06\\\/16\\\/confianza-por-las-nubes\\\/#primaryimage\"},\"thumbnailUrl\":\"http:\\\/\\\/gentedebasquet.com.ar\\\/sitio\\\/wp-content\\\/uploads\\\/2016\\\/06\\\/El-Nacional-Alem-1.jpg\",\"datePublished\":\"2016-06-17T02:17:10+00:00\",\"author\":{\"@id\":\"https:\\\/\\\/gentedebasquet.com.ar\\\/sitio\\\/#\\\/schema\\\/person\\\/ca0b63bbb977369988a7bbbdc519943a\"},\"breadcrumb\":{\"@id\":\"http:\\\/\\\/gentedebasquet.com.ar\\\/sitio\\\/2016\\\/06\\\/16\\\/confianza-por-las-nubes\\\/#breadcrumb\"},\"inLanguage\":\"es\",\"potentialAction\":[{\"@type\":\"ReadAction\",\"target\":[\"http:\\\/\\\/gentedebasquet.com.ar\\\/sitio\\\/2016\\\/06\\\/16\\\/confianza-por-las-nubes\\\/\"]}]},{\"@type\":\"ImageObject\",\"inLanguage\":\"es\",\"@id\":\"http:\\\/\\\/gentedebasquet.com.ar\\\/sitio\\\/2016\\\/06\\\/16\\\/confianza-por-las-nubes\\\/#primaryimage\",\"url\":\"http:\\\/\\\/gentedebasquet.com.ar\\\/sitio\\\/wp-content\\\/uploads\\\/2016\\\/06\\\/El-Nacional-Alem-1.jpg\",\"contentUrl\":\"http:\\\/\\\/gentedebasquet.com.ar\\\/sitio\\\/wp-content\\\/uploads\\\/2016\\\/06\\\/El-Nacional-Alem-1.jpg\",\"width\":690,\"height\":319},{\"@type\":\"BreadcrumbList\",\"@id\":\"http:\\\/\\\/gentedebasquet.com.ar\\\/sitio\\\/2016\\\/06\\\/16\\\/confianza-por-las-nubes\\\/#breadcrumb\",\"itemListElement\":[{\"@type\":\"ListItem\",\"position\":1,\"name\":\"Portada\",\"item\":\"https:\\\/\\\/gentedebasquet.com.ar\\\/sitio\\\/\"},{\"@type\":\"ListItem\",\"position\":2,\"name\":\"Confianza por las nubes\"}]},{\"@type\":\"WebSite\",\"@id\":\"https:\\\/\\\/gentedebasquet.com.ar\\\/sitio\\\/#website\",\"url\":\"https:\\\/\\\/gentedebasquet.com.ar\\\/sitio\\\/\",\"name\":\"Gente de B\u00e1squet\",\"description\":\"La revista del basquet de Bah\u00eda Blanca\",\"potentialAction\":[{\"@type\":\"SearchAction\",\"target\":{\"@type\":\"EntryPoint\",\"urlTemplate\":\"https:\\\/\\\/gentedebasquet.com.ar\\\/sitio\\\/?s={search_term_string}\"},\"query-input\":{\"@type\":\"PropertyValueSpecification\",\"valueRequired\":true,\"valueName\":\"search_term_string\"}}],\"inLanguage\":\"es\"},{\"@type\":\"Person\",\"@id\":\"https:\\\/\\\/gentedebasquet.com.ar\\\/sitio\\\/#\\\/schema\\\/person\\\/ca0b63bbb977369988a7bbbdc519943a\",\"name\":\"Gente de B\u00e1squet\",\"image\":{\"@type\":\"ImageObject\",\"inLanguage\":\"es\",\"@id\":\"https:\\\/\\\/secure.gravatar.com\\\/avatar\\\/7f2c48bdc33b30088f941fb6082e555f2874c98e20cb159d7b92b50eadfce793?s=96&d=mm&r=g\",\"url\":\"https:\\\/\\\/secure.gravatar.com\\\/avatar\\\/7f2c48bdc33b30088f941fb6082e555f2874c98e20cb159d7b92b50eadfce793?s=96&d=mm&r=g\",\"contentUrl\":\"https:\\\/\\\/secure.gravatar.com\\\/avatar\\\/7f2c48bdc33b30088f941fb6082e555f2874c98e20cb159d7b92b50eadfce793?s=96&d=mm&r=g\",\"caption\":\"Gente de B\u00e1squet\"},\"sameAs\":[\"http:\\\/\\\/gentedebasquet.com.ar\\\/sitio\"],\"url\":\"http:\\\/\\\/gentedebasquet.com.ar\\\/sitio\\\/author\\\/ulises\\\/\"}]}<\/script>\n<!-- \/ Yoast SEO plugin. -->","yoast_head_json":{"title":"Confianza por las nubes - Gente de B\u00e1squet","robots":{"index":"index","follow":"follow","max-snippet":"max-snippet:-1","max-image-preview":"max-image-preview:large","max-video-preview":"max-video-preview:-1"},"canonical":"http:\/\/gentedebasquet.com.ar\/sitio\/2016\/06\/16\/confianza-por-las-nubes\/","og_locale":"es_ES","og_type":"article","og_title":"Confianza por las nubes - Gente de B\u00e1squet","og_description":"El Nacional alcanz\u00f3 su cuarta victoria en fila, al vencer 88 a 78 al l\u00edder Alem","og_url":"http:\/\/gentedebasquet.com.ar\/sitio\/2016\/06\/16\/confianza-por-las-nubes\/","og_site_name":"Gente de B\u00e1squet","article_published_time":"2016-06-17T02:17:10+00:00","og_image":[{"width":690,"height":319,"url":"http:\/\/gentedebasquet.com.ar\/sitio\/wp-content\/uploads\/2016\/06\/El-Nacional-Alem-1.jpg","type":"image\/jpeg"}],"author":"Gente de B\u00e1squet","twitter_card":"summary_large_image","twitter_misc":{"Escrito por":"Gente de B\u00e1squet","Tiempo de lectura":"3 minutos"},"schema":{"@context":"https:\/\/schema.org","@graph":[{"@type":"Article","@id":"http:\/\/gentedebasquet.com.ar\/sitio\/2016\/06\/16\/confianza-por-las-nubes\/#article","isPartOf":{"@id":"http:\/\/gentedebasquet.com.ar\/sitio\/2016\/06\/16\/confianza-por-las-nubes\/"},"author":{"name":"Gente de B\u00e1squet","@id":"https:\/\/gentedebasquet.com.ar\/sitio\/#\/schema\/person\/ca0b63bbb977369988a7bbbdc519943a"},"headline":"Confianza por las nubes","datePublished":"2016-06-17T02:17:10+00:00","mainEntityOfPage":{"@id":"http:\/\/gentedebasquet.com.ar\/sitio\/2016\/06\/16\/confianza-por-las-nubes\/"},"wordCount":699,"image":{"@id":"http:\/\/gentedebasquet.com.ar\/sitio\/2016\/06\/16\/confianza-por-las-nubes\/#primaryimage"},"thumbnailUrl":"http:\/\/gentedebasquet.com.ar\/sitio\/wp-content\/uploads\/2016\/06\/El-Nacional-Alem-1.jpg","keywords":["Alem","El Nacional","Emiliano Iraola","Fabricio Starc","Franco Amigo","Herman Banegas","Juan Pablo Rotta","Lucas Chaves","St\u00e9fano Barba"],"articleSection":["Primera","Slide"],"inLanguage":"es"},{"@type":"WebPage","@id":"http:\/\/gentedebasquet.com.ar\/sitio\/2016\/06\/16\/confianza-por-las-nubes\/","url":"http:\/\/gentedebasquet.com.ar\/sitio\/2016\/06\/16\/confianza-por-las-nubes\/","name":"Confianza por las nubes - Gente de B\u00e1squet","isPartOf":{"@id":"https:\/\/gentedebasquet.com.ar\/sitio\/#website"},"primaryImageOfPage":{"@id":"http:\/\/gentedebasquet.com.ar\/sitio\/2016\/06\/16\/confianza-por-las-nubes\/#primaryimage"},"image":{"@id":"http:\/\/gentedebasquet.com.ar\/sitio\/2016\/06\/16\/confianza-por-las-nubes\/#primaryimage"},"thumbnailUrl":"http:\/\/gentedebasquet.com.ar\/sitio\/wp-content\/uploads\/2016\/06\/El-Nacional-Alem-1.jpg","datePublished":"2016-06-17T02:17:10+00:00","author":{"@id":"https:\/\/gentedebasquet.com.ar\/sitio\/#\/schema\/person\/ca0b63bbb977369988a7bbbdc519943a"},"breadcrumb":{"@id":"http:\/\/gentedebasquet.com.ar\/sitio\/2016\/06\/16\/confianza-por-las-nubes\/#breadcrumb"},"inLanguage":"es","potentialAction":[{"@type":"ReadAction","target":["http:\/\/gentedebasquet.com.ar\/sitio\/2016\/06\/16\/confianza-por-las-nubes\/"]}]},{"@type":"ImageObject","inLanguage":"es","@id":"http:\/\/gentedebasquet.com.ar\/sitio\/2016\/06\/16\/confianza-por-las-nubes\/#primaryimage","url":"http:\/\/gentedebasquet.com.ar\/sitio\/wp-content\/uploads\/2016\/06\/El-Nacional-Alem-1.jpg","contentUrl":"http:\/\/gentedebasquet.com.ar\/sitio\/wp-content\/uploads\/2016\/06\/El-Nacional-Alem-1.jpg","width":690,"height":319},{"@type":"BreadcrumbList","@id":"http:\/\/gentedebasquet.com.ar\/sitio\/2016\/06\/16\/confianza-por-las-nubes\/#breadcrumb","itemListElement":[{"@type":"ListItem","position":1,"name":"Portada","item":"https:\/\/gentedebasquet.com.ar\/sitio\/"},{"@type":"ListItem","position":2,"name":"Confianza por las nubes"}]},{"@type":"WebSite","@id":"https:\/\/gentedebasquet.com.ar\/sitio\/#website","url":"https:\/\/gentedebasquet.com.ar\/sitio\/","name":"Gente de B\u00e1squet","description":"La revista del basquet de Bah\u00eda Blanca","potentialAction":[{"@type":"SearchAction","target":{"@type":"EntryPoint","urlTemplate":"https:\/\/gentedebasquet.com.ar\/sitio\/?s={search_term_string}"},"query-input":{"@type":"PropertyValueSpecification","valueRequired":true,"valueName":"search_term_string"}}],"inLanguage":"es"},{"@type":"Person","@id":"https:\/\/gentedebasquet.com.ar\/sitio\/#\/schema\/person\/ca0b63bbb977369988a7bbbdc519943a","name":"Gente de B\u00e1squet","image":{"@type":"ImageObject","inLanguage":"es","@id":"https:\/\/secure.gravatar.com\/avatar\/7f2c48bdc33b30088f941fb6082e555f2874c98e20cb159d7b92b50eadfce793?s=96&d=mm&r=g","url":"https:\/\/secure.gravatar.com\/avatar\/7f2c48bdc33b30088f941fb6082e555f2874c98e20cb159d7b92b50eadfce793?s=96&d=mm&r=g","contentUrl":"https:\/\/secure.gravatar.com\/avatar\/7f2c48bdc33b30088f941fb6082e555f2874c98e20cb159d7b92b50eadfce793?s=96&d=mm&r=g","caption":"Gente de B\u00e1squet"},"sameAs":["http:\/\/gentedebasquet.com.ar\/sitio"],"url":"http:\/\/gentedebasquet.com.ar\/sitio\/author\/ulises\/"}]}},"_links":{"self":[{"href":"http:\/\/gentedebasquet.com.ar\/sitio\/wp-json\/wp\/v2\/posts\/61126","targetHints":{"allow":["GET"]}}],"collection":[{"href":"http:\/\/gentedebasquet.com.ar\/sitio\/wp-json\/wp\/v2\/posts"}],"about":[{"href":"http:\/\/gentedebasquet.com.ar\/sitio\/wp-json\/wp\/v2\/types\/post"}],"author":[{"embeddable":true,"href":"http:\/\/gentedebasquet.com.ar\/sitio\/wp-json\/wp\/v2\/users\/1"}],"replies":[{"embeddable":true,"href":"http:\/\/gentedebasquet.com.ar\/sitio\/wp-json\/wp\/v2\/comments?post=61126"}],"version-history":[{"count":0,"href":"http:\/\/gentedebasquet.com.ar\/sitio\/wp-json\/wp\/v2\/posts\/61126\/revisions"}],"wp:featuredmedia":[{"embeddable":true,"href":"http:\/\/gentedebasquet.com.ar\/sitio\/wp-json\/wp\/v2\/media\/61166"}],"wp:attachment":[{"href":"http:\/\/gentedebasquet.com.ar\/sitio\/wp-json\/wp\/v2\/media?parent=61126"}],"wp:term":[{"taxonomy":"category","embeddable":true,"href":"http:\/\/gentedebasquet.com.ar\/sitio\/wp-json\/wp\/v2\/categories?post=61126"},{"taxonomy":"post_tag","embeddable":true,"href":"http:\/\/gentedebasquet.com.ar\/sitio\/wp-json\/wp\/v2\/tags?post=61126"}],"curies":[{"name":"wp","href":"https:\/\/api.w.org\/{rel}","templated":true}]}}