{"id":61760,"date":"2016-07-03T23:18:16","date_gmt":"2016-07-04T02:18:16","guid":{"rendered":"http:\/\/www.gentedebasquet.com.ar\/?p=61760"},"modified":"2016-07-03T23:18:16","modified_gmt":"2016-07-04T02:18:16","slug":"color-esperanza-2","status":"publish","type":"post","link":"http:\/\/gentedebasquet.com.ar\/sitio\/2016\/07\/03\/color-esperanza-2\/","title":{"rendered":"Color esperanza"},"content":{"rendered":"<p><strong>Villa Mitre sigue con vida, luego de derrotar a Estrella 79 a 71 y forzar el tercer juego. El tricolor tuvo una ventaja de +20 a 6min30 del final, pero el local empuj\u00f3 y apret\u00f3 el encuentro hacia el cierre. Gast\u00f3n Diomedi fue el mejor en cancha con 27 puntos (5-9 T3 y 6-6 TL), seguido de Jos\u00e9 Luis Mart\u00ednez con 15+10. En el local no alcanzaron los 17 de Andreanelli, ni los 15 de Pan.<\/strong><\/p>\n<p>La visita dio el paso al frente en los primeros movimientos. Villa Mitre madrug\u00f3 a Estrella y le anot\u00f3 un parcial de 11-2 en 3min20, forzando las faltas del rival (6 personales) y cargando el rebote. Los de Ugolini trataron de mantener el orden y mantuvieron la distancia gracias a una ofensiva con recursos, que castig\u00f3 en la pintura (7 de Bollo) y fue certera a distancia (6 de Diomedi). Estrella vivi\u00f3 de Andreanelli (11), qui\u00e9n se carg\u00f3 el equipo al hombro (18-24).<\/p>\n<p>El local se potenci\u00f3 en la salida al 2C. Los de Queti se contagiaron de un cierre de 1C un tanto exitoso y estamparon un 6-0 que igual\u00f3 en 24, despu\u00e9s de 2min23. Pero hasta ah\u00ed lleg\u00f3 la reacci\u00f3n. Villa Mitre reluci\u00f3 su mejor juego, pasando la bola (7) y repartiendo los momentos, para sacar 10 de luz. Es que Estrella se hab\u00eda frustrado ofensivamente y dependi\u00f3 mucho del viaje a la l\u00ednea, sobre todo de Jaimes (7-10 en el cuarto), para mantenerse en partido (35-45).<\/p>\n<blockquote><p>Se complic\u00f3 m\u00e1s de lo esperado. Hab\u00edamos sacado una diferencia (20) y est\u00e1bamos relativamente tranquilos. Creo que nos dio la pauta que no nos podemos relajar nunca con un equipo peligroso. Con respecto al juego anterior corregimos muchas cosas en el aspecto defensivo y eso nos permiti\u00f3 ganar hoy (Ariel Ugolini).<\/p><\/blockquote>\n<p>Luego de un poco de maicena, el tricolor continu\u00f3 su reinado dentro de la cancha. Los de Ugolini no perdonaron y tomaron mayor distancia, con una defensa ordenada y con mejores porcentajes. Aspecto de juego de castig\u00f3 al local. Estrella conect\u00f3 solo 2 de 14 tiros de cancha (aunque tuvo 8 de 8 en libres) en el 3C y, m\u00e1s all\u00e1 de rotar la defensa entre hombre, zona y caj\u00f3n a Berdini; no pudo acercarse (50-65).<\/p>\n<p>A 6min20 del final parec\u00eda que el partido no ten\u00eda retorno. Queti hab\u00eda rotado su banca, y Villa Mitre gobernaba por 20 (53-73). Pero la visita perdi\u00f3 la conducci\u00f3n. Sin presiones, Estrella se solt\u00f3 y empez\u00f3 a acercarse. Buenos movimientos de Quiroga, tranquilidad en las manos de Andreanelli y un juego de equipo fue clave para la racha de 19-2 que dej\u00f3 el tanteador 71-75 a 27.8seg. del final. Pero la visita no desaprovech\u00f3 la ventaja de 2 posesiones y pudo liquidarlo en la l\u00ednea, para forzar el 3er juego.<\/p>\n<p>&nbsp;<\/p>\n<p><iframe loading=\"lazy\" src=\"https:\/\/www.youtube.com\/embed\/_g9vjSNEl_w?rel=0\" width=\"640\" height=\"400\" frameborder=\"0\" allowfullscreen=\"allowfullscreen\"><\/iframe><\/p>\n<p>&nbsp;<\/p>\n<p><strong>S\u00edntesis<\/strong> | Primera Divisi\u00f3n \u2013 Cuartos de Final \u2013 Juego #2<\/p>\n<p><strong>Estrella 71:<\/strong> Amilcar Andreanelli 17, Mat\u00edas Jaimes 10, Andr\u00e9s Almir\u00f3n 0, Nahuel C\u00e1mara 12, Maximiliano Sterz 0 (FI); Franco Cardone 2, Alan Pan 15, Sebasti\u00e1n Ranieri 3, Santiago Quiroga 10, Le\u00f3n Beresovsky 0, Bruno Gigliotti 2. DT: Claudio Queti.<\/p>\n<p><strong>Villa Mitre 79:<\/strong> Marcelo Berdini 2, Gast\u00f3n Diomedi 27, Nicol\u00e1s Renzi 6 (x), Jos\u00e9 Luis Mart\u00ednez 15, Javier Bollo 9 (FI); Germ\u00e1n Andr\u00e9s 1, David Pineda 14, Mat\u00edas Monteoliva 5, Carlos P\u00e9rez 0. DT: Ariel Ugolini.<\/p>\n<p><strong>Parciales:<\/strong> 18-24, 35-45 (17-21), 50-65 (15-20) y 71-79 (21-14).<\/p>\n<p><strong>\u00c1rbitros:<\/strong> Miguel Firpo \u2013 Alejandro Go\u00f1i.<\/p>\n<p><strong>Estadio:<\/strong> Luis \u00c1lvarez (Estrella).<\/p>\n<p><a class=\"modalf iframe\" title=\"Planilla\" href=\"https:\/\/docs.google.com\/spreadsheets\/d\/1LOiCFZvaU-5J49-GyiPxnfH2nlkPtsdZjBYkH-b_5Mo\/pubhtml?gid=1531235332&amp;single=true\" target=\"_blank\" rel=\"noopener\">Ver Planilla<\/a><\/p>\n<p><strong>Serie:<\/strong> 1-1.<\/p>\n","protected":false},"excerpt":{"rendered":"<p>Villa Mitre venci\u00f3 a Estrella 79 a 71 y definir\u00e1 el cruce en el Jos\u00e9 Mart\u00ednez<\/p>\n","protected":false},"author":1,"featured_media":61764,"comment_status":"closed","ping_status":"open","sticky":false,"template":"","format":"standard","meta":{"jnews-multi-image_gallery":[],"jnews_single_post":[],"jnews_primary_category":[],"footnotes":""},"categories":[23,101],"tags":[548,10,615,285,22],"class_list":["post-61760","post","type-post","status-publish","format-standard","has-post-thumbnail","hentry","category-primera","category-slide","tag-amilcar-andreanelli","tag-estrella","tag-gaston-diomedi","tag-jose-luis-martinez","tag-villa-mitre"],"yoast_head":"<!-- This site is optimized with the Yoast SEO plugin v27.5 - https:\/\/yoast.com\/product\/yoast-seo-wordpress\/ -->\n<title>Color esperanza - Gente de B\u00e1squet<\/title>\n<meta name=\"robots\" content=\"index, follow, max-snippet:-1, max-image-preview:large, max-video-preview:-1\" \/>\n<link rel=\"canonical\" href=\"http:\/\/gentedebasquet.com.ar\/sitio\/2016\/07\/03\/color-esperanza-2\/\" \/>\n<meta property=\"og:locale\" content=\"es_ES\" \/>\n<meta property=\"og:type\" content=\"article\" \/>\n<meta property=\"og:title\" content=\"Color esperanza - Gente de B\u00e1squet\" \/>\n<meta property=\"og:description\" content=\"Villa Mitre venci\u00f3 a Estrella 79 a 71 y definir\u00e1 el cruce en el Jos\u00e9 Mart\u00ednez\" \/>\n<meta property=\"og:url\" content=\"http:\/\/gentedebasquet.com.ar\/sitio\/2016\/07\/03\/color-esperanza-2\/\" \/>\n<meta property=\"og:site_name\" content=\"Gente de B\u00e1squet\" \/>\n<meta property=\"article:published_time\" content=\"2016-07-04T02:18:16+00:00\" \/>\n<meta property=\"og:image\" content=\"http:\/\/gentedebasquet.com.ar\/sitio\/wp-content\/uploads\/2016\/07\/Estrella-1-1-Villa-Mitre.jpg\" \/>\n\t<meta property=\"og:image:width\" content=\"690\" \/>\n\t<meta property=\"og:image:height\" content=\"319\" \/>\n\t<meta property=\"og:image:type\" content=\"image\/jpeg\" \/>\n<meta name=\"author\" content=\"Gente de B\u00e1squet\" \/>\n<meta name=\"twitter:card\" content=\"summary_large_image\" \/>\n<meta name=\"twitter:label1\" content=\"Escrito por\" \/>\n\t<meta name=\"twitter:data1\" content=\"Gente de B\u00e1squet\" \/>\n\t<meta name=\"twitter:label2\" content=\"Tiempo de lectura\" \/>\n\t<meta name=\"twitter:data2\" content=\"3 minutos\" \/>\n<script type=\"application\/ld+json\" class=\"yoast-schema-graph\">{\"@context\":\"https:\\\/\\\/schema.org\",\"@graph\":[{\"@type\":\"Article\",\"@id\":\"http:\\\/\\\/gentedebasquet.com.ar\\\/sitio\\\/2016\\\/07\\\/03\\\/color-esperanza-2\\\/#article\",\"isPartOf\":{\"@id\":\"http:\\\/\\\/gentedebasquet.com.ar\\\/sitio\\\/2016\\\/07\\\/03\\\/color-esperanza-2\\\/\"},\"author\":{\"name\":\"Gente de B\u00e1squet\",\"@id\":\"https:\\\/\\\/gentedebasquet.com.ar\\\/sitio\\\/#\\\/schema\\\/person\\\/ca0b63bbb977369988a7bbbdc519943a\"},\"headline\":\"Color esperanza\",\"datePublished\":\"2016-07-04T02:18:16+00:00\",\"mainEntityOfPage\":{\"@id\":\"http:\\\/\\\/gentedebasquet.com.ar\\\/sitio\\\/2016\\\/07\\\/03\\\/color-esperanza-2\\\/\"},\"wordCount\":560,\"image\":{\"@id\":\"http:\\\/\\\/gentedebasquet.com.ar\\\/sitio\\\/2016\\\/07\\\/03\\\/color-esperanza-2\\\/#primaryimage\"},\"thumbnailUrl\":\"http:\\\/\\\/gentedebasquet.com.ar\\\/sitio\\\/wp-content\\\/uploads\\\/2016\\\/07\\\/Estrella-1-1-Villa-Mitre.jpg\",\"keywords\":[\"Amilcar Andreanelli\",\"Estrella\",\"Gaston Diomedi\",\"Jos\u00e9 Luis Mart\u00ednez\",\"Villa Mitre\"],\"articleSection\":[\"Primera\",\"Slide\"],\"inLanguage\":\"es\"},{\"@type\":\"WebPage\",\"@id\":\"http:\\\/\\\/gentedebasquet.com.ar\\\/sitio\\\/2016\\\/07\\\/03\\\/color-esperanza-2\\\/\",\"url\":\"http:\\\/\\\/gentedebasquet.com.ar\\\/sitio\\\/2016\\\/07\\\/03\\\/color-esperanza-2\\\/\",\"name\":\"Color esperanza - Gente de B\u00e1squet\",\"isPartOf\":{\"@id\":\"https:\\\/\\\/gentedebasquet.com.ar\\\/sitio\\\/#website\"},\"primaryImageOfPage\":{\"@id\":\"http:\\\/\\\/gentedebasquet.com.ar\\\/sitio\\\/2016\\\/07\\\/03\\\/color-esperanza-2\\\/#primaryimage\"},\"image\":{\"@id\":\"http:\\\/\\\/gentedebasquet.com.ar\\\/sitio\\\/2016\\\/07\\\/03\\\/color-esperanza-2\\\/#primaryimage\"},\"thumbnailUrl\":\"http:\\\/\\\/gentedebasquet.com.ar\\\/sitio\\\/wp-content\\\/uploads\\\/2016\\\/07\\\/Estrella-1-1-Villa-Mitre.jpg\",\"datePublished\":\"2016-07-04T02:18:16+00:00\",\"author\":{\"@id\":\"https:\\\/\\\/gentedebasquet.com.ar\\\/sitio\\\/#\\\/schema\\\/person\\\/ca0b63bbb977369988a7bbbdc519943a\"},\"breadcrumb\":{\"@id\":\"http:\\\/\\\/gentedebasquet.com.ar\\\/sitio\\\/2016\\\/07\\\/03\\\/color-esperanza-2\\\/#breadcrumb\"},\"inLanguage\":\"es\",\"potentialAction\":[{\"@type\":\"ReadAction\",\"target\":[\"http:\\\/\\\/gentedebasquet.com.ar\\\/sitio\\\/2016\\\/07\\\/03\\\/color-esperanza-2\\\/\"]}]},{\"@type\":\"ImageObject\",\"inLanguage\":\"es\",\"@id\":\"http:\\\/\\\/gentedebasquet.com.ar\\\/sitio\\\/2016\\\/07\\\/03\\\/color-esperanza-2\\\/#primaryimage\",\"url\":\"http:\\\/\\\/gentedebasquet.com.ar\\\/sitio\\\/wp-content\\\/uploads\\\/2016\\\/07\\\/Estrella-1-1-Villa-Mitre.jpg\",\"contentUrl\":\"http:\\\/\\\/gentedebasquet.com.ar\\\/sitio\\\/wp-content\\\/uploads\\\/2016\\\/07\\\/Estrella-1-1-Villa-Mitre.jpg\",\"width\":690,\"height\":319},{\"@type\":\"BreadcrumbList\",\"@id\":\"http:\\\/\\\/gentedebasquet.com.ar\\\/sitio\\\/2016\\\/07\\\/03\\\/color-esperanza-2\\\/#breadcrumb\",\"itemListElement\":[{\"@type\":\"ListItem\",\"position\":1,\"name\":\"Portada\",\"item\":\"https:\\\/\\\/gentedebasquet.com.ar\\\/sitio\\\/\"},{\"@type\":\"ListItem\",\"position\":2,\"name\":\"Color esperanza\"}]},{\"@type\":\"WebSite\",\"@id\":\"https:\\\/\\\/gentedebasquet.com.ar\\\/sitio\\\/#website\",\"url\":\"https:\\\/\\\/gentedebasquet.com.ar\\\/sitio\\\/\",\"name\":\"Gente de B\u00e1squet\",\"description\":\"La revista del basquet de Bah\u00eda Blanca\",\"potentialAction\":[{\"@type\":\"SearchAction\",\"target\":{\"@type\":\"EntryPoint\",\"urlTemplate\":\"https:\\\/\\\/gentedebasquet.com.ar\\\/sitio\\\/?s={search_term_string}\"},\"query-input\":{\"@type\":\"PropertyValueSpecification\",\"valueRequired\":true,\"valueName\":\"search_term_string\"}}],\"inLanguage\":\"es\"},{\"@type\":\"Person\",\"@id\":\"https:\\\/\\\/gentedebasquet.com.ar\\\/sitio\\\/#\\\/schema\\\/person\\\/ca0b63bbb977369988a7bbbdc519943a\",\"name\":\"Gente de B\u00e1squet\",\"image\":{\"@type\":\"ImageObject\",\"inLanguage\":\"es\",\"@id\":\"https:\\\/\\\/secure.gravatar.com\\\/avatar\\\/7f2c48bdc33b30088f941fb6082e555f2874c98e20cb159d7b92b50eadfce793?s=96&d=mm&r=g\",\"url\":\"https:\\\/\\\/secure.gravatar.com\\\/avatar\\\/7f2c48bdc33b30088f941fb6082e555f2874c98e20cb159d7b92b50eadfce793?s=96&d=mm&r=g\",\"contentUrl\":\"https:\\\/\\\/secure.gravatar.com\\\/avatar\\\/7f2c48bdc33b30088f941fb6082e555f2874c98e20cb159d7b92b50eadfce793?s=96&d=mm&r=g\",\"caption\":\"Gente de B\u00e1squet\"},\"sameAs\":[\"http:\\\/\\\/gentedebasquet.com.ar\\\/sitio\"],\"url\":\"http:\\\/\\\/gentedebasquet.com.ar\\\/sitio\\\/author\\\/ulises\\\/\"}]}<\/script>\n<!-- \/ Yoast SEO plugin. -->","yoast_head_json":{"title":"Color esperanza - Gente de B\u00e1squet","robots":{"index":"index","follow":"follow","max-snippet":"max-snippet:-1","max-image-preview":"max-image-preview:large","max-video-preview":"max-video-preview:-1"},"canonical":"http:\/\/gentedebasquet.com.ar\/sitio\/2016\/07\/03\/color-esperanza-2\/","og_locale":"es_ES","og_type":"article","og_title":"Color esperanza - Gente de B\u00e1squet","og_description":"Villa Mitre venci\u00f3 a Estrella 79 a 71 y definir\u00e1 el cruce en el Jos\u00e9 Mart\u00ednez","og_url":"http:\/\/gentedebasquet.com.ar\/sitio\/2016\/07\/03\/color-esperanza-2\/","og_site_name":"Gente de B\u00e1squet","article_published_time":"2016-07-04T02:18:16+00:00","og_image":[{"width":690,"height":319,"url":"http:\/\/gentedebasquet.com.ar\/sitio\/wp-content\/uploads\/2016\/07\/Estrella-1-1-Villa-Mitre.jpg","type":"image\/jpeg"}],"author":"Gente de B\u00e1squet","twitter_card":"summary_large_image","twitter_misc":{"Escrito por":"Gente de B\u00e1squet","Tiempo de lectura":"3 minutos"},"schema":{"@context":"https:\/\/schema.org","@graph":[{"@type":"Article","@id":"http:\/\/gentedebasquet.com.ar\/sitio\/2016\/07\/03\/color-esperanza-2\/#article","isPartOf":{"@id":"http:\/\/gentedebasquet.com.ar\/sitio\/2016\/07\/03\/color-esperanza-2\/"},"author":{"name":"Gente de B\u00e1squet","@id":"https:\/\/gentedebasquet.com.ar\/sitio\/#\/schema\/person\/ca0b63bbb977369988a7bbbdc519943a"},"headline":"Color esperanza","datePublished":"2016-07-04T02:18:16+00:00","mainEntityOfPage":{"@id":"http:\/\/gentedebasquet.com.ar\/sitio\/2016\/07\/03\/color-esperanza-2\/"},"wordCount":560,"image":{"@id":"http:\/\/gentedebasquet.com.ar\/sitio\/2016\/07\/03\/color-esperanza-2\/#primaryimage"},"thumbnailUrl":"http:\/\/gentedebasquet.com.ar\/sitio\/wp-content\/uploads\/2016\/07\/Estrella-1-1-Villa-Mitre.jpg","keywords":["Amilcar Andreanelli","Estrella","Gaston Diomedi","Jos\u00e9 Luis Mart\u00ednez","Villa Mitre"],"articleSection":["Primera","Slide"],"inLanguage":"es"},{"@type":"WebPage","@id":"http:\/\/gentedebasquet.com.ar\/sitio\/2016\/07\/03\/color-esperanza-2\/","url":"http:\/\/gentedebasquet.com.ar\/sitio\/2016\/07\/03\/color-esperanza-2\/","name":"Color esperanza - Gente de B\u00e1squet","isPartOf":{"@id":"https:\/\/gentedebasquet.com.ar\/sitio\/#website"},"primaryImageOfPage":{"@id":"http:\/\/gentedebasquet.com.ar\/sitio\/2016\/07\/03\/color-esperanza-2\/#primaryimage"},"image":{"@id":"http:\/\/gentedebasquet.com.ar\/sitio\/2016\/07\/03\/color-esperanza-2\/#primaryimage"},"thumbnailUrl":"http:\/\/gentedebasquet.com.ar\/sitio\/wp-content\/uploads\/2016\/07\/Estrella-1-1-Villa-Mitre.jpg","datePublished":"2016-07-04T02:18:16+00:00","author":{"@id":"https:\/\/gentedebasquet.com.ar\/sitio\/#\/schema\/person\/ca0b63bbb977369988a7bbbdc519943a"},"breadcrumb":{"@id":"http:\/\/gentedebasquet.com.ar\/sitio\/2016\/07\/03\/color-esperanza-2\/#breadcrumb"},"inLanguage":"es","potentialAction":[{"@type":"ReadAction","target":["http:\/\/gentedebasquet.com.ar\/sitio\/2016\/07\/03\/color-esperanza-2\/"]}]},{"@type":"ImageObject","inLanguage":"es","@id":"http:\/\/gentedebasquet.com.ar\/sitio\/2016\/07\/03\/color-esperanza-2\/#primaryimage","url":"http:\/\/gentedebasquet.com.ar\/sitio\/wp-content\/uploads\/2016\/07\/Estrella-1-1-Villa-Mitre.jpg","contentUrl":"http:\/\/gentedebasquet.com.ar\/sitio\/wp-content\/uploads\/2016\/07\/Estrella-1-1-Villa-Mitre.jpg","width":690,"height":319},{"@type":"BreadcrumbList","@id":"http:\/\/gentedebasquet.com.ar\/sitio\/2016\/07\/03\/color-esperanza-2\/#breadcrumb","itemListElement":[{"@type":"ListItem","position":1,"name":"Portada","item":"https:\/\/gentedebasquet.com.ar\/sitio\/"},{"@type":"ListItem","position":2,"name":"Color esperanza"}]},{"@type":"WebSite","@id":"https:\/\/gentedebasquet.com.ar\/sitio\/#website","url":"https:\/\/gentedebasquet.com.ar\/sitio\/","name":"Gente de B\u00e1squet","description":"La revista del basquet de Bah\u00eda Blanca","potentialAction":[{"@type":"SearchAction","target":{"@type":"EntryPoint","urlTemplate":"https:\/\/gentedebasquet.com.ar\/sitio\/?s={search_term_string}"},"query-input":{"@type":"PropertyValueSpecification","valueRequired":true,"valueName":"search_term_string"}}],"inLanguage":"es"},{"@type":"Person","@id":"https:\/\/gentedebasquet.com.ar\/sitio\/#\/schema\/person\/ca0b63bbb977369988a7bbbdc519943a","name":"Gente de B\u00e1squet","image":{"@type":"ImageObject","inLanguage":"es","@id":"https:\/\/secure.gravatar.com\/avatar\/7f2c48bdc33b30088f941fb6082e555f2874c98e20cb159d7b92b50eadfce793?s=96&d=mm&r=g","url":"https:\/\/secure.gravatar.com\/avatar\/7f2c48bdc33b30088f941fb6082e555f2874c98e20cb159d7b92b50eadfce793?s=96&d=mm&r=g","contentUrl":"https:\/\/secure.gravatar.com\/avatar\/7f2c48bdc33b30088f941fb6082e555f2874c98e20cb159d7b92b50eadfce793?s=96&d=mm&r=g","caption":"Gente de B\u00e1squet"},"sameAs":["http:\/\/gentedebasquet.com.ar\/sitio"],"url":"http:\/\/gentedebasquet.com.ar\/sitio\/author\/ulises\/"}]}},"_links":{"self":[{"href":"http:\/\/gentedebasquet.com.ar\/sitio\/wp-json\/wp\/v2\/posts\/61760","targetHints":{"allow":["GET"]}}],"collection":[{"href":"http:\/\/gentedebasquet.com.ar\/sitio\/wp-json\/wp\/v2\/posts"}],"about":[{"href":"http:\/\/gentedebasquet.com.ar\/sitio\/wp-json\/wp\/v2\/types\/post"}],"author":[{"embeddable":true,"href":"http:\/\/gentedebasquet.com.ar\/sitio\/wp-json\/wp\/v2\/users\/1"}],"replies":[{"embeddable":true,"href":"http:\/\/gentedebasquet.com.ar\/sitio\/wp-json\/wp\/v2\/comments?post=61760"}],"version-history":[{"count":0,"href":"http:\/\/gentedebasquet.com.ar\/sitio\/wp-json\/wp\/v2\/posts\/61760\/revisions"}],"wp:featuredmedia":[{"embeddable":true,"href":"http:\/\/gentedebasquet.com.ar\/sitio\/wp-json\/wp\/v2\/media\/61764"}],"wp:attachment":[{"href":"http:\/\/gentedebasquet.com.ar\/sitio\/wp-json\/wp\/v2\/media?parent=61760"}],"wp:term":[{"taxonomy":"category","embeddable":true,"href":"http:\/\/gentedebasquet.com.ar\/sitio\/wp-json\/wp\/v2\/categories?post=61760"},{"taxonomy":"post_tag","embeddable":true,"href":"http:\/\/gentedebasquet.com.ar\/sitio\/wp-json\/wp\/v2\/tags?post=61760"}],"curies":[{"name":"wp","href":"https:\/\/api.w.org\/{rel}","templated":true}]}}