{"id":61782,"date":"2016-07-03T23:37:32","date_gmt":"2016-07-04T02:37:32","guid":{"rendered":"http:\/\/www.gentedebasquet.com.ar\/?p=61782"},"modified":"2016-07-03T23:37:32","modified_gmt":"2016-07-04T02:37:32","slug":"sigan-al-lider","status":"publish","type":"post","link":"http:\/\/gentedebasquet.com.ar\/sitio\/2016\/07\/03\/sigan-al-lider\/","title":{"rendered":"Sigan al l\u00edder"},"content":{"rendered":"<p><strong>Alem contin\u00faa mostrando su chapa de candidato, porque en un partido caliente, derrot\u00f3 a Olimpo por 91-88 y se asegur\u00f3 el pasaje a las Semifinales del Torneo Ciudad de Bah\u00eda Blanca.\u00a0 El verdirrojo tuvo como puntos altos a Santiago Torre (17puntos y 9 asistencias), Juan Pablo Rotta (24, con 4-5 en t3 y 5-7 en t2) y Herman Banegas (24 tambi\u00e9n).\u00a0 En el local, que dio pelea hasta los segundos finales, se destacaron Jorge Garc\u00eda y Lahuel Silva (17 cada uno).<\/strong><\/p>\n<p>Alem volvi\u00f3 a dar una gran muestra de car\u00e1cter, ratific\u00f3 su chapa de candidato y elimin\u00f3 del Ciudad de Bah\u00eda Blanca a un equipo que, con varios elementos que juegan en niveles superiores, le dio una dura batalla hasta los minutos finales.\u00a0 A\u00fan en la adversidad.\u00a0 Dejando a un lado las pol\u00e9micas de un partido caliente (63 faltas en total), el conjunto de \u201cPaquito\u201d \u00c1lvarez mostr\u00f3 en cancha que es de los equipos m\u00e1s completos a nivel t\u00e9cnico en el b\u00e1squet local.<\/p>\n<p>Ya en el 1C, la habitual conducci\u00f3n de Torre (5 asistencias), el general del parquet del verdirrojo, sumada a la enorme presencia de Banegas en la pintura (9 puntos), le dieron una abultada ventaja en el arranque a Alem, ante un Olimpo que fall\u00f3 en el rebote defensivo (permiti\u00f3 cuatro en ataque) y fue castigado a raudales con las faltas (9).\u00a0 En el 2C, el aurinegro altern\u00f3 entre defensa zonal 2-3 y presi\u00f3n en toda la cancha, y encontr\u00f3 puntos con el recambio de Mat\u00edas Chaves (6) y la dura batalla de Garc\u00eda (6 tambi\u00e9n) en el trapecio.\u00a0 Aunque Rotta (7) mantuvo a raya la escalada de Olimpo, a Banegas se le solt\u00f3 el chip en el cierre de la primera mitad, regalando una falta antideportiva y una t\u00e9cnica, poniendo en evidencia los \u00e1nimos caldeados con los que ya contaba el partido, que al local le permiti\u00f3 arrimarse en el marcador (41-46).<\/p>\n<blockquote><p>Controlamos el principio pero nos quedamos un poco en el tercer cuarto, y recuperamos la confianza en el cierre cuando el partido se puso doble a doble. \u00a0Siempre buscamos la mejor opci\u00f3n en ataque, partiendo desde abajo hacia afuera. \u00a0Hoy Olimpo nos complic\u00f3 un poco con la defensa en zona pero pudimos cerrarlo bien [&#8230;] (Sobre las semifinales) Todos los rivales est\u00e1n muy bien, no nos podemos descuidar con ninguno porque cualquiera puede ganar (Juan Pablo Rotta)<\/p><\/blockquote>\n<p>En la reanudaci\u00f3n, un gran pasaje de Juan Ignacio Reiner (7) abriendo espacios en el per\u00edmetro (2-3 en t3), m\u00e1s la generaci\u00f3n de juego de Chaves (3 asistencias) conectando bajo el aro con Silva (5) le dio la delantera a Olimpo (55-53 promediando el 3C).\u00a0 Pero nuevamente, Alem carg\u00f3 con agresividad el rebote ofensivo con Banegas y Fabricio Starc (4 cada uno), y con un parcial de Santi Torre de 6-0 en los \u00faltimos 7s del per\u00edodo (tres libres, dos por falta y una por t\u00e9cnica al banco, m\u00e1s un triplazo cerca de la mitad de la cancha sobre la chicharra), el verdirrojo volvi\u00f3 a abultar su ventaja de cara al cierre (64-75).<\/p>\n<p>No obstante, Olimpo continu\u00f3 con Silva (6) y Garc\u00eda (4) como puntos fuertes bajo el aro, y con una buena defensa perimetral, le provoc\u00f3 6 p\u00e9rdidas a Alem (dos por consumir el reloj de 24) y, a falta de 2m, se puso debajo en el marcador por la m\u00ednima (86-87).\u00a0 Adem\u00e1s,\u00a0 el aurinegro le sac\u00f3 buena ventaja al hecho de estar en penalizaci\u00f3n, y le efectu\u00f3 el \u201chack-a\u201d a Dami\u00e1n Foulkes (0-4 en t1) y cont\u00f3 con dos libres errados por Torre de manera inesperada.\u00a0 Sin embargo, Rotta cort\u00f3 la mala racha de los seis libres errados en fila, y sumando una bandeja en suspensi\u00f3n, hizo a los \u00faltimos 15s una sola posesi\u00f3n para Olimpo (88-91).\u00a0 Garc\u00eda tom\u00f3 un triple de manera apresurada (no toc\u00f3 aro), y cuando Cristian Victoria tom\u00f3 el rebote ofensivo, ya no hubo tiempo para m\u00e1s.\u00a0 Alem semifinalista.<\/p>\n<p>&nbsp;<\/p>\n<p>[youtube]https:\/\/www.youtube.com\/watch?v=aal2vc0seXs&amp;feature=youtu.be[\/youtube]<\/p>\n<p>&nbsp;<\/p>\n<p><strong>S\u00edntesis| <\/strong>Primera Divisi\u00f3n \u2013 Ciudad de Bah\u00eda Blanca \u2013 Cuartos de Final \u2013 Juego #2<\/p>\n<p><strong>Olimpo 88: <\/strong>Juan Ignacio Reiner 12, Cristian Victoria 6, Facundo Arens 6, Jorge Garc\u00eda 17, Agust\u00edn S\u00e1nchez 6 (FI); Joaqu\u00edn Godio 0, Mat\u00edas Chaves 16, Franco Ruesga 8, Lahuel Silva 17, Federico Montenegro 0.\u00a0 D.T: Juan Manuel Dobal.<\/p>\n<p><strong>Alem 91: <\/strong>Santiago Torre 17 (x), Juan Pablo Rotta 24, Dami\u00e1n Foulkes 6, Fabricio Starc 11 (x), Herman Banegas 24 (FI); Augusto Priore 4, Juan Manuel Bicondoa 0, Juan Ignacio Diomedi 5.\u00a0 D.T: Alejandro \u00c1lvarez.<\/p>\n<p><strong>Parciales: <\/strong>16-26, 41-46 (25-20), 64-75 (23-29), 88-91 (24-26).<\/p>\n<p><strong>Estadio: <\/strong>Norberto Tom\u00e1s (Olimpo).<\/p>\n<p><a class=\"modalf iframe\" title=\"Planilla\" href=\"https:\/\/docs.google.com\/spreadsheets\/d\/1CGBB_MnGq8aJF2CUJmMsxzi5UepCuShNqL4DrmOWbFc\/pubhtml\" target=\"_blank\" rel=\"noopener\">Ver Planilla<\/a><\/p>\n<p><strong>Serie: <\/strong>Alem, 2-0.<\/p>\n","protected":false},"excerpt":{"rendered":"<p>Alem derrot\u00f3 a Olimpo 91 a 88 y avanz\u00f3 a las semifinales de Primera<\/p>\n","protected":false},"author":1,"featured_media":61783,"comment_status":"closed","ping_status":"open","sticky":false,"template":"","format":"standard","meta":{"jnews-multi-image_gallery":[],"jnews_single_post":[],"jnews_primary_category":[],"footnotes":""},"categories":[23,101],"tags":[3,230,89,48,667,16,604],"class_list":["post-61782","post","type-post","status-publish","format-standard","has-post-thumbnail","hentry","category-primera","category-slide","tag-alem","tag-herman-banegas","tag-jorge-garcia","tag-juan-pablo-rotta","tag-lahuel-silva","tag-olimpo","tag-santiago-torre"],"yoast_head":"<!-- This site is optimized with the Yoast SEO plugin v27.5 - https:\/\/yoast.com\/product\/yoast-seo-wordpress\/ -->\n<title>Sigan al l\u00edder - Gente de B\u00e1squet<\/title>\n<meta name=\"robots\" content=\"index, follow, max-snippet:-1, max-image-preview:large, max-video-preview:-1\" \/>\n<link rel=\"canonical\" href=\"http:\/\/gentedebasquet.com.ar\/sitio\/2016\/07\/03\/sigan-al-lider\/\" \/>\n<meta property=\"og:locale\" content=\"es_ES\" \/>\n<meta property=\"og:type\" content=\"article\" \/>\n<meta property=\"og:title\" content=\"Sigan al l\u00edder - Gente de B\u00e1squet\" \/>\n<meta property=\"og:description\" content=\"Alem derrot\u00f3 a Olimpo 91 a 88 y avanz\u00f3 a las semifinales de Primera\" \/>\n<meta property=\"og:url\" content=\"http:\/\/gentedebasquet.com.ar\/sitio\/2016\/07\/03\/sigan-al-lider\/\" \/>\n<meta property=\"og:site_name\" content=\"Gente de B\u00e1squet\" \/>\n<meta property=\"article:published_time\" content=\"2016-07-04T02:37:32+00:00\" \/>\n<meta property=\"og:image\" content=\"http:\/\/gentedebasquet.com.ar\/sitio\/wp-content\/uploads\/2016\/07\/Olimpo-0-2-Alem.jpg\" \/>\n\t<meta property=\"og:image:width\" content=\"690\" \/>\n\t<meta property=\"og:image:height\" content=\"319\" \/>\n\t<meta property=\"og:image:type\" content=\"image\/jpeg\" \/>\n<meta name=\"author\" content=\"Gente de B\u00e1squet\" \/>\n<meta name=\"twitter:card\" content=\"summary_large_image\" \/>\n<meta name=\"twitter:label1\" content=\"Escrito por\" \/>\n\t<meta name=\"twitter:data1\" content=\"Gente de B\u00e1squet\" \/>\n\t<meta name=\"twitter:label2\" content=\"Tiempo de lectura\" \/>\n\t<meta name=\"twitter:data2\" content=\"4 minutos\" \/>\n<script type=\"application\/ld+json\" class=\"yoast-schema-graph\">{\"@context\":\"https:\\\/\\\/schema.org\",\"@graph\":[{\"@type\":\"Article\",\"@id\":\"http:\\\/\\\/gentedebasquet.com.ar\\\/sitio\\\/2016\\\/07\\\/03\\\/sigan-al-lider\\\/#article\",\"isPartOf\":{\"@id\":\"http:\\\/\\\/gentedebasquet.com.ar\\\/sitio\\\/2016\\\/07\\\/03\\\/sigan-al-lider\\\/\"},\"author\":{\"name\":\"Gente de B\u00e1squet\",\"@id\":\"https:\\\/\\\/gentedebasquet.com.ar\\\/sitio\\\/#\\\/schema\\\/person\\\/ca0b63bbb977369988a7bbbdc519943a\"},\"headline\":\"Sigan al l\u00edder\",\"datePublished\":\"2016-07-04T02:37:32+00:00\",\"mainEntityOfPage\":{\"@id\":\"http:\\\/\\\/gentedebasquet.com.ar\\\/sitio\\\/2016\\\/07\\\/03\\\/sigan-al-lider\\\/\"},\"wordCount\":777,\"image\":{\"@id\":\"http:\\\/\\\/gentedebasquet.com.ar\\\/sitio\\\/2016\\\/07\\\/03\\\/sigan-al-lider\\\/#primaryimage\"},\"thumbnailUrl\":\"http:\\\/\\\/gentedebasquet.com.ar\\\/sitio\\\/wp-content\\\/uploads\\\/2016\\\/07\\\/Olimpo-0-2-Alem.jpg\",\"keywords\":[\"Alem\",\"Herman Banegas\",\"Jorge Garc\u00eda\",\"Juan Pablo Rotta\",\"Lahuel Silva\",\"Ol\u00edmpo\",\"Santiago Torre\"],\"articleSection\":[\"Primera\",\"Slide\"],\"inLanguage\":\"es\"},{\"@type\":\"WebPage\",\"@id\":\"http:\\\/\\\/gentedebasquet.com.ar\\\/sitio\\\/2016\\\/07\\\/03\\\/sigan-al-lider\\\/\",\"url\":\"http:\\\/\\\/gentedebasquet.com.ar\\\/sitio\\\/2016\\\/07\\\/03\\\/sigan-al-lider\\\/\",\"name\":\"Sigan al l\u00edder - Gente de B\u00e1squet\",\"isPartOf\":{\"@id\":\"https:\\\/\\\/gentedebasquet.com.ar\\\/sitio\\\/#website\"},\"primaryImageOfPage\":{\"@id\":\"http:\\\/\\\/gentedebasquet.com.ar\\\/sitio\\\/2016\\\/07\\\/03\\\/sigan-al-lider\\\/#primaryimage\"},\"image\":{\"@id\":\"http:\\\/\\\/gentedebasquet.com.ar\\\/sitio\\\/2016\\\/07\\\/03\\\/sigan-al-lider\\\/#primaryimage\"},\"thumbnailUrl\":\"http:\\\/\\\/gentedebasquet.com.ar\\\/sitio\\\/wp-content\\\/uploads\\\/2016\\\/07\\\/Olimpo-0-2-Alem.jpg\",\"datePublished\":\"2016-07-04T02:37:32+00:00\",\"author\":{\"@id\":\"https:\\\/\\\/gentedebasquet.com.ar\\\/sitio\\\/#\\\/schema\\\/person\\\/ca0b63bbb977369988a7bbbdc519943a\"},\"breadcrumb\":{\"@id\":\"http:\\\/\\\/gentedebasquet.com.ar\\\/sitio\\\/2016\\\/07\\\/03\\\/sigan-al-lider\\\/#breadcrumb\"},\"inLanguage\":\"es\",\"potentialAction\":[{\"@type\":\"ReadAction\",\"target\":[\"http:\\\/\\\/gentedebasquet.com.ar\\\/sitio\\\/2016\\\/07\\\/03\\\/sigan-al-lider\\\/\"]}]},{\"@type\":\"ImageObject\",\"inLanguage\":\"es\",\"@id\":\"http:\\\/\\\/gentedebasquet.com.ar\\\/sitio\\\/2016\\\/07\\\/03\\\/sigan-al-lider\\\/#primaryimage\",\"url\":\"http:\\\/\\\/gentedebasquet.com.ar\\\/sitio\\\/wp-content\\\/uploads\\\/2016\\\/07\\\/Olimpo-0-2-Alem.jpg\",\"contentUrl\":\"http:\\\/\\\/gentedebasquet.com.ar\\\/sitio\\\/wp-content\\\/uploads\\\/2016\\\/07\\\/Olimpo-0-2-Alem.jpg\",\"width\":690,\"height\":319},{\"@type\":\"BreadcrumbList\",\"@id\":\"http:\\\/\\\/gentedebasquet.com.ar\\\/sitio\\\/2016\\\/07\\\/03\\\/sigan-al-lider\\\/#breadcrumb\",\"itemListElement\":[{\"@type\":\"ListItem\",\"position\":1,\"name\":\"Portada\",\"item\":\"https:\\\/\\\/gentedebasquet.com.ar\\\/sitio\\\/\"},{\"@type\":\"ListItem\",\"position\":2,\"name\":\"Sigan al l\u00edder\"}]},{\"@type\":\"WebSite\",\"@id\":\"https:\\\/\\\/gentedebasquet.com.ar\\\/sitio\\\/#website\",\"url\":\"https:\\\/\\\/gentedebasquet.com.ar\\\/sitio\\\/\",\"name\":\"Gente de B\u00e1squet\",\"description\":\"La revista del basquet de Bah\u00eda Blanca\",\"potentialAction\":[{\"@type\":\"SearchAction\",\"target\":{\"@type\":\"EntryPoint\",\"urlTemplate\":\"https:\\\/\\\/gentedebasquet.com.ar\\\/sitio\\\/?s={search_term_string}\"},\"query-input\":{\"@type\":\"PropertyValueSpecification\",\"valueRequired\":true,\"valueName\":\"search_term_string\"}}],\"inLanguage\":\"es\"},{\"@type\":\"Person\",\"@id\":\"https:\\\/\\\/gentedebasquet.com.ar\\\/sitio\\\/#\\\/schema\\\/person\\\/ca0b63bbb977369988a7bbbdc519943a\",\"name\":\"Gente de B\u00e1squet\",\"image\":{\"@type\":\"ImageObject\",\"inLanguage\":\"es\",\"@id\":\"https:\\\/\\\/secure.gravatar.com\\\/avatar\\\/7f2c48bdc33b30088f941fb6082e555f2874c98e20cb159d7b92b50eadfce793?s=96&d=mm&r=g\",\"url\":\"https:\\\/\\\/secure.gravatar.com\\\/avatar\\\/7f2c48bdc33b30088f941fb6082e555f2874c98e20cb159d7b92b50eadfce793?s=96&d=mm&r=g\",\"contentUrl\":\"https:\\\/\\\/secure.gravatar.com\\\/avatar\\\/7f2c48bdc33b30088f941fb6082e555f2874c98e20cb159d7b92b50eadfce793?s=96&d=mm&r=g\",\"caption\":\"Gente de B\u00e1squet\"},\"sameAs\":[\"http:\\\/\\\/gentedebasquet.com.ar\\\/sitio\"],\"url\":\"http:\\\/\\\/gentedebasquet.com.ar\\\/sitio\\\/author\\\/ulises\\\/\"}]}<\/script>\n<!-- \/ Yoast SEO plugin. -->","yoast_head_json":{"title":"Sigan al l\u00edder - Gente de B\u00e1squet","robots":{"index":"index","follow":"follow","max-snippet":"max-snippet:-1","max-image-preview":"max-image-preview:large","max-video-preview":"max-video-preview:-1"},"canonical":"http:\/\/gentedebasquet.com.ar\/sitio\/2016\/07\/03\/sigan-al-lider\/","og_locale":"es_ES","og_type":"article","og_title":"Sigan al l\u00edder - Gente de B\u00e1squet","og_description":"Alem derrot\u00f3 a Olimpo 91 a 88 y avanz\u00f3 a las semifinales de Primera","og_url":"http:\/\/gentedebasquet.com.ar\/sitio\/2016\/07\/03\/sigan-al-lider\/","og_site_name":"Gente de B\u00e1squet","article_published_time":"2016-07-04T02:37:32+00:00","og_image":[{"width":690,"height":319,"url":"http:\/\/gentedebasquet.com.ar\/sitio\/wp-content\/uploads\/2016\/07\/Olimpo-0-2-Alem.jpg","type":"image\/jpeg"}],"author":"Gente de B\u00e1squet","twitter_card":"summary_large_image","twitter_misc":{"Escrito por":"Gente de B\u00e1squet","Tiempo de lectura":"4 minutos"},"schema":{"@context":"https:\/\/schema.org","@graph":[{"@type":"Article","@id":"http:\/\/gentedebasquet.com.ar\/sitio\/2016\/07\/03\/sigan-al-lider\/#article","isPartOf":{"@id":"http:\/\/gentedebasquet.com.ar\/sitio\/2016\/07\/03\/sigan-al-lider\/"},"author":{"name":"Gente de B\u00e1squet","@id":"https:\/\/gentedebasquet.com.ar\/sitio\/#\/schema\/person\/ca0b63bbb977369988a7bbbdc519943a"},"headline":"Sigan al l\u00edder","datePublished":"2016-07-04T02:37:32+00:00","mainEntityOfPage":{"@id":"http:\/\/gentedebasquet.com.ar\/sitio\/2016\/07\/03\/sigan-al-lider\/"},"wordCount":777,"image":{"@id":"http:\/\/gentedebasquet.com.ar\/sitio\/2016\/07\/03\/sigan-al-lider\/#primaryimage"},"thumbnailUrl":"http:\/\/gentedebasquet.com.ar\/sitio\/wp-content\/uploads\/2016\/07\/Olimpo-0-2-Alem.jpg","keywords":["Alem","Herman Banegas","Jorge Garc\u00eda","Juan Pablo Rotta","Lahuel Silva","Ol\u00edmpo","Santiago Torre"],"articleSection":["Primera","Slide"],"inLanguage":"es"},{"@type":"WebPage","@id":"http:\/\/gentedebasquet.com.ar\/sitio\/2016\/07\/03\/sigan-al-lider\/","url":"http:\/\/gentedebasquet.com.ar\/sitio\/2016\/07\/03\/sigan-al-lider\/","name":"Sigan al l\u00edder - Gente de B\u00e1squet","isPartOf":{"@id":"https:\/\/gentedebasquet.com.ar\/sitio\/#website"},"primaryImageOfPage":{"@id":"http:\/\/gentedebasquet.com.ar\/sitio\/2016\/07\/03\/sigan-al-lider\/#primaryimage"},"image":{"@id":"http:\/\/gentedebasquet.com.ar\/sitio\/2016\/07\/03\/sigan-al-lider\/#primaryimage"},"thumbnailUrl":"http:\/\/gentedebasquet.com.ar\/sitio\/wp-content\/uploads\/2016\/07\/Olimpo-0-2-Alem.jpg","datePublished":"2016-07-04T02:37:32+00:00","author":{"@id":"https:\/\/gentedebasquet.com.ar\/sitio\/#\/schema\/person\/ca0b63bbb977369988a7bbbdc519943a"},"breadcrumb":{"@id":"http:\/\/gentedebasquet.com.ar\/sitio\/2016\/07\/03\/sigan-al-lider\/#breadcrumb"},"inLanguage":"es","potentialAction":[{"@type":"ReadAction","target":["http:\/\/gentedebasquet.com.ar\/sitio\/2016\/07\/03\/sigan-al-lider\/"]}]},{"@type":"ImageObject","inLanguage":"es","@id":"http:\/\/gentedebasquet.com.ar\/sitio\/2016\/07\/03\/sigan-al-lider\/#primaryimage","url":"http:\/\/gentedebasquet.com.ar\/sitio\/wp-content\/uploads\/2016\/07\/Olimpo-0-2-Alem.jpg","contentUrl":"http:\/\/gentedebasquet.com.ar\/sitio\/wp-content\/uploads\/2016\/07\/Olimpo-0-2-Alem.jpg","width":690,"height":319},{"@type":"BreadcrumbList","@id":"http:\/\/gentedebasquet.com.ar\/sitio\/2016\/07\/03\/sigan-al-lider\/#breadcrumb","itemListElement":[{"@type":"ListItem","position":1,"name":"Portada","item":"https:\/\/gentedebasquet.com.ar\/sitio\/"},{"@type":"ListItem","position":2,"name":"Sigan al l\u00edder"}]},{"@type":"WebSite","@id":"https:\/\/gentedebasquet.com.ar\/sitio\/#website","url":"https:\/\/gentedebasquet.com.ar\/sitio\/","name":"Gente de B\u00e1squet","description":"La revista del basquet de Bah\u00eda Blanca","potentialAction":[{"@type":"SearchAction","target":{"@type":"EntryPoint","urlTemplate":"https:\/\/gentedebasquet.com.ar\/sitio\/?s={search_term_string}"},"query-input":{"@type":"PropertyValueSpecification","valueRequired":true,"valueName":"search_term_string"}}],"inLanguage":"es"},{"@type":"Person","@id":"https:\/\/gentedebasquet.com.ar\/sitio\/#\/schema\/person\/ca0b63bbb977369988a7bbbdc519943a","name":"Gente de B\u00e1squet","image":{"@type":"ImageObject","inLanguage":"es","@id":"https:\/\/secure.gravatar.com\/avatar\/7f2c48bdc33b30088f941fb6082e555f2874c98e20cb159d7b92b50eadfce793?s=96&d=mm&r=g","url":"https:\/\/secure.gravatar.com\/avatar\/7f2c48bdc33b30088f941fb6082e555f2874c98e20cb159d7b92b50eadfce793?s=96&d=mm&r=g","contentUrl":"https:\/\/secure.gravatar.com\/avatar\/7f2c48bdc33b30088f941fb6082e555f2874c98e20cb159d7b92b50eadfce793?s=96&d=mm&r=g","caption":"Gente de B\u00e1squet"},"sameAs":["http:\/\/gentedebasquet.com.ar\/sitio"],"url":"http:\/\/gentedebasquet.com.ar\/sitio\/author\/ulises\/"}]}},"_links":{"self":[{"href":"http:\/\/gentedebasquet.com.ar\/sitio\/wp-json\/wp\/v2\/posts\/61782","targetHints":{"allow":["GET"]}}],"collection":[{"href":"http:\/\/gentedebasquet.com.ar\/sitio\/wp-json\/wp\/v2\/posts"}],"about":[{"href":"http:\/\/gentedebasquet.com.ar\/sitio\/wp-json\/wp\/v2\/types\/post"}],"author":[{"embeddable":true,"href":"http:\/\/gentedebasquet.com.ar\/sitio\/wp-json\/wp\/v2\/users\/1"}],"replies":[{"embeddable":true,"href":"http:\/\/gentedebasquet.com.ar\/sitio\/wp-json\/wp\/v2\/comments?post=61782"}],"version-history":[{"count":0,"href":"http:\/\/gentedebasquet.com.ar\/sitio\/wp-json\/wp\/v2\/posts\/61782\/revisions"}],"wp:featuredmedia":[{"embeddable":true,"href":"http:\/\/gentedebasquet.com.ar\/sitio\/wp-json\/wp\/v2\/media\/61783"}],"wp:attachment":[{"href":"http:\/\/gentedebasquet.com.ar\/sitio\/wp-json\/wp\/v2\/media?parent=61782"}],"wp:term":[{"taxonomy":"category","embeddable":true,"href":"http:\/\/gentedebasquet.com.ar\/sitio\/wp-json\/wp\/v2\/categories?post=61782"},{"taxonomy":"post_tag","embeddable":true,"href":"http:\/\/gentedebasquet.com.ar\/sitio\/wp-json\/wp\/v2\/tags?post=61782"}],"curies":[{"name":"wp","href":"https:\/\/api.w.org\/{rel}","templated":true}]}}