{"id":61786,"date":"2016-07-03T23:30:04","date_gmt":"2016-07-04T02:30:04","guid":{"rendered":"http:\/\/www.gentedebasquet.com.ar\/?p=61786"},"modified":"2016-07-03T23:30:04","modified_gmt":"2016-07-04T02:30:04","slug":"deja-vu-tricolor","status":"publish","type":"post","link":"http:\/\/gentedebasquet.com.ar\/sitio\/2016\/07\/03\/deja-vu-tricolor\/","title":{"rendered":"D\u00e9j\u00e0 vu tricolor"},"content":{"rendered":"<p><strong>Bahiense del Norte derrot\u00f3 en el Sagasti a Liniers por 87 a 85 y se meti\u00f3 en semifinales. El elenco de Navallo nuevamente corri\u00f3 de atr\u00e1s (34-47 al ET), explot\u00f3 ofensivamente en el 3C (30 a 15) y en un cierre caliente y discutido, entr\u00f3 con algo de aire y lo liquid\u00f3 desde la l\u00ednea. La gran actuaci\u00f3n en equipo del ganador dej\u00f3 a seis jugadores en dos d\u00edgitos: Pennacchiotti (20 y 10 rebotes), Barbero (15, 7\/9 T1, 9 en el 3C), Zambrano (14, 5\/7 TC), Buzzo (14), Silva (12) y Mor\u00e1n (11). En el \u2018Chivo\u2019, que tir\u00f3 3\/19 T3, los m\u00e1ximos anotadores fueron Radavero (23, 10\/15 T2 + 12 recobres) y Bellozas (16, 8\/13 T2 + 13 tableros). <\/strong><\/p>\n<p>De arranque Liniers impuso condiciones jugando ofensivas claras y efectivas (inici\u00f3 con 6 aciertos seguidos y 7\/8 TC), Bellozas (6) recibi\u00f3 el bal\u00f3n cerca del cesto, Mat\u00edas Mart\u00ednez (4) fue para adentro y Gonzalo clav\u00f3 una bomba para poner al \u2018Chivo\u2019 +11 (16-5) a mediados del cuarto ante un Bahiense que no encontraba respuestas (2\/7 TC y 2 p\u00e9rdidas). Poco a poco el \u2018Tricolor\u2019 se fue acomodando al juego, Pennacchiotti (8) comenz\u00f3 a tomar decisiones y estuvo bien acompa\u00f1ado por Silva (5) para que el ataque visitante empiece carburar, pero la aparici\u00f3n de Radavero (6) mantuvo al due\u00f1o de casa al frente tras el 1C: 24-19.<\/p>\n<p>En el comienzo del 2C los aciertos bajaron, ambos equipos abusaron del tiro de tres puntos (L 0\/4 T3, B 1\/6 T3) y la diferencia se mantuvo, el visitante encontr\u00f3 gol en Mor\u00e1n (5) de media y larga distancia mientras que el \u2018Chivo\u2019 disfrut\u00f3 de los buenos ingresos de Petrini (4) y Marinsalta para mantenerse arriba (34-30 a 3.56). Con otra r\u00e1faga letal de Radavero (8, cerr\u00f3 el PT con 7\/8 T2) m\u00e1s una bomba de Petrini (termin\u00f3 con 7), Liniers logr\u00f3 volver a imponer su juego y estableci\u00f3 un parcial de 13-4 que le dio 13 de luz camino a los vestuarios: 47-34.<\/p>\n<blockquote><p>Sab\u00edamos que iba a ser una serie dur\u00edsima. Nos hubiera gustado defender un poco mejor, pero en los playoffs hay que ganar y es lo que conseguimos. En el 3C dimos una muestra de car\u00e1cter. Queremos jugar una final, este grupo se lo merece y vamos a trabajar para eso. (An\u00edbal Buzzo).<\/p><\/blockquote>\n<p>La historia cambi\u00f3 rotundamente tras el descanso largo, porque en un tr\u00e1mite mucho m\u00e1s f\u00edsico y hablado, Bahiense impuso su juego por primera vez en la noche y reaccion\u00f3. Liniers entr\u00f3 fr\u00edo (inici\u00f3 con 1\/12 TC) y solo el reingreso de Bellozas (6) \u2013estuvo 20 minutos en el banco por problemas de faltas- \u00a0y una r\u00e1faga de Pizzo (6) le dieron vida a la ofensiva local. Habiendo solucionado el problema atr\u00e1s, el visitante mostr\u00f3 su mejor versi\u00f3n en ataque, apostando a la penetraci\u00f3n y descarga, encontr\u00f3 gol de afuera (5\/8 T3) con Barbero (9) y Buzzo (7) como banderas m\u00e1s la regularidad de Pennacchiotti (6) y progresivamente dio vuelta la historia, comenzando con un parcial de 10-1, pasando al frente a falta de 2m y llegando al \u00faltimo per\u00edodo arriba 64 a 62.<\/p>\n<p>En un ambiente caldeado, el \u2018Tricolor\u2019 manej\u00f3 una diferencia de 3\/6 puntos durante los primeros 9 minutos del 4C: tanto Zambrano (5) como Mor\u00e1n (4) y Pennacchiotti (4) aparecieron en momentos puntuales para que su equipo respire. El juego interno de Radavero (6) y Bellozas (4) mantuvieron al \u2018Chivo\u2019 al acecho, y un triple de Pizzo dej\u00f3 la diferencia en uno (83-82) en el minutos final. Pero luego de varios cortes sucesivos por ambos lados, a Bahiense no le tembl\u00f3 el pulso y se llev\u00f3 el partido y la serie para Salta 28.<\/p>\n<p>&nbsp;<\/p>\n<p>[vimeo]http:\/\/vimeo.com\/173320342[\/vimeo]<\/p>\n<p>&nbsp;<\/p>\n<p><strong>S\u00edntesis|\u00a0<\/strong>Primera Divisi\u00f3n \u2013 Cuartos de Final \u2013 Juego #2<\/p>\n<p><strong>Liniers 85:<\/strong>\u00a0Mat\u00edas Mart\u00ednez 11, Gonzalo Mart\u00ednez 8, Mariano Pizzo 14, Federico Radavero 23, Juan Ignacio Bellozas 16 (x) (FI); Iv\u00e1n Petrini 7, Juli\u00e1n Marinsalta 6. DT: Ignacio Ferhmin.<\/p>\n<p><strong>Bahiense del Norte 87:<\/strong>\u00a0Juan Pablo Mor\u00e1n 11, Andr\u00e9s Barbero 15 (x), Esteban Silva 12 (x), Anibal Buzzo 14, Franco Pennacchiotti 20 (FI); Luciano Fern\u00e1ndez 1, Kevin Zambrano 14. DT: Alejandro Navallo.<\/p>\n<p><strong>Parciales:<\/strong>\u00a024-19, 47-34 (23-15), 62-64 (15-30), 85-87 (23-23).<\/p>\n<p><strong>\u00c1rbitros:<\/strong>\u00a0Jorge Scheffer \u2013 Javier S\u00e1nchez.<\/p>\n<p><strong>Estadio:<\/strong>\u00a0Hern\u00e1n Sagasti (Liniers).<\/p>\n<p><a class=\"modalf iframe\" title=\"Planilla\" href=\"https:\/\/docs.google.com\/spreadsheets\/d\/1ze1EmMGl1HLAjJsjK0r73QYL4Aom9H0k-y7oaxphZNw\/pubhtml?gid=2137736129&amp;single=true\" target=\"_blank\" rel=\"noopener\">Ver Planilla<\/a><\/p>\n<p><strong>Serie:\u00a0<\/strong>Bahiense del Norte, 2-0.<\/p>\n","protected":false},"excerpt":{"rendered":"<p>Bahiense del Norte volvi\u00f3 a remontarle un partido a Liniers: 87 a 85 y a semis<\/p>\n","protected":false},"author":1,"featured_media":61768,"comment_status":"closed","ping_status":"open","sticky":false,"template":"","format":"standard","meta":{"jnews-multi-image_gallery":[],"jnews_single_post":[],"jnews_primary_category":[],"footnotes":""},"categories":[23,101],"tags":[172,597,5,306,599,87,282,742,14],"class_list":["post-61786","post","type-post","status-publish","format-standard","has-post-thumbnail","hentry","category-primera","category-slide","tag-andres-barbero","tag-anibal-buzzo","tag-bahiense-del-norte","tag-esteban-silva","tag-federico-radavero","tag-franco-pennacchiotti","tag-juan-pablo-moran","tag-kevin-zambrano","tag-liniers"],"yoast_head":"<!-- This site is optimized with the Yoast SEO plugin v27.5 - https:\/\/yoast.com\/product\/yoast-seo-wordpress\/ -->\n<title>D\u00e9j\u00e0 vu tricolor - Gente de B\u00e1squet<\/title>\n<meta name=\"robots\" content=\"index, follow, max-snippet:-1, max-image-preview:large, max-video-preview:-1\" \/>\n<link rel=\"canonical\" href=\"http:\/\/gentedebasquet.com.ar\/sitio\/2016\/07\/03\/deja-vu-tricolor\/\" \/>\n<meta property=\"og:locale\" content=\"es_ES\" \/>\n<meta property=\"og:type\" content=\"article\" \/>\n<meta property=\"og:title\" content=\"D\u00e9j\u00e0 vu tricolor - Gente de B\u00e1squet\" \/>\n<meta property=\"og:description\" content=\"Bahiense del Norte volvi\u00f3 a remontarle un partido a Liniers: 87 a 85 y a semis\" \/>\n<meta property=\"og:url\" content=\"http:\/\/gentedebasquet.com.ar\/sitio\/2016\/07\/03\/deja-vu-tricolor\/\" \/>\n<meta property=\"og:site_name\" content=\"Gente de B\u00e1squet\" \/>\n<meta property=\"article:published_time\" content=\"2016-07-04T02:30:04+00:00\" \/>\n<meta property=\"og:image\" content=\"http:\/\/gentedebasquet.com.ar\/sitio\/wp-content\/uploads\/2016\/07\/Liniers-0-2-Bahiense.jpg\" \/>\n\t<meta property=\"og:image:width\" content=\"690\" \/>\n\t<meta property=\"og:image:height\" content=\"319\" \/>\n\t<meta property=\"og:image:type\" content=\"image\/jpeg\" \/>\n<meta name=\"author\" content=\"Gente de B\u00e1squet\" \/>\n<meta name=\"twitter:card\" content=\"summary_large_image\" \/>\n<meta name=\"twitter:label1\" content=\"Escrito por\" \/>\n\t<meta name=\"twitter:data1\" content=\"Gente de B\u00e1squet\" \/>\n\t<meta name=\"twitter:label2\" content=\"Tiempo de lectura\" \/>\n\t<meta name=\"twitter:data2\" content=\"3 minutos\" \/>\n<script type=\"application\/ld+json\" class=\"yoast-schema-graph\">{\"@context\":\"https:\\\/\\\/schema.org\",\"@graph\":[{\"@type\":\"Article\",\"@id\":\"http:\\\/\\\/gentedebasquet.com.ar\\\/sitio\\\/2016\\\/07\\\/03\\\/deja-vu-tricolor\\\/#article\",\"isPartOf\":{\"@id\":\"http:\\\/\\\/gentedebasquet.com.ar\\\/sitio\\\/2016\\\/07\\\/03\\\/deja-vu-tricolor\\\/\"},\"author\":{\"name\":\"Gente de B\u00e1squet\",\"@id\":\"https:\\\/\\\/gentedebasquet.com.ar\\\/sitio\\\/#\\\/schema\\\/person\\\/ca0b63bbb977369988a7bbbdc519943a\"},\"headline\":\"D\u00e9j\u00e0 vu tricolor\",\"datePublished\":\"2016-07-04T02:30:04+00:00\",\"mainEntityOfPage\":{\"@id\":\"http:\\\/\\\/gentedebasquet.com.ar\\\/sitio\\\/2016\\\/07\\\/03\\\/deja-vu-tricolor\\\/\"},\"wordCount\":677,\"image\":{\"@id\":\"http:\\\/\\\/gentedebasquet.com.ar\\\/sitio\\\/2016\\\/07\\\/03\\\/deja-vu-tricolor\\\/#primaryimage\"},\"thumbnailUrl\":\"http:\\\/\\\/gentedebasquet.com.ar\\\/sitio\\\/wp-content\\\/uploads\\\/2016\\\/07\\\/Liniers-0-2-Bahiense.jpg\",\"keywords\":[\"Andr\u00e9s Barbero\",\"An\u00edbal Buzzo\",\"Bahiense Del Norte\",\"Esteban Silva\",\"Federico Radavero\",\"Franco Pennacchiotti\",\"Juan Pablo Mor\u00e1n\",\"Kevin Zambrano\",\"Liniers\"],\"articleSection\":[\"Primera\",\"Slide\"],\"inLanguage\":\"es\"},{\"@type\":\"WebPage\",\"@id\":\"http:\\\/\\\/gentedebasquet.com.ar\\\/sitio\\\/2016\\\/07\\\/03\\\/deja-vu-tricolor\\\/\",\"url\":\"http:\\\/\\\/gentedebasquet.com.ar\\\/sitio\\\/2016\\\/07\\\/03\\\/deja-vu-tricolor\\\/\",\"name\":\"D\u00e9j\u00e0 vu tricolor - Gente de B\u00e1squet\",\"isPartOf\":{\"@id\":\"https:\\\/\\\/gentedebasquet.com.ar\\\/sitio\\\/#website\"},\"primaryImageOfPage\":{\"@id\":\"http:\\\/\\\/gentedebasquet.com.ar\\\/sitio\\\/2016\\\/07\\\/03\\\/deja-vu-tricolor\\\/#primaryimage\"},\"image\":{\"@id\":\"http:\\\/\\\/gentedebasquet.com.ar\\\/sitio\\\/2016\\\/07\\\/03\\\/deja-vu-tricolor\\\/#primaryimage\"},\"thumbnailUrl\":\"http:\\\/\\\/gentedebasquet.com.ar\\\/sitio\\\/wp-content\\\/uploads\\\/2016\\\/07\\\/Liniers-0-2-Bahiense.jpg\",\"datePublished\":\"2016-07-04T02:30:04+00:00\",\"author\":{\"@id\":\"https:\\\/\\\/gentedebasquet.com.ar\\\/sitio\\\/#\\\/schema\\\/person\\\/ca0b63bbb977369988a7bbbdc519943a\"},\"breadcrumb\":{\"@id\":\"http:\\\/\\\/gentedebasquet.com.ar\\\/sitio\\\/2016\\\/07\\\/03\\\/deja-vu-tricolor\\\/#breadcrumb\"},\"inLanguage\":\"es\",\"potentialAction\":[{\"@type\":\"ReadAction\",\"target\":[\"http:\\\/\\\/gentedebasquet.com.ar\\\/sitio\\\/2016\\\/07\\\/03\\\/deja-vu-tricolor\\\/\"]}]},{\"@type\":\"ImageObject\",\"inLanguage\":\"es\",\"@id\":\"http:\\\/\\\/gentedebasquet.com.ar\\\/sitio\\\/2016\\\/07\\\/03\\\/deja-vu-tricolor\\\/#primaryimage\",\"url\":\"http:\\\/\\\/gentedebasquet.com.ar\\\/sitio\\\/wp-content\\\/uploads\\\/2016\\\/07\\\/Liniers-0-2-Bahiense.jpg\",\"contentUrl\":\"http:\\\/\\\/gentedebasquet.com.ar\\\/sitio\\\/wp-content\\\/uploads\\\/2016\\\/07\\\/Liniers-0-2-Bahiense.jpg\",\"width\":690,\"height\":319},{\"@type\":\"BreadcrumbList\",\"@id\":\"http:\\\/\\\/gentedebasquet.com.ar\\\/sitio\\\/2016\\\/07\\\/03\\\/deja-vu-tricolor\\\/#breadcrumb\",\"itemListElement\":[{\"@type\":\"ListItem\",\"position\":1,\"name\":\"Portada\",\"item\":\"https:\\\/\\\/gentedebasquet.com.ar\\\/sitio\\\/\"},{\"@type\":\"ListItem\",\"position\":2,\"name\":\"D\u00e9j\u00e0 vu tricolor\"}]},{\"@type\":\"WebSite\",\"@id\":\"https:\\\/\\\/gentedebasquet.com.ar\\\/sitio\\\/#website\",\"url\":\"https:\\\/\\\/gentedebasquet.com.ar\\\/sitio\\\/\",\"name\":\"Gente de B\u00e1squet\",\"description\":\"La revista del basquet de Bah\u00eda Blanca\",\"potentialAction\":[{\"@type\":\"SearchAction\",\"target\":{\"@type\":\"EntryPoint\",\"urlTemplate\":\"https:\\\/\\\/gentedebasquet.com.ar\\\/sitio\\\/?s={search_term_string}\"},\"query-input\":{\"@type\":\"PropertyValueSpecification\",\"valueRequired\":true,\"valueName\":\"search_term_string\"}}],\"inLanguage\":\"es\"},{\"@type\":\"Person\",\"@id\":\"https:\\\/\\\/gentedebasquet.com.ar\\\/sitio\\\/#\\\/schema\\\/person\\\/ca0b63bbb977369988a7bbbdc519943a\",\"name\":\"Gente de B\u00e1squet\",\"image\":{\"@type\":\"ImageObject\",\"inLanguage\":\"es\",\"@id\":\"https:\\\/\\\/secure.gravatar.com\\\/avatar\\\/7f2c48bdc33b30088f941fb6082e555f2874c98e20cb159d7b92b50eadfce793?s=96&d=mm&r=g\",\"url\":\"https:\\\/\\\/secure.gravatar.com\\\/avatar\\\/7f2c48bdc33b30088f941fb6082e555f2874c98e20cb159d7b92b50eadfce793?s=96&d=mm&r=g\",\"contentUrl\":\"https:\\\/\\\/secure.gravatar.com\\\/avatar\\\/7f2c48bdc33b30088f941fb6082e555f2874c98e20cb159d7b92b50eadfce793?s=96&d=mm&r=g\",\"caption\":\"Gente de B\u00e1squet\"},\"sameAs\":[\"http:\\\/\\\/gentedebasquet.com.ar\\\/sitio\"],\"url\":\"http:\\\/\\\/gentedebasquet.com.ar\\\/sitio\\\/author\\\/ulises\\\/\"}]}<\/script>\n<!-- \/ Yoast SEO plugin. -->","yoast_head_json":{"title":"D\u00e9j\u00e0 vu tricolor - Gente de B\u00e1squet","robots":{"index":"index","follow":"follow","max-snippet":"max-snippet:-1","max-image-preview":"max-image-preview:large","max-video-preview":"max-video-preview:-1"},"canonical":"http:\/\/gentedebasquet.com.ar\/sitio\/2016\/07\/03\/deja-vu-tricolor\/","og_locale":"es_ES","og_type":"article","og_title":"D\u00e9j\u00e0 vu tricolor - Gente de B\u00e1squet","og_description":"Bahiense del Norte volvi\u00f3 a remontarle un partido a Liniers: 87 a 85 y a semis","og_url":"http:\/\/gentedebasquet.com.ar\/sitio\/2016\/07\/03\/deja-vu-tricolor\/","og_site_name":"Gente de B\u00e1squet","article_published_time":"2016-07-04T02:30:04+00:00","og_image":[{"width":690,"height":319,"url":"http:\/\/gentedebasquet.com.ar\/sitio\/wp-content\/uploads\/2016\/07\/Liniers-0-2-Bahiense.jpg","type":"image\/jpeg"}],"author":"Gente de B\u00e1squet","twitter_card":"summary_large_image","twitter_misc":{"Escrito por":"Gente de B\u00e1squet","Tiempo de lectura":"3 minutos"},"schema":{"@context":"https:\/\/schema.org","@graph":[{"@type":"Article","@id":"http:\/\/gentedebasquet.com.ar\/sitio\/2016\/07\/03\/deja-vu-tricolor\/#article","isPartOf":{"@id":"http:\/\/gentedebasquet.com.ar\/sitio\/2016\/07\/03\/deja-vu-tricolor\/"},"author":{"name":"Gente de B\u00e1squet","@id":"https:\/\/gentedebasquet.com.ar\/sitio\/#\/schema\/person\/ca0b63bbb977369988a7bbbdc519943a"},"headline":"D\u00e9j\u00e0 vu tricolor","datePublished":"2016-07-04T02:30:04+00:00","mainEntityOfPage":{"@id":"http:\/\/gentedebasquet.com.ar\/sitio\/2016\/07\/03\/deja-vu-tricolor\/"},"wordCount":677,"image":{"@id":"http:\/\/gentedebasquet.com.ar\/sitio\/2016\/07\/03\/deja-vu-tricolor\/#primaryimage"},"thumbnailUrl":"http:\/\/gentedebasquet.com.ar\/sitio\/wp-content\/uploads\/2016\/07\/Liniers-0-2-Bahiense.jpg","keywords":["Andr\u00e9s Barbero","An\u00edbal Buzzo","Bahiense Del Norte","Esteban Silva","Federico Radavero","Franco Pennacchiotti","Juan Pablo Mor\u00e1n","Kevin Zambrano","Liniers"],"articleSection":["Primera","Slide"],"inLanguage":"es"},{"@type":"WebPage","@id":"http:\/\/gentedebasquet.com.ar\/sitio\/2016\/07\/03\/deja-vu-tricolor\/","url":"http:\/\/gentedebasquet.com.ar\/sitio\/2016\/07\/03\/deja-vu-tricolor\/","name":"D\u00e9j\u00e0 vu tricolor - Gente de B\u00e1squet","isPartOf":{"@id":"https:\/\/gentedebasquet.com.ar\/sitio\/#website"},"primaryImageOfPage":{"@id":"http:\/\/gentedebasquet.com.ar\/sitio\/2016\/07\/03\/deja-vu-tricolor\/#primaryimage"},"image":{"@id":"http:\/\/gentedebasquet.com.ar\/sitio\/2016\/07\/03\/deja-vu-tricolor\/#primaryimage"},"thumbnailUrl":"http:\/\/gentedebasquet.com.ar\/sitio\/wp-content\/uploads\/2016\/07\/Liniers-0-2-Bahiense.jpg","datePublished":"2016-07-04T02:30:04+00:00","author":{"@id":"https:\/\/gentedebasquet.com.ar\/sitio\/#\/schema\/person\/ca0b63bbb977369988a7bbbdc519943a"},"breadcrumb":{"@id":"http:\/\/gentedebasquet.com.ar\/sitio\/2016\/07\/03\/deja-vu-tricolor\/#breadcrumb"},"inLanguage":"es","potentialAction":[{"@type":"ReadAction","target":["http:\/\/gentedebasquet.com.ar\/sitio\/2016\/07\/03\/deja-vu-tricolor\/"]}]},{"@type":"ImageObject","inLanguage":"es","@id":"http:\/\/gentedebasquet.com.ar\/sitio\/2016\/07\/03\/deja-vu-tricolor\/#primaryimage","url":"http:\/\/gentedebasquet.com.ar\/sitio\/wp-content\/uploads\/2016\/07\/Liniers-0-2-Bahiense.jpg","contentUrl":"http:\/\/gentedebasquet.com.ar\/sitio\/wp-content\/uploads\/2016\/07\/Liniers-0-2-Bahiense.jpg","width":690,"height":319},{"@type":"BreadcrumbList","@id":"http:\/\/gentedebasquet.com.ar\/sitio\/2016\/07\/03\/deja-vu-tricolor\/#breadcrumb","itemListElement":[{"@type":"ListItem","position":1,"name":"Portada","item":"https:\/\/gentedebasquet.com.ar\/sitio\/"},{"@type":"ListItem","position":2,"name":"D\u00e9j\u00e0 vu tricolor"}]},{"@type":"WebSite","@id":"https:\/\/gentedebasquet.com.ar\/sitio\/#website","url":"https:\/\/gentedebasquet.com.ar\/sitio\/","name":"Gente de B\u00e1squet","description":"La revista del basquet de Bah\u00eda Blanca","potentialAction":[{"@type":"SearchAction","target":{"@type":"EntryPoint","urlTemplate":"https:\/\/gentedebasquet.com.ar\/sitio\/?s={search_term_string}"},"query-input":{"@type":"PropertyValueSpecification","valueRequired":true,"valueName":"search_term_string"}}],"inLanguage":"es"},{"@type":"Person","@id":"https:\/\/gentedebasquet.com.ar\/sitio\/#\/schema\/person\/ca0b63bbb977369988a7bbbdc519943a","name":"Gente de B\u00e1squet","image":{"@type":"ImageObject","inLanguage":"es","@id":"https:\/\/secure.gravatar.com\/avatar\/7f2c48bdc33b30088f941fb6082e555f2874c98e20cb159d7b92b50eadfce793?s=96&d=mm&r=g","url":"https:\/\/secure.gravatar.com\/avatar\/7f2c48bdc33b30088f941fb6082e555f2874c98e20cb159d7b92b50eadfce793?s=96&d=mm&r=g","contentUrl":"https:\/\/secure.gravatar.com\/avatar\/7f2c48bdc33b30088f941fb6082e555f2874c98e20cb159d7b92b50eadfce793?s=96&d=mm&r=g","caption":"Gente de B\u00e1squet"},"sameAs":["http:\/\/gentedebasquet.com.ar\/sitio"],"url":"http:\/\/gentedebasquet.com.ar\/sitio\/author\/ulises\/"}]}},"_links":{"self":[{"href":"http:\/\/gentedebasquet.com.ar\/sitio\/wp-json\/wp\/v2\/posts\/61786","targetHints":{"allow":["GET"]}}],"collection":[{"href":"http:\/\/gentedebasquet.com.ar\/sitio\/wp-json\/wp\/v2\/posts"}],"about":[{"href":"http:\/\/gentedebasquet.com.ar\/sitio\/wp-json\/wp\/v2\/types\/post"}],"author":[{"embeddable":true,"href":"http:\/\/gentedebasquet.com.ar\/sitio\/wp-json\/wp\/v2\/users\/1"}],"replies":[{"embeddable":true,"href":"http:\/\/gentedebasquet.com.ar\/sitio\/wp-json\/wp\/v2\/comments?post=61786"}],"version-history":[{"count":0,"href":"http:\/\/gentedebasquet.com.ar\/sitio\/wp-json\/wp\/v2\/posts\/61786\/revisions"}],"wp:featuredmedia":[{"embeddable":true,"href":"http:\/\/gentedebasquet.com.ar\/sitio\/wp-json\/wp\/v2\/media\/61768"}],"wp:attachment":[{"href":"http:\/\/gentedebasquet.com.ar\/sitio\/wp-json\/wp\/v2\/media?parent=61786"}],"wp:term":[{"taxonomy":"category","embeddable":true,"href":"http:\/\/gentedebasquet.com.ar\/sitio\/wp-json\/wp\/v2\/categories?post=61786"},{"taxonomy":"post_tag","embeddable":true,"href":"http:\/\/gentedebasquet.com.ar\/sitio\/wp-json\/wp\/v2\/tags?post=61786"}],"curies":[{"name":"wp","href":"https:\/\/api.w.org\/{rel}","templated":true}]}}