{"id":61815,"date":"2016-07-04T23:55:40","date_gmt":"2016-07-05T02:55:40","guid":{"rendered":"http:\/\/www.gentedebasquet.com.ar\/?p=61815"},"modified":"2016-07-04T23:55:40","modified_gmt":"2016-07-05T02:55:40","slug":"barracas-puso-primera","status":"publish","type":"post","link":"http:\/\/gentedebasquet.com.ar\/sitio\/2016\/07\/04\/barracas-puso-primera\/","title":{"rendered":"Barracas puso primera"},"content":{"rendered":"<p><strong>Barracas se adue\u00f1\u00f3 en su casa del primer punto en la serie de Finales ante Sportivo, al vencerlo 69-47.\u00a0 Dami\u00e1n Carci (19 puntos y 5 asistencias) y Mariano Trellini (13) fueron los de mejor rendimiento en el local,\u00a0 mientras que en el tricolor, nuevamente Joaqu\u00edn Tuero (13 y 6 asistencias) fue el jugador m\u00e1s valioso en su equipo.\u00a0 <\/strong><\/p>\n<p>Barracas dio la sorpresa desde el arranque del partido, plantado defensivamente en zona 3-2, una variable que mantuvo toda la noche.\u00a0 Sin anotar ambos equipos en los primeros dos minutos, Sportivo tom\u00f3 la delantera (9-2) con un gran arranque de Tuero (dos triples), aprovechando la enemistad del local con el aro (1-9 de campo en ese tramo).\u00a0 No obstante, y tras tiempo pedido por Juan Sergio Palumbo, el due\u00f1o de El Bosque reaccion\u00f3 a partir de su media cancha: a partir de buenas paradas defensivas de Carci (5), Trellini (5) y Gendana (4) ocupando espacios de contragolpe, cerr\u00f3 el 1C arriba.<\/p>\n<p>Con el recambio de la segunda unidad, Barracas continu\u00f3 su escalada ofensiva.\u00a0 Cancellarich hizo buen uso de su alcance atacando el aro (7 en el cuarto), Mart\u00ednez no dudo en el 1v1 (5) y Massa hizo el trabajo sucio en la pintura (4 rebotes).\u00a0 Adem\u00e1s, el 2C fue el momento en que la defensa zonal de Barracas dio su mejor resultado: limit\u00f3 a Sportivo a anotar 13 puntos (5-15 de campo), anul\u00e1ndole el camino hacia el aro a los internos, y cerrando arriba la primera mitad con una importante ventaja (33-24).<\/p>\n<blockquote><p>Era fundamental ganar hoy, porque tenemos que ser conscientes que ganar esta serie te da un lugar en las finales por el ascenso. \u00a0Me sorprendi\u00f3 hoy que salimos marcando en zona, porque Juanse (Palumbo) no es muy amigo de la defensa zonal y practicamos mucho hombre a hombre. \u00a0Pero sali\u00f3 bien, porque ning\u00fan jugador qued\u00f3 libre. \u00a0Obviamente el cerebro de ellos es Joaqu\u00edn (Tuero), y tenemos que tratar de que ni juegue ni genere juego. \u00a0Ellos (por Sportivo) se cierran bastante en la pintura y un poco regalan el tiro, pero nosotros no tenemos que caer en el abuso\u00a0(Mariano Trellini)<\/p><\/blockquote>\n<p>En la reanudaci\u00f3n, Barracas se encarg\u00f3 de liquidar el partido.\u00a0 Con N\u00fa\u00f1ez (4) como referencia en el poste bajo, Massa continuando su trabajo de basurero en el trapecio (5 puntos y otros 4 rebotes) y Carci explotando a distancia (dos triples), el local sac\u00f3 15 de ventaja al final\u00a0del 3C (52-37) para, en el cierre, ampliar a 20 (58-47) y liquidar\u00a0el encuentro.\u00a0 Sportivo quem\u00f3 las naves marcando en toda la cancha y se arrim\u00f3 con dos bombas de Juli\u00e1n Gutt (58-45), pero nuevamente Carci, con otros dos bombazos, se encarg\u00f3 de frenar la embestida final del tricolor.<\/p>\n<p>&nbsp;<\/p>\n<p>[youtube]https:\/\/youtu.be\/PmnONelyEiw[\/youtube]<\/p>\n<p>&nbsp;<\/p>\n<p><strong>S\u00edntesis| <\/strong>Segunda Divisi\u00f3n \u2013 Ciudad de Bah\u00eda Blanca \u2013 Finales \u2013 Juego #1<\/p>\n<p><strong>Barracas 69: <\/strong>Dami\u00e1n Carci 19, Fabi\u00e1n Gendana 4, Mariano Trellini 13, Mauro Montanaro 0, Mariano N\u00fa\u00f1ez 6 (FI); Octavio Cancellarich 9, C\u00e9sar Massa 9, Sebasti\u00e1n Mart\u00ednez 9, Joaqu\u00edn Gonz\u00e1lez 0.\u00a0 D.T: Juan Sergio Palumbo.<\/p>\n<p><strong>Sportivo 47: <\/strong>Joaqu\u00edn Tuero 13, Lucas Iriarte 3, Yoel Asnaghi 9, Nicol\u00e1s Mart\u00ednez 2, Mart\u00edn Villoldo 5 (FI); Juan Manuel Ponce 0, Juli\u00e1n Gutt 8, Lucas Casali 0, Nahuel M\u00e9lida 0, Mart\u00edn Quevedo 0, Ferm\u00edn Iriarte 3, Emiliano Velasco 2.\u00a0 D.T: Fernando \u00c1lvarez.<\/p>\n<p><strong>Parciales: <\/strong>16-11, 33-24 (17-13), 52-37 (19-13) y 69-47 (17-10).<\/p>\n<p><strong>\u00c1rbitros: <\/strong>Miguel Firpo, Sebasti\u00e1n Giannino y Alejandro Go\u00f1i.<\/p>\n<p><strong>Estadio: <\/strong>El Bosque (Barracas).<\/p>\n<p><a class=\"modalf iframe\" title=\"Planilla\" href=\"https:\/\/docs.google.com\/spreadsheets\/d\/1N2itVyABSLoQ8euDF9JH26NInkmxPy4uTISIzFtAwoY\/pubhtml\" target=\"_blank\" rel=\"noopener\">Ver Planilla<\/a><\/p>\n<p><strong>Serie: <\/strong>Barracas, 1-0.<\/p>\n","protected":false},"excerpt":{"rendered":"<p>En el bosque, derrot\u00f3 a Sportivo Bahiense 69 a 47 en el primer juego de las Finales<\/p>\n","protected":false},"author":1,"featured_media":61818,"comment_status":"closed","ping_status":"open","sticky":false,"template":"","format":"standard","meta":{"jnews-multi-image_gallery":[],"jnews_single_post":[],"jnews_primary_category":[],"footnotes":""},"categories":[25,101],"tags":[333,527,793,582,619,583],"class_list":["post-61815","post","type-post","status-publish","format-standard","has-post-thumbnail","hentry","category-segunda","category-slide","tag-barracas","tag-damian-carci","tag-finales","tag-joaquin-tuero","tag-mariano-trellini","tag-sportivo"],"yoast_head":"<!-- This site is optimized with the Yoast SEO plugin v27.5 - https:\/\/yoast.com\/product\/yoast-seo-wordpress\/ -->\n<title>Barracas puso primera - Gente de B\u00e1squet<\/title>\n<meta name=\"robots\" content=\"index, follow, max-snippet:-1, max-image-preview:large, max-video-preview:-1\" \/>\n<link rel=\"canonical\" href=\"http:\/\/gentedebasquet.com.ar\/sitio\/2016\/07\/04\/barracas-puso-primera\/\" \/>\n<meta property=\"og:locale\" content=\"es_ES\" \/>\n<meta property=\"og:type\" content=\"article\" \/>\n<meta property=\"og:title\" content=\"Barracas puso primera - Gente de B\u00e1squet\" \/>\n<meta property=\"og:description\" content=\"En el bosque, derrot\u00f3 a Sportivo Bahiense 69 a 47 en el primer juego de las Finales\" \/>\n<meta property=\"og:url\" content=\"http:\/\/gentedebasquet.com.ar\/sitio\/2016\/07\/04\/barracas-puso-primera\/\" \/>\n<meta property=\"og:site_name\" content=\"Gente de B\u00e1squet\" \/>\n<meta property=\"article:published_time\" content=\"2016-07-05T02:55:40+00:00\" \/>\n<meta property=\"og:image\" content=\"http:\/\/gentedebasquet.com.ar\/sitio\/wp-content\/uploads\/2016\/07\/Barracas-1-0-Sportivo.jpg\" \/>\n\t<meta property=\"og:image:width\" content=\"690\" \/>\n\t<meta property=\"og:image:height\" content=\"319\" \/>\n\t<meta property=\"og:image:type\" content=\"image\/jpeg\" \/>\n<meta name=\"author\" content=\"Gente de B\u00e1squet\" \/>\n<meta name=\"twitter:card\" content=\"summary_large_image\" \/>\n<meta name=\"twitter:label1\" content=\"Escrito por\" \/>\n\t<meta name=\"twitter:data1\" content=\"Gente de B\u00e1squet\" \/>\n\t<meta name=\"twitter:label2\" content=\"Tiempo de lectura\" \/>\n\t<meta name=\"twitter:data2\" content=\"3 minutos\" \/>\n<script type=\"application\/ld+json\" class=\"yoast-schema-graph\">{\"@context\":\"https:\\\/\\\/schema.org\",\"@graph\":[{\"@type\":\"Article\",\"@id\":\"http:\\\/\\\/gentedebasquet.com.ar\\\/sitio\\\/2016\\\/07\\\/04\\\/barracas-puso-primera\\\/#article\",\"isPartOf\":{\"@id\":\"http:\\\/\\\/gentedebasquet.com.ar\\\/sitio\\\/2016\\\/07\\\/04\\\/barracas-puso-primera\\\/\"},\"author\":{\"name\":\"Gente de B\u00e1squet\",\"@id\":\"https:\\\/\\\/gentedebasquet.com.ar\\\/sitio\\\/#\\\/schema\\\/person\\\/ca0b63bbb977369988a7bbbdc519943a\"},\"headline\":\"Barracas puso primera\",\"datePublished\":\"2016-07-05T02:55:40+00:00\",\"mainEntityOfPage\":{\"@id\":\"http:\\\/\\\/gentedebasquet.com.ar\\\/sitio\\\/2016\\\/07\\\/04\\\/barracas-puso-primera\\\/\"},\"wordCount\":568,\"image\":{\"@id\":\"http:\\\/\\\/gentedebasquet.com.ar\\\/sitio\\\/2016\\\/07\\\/04\\\/barracas-puso-primera\\\/#primaryimage\"},\"thumbnailUrl\":\"http:\\\/\\\/gentedebasquet.com.ar\\\/sitio\\\/wp-content\\\/uploads\\\/2016\\\/07\\\/Barracas-1-0-Sportivo.jpg\",\"keywords\":[\"Barracas\",\"Dami\u00e1n Carci\",\"finales\",\"Joaquin Tuero\",\"Mariano Trellini\",\"Sportivo\"],\"articleSection\":[\"Segunda\",\"Slide\"],\"inLanguage\":\"es\"},{\"@type\":\"WebPage\",\"@id\":\"http:\\\/\\\/gentedebasquet.com.ar\\\/sitio\\\/2016\\\/07\\\/04\\\/barracas-puso-primera\\\/\",\"url\":\"http:\\\/\\\/gentedebasquet.com.ar\\\/sitio\\\/2016\\\/07\\\/04\\\/barracas-puso-primera\\\/\",\"name\":\"Barracas puso primera - Gente de B\u00e1squet\",\"isPartOf\":{\"@id\":\"https:\\\/\\\/gentedebasquet.com.ar\\\/sitio\\\/#website\"},\"primaryImageOfPage\":{\"@id\":\"http:\\\/\\\/gentedebasquet.com.ar\\\/sitio\\\/2016\\\/07\\\/04\\\/barracas-puso-primera\\\/#primaryimage\"},\"image\":{\"@id\":\"http:\\\/\\\/gentedebasquet.com.ar\\\/sitio\\\/2016\\\/07\\\/04\\\/barracas-puso-primera\\\/#primaryimage\"},\"thumbnailUrl\":\"http:\\\/\\\/gentedebasquet.com.ar\\\/sitio\\\/wp-content\\\/uploads\\\/2016\\\/07\\\/Barracas-1-0-Sportivo.jpg\",\"datePublished\":\"2016-07-05T02:55:40+00:00\",\"author\":{\"@id\":\"https:\\\/\\\/gentedebasquet.com.ar\\\/sitio\\\/#\\\/schema\\\/person\\\/ca0b63bbb977369988a7bbbdc519943a\"},\"breadcrumb\":{\"@id\":\"http:\\\/\\\/gentedebasquet.com.ar\\\/sitio\\\/2016\\\/07\\\/04\\\/barracas-puso-primera\\\/#breadcrumb\"},\"inLanguage\":\"es\",\"potentialAction\":[{\"@type\":\"ReadAction\",\"target\":[\"http:\\\/\\\/gentedebasquet.com.ar\\\/sitio\\\/2016\\\/07\\\/04\\\/barracas-puso-primera\\\/\"]}]},{\"@type\":\"ImageObject\",\"inLanguage\":\"es\",\"@id\":\"http:\\\/\\\/gentedebasquet.com.ar\\\/sitio\\\/2016\\\/07\\\/04\\\/barracas-puso-primera\\\/#primaryimage\",\"url\":\"http:\\\/\\\/gentedebasquet.com.ar\\\/sitio\\\/wp-content\\\/uploads\\\/2016\\\/07\\\/Barracas-1-0-Sportivo.jpg\",\"contentUrl\":\"http:\\\/\\\/gentedebasquet.com.ar\\\/sitio\\\/wp-content\\\/uploads\\\/2016\\\/07\\\/Barracas-1-0-Sportivo.jpg\",\"width\":690,\"height\":319},{\"@type\":\"BreadcrumbList\",\"@id\":\"http:\\\/\\\/gentedebasquet.com.ar\\\/sitio\\\/2016\\\/07\\\/04\\\/barracas-puso-primera\\\/#breadcrumb\",\"itemListElement\":[{\"@type\":\"ListItem\",\"position\":1,\"name\":\"Portada\",\"item\":\"https:\\\/\\\/gentedebasquet.com.ar\\\/sitio\\\/\"},{\"@type\":\"ListItem\",\"position\":2,\"name\":\"Barracas puso primera\"}]},{\"@type\":\"WebSite\",\"@id\":\"https:\\\/\\\/gentedebasquet.com.ar\\\/sitio\\\/#website\",\"url\":\"https:\\\/\\\/gentedebasquet.com.ar\\\/sitio\\\/\",\"name\":\"Gente de B\u00e1squet\",\"description\":\"La revista del basquet de Bah\u00eda Blanca\",\"potentialAction\":[{\"@type\":\"SearchAction\",\"target\":{\"@type\":\"EntryPoint\",\"urlTemplate\":\"https:\\\/\\\/gentedebasquet.com.ar\\\/sitio\\\/?s={search_term_string}\"},\"query-input\":{\"@type\":\"PropertyValueSpecification\",\"valueRequired\":true,\"valueName\":\"search_term_string\"}}],\"inLanguage\":\"es\"},{\"@type\":\"Person\",\"@id\":\"https:\\\/\\\/gentedebasquet.com.ar\\\/sitio\\\/#\\\/schema\\\/person\\\/ca0b63bbb977369988a7bbbdc519943a\",\"name\":\"Gente de B\u00e1squet\",\"image\":{\"@type\":\"ImageObject\",\"inLanguage\":\"es\",\"@id\":\"https:\\\/\\\/secure.gravatar.com\\\/avatar\\\/7f2c48bdc33b30088f941fb6082e555f2874c98e20cb159d7b92b50eadfce793?s=96&d=mm&r=g\",\"url\":\"https:\\\/\\\/secure.gravatar.com\\\/avatar\\\/7f2c48bdc33b30088f941fb6082e555f2874c98e20cb159d7b92b50eadfce793?s=96&d=mm&r=g\",\"contentUrl\":\"https:\\\/\\\/secure.gravatar.com\\\/avatar\\\/7f2c48bdc33b30088f941fb6082e555f2874c98e20cb159d7b92b50eadfce793?s=96&d=mm&r=g\",\"caption\":\"Gente de B\u00e1squet\"},\"sameAs\":[\"http:\\\/\\\/gentedebasquet.com.ar\\\/sitio\"],\"url\":\"http:\\\/\\\/gentedebasquet.com.ar\\\/sitio\\\/author\\\/ulises\\\/\"}]}<\/script>\n<!-- \/ Yoast SEO plugin. -->","yoast_head_json":{"title":"Barracas puso primera - Gente de B\u00e1squet","robots":{"index":"index","follow":"follow","max-snippet":"max-snippet:-1","max-image-preview":"max-image-preview:large","max-video-preview":"max-video-preview:-1"},"canonical":"http:\/\/gentedebasquet.com.ar\/sitio\/2016\/07\/04\/barracas-puso-primera\/","og_locale":"es_ES","og_type":"article","og_title":"Barracas puso primera - Gente de B\u00e1squet","og_description":"En el bosque, derrot\u00f3 a Sportivo Bahiense 69 a 47 en el primer juego de las Finales","og_url":"http:\/\/gentedebasquet.com.ar\/sitio\/2016\/07\/04\/barracas-puso-primera\/","og_site_name":"Gente de B\u00e1squet","article_published_time":"2016-07-05T02:55:40+00:00","og_image":[{"width":690,"height":319,"url":"http:\/\/gentedebasquet.com.ar\/sitio\/wp-content\/uploads\/2016\/07\/Barracas-1-0-Sportivo.jpg","type":"image\/jpeg"}],"author":"Gente de B\u00e1squet","twitter_card":"summary_large_image","twitter_misc":{"Escrito por":"Gente de B\u00e1squet","Tiempo de lectura":"3 minutos"},"schema":{"@context":"https:\/\/schema.org","@graph":[{"@type":"Article","@id":"http:\/\/gentedebasquet.com.ar\/sitio\/2016\/07\/04\/barracas-puso-primera\/#article","isPartOf":{"@id":"http:\/\/gentedebasquet.com.ar\/sitio\/2016\/07\/04\/barracas-puso-primera\/"},"author":{"name":"Gente de B\u00e1squet","@id":"https:\/\/gentedebasquet.com.ar\/sitio\/#\/schema\/person\/ca0b63bbb977369988a7bbbdc519943a"},"headline":"Barracas puso primera","datePublished":"2016-07-05T02:55:40+00:00","mainEntityOfPage":{"@id":"http:\/\/gentedebasquet.com.ar\/sitio\/2016\/07\/04\/barracas-puso-primera\/"},"wordCount":568,"image":{"@id":"http:\/\/gentedebasquet.com.ar\/sitio\/2016\/07\/04\/barracas-puso-primera\/#primaryimage"},"thumbnailUrl":"http:\/\/gentedebasquet.com.ar\/sitio\/wp-content\/uploads\/2016\/07\/Barracas-1-0-Sportivo.jpg","keywords":["Barracas","Dami\u00e1n Carci","finales","Joaquin Tuero","Mariano Trellini","Sportivo"],"articleSection":["Segunda","Slide"],"inLanguage":"es"},{"@type":"WebPage","@id":"http:\/\/gentedebasquet.com.ar\/sitio\/2016\/07\/04\/barracas-puso-primera\/","url":"http:\/\/gentedebasquet.com.ar\/sitio\/2016\/07\/04\/barracas-puso-primera\/","name":"Barracas puso primera - Gente de B\u00e1squet","isPartOf":{"@id":"https:\/\/gentedebasquet.com.ar\/sitio\/#website"},"primaryImageOfPage":{"@id":"http:\/\/gentedebasquet.com.ar\/sitio\/2016\/07\/04\/barracas-puso-primera\/#primaryimage"},"image":{"@id":"http:\/\/gentedebasquet.com.ar\/sitio\/2016\/07\/04\/barracas-puso-primera\/#primaryimage"},"thumbnailUrl":"http:\/\/gentedebasquet.com.ar\/sitio\/wp-content\/uploads\/2016\/07\/Barracas-1-0-Sportivo.jpg","datePublished":"2016-07-05T02:55:40+00:00","author":{"@id":"https:\/\/gentedebasquet.com.ar\/sitio\/#\/schema\/person\/ca0b63bbb977369988a7bbbdc519943a"},"breadcrumb":{"@id":"http:\/\/gentedebasquet.com.ar\/sitio\/2016\/07\/04\/barracas-puso-primera\/#breadcrumb"},"inLanguage":"es","potentialAction":[{"@type":"ReadAction","target":["http:\/\/gentedebasquet.com.ar\/sitio\/2016\/07\/04\/barracas-puso-primera\/"]}]},{"@type":"ImageObject","inLanguage":"es","@id":"http:\/\/gentedebasquet.com.ar\/sitio\/2016\/07\/04\/barracas-puso-primera\/#primaryimage","url":"http:\/\/gentedebasquet.com.ar\/sitio\/wp-content\/uploads\/2016\/07\/Barracas-1-0-Sportivo.jpg","contentUrl":"http:\/\/gentedebasquet.com.ar\/sitio\/wp-content\/uploads\/2016\/07\/Barracas-1-0-Sportivo.jpg","width":690,"height":319},{"@type":"BreadcrumbList","@id":"http:\/\/gentedebasquet.com.ar\/sitio\/2016\/07\/04\/barracas-puso-primera\/#breadcrumb","itemListElement":[{"@type":"ListItem","position":1,"name":"Portada","item":"https:\/\/gentedebasquet.com.ar\/sitio\/"},{"@type":"ListItem","position":2,"name":"Barracas puso primera"}]},{"@type":"WebSite","@id":"https:\/\/gentedebasquet.com.ar\/sitio\/#website","url":"https:\/\/gentedebasquet.com.ar\/sitio\/","name":"Gente de B\u00e1squet","description":"La revista del basquet de Bah\u00eda Blanca","potentialAction":[{"@type":"SearchAction","target":{"@type":"EntryPoint","urlTemplate":"https:\/\/gentedebasquet.com.ar\/sitio\/?s={search_term_string}"},"query-input":{"@type":"PropertyValueSpecification","valueRequired":true,"valueName":"search_term_string"}}],"inLanguage":"es"},{"@type":"Person","@id":"https:\/\/gentedebasquet.com.ar\/sitio\/#\/schema\/person\/ca0b63bbb977369988a7bbbdc519943a","name":"Gente de B\u00e1squet","image":{"@type":"ImageObject","inLanguage":"es","@id":"https:\/\/secure.gravatar.com\/avatar\/7f2c48bdc33b30088f941fb6082e555f2874c98e20cb159d7b92b50eadfce793?s=96&d=mm&r=g","url":"https:\/\/secure.gravatar.com\/avatar\/7f2c48bdc33b30088f941fb6082e555f2874c98e20cb159d7b92b50eadfce793?s=96&d=mm&r=g","contentUrl":"https:\/\/secure.gravatar.com\/avatar\/7f2c48bdc33b30088f941fb6082e555f2874c98e20cb159d7b92b50eadfce793?s=96&d=mm&r=g","caption":"Gente de B\u00e1squet"},"sameAs":["http:\/\/gentedebasquet.com.ar\/sitio"],"url":"http:\/\/gentedebasquet.com.ar\/sitio\/author\/ulises\/"}]}},"_links":{"self":[{"href":"http:\/\/gentedebasquet.com.ar\/sitio\/wp-json\/wp\/v2\/posts\/61815","targetHints":{"allow":["GET"]}}],"collection":[{"href":"http:\/\/gentedebasquet.com.ar\/sitio\/wp-json\/wp\/v2\/posts"}],"about":[{"href":"http:\/\/gentedebasquet.com.ar\/sitio\/wp-json\/wp\/v2\/types\/post"}],"author":[{"embeddable":true,"href":"http:\/\/gentedebasquet.com.ar\/sitio\/wp-json\/wp\/v2\/users\/1"}],"replies":[{"embeddable":true,"href":"http:\/\/gentedebasquet.com.ar\/sitio\/wp-json\/wp\/v2\/comments?post=61815"}],"version-history":[{"count":0,"href":"http:\/\/gentedebasquet.com.ar\/sitio\/wp-json\/wp\/v2\/posts\/61815\/revisions"}],"wp:featuredmedia":[{"embeddable":true,"href":"http:\/\/gentedebasquet.com.ar\/sitio\/wp-json\/wp\/v2\/media\/61818"}],"wp:attachment":[{"href":"http:\/\/gentedebasquet.com.ar\/sitio\/wp-json\/wp\/v2\/media?parent=61815"}],"wp:term":[{"taxonomy":"category","embeddable":true,"href":"http:\/\/gentedebasquet.com.ar\/sitio\/wp-json\/wp\/v2\/categories?post=61815"},{"taxonomy":"post_tag","embeddable":true,"href":"http:\/\/gentedebasquet.com.ar\/sitio\/wp-json\/wp\/v2\/tags?post=61815"}],"curies":[{"name":"wp","href":"https:\/\/api.w.org\/{rel}","templated":true}]}}