{"id":62146,"date":"2016-07-17T23:43:03","date_gmt":"2016-07-18T02:43:03","guid":{"rendered":"http:\/\/www.gentedebasquet.com.ar\/?p=62146"},"modified":"2016-07-17T23:43:03","modified_gmt":"2016-07-18T02:43:03","slug":"bahiense-2-0","status":"publish","type":"post","link":"http:\/\/gentedebasquet.com.ar\/sitio\/2016\/07\/17\/bahiense-2-0\/","title":{"rendered":"Bahiense 2.0"},"content":{"rendered":"<p><strong>Bahiense del Norte derrot\u00f3 a Alem por 71-69, barri\u00f3 su tercer serie de Playoffs consecutiva (Liniers y Villa Mitre, las anteriores) y se adjudic\u00f3 el t\u00edtulo de campe\u00f3n del Torneo\u00a0Fernando Coletta (Ciudad de Bah\u00eda Blanca).\u00a0 En el tricolor se destacaron Franco Pennacchiotti (17 puntos y 15 rebotes) y An\u00edbal Buzzo (tambi\u00e9n 17, fundamental en el cierre de un ajustado partido).\u00a0 En el verdirrojo, que cay\u00f3 de pie y dio pelea hasta los segundos finales del partido, no alcanz\u00f3 con lo hecho por Juan Pablo Rotta (18), Fabricio Starc (15) y Santiago Torre (14, 12 desde la l\u00ednea).<\/strong><\/p>\n<p>Enhorabuena se le dio a Bahiense la chance de poder festejar.\u00a0 Tras una final frustrada en el Torneo Oficial de 2014 (perdi\u00f3 ante Villa Mitre), un 2015 en donde no disput\u00f3 dicha instancia\u00a0(qued\u00f3 afuera en semifinales ante Liniers), y un buen pasaje por el Torneo Federal, aunque sin concreciones, el tricolor de calle Salta finalmente pudo descorchar. \u00a0Y vaya m\u00e9rito que tiene su proeza, pues su rival, Alem, uno de los serios candidatos de la temporada 2016, dio lucha hasta los segundos finales del encuentro, denotando su enorme actitud y nivel.<\/p>\n<p>Pero no le fue un tr\u00e1mite el juego dos de las finales ante Alem.\u00a0 El nerviosismo de ambos conjuntos,\u00a0como as\u00ed tambi\u00e9n el ajedrez defensivo entre dos enormes DTs como Navallo y \u00c1lvarez, produjeron un deslucido 1C (10-9), en el que ambos equipos abollaron el aro (2-13 de campo para Bahiense, 2-16 Alem).\u00a0 En el 2C, el ingreso de Priore en la doble base junto a Torre le dio m\u00e1s din\u00e1mica al ataque de Alem: eso permiti\u00f3 un juego de pases m\u00e1s flu\u00eddo, y\u00a0 que Starc encuentre caminos hacia el aro (8).\u00a0 No obstante, Pennacchiotti (5 y 6 rebotes) comenz\u00f3 a soltarse en ataque y a vencer a Banegas (apenas 3 tantos) en el 1v1,\u00a0 a la par que Buzzo tambi\u00e9n encontr\u00f3 espacios en la pintura (6), para empardar el marcador de cara al descanso largo en un flojo primer tiempo (26-26).<\/p>\n<blockquote><p>Ganar este tramo es el objetivo que nos planteamos. \u00a0Tenemos una base s\u00f3lida de mayores y un grupo de juveniles de muy buen nivel. \u00a0El partido de hoy fue espantoso en el arranque, no se como la gente que vino a verlo se qued\u00f3. \u00a0Pero esto es t\u00edpico en las finales, hay muchos nervios. \u00a0Despu\u00e9s pudimos ajustar, desplegar nuestro juego, cuidando la bola, pasando mucho y tomando buenos tiros. \u00a0Estoy m\u00e1s que feliz de volver a Bahiense. \u00a0El paso por San Lorenzo fue muy lindo, a nivel colectivo no se nos dio pero yo me sent\u00ed muy bien en lo deportivo y en lo an\u00edmico, porque es un grupo de gente divina. \u00a0Pero este es mi club, y la verdad es que quer\u00eda un t\u00edtulo con m\u00e1s importancia que el de 2011, porque yo era muy chico en aqu\u00e9l entonces (Luciano Fern\u00e1ndez)<\/p><\/blockquote>\n<p>En la reanudaci\u00f3n del partido, Alem mantuvo al t\u00e1ndem Priore-Torre en la organizaci\u00f3n de juego, y rompiendo hacia el aro para descargar al per\u00edmetro como estrategia ofensiva, el verdirrojo encontr\u00f3 r\u00e9dito desde el per\u00edmetro (3-8), con un Rotta determinante (10), y tom\u00f3 una importante ventaja en un partido ajustado (33-38 en 5m del 3C) que sin embargo comenzaba a encontrar su mejor versi\u00f3n.\u00a0 As\u00ed y todo, Bahiense fue m\u00e1s efectivo desde los 6,75 metros (4-7), tuvo a un Barbero oportuno atacando los espacios (8) y con una bomba de Lucho Fern\u00e1ndez sobre la chicharra, el tricolor encar\u00f3 el cierre arriba en el marcador (51-47), parcial de 18-9 mediante.<\/p>\n<p>El local pudo dar el golpe de KO promediando el 4C cuando casi saca ventaja de doble d\u00edgito (57-49) con Buzzo (4) como estandarte ofensivo, que incluy\u00f3 un bonito eurostep.\u00a0 Pero la defensa de Alem se enton\u00f3 y anul\u00f3 el juego de Pennacchiotti (0-3 de campo), aunque eso fue un reflejo de la mala efectividad del conjunto de Navallo en el tramo final (3-10).\u00a0 Con Banegas m\u00e1s efectivo en la pintura (6) y Torre metiendo presi\u00f3n desde la l\u00ednea de libres (7-10 en los \u00faltimos 3m) sin temblarle la mano, Alem se coloc\u00f3 debajo por 3 puntos a falta de 1m40 (62-58).\u00a0 Sin embargo, el conjunto de Paquito \u00c1lvarez fue perdiendo soldados por acumulaci\u00f3n de faltas: primero Starc, despu\u00e9s Banegas, Foulkes, y finalmente Torre.\u00a0 Y Bahiense no desperdici\u00f3 sus chances desde la l\u00ednea de suspiros cada vez que fue cortado con falta (9-12), manteniendo al juego de dos posesiones.\u00a0 A pesar de que Juan Pablo Mor\u00e1n marr\u00f3 los \u00faltimos dos libres del partido, tras el rebote, Augusto Priore no pudo intentar al aro, y Bahiense festej\u00f3.<\/p>\n<p>&nbsp;<\/p>\n<p>[vimeo]http:\/\/vimeo.com\/175171290[\/vimeo]<\/p>\n<p>&nbsp;<\/p>\n<p><strong>S\u00edntesis| Primera Divisi\u00f3n \u2013 Ciudad de Bah\u00eda Blanca \u2013 \u00a0Finales &#8211; Juego #2<\/strong><\/p>\n<p><strong>Bahiense del Norte 71: <\/strong>Juan Pablo Mor\u00e1n 8, Andr\u00e9s Barbero 8, Esteban Silva 3, An\u00edbal Buzzo 17, Franco Pennacchiotti 17 (FI); Luciano Fern\u00e1ndez 11, Ignacio Gonz\u00e1lez 0, Kevin Zambrano 7 (x).\u00a0 D.T: Alejandro Navallo.<\/p>\n<p><strong>Alem 69: <\/strong>Santiago Torre 14 (x), Juan Pablo Rotta 18, Dami\u00e1n Foulkes 0 (x), Fabricio Starc 15 (x), Herman Banegas 11 (x) (FI); Augusto Priore 8, Genaro Priore 0, Juan Ignacio Diomedi 3, Juan Manuel Bicondoa 0.\u00a0 D.T: Alejandro \u00c1lvarez.<\/p>\n<p><strong>Parciales: <\/strong>10-9, 26-26 (16-17), 51-47 (25-23), 71-69 (20-18).<\/p>\n<p><strong>\u00c1rbitros: <\/strong>Javier S\u00e1nchez, Emanuel S\u00e1nchez y Sebasti\u00e1n Arcas.<\/p>\n<p><strong>Estadio: <\/strong>Manu Gin\u00f3bili (Bahiense).<\/p>\n<p><a class=\"modalf iframe\" title=\"Planilla\" href=\"https:\/\/docs.google.com\/spreadsheets\/d\/1KVIE0ZSBB2_0jwmVJUS55g1l7QU4ot3U5aI-OYlJWtw\/pubhtml\" target=\"_blank\" rel=\"noopener\">Ver Planilla<\/a><\/p>\n<p><strong>Serie:\u00a0<\/strong>Bahiense, 2-0.<\/p>\n<p><strong>Foto:\u00a0<\/strong>Mart\u00edn G\u00e1lvez.<\/p>\n<h6 style=\"text-align: center;\">\u00bfC\u00f3mo sigue?<\/h6>\n<p>Como campe\u00f3n del primer tramo, Bahiense del Norte tiene garantizado al menos disputar finales extras al cierre de la temporada, ante el campe\u00f3n del Torneo Oficial. \u00a0Claro est\u00e1, a menos que el conjunto de Alejandro Navallo sea tambi\u00e9n el ganador del segundo tramo. \u00a0La actividad en la Primera Divisi\u00f3n del b\u00e1squet local se reanudar\u00e1 el d\u00eda jueves 4 de agosto.<\/p>\n","protected":false},"excerpt":{"rendered":"<p>El tricolor derrot\u00f3 a Alem 71 a 69, barri\u00f3 la serie y se adjudic\u00f3 el primer tramo<\/p>\n","protected":false},"author":1,"featured_media":62145,"comment_status":"closed","ping_status":"open","sticky":false,"template":"","format":"standard","meta":{"jnews-multi-image_gallery":[],"jnews_single_post":[],"jnews_primary_category":[],"footnotes":""},"categories":[23,101],"tags":[3,597,287,242,87,48,604],"class_list":["post-62146","post","type-post","status-publish","format-standard","has-post-thumbnail","hentry","category-primera","category-slide","tag-alem","tag-anibal-buzzo","tag-bahiense","tag-fabricio-starc","tag-franco-pennacchiotti","tag-juan-pablo-rotta","tag-santiago-torre"],"yoast_head":"<!-- This site is optimized with the Yoast SEO plugin v27.5 - https:\/\/yoast.com\/product\/yoast-seo-wordpress\/ -->\n<title>Bahiense 2.0 - Gente de B\u00e1squet<\/title>\n<meta name=\"robots\" content=\"index, follow, max-snippet:-1, max-image-preview:large, max-video-preview:-1\" \/>\n<link rel=\"canonical\" href=\"http:\/\/gentedebasquet.com.ar\/sitio\/2016\/07\/17\/bahiense-2-0\/\" \/>\n<meta property=\"og:locale\" content=\"es_ES\" \/>\n<meta property=\"og:type\" content=\"article\" \/>\n<meta property=\"og:title\" content=\"Bahiense 2.0 - Gente de B\u00e1squet\" \/>\n<meta property=\"og:description\" content=\"El tricolor derrot\u00f3 a Alem 71 a 69, barri\u00f3 la serie y se adjudic\u00f3 el primer tramo\" \/>\n<meta property=\"og:url\" content=\"http:\/\/gentedebasquet.com.ar\/sitio\/2016\/07\/17\/bahiense-2-0\/\" \/>\n<meta property=\"og:site_name\" content=\"Gente de B\u00e1squet\" \/>\n<meta property=\"article:published_time\" content=\"2016-07-18T02:43:03+00:00\" \/>\n<meta property=\"og:image\" content=\"http:\/\/gentedebasquet.com.ar\/sitio\/wp-content\/uploads\/2016\/07\/Bahiense-Alem.jpg\" \/>\n\t<meta property=\"og:image:width\" content=\"690\" \/>\n\t<meta property=\"og:image:height\" content=\"319\" \/>\n\t<meta property=\"og:image:type\" content=\"image\/jpeg\" \/>\n<meta name=\"author\" content=\"Gente de B\u00e1squet\" \/>\n<meta name=\"twitter:card\" content=\"summary_large_image\" \/>\n<meta name=\"twitter:label1\" content=\"Escrito por\" \/>\n\t<meta name=\"twitter:data1\" content=\"Gente de B\u00e1squet\" \/>\n\t<meta name=\"twitter:label2\" content=\"Tiempo de lectura\" \/>\n\t<meta name=\"twitter:data2\" content=\"5 minutos\" \/>\n<script type=\"application\/ld+json\" class=\"yoast-schema-graph\">{\"@context\":\"https:\\\/\\\/schema.org\",\"@graph\":[{\"@type\":\"Article\",\"@id\":\"http:\\\/\\\/gentedebasquet.com.ar\\\/sitio\\\/2016\\\/07\\\/17\\\/bahiense-2-0\\\/#article\",\"isPartOf\":{\"@id\":\"http:\\\/\\\/gentedebasquet.com.ar\\\/sitio\\\/2016\\\/07\\\/17\\\/bahiense-2-0\\\/\"},\"author\":{\"name\":\"Gente de B\u00e1squet\",\"@id\":\"https:\\\/\\\/gentedebasquet.com.ar\\\/sitio\\\/#\\\/schema\\\/person\\\/ca0b63bbb977369988a7bbbdc519943a\"},\"headline\":\"Bahiense 2.0\",\"datePublished\":\"2016-07-18T02:43:03+00:00\",\"mainEntityOfPage\":{\"@id\":\"http:\\\/\\\/gentedebasquet.com.ar\\\/sitio\\\/2016\\\/07\\\/17\\\/bahiense-2-0\\\/\"},\"wordCount\":963,\"image\":{\"@id\":\"http:\\\/\\\/gentedebasquet.com.ar\\\/sitio\\\/2016\\\/07\\\/17\\\/bahiense-2-0\\\/#primaryimage\"},\"thumbnailUrl\":\"http:\\\/\\\/gentedebasquet.com.ar\\\/sitio\\\/wp-content\\\/uploads\\\/2016\\\/07\\\/Bahiense-Alem.jpg\",\"keywords\":[\"Alem\",\"An\u00edbal Buzzo\",\"Bahiense\",\"Fabricio Starc\",\"Franco Pennacchiotti\",\"Juan Pablo Rotta\",\"Santiago Torre\"],\"articleSection\":[\"Primera\",\"Slide\"],\"inLanguage\":\"es\"},{\"@type\":\"WebPage\",\"@id\":\"http:\\\/\\\/gentedebasquet.com.ar\\\/sitio\\\/2016\\\/07\\\/17\\\/bahiense-2-0\\\/\",\"url\":\"http:\\\/\\\/gentedebasquet.com.ar\\\/sitio\\\/2016\\\/07\\\/17\\\/bahiense-2-0\\\/\",\"name\":\"Bahiense 2.0 - Gente de B\u00e1squet\",\"isPartOf\":{\"@id\":\"https:\\\/\\\/gentedebasquet.com.ar\\\/sitio\\\/#website\"},\"primaryImageOfPage\":{\"@id\":\"http:\\\/\\\/gentedebasquet.com.ar\\\/sitio\\\/2016\\\/07\\\/17\\\/bahiense-2-0\\\/#primaryimage\"},\"image\":{\"@id\":\"http:\\\/\\\/gentedebasquet.com.ar\\\/sitio\\\/2016\\\/07\\\/17\\\/bahiense-2-0\\\/#primaryimage\"},\"thumbnailUrl\":\"http:\\\/\\\/gentedebasquet.com.ar\\\/sitio\\\/wp-content\\\/uploads\\\/2016\\\/07\\\/Bahiense-Alem.jpg\",\"datePublished\":\"2016-07-18T02:43:03+00:00\",\"author\":{\"@id\":\"https:\\\/\\\/gentedebasquet.com.ar\\\/sitio\\\/#\\\/schema\\\/person\\\/ca0b63bbb977369988a7bbbdc519943a\"},\"breadcrumb\":{\"@id\":\"http:\\\/\\\/gentedebasquet.com.ar\\\/sitio\\\/2016\\\/07\\\/17\\\/bahiense-2-0\\\/#breadcrumb\"},\"inLanguage\":\"es\",\"potentialAction\":[{\"@type\":\"ReadAction\",\"target\":[\"http:\\\/\\\/gentedebasquet.com.ar\\\/sitio\\\/2016\\\/07\\\/17\\\/bahiense-2-0\\\/\"]}]},{\"@type\":\"ImageObject\",\"inLanguage\":\"es\",\"@id\":\"http:\\\/\\\/gentedebasquet.com.ar\\\/sitio\\\/2016\\\/07\\\/17\\\/bahiense-2-0\\\/#primaryimage\",\"url\":\"http:\\\/\\\/gentedebasquet.com.ar\\\/sitio\\\/wp-content\\\/uploads\\\/2016\\\/07\\\/Bahiense-Alem.jpg\",\"contentUrl\":\"http:\\\/\\\/gentedebasquet.com.ar\\\/sitio\\\/wp-content\\\/uploads\\\/2016\\\/07\\\/Bahiense-Alem.jpg\",\"width\":690,\"height\":319},{\"@type\":\"BreadcrumbList\",\"@id\":\"http:\\\/\\\/gentedebasquet.com.ar\\\/sitio\\\/2016\\\/07\\\/17\\\/bahiense-2-0\\\/#breadcrumb\",\"itemListElement\":[{\"@type\":\"ListItem\",\"position\":1,\"name\":\"Portada\",\"item\":\"https:\\\/\\\/gentedebasquet.com.ar\\\/sitio\\\/\"},{\"@type\":\"ListItem\",\"position\":2,\"name\":\"Bahiense 2.0\"}]},{\"@type\":\"WebSite\",\"@id\":\"https:\\\/\\\/gentedebasquet.com.ar\\\/sitio\\\/#website\",\"url\":\"https:\\\/\\\/gentedebasquet.com.ar\\\/sitio\\\/\",\"name\":\"Gente de B\u00e1squet\",\"description\":\"La revista del basquet de Bah\u00eda Blanca\",\"potentialAction\":[{\"@type\":\"SearchAction\",\"target\":{\"@type\":\"EntryPoint\",\"urlTemplate\":\"https:\\\/\\\/gentedebasquet.com.ar\\\/sitio\\\/?s={search_term_string}\"},\"query-input\":{\"@type\":\"PropertyValueSpecification\",\"valueRequired\":true,\"valueName\":\"search_term_string\"}}],\"inLanguage\":\"es\"},{\"@type\":\"Person\",\"@id\":\"https:\\\/\\\/gentedebasquet.com.ar\\\/sitio\\\/#\\\/schema\\\/person\\\/ca0b63bbb977369988a7bbbdc519943a\",\"name\":\"Gente de B\u00e1squet\",\"image\":{\"@type\":\"ImageObject\",\"inLanguage\":\"es\",\"@id\":\"https:\\\/\\\/secure.gravatar.com\\\/avatar\\\/7f2c48bdc33b30088f941fb6082e555f2874c98e20cb159d7b92b50eadfce793?s=96&d=mm&r=g\",\"url\":\"https:\\\/\\\/secure.gravatar.com\\\/avatar\\\/7f2c48bdc33b30088f941fb6082e555f2874c98e20cb159d7b92b50eadfce793?s=96&d=mm&r=g\",\"contentUrl\":\"https:\\\/\\\/secure.gravatar.com\\\/avatar\\\/7f2c48bdc33b30088f941fb6082e555f2874c98e20cb159d7b92b50eadfce793?s=96&d=mm&r=g\",\"caption\":\"Gente de B\u00e1squet\"},\"sameAs\":[\"http:\\\/\\\/gentedebasquet.com.ar\\\/sitio\"],\"url\":\"http:\\\/\\\/gentedebasquet.com.ar\\\/sitio\\\/author\\\/ulises\\\/\"}]}<\/script>\n<!-- \/ Yoast SEO plugin. -->","yoast_head_json":{"title":"Bahiense 2.0 - Gente de B\u00e1squet","robots":{"index":"index","follow":"follow","max-snippet":"max-snippet:-1","max-image-preview":"max-image-preview:large","max-video-preview":"max-video-preview:-1"},"canonical":"http:\/\/gentedebasquet.com.ar\/sitio\/2016\/07\/17\/bahiense-2-0\/","og_locale":"es_ES","og_type":"article","og_title":"Bahiense 2.0 - Gente de B\u00e1squet","og_description":"El tricolor derrot\u00f3 a Alem 71 a 69, barri\u00f3 la serie y se adjudic\u00f3 el primer tramo","og_url":"http:\/\/gentedebasquet.com.ar\/sitio\/2016\/07\/17\/bahiense-2-0\/","og_site_name":"Gente de B\u00e1squet","article_published_time":"2016-07-18T02:43:03+00:00","og_image":[{"width":690,"height":319,"url":"http:\/\/gentedebasquet.com.ar\/sitio\/wp-content\/uploads\/2016\/07\/Bahiense-Alem.jpg","type":"image\/jpeg"}],"author":"Gente de B\u00e1squet","twitter_card":"summary_large_image","twitter_misc":{"Escrito por":"Gente de B\u00e1squet","Tiempo de lectura":"5 minutos"},"schema":{"@context":"https:\/\/schema.org","@graph":[{"@type":"Article","@id":"http:\/\/gentedebasquet.com.ar\/sitio\/2016\/07\/17\/bahiense-2-0\/#article","isPartOf":{"@id":"http:\/\/gentedebasquet.com.ar\/sitio\/2016\/07\/17\/bahiense-2-0\/"},"author":{"name":"Gente de B\u00e1squet","@id":"https:\/\/gentedebasquet.com.ar\/sitio\/#\/schema\/person\/ca0b63bbb977369988a7bbbdc519943a"},"headline":"Bahiense 2.0","datePublished":"2016-07-18T02:43:03+00:00","mainEntityOfPage":{"@id":"http:\/\/gentedebasquet.com.ar\/sitio\/2016\/07\/17\/bahiense-2-0\/"},"wordCount":963,"image":{"@id":"http:\/\/gentedebasquet.com.ar\/sitio\/2016\/07\/17\/bahiense-2-0\/#primaryimage"},"thumbnailUrl":"http:\/\/gentedebasquet.com.ar\/sitio\/wp-content\/uploads\/2016\/07\/Bahiense-Alem.jpg","keywords":["Alem","An\u00edbal Buzzo","Bahiense","Fabricio Starc","Franco Pennacchiotti","Juan Pablo Rotta","Santiago Torre"],"articleSection":["Primera","Slide"],"inLanguage":"es"},{"@type":"WebPage","@id":"http:\/\/gentedebasquet.com.ar\/sitio\/2016\/07\/17\/bahiense-2-0\/","url":"http:\/\/gentedebasquet.com.ar\/sitio\/2016\/07\/17\/bahiense-2-0\/","name":"Bahiense 2.0 - Gente de B\u00e1squet","isPartOf":{"@id":"https:\/\/gentedebasquet.com.ar\/sitio\/#website"},"primaryImageOfPage":{"@id":"http:\/\/gentedebasquet.com.ar\/sitio\/2016\/07\/17\/bahiense-2-0\/#primaryimage"},"image":{"@id":"http:\/\/gentedebasquet.com.ar\/sitio\/2016\/07\/17\/bahiense-2-0\/#primaryimage"},"thumbnailUrl":"http:\/\/gentedebasquet.com.ar\/sitio\/wp-content\/uploads\/2016\/07\/Bahiense-Alem.jpg","datePublished":"2016-07-18T02:43:03+00:00","author":{"@id":"https:\/\/gentedebasquet.com.ar\/sitio\/#\/schema\/person\/ca0b63bbb977369988a7bbbdc519943a"},"breadcrumb":{"@id":"http:\/\/gentedebasquet.com.ar\/sitio\/2016\/07\/17\/bahiense-2-0\/#breadcrumb"},"inLanguage":"es","potentialAction":[{"@type":"ReadAction","target":["http:\/\/gentedebasquet.com.ar\/sitio\/2016\/07\/17\/bahiense-2-0\/"]}]},{"@type":"ImageObject","inLanguage":"es","@id":"http:\/\/gentedebasquet.com.ar\/sitio\/2016\/07\/17\/bahiense-2-0\/#primaryimage","url":"http:\/\/gentedebasquet.com.ar\/sitio\/wp-content\/uploads\/2016\/07\/Bahiense-Alem.jpg","contentUrl":"http:\/\/gentedebasquet.com.ar\/sitio\/wp-content\/uploads\/2016\/07\/Bahiense-Alem.jpg","width":690,"height":319},{"@type":"BreadcrumbList","@id":"http:\/\/gentedebasquet.com.ar\/sitio\/2016\/07\/17\/bahiense-2-0\/#breadcrumb","itemListElement":[{"@type":"ListItem","position":1,"name":"Portada","item":"https:\/\/gentedebasquet.com.ar\/sitio\/"},{"@type":"ListItem","position":2,"name":"Bahiense 2.0"}]},{"@type":"WebSite","@id":"https:\/\/gentedebasquet.com.ar\/sitio\/#website","url":"https:\/\/gentedebasquet.com.ar\/sitio\/","name":"Gente de B\u00e1squet","description":"La revista del basquet de Bah\u00eda Blanca","potentialAction":[{"@type":"SearchAction","target":{"@type":"EntryPoint","urlTemplate":"https:\/\/gentedebasquet.com.ar\/sitio\/?s={search_term_string}"},"query-input":{"@type":"PropertyValueSpecification","valueRequired":true,"valueName":"search_term_string"}}],"inLanguage":"es"},{"@type":"Person","@id":"https:\/\/gentedebasquet.com.ar\/sitio\/#\/schema\/person\/ca0b63bbb977369988a7bbbdc519943a","name":"Gente de B\u00e1squet","image":{"@type":"ImageObject","inLanguage":"es","@id":"https:\/\/secure.gravatar.com\/avatar\/7f2c48bdc33b30088f941fb6082e555f2874c98e20cb159d7b92b50eadfce793?s=96&d=mm&r=g","url":"https:\/\/secure.gravatar.com\/avatar\/7f2c48bdc33b30088f941fb6082e555f2874c98e20cb159d7b92b50eadfce793?s=96&d=mm&r=g","contentUrl":"https:\/\/secure.gravatar.com\/avatar\/7f2c48bdc33b30088f941fb6082e555f2874c98e20cb159d7b92b50eadfce793?s=96&d=mm&r=g","caption":"Gente de B\u00e1squet"},"sameAs":["http:\/\/gentedebasquet.com.ar\/sitio"],"url":"http:\/\/gentedebasquet.com.ar\/sitio\/author\/ulises\/"}]}},"_links":{"self":[{"href":"http:\/\/gentedebasquet.com.ar\/sitio\/wp-json\/wp\/v2\/posts\/62146","targetHints":{"allow":["GET"]}}],"collection":[{"href":"http:\/\/gentedebasquet.com.ar\/sitio\/wp-json\/wp\/v2\/posts"}],"about":[{"href":"http:\/\/gentedebasquet.com.ar\/sitio\/wp-json\/wp\/v2\/types\/post"}],"author":[{"embeddable":true,"href":"http:\/\/gentedebasquet.com.ar\/sitio\/wp-json\/wp\/v2\/users\/1"}],"replies":[{"embeddable":true,"href":"http:\/\/gentedebasquet.com.ar\/sitio\/wp-json\/wp\/v2\/comments?post=62146"}],"version-history":[{"count":0,"href":"http:\/\/gentedebasquet.com.ar\/sitio\/wp-json\/wp\/v2\/posts\/62146\/revisions"}],"wp:featuredmedia":[{"embeddable":true,"href":"http:\/\/gentedebasquet.com.ar\/sitio\/wp-json\/wp\/v2\/media\/62145"}],"wp:attachment":[{"href":"http:\/\/gentedebasquet.com.ar\/sitio\/wp-json\/wp\/v2\/media?parent=62146"}],"wp:term":[{"taxonomy":"category","embeddable":true,"href":"http:\/\/gentedebasquet.com.ar\/sitio\/wp-json\/wp\/v2\/categories?post=62146"},{"taxonomy":"post_tag","embeddable":true,"href":"http:\/\/gentedebasquet.com.ar\/sitio\/wp-json\/wp\/v2\/tags?post=62146"}],"curies":[{"name":"wp","href":"https:\/\/api.w.org\/{rel}","templated":true}]}}