{"id":6249,"date":"2012-08-22T03:44:04","date_gmt":"2012-08-22T03:44:04","guid":{"rendered":"http:\/\/www.gentedebasquet.com.ar\/?p=6249"},"modified":"2012-08-22T03:44:04","modified_gmt":"2012-08-22T03:44:04","slug":"el-viola-recupero-la-sonrisa","status":"publish","type":"post","link":"http:\/\/gentedebasquet.com.ar\/sitio\/2012\/08\/22\/el-viola-recupero-la-sonrisa\/","title":{"rendered":"El viola recuper\u00f3 la sonrisa"},"content":{"rendered":"<p><a href=\"http:\/\/www.gentedebasquet.com.ar\/wp-content\/uploads\/2012\/08\/IND-ALEM.jpg\"><img decoding=\"async\" class=\"size-full wp-image-6250 aligncenter\" src=\"http:\/\/www.gentedebasquet.com.ar\/wp-content\/uploads\/2012\/08\/IND-ALEM.jpg\" alt=\"\" \/><\/a><\/p>\n<p style=\"text-align: justify\"><strong><em>Independiente super\u00f3 a Alem por 91 a 71 y logr\u00f3 recuperarse r\u00e1pidamente de la derrota sufrida en el cl\u00e1sico ante Pueyrredon la fecha pasada. Stefano Barba con 24 puntos, 7 rebotes y\u00a0 una tapa fue la figura del local, aunque hubo un excelente trabajo en equipo del quinteto inicial. En la visita no alcanzaron las 18 unidades y 7 recobres que anot\u00f3 Luciano Mussini.<!--more--> <\/em><\/strong><\/p>\n<p style=\"text-align: justify\">El arranque del primer cuarto lo vio mejor a Alem, que en 4m se escap\u00f3 9-5 con Etchepare (5) liderando la ofensiva. Independiente reaccion\u00f3 de la mano de Musumeci (3\/4 triples), meti\u00f3 un parcial de 18-4 y se llev\u00f3 el primer cuarto 23-13.<\/p>\n<p style=\"text-align: justify\">En el inicio del segundo el local estir\u00f3 la ventaja a once (30-19) con Barba (9) dominando la pintura. Alem despert\u00f3 con el aporte de Etchepare (2 triples) y el trabajo sucio de Mussini (4pts y 4reb) para ponerse a tan solo dos unidades (36-34) con 3m37seg por jugar. No obstante, los de Palumbo cerraron mejor y se fueron al descanso con ventaja de once: 49-38.<\/p>\n<p style=\"text-align: justify\">En la reanudaci\u00f3n del juego Alem volvi\u00f3 a ponerse en partido (52-47) apoy\u00e1ndose en el buen pasaje de Foulkes (5). Sin embargo, Sacomani apel\u00f3 al tiro exterior (2\/2), Montanaro (10) gan\u00f3 en la pintura y el local, saliendo muy bien de la presi\u00f3n visitante, se escap\u00f3 nuevamente: 65-58. Adem\u00e1s, Barba (24) y Donato (15) atrancaron el canasto y \u201cel viola\u201d liquid\u00f3 un partido que por momentos se le manifest\u00f3 dif\u00edcil, pero que supo sentenciar con defensa y solidez ofensiva.<\/p>\n<p style=\"text-align: justify\"><strong><em><span style=\"text-decoration: underline\">S\u00edntesis: <\/span><\/em><\/strong><\/p>\n<p style=\"text-align: justify\"><strong>Independiente 91: <\/strong><\/p>\n<p style=\"text-align: justify\">J. Musumeci 18; M. Donato 15; B. Sacomani 15; M. Montanaro 14; S. Barba 24.<br \/>\nB. Sagripandi 2; C. Massa 3; D. Pedrol s\/u; U. Mart\u00ednez s\/u.<br \/>\nDT: J.S. Palumbo<\/p>\n<p style=\"text-align: justify\"><strong>Alem 71: <\/strong><\/p>\n<p style=\"text-align: justify\">G. Etchepare 16; N. Leguizam\u00f3n 10; E. Gigena 2; D. Foulkes 11; L. Mussini 18.<br \/>\nL. Marzullo 2; J. Gonz\u00e1lez 7; C. Bisterfeld 5; L. Hern\u00e1ndez s\/u; M. Gonz\u00e1lez s\/u.<br \/>\nDT: W. Romerniszyn<\/p>\n<p style=\"text-align: justify\"><strong>\u00c1rbitros:<\/strong> E. Ferreyra- S. Arcas.<br \/>\n<strong>Cuartos:<\/strong> 23-13; 49-38; 65-58.<br \/>\n<strong>5 Faltas:<\/strong> Ning\u00fan jugador lleg\u00f3 al l\u00edmite de infracciones.<\/p>\n<p>&nbsp;<\/p>\n<p>&nbsp;<\/p>\n<p><a class=\"modalf iframe\" title=\"Planilla\" href=\"https:\/\/docs.google.com\/spreadsheet\/pub?key=0AhE9h-PKJU0cdEdfOWpqWnk1SWY1bHVrN1VLbkVWc1E&amp;single=true&amp;gid=0&amp;output=html\">Ver Planilla<\/a><\/p>\n","protected":false},"excerpt":{"rendered":"<p>Independiente super\u00f3 a Alem por 91 a 71 y logr\u00f3 recuperarse r\u00e1pidamente de la derrota sufrida en el cl\u00e1sico ante Pueyrredon la fecha pasada. Stefano Barba con 24 puntos, 7 rebotes y\u00a0 una tapa fue la figura del local, aunque hubo un excelente trabajo en equipo del quinteto inicial. En la visita no alcanzaron las [&hellip;]<\/p>\n","protected":false},"author":5,"featured_media":0,"comment_status":"open","ping_status":"open","sticky":false,"template":"","format":"standard","meta":{"jnews-multi-image_gallery":[],"jnews_single_post":[],"jnews_primary_category":[],"footnotes":""},"categories":[25],"tags":[3,12],"class_list":["post-6249","post","type-post","status-publish","format-standard","hentry","category-segunda","tag-alem","tag-independiente"],"yoast_head":"<!-- This site is optimized with the Yoast SEO plugin v27.5 - https:\/\/yoast.com\/product\/yoast-seo-wordpress\/ -->\n<title>El viola recuper\u00f3 la sonrisa - Gente de B\u00e1squet<\/title>\n<meta name=\"robots\" content=\"index, follow, max-snippet:-1, max-image-preview:large, max-video-preview:-1\" \/>\n<link rel=\"canonical\" href=\"http:\/\/gentedebasquet.com.ar\/sitio\/2012\/08\/22\/el-viola-recupero-la-sonrisa\/\" \/>\n<meta property=\"og:locale\" content=\"es_ES\" \/>\n<meta property=\"og:type\" content=\"article\" \/>\n<meta property=\"og:title\" content=\"El viola recuper\u00f3 la sonrisa - Gente de B\u00e1squet\" \/>\n<meta property=\"og:description\" content=\"Independiente super\u00f3 a Alem por 91 a 71 y logr\u00f3 recuperarse r\u00e1pidamente de la derrota sufrida en el cl\u00e1sico ante Pueyrredon la fecha pasada. Stefano Barba con 24 puntos, 7 rebotes y\u00a0 una tapa fue la figura del local, aunque hubo un excelente trabajo en equipo del quinteto inicial. En la visita no alcanzaron las [&hellip;]\" \/>\n<meta property=\"og:url\" content=\"http:\/\/gentedebasquet.com.ar\/sitio\/2012\/08\/22\/el-viola-recupero-la-sonrisa\/\" \/>\n<meta property=\"og:site_name\" content=\"Gente de B\u00e1squet\" \/>\n<meta property=\"article:published_time\" content=\"2012-08-22T03:44:04+00:00\" \/>\n<meta property=\"og:image\" content=\"http:\/\/www.gentedebasquet.com.ar\/wp-content\/uploads\/2012\/08\/IND-ALEM.jpg\" \/>\n<meta name=\"author\" content=\"Mati Ortiz\" \/>\n<meta name=\"twitter:card\" content=\"summary_large_image\" \/>\n<meta name=\"twitter:label1\" content=\"Escrito por\" \/>\n\t<meta name=\"twitter:data1\" content=\"Mati Ortiz\" \/>\n\t<meta name=\"twitter:label2\" content=\"Tiempo de lectura\" \/>\n\t<meta name=\"twitter:data2\" content=\"2 minutos\" \/>\n<script type=\"application\/ld+json\" class=\"yoast-schema-graph\">{\"@context\":\"https:\\\/\\\/schema.org\",\"@graph\":[{\"@type\":\"Article\",\"@id\":\"http:\\\/\\\/gentedebasquet.com.ar\\\/sitio\\\/2012\\\/08\\\/22\\\/el-viola-recupero-la-sonrisa\\\/#article\",\"isPartOf\":{\"@id\":\"http:\\\/\\\/gentedebasquet.com.ar\\\/sitio\\\/2012\\\/08\\\/22\\\/el-viola-recupero-la-sonrisa\\\/\"},\"author\":{\"name\":\"Mati Ortiz\",\"@id\":\"https:\\\/\\\/gentedebasquet.com.ar\\\/sitio\\\/#\\\/schema\\\/person\\\/bdfda4f76826a67711ffbc5c019867b1\"},\"headline\":\"El viola recuper\u00f3 la sonrisa\",\"datePublished\":\"2012-08-22T03:44:04+00:00\",\"mainEntityOfPage\":{\"@id\":\"http:\\\/\\\/gentedebasquet.com.ar\\\/sitio\\\/2012\\\/08\\\/22\\\/el-viola-recupero-la-sonrisa\\\/\"},\"wordCount\":335,\"commentCount\":0,\"image\":{\"@id\":\"http:\\\/\\\/gentedebasquet.com.ar\\\/sitio\\\/2012\\\/08\\\/22\\\/el-viola-recupero-la-sonrisa\\\/#primaryimage\"},\"thumbnailUrl\":\"http:\\\/\\\/www.gentedebasquet.com.ar\\\/wp-content\\\/uploads\\\/2012\\\/08\\\/IND-ALEM.jpg\",\"keywords\":[\"Alem\",\"independiente\"],\"articleSection\":[\"Segunda\"],\"inLanguage\":\"es\",\"potentialAction\":[{\"@type\":\"CommentAction\",\"name\":\"Comment\",\"target\":[\"http:\\\/\\\/gentedebasquet.com.ar\\\/sitio\\\/2012\\\/08\\\/22\\\/el-viola-recupero-la-sonrisa\\\/#respond\"]}]},{\"@type\":\"WebPage\",\"@id\":\"http:\\\/\\\/gentedebasquet.com.ar\\\/sitio\\\/2012\\\/08\\\/22\\\/el-viola-recupero-la-sonrisa\\\/\",\"url\":\"http:\\\/\\\/gentedebasquet.com.ar\\\/sitio\\\/2012\\\/08\\\/22\\\/el-viola-recupero-la-sonrisa\\\/\",\"name\":\"El viola recuper\u00f3 la sonrisa - Gente de B\u00e1squet\",\"isPartOf\":{\"@id\":\"https:\\\/\\\/gentedebasquet.com.ar\\\/sitio\\\/#website\"},\"primaryImageOfPage\":{\"@id\":\"http:\\\/\\\/gentedebasquet.com.ar\\\/sitio\\\/2012\\\/08\\\/22\\\/el-viola-recupero-la-sonrisa\\\/#primaryimage\"},\"image\":{\"@id\":\"http:\\\/\\\/gentedebasquet.com.ar\\\/sitio\\\/2012\\\/08\\\/22\\\/el-viola-recupero-la-sonrisa\\\/#primaryimage\"},\"thumbnailUrl\":\"http:\\\/\\\/www.gentedebasquet.com.ar\\\/wp-content\\\/uploads\\\/2012\\\/08\\\/IND-ALEM.jpg\",\"datePublished\":\"2012-08-22T03:44:04+00:00\",\"author\":{\"@id\":\"https:\\\/\\\/gentedebasquet.com.ar\\\/sitio\\\/#\\\/schema\\\/person\\\/bdfda4f76826a67711ffbc5c019867b1\"},\"breadcrumb\":{\"@id\":\"http:\\\/\\\/gentedebasquet.com.ar\\\/sitio\\\/2012\\\/08\\\/22\\\/el-viola-recupero-la-sonrisa\\\/#breadcrumb\"},\"inLanguage\":\"es\",\"potentialAction\":[{\"@type\":\"ReadAction\",\"target\":[\"http:\\\/\\\/gentedebasquet.com.ar\\\/sitio\\\/2012\\\/08\\\/22\\\/el-viola-recupero-la-sonrisa\\\/\"]}]},{\"@type\":\"ImageObject\",\"inLanguage\":\"es\",\"@id\":\"http:\\\/\\\/gentedebasquet.com.ar\\\/sitio\\\/2012\\\/08\\\/22\\\/el-viola-recupero-la-sonrisa\\\/#primaryimage\",\"url\":\"http:\\\/\\\/www.gentedebasquet.com.ar\\\/wp-content\\\/uploads\\\/2012\\\/08\\\/IND-ALEM.jpg\",\"contentUrl\":\"http:\\\/\\\/www.gentedebasquet.com.ar\\\/wp-content\\\/uploads\\\/2012\\\/08\\\/IND-ALEM.jpg\"},{\"@type\":\"BreadcrumbList\",\"@id\":\"http:\\\/\\\/gentedebasquet.com.ar\\\/sitio\\\/2012\\\/08\\\/22\\\/el-viola-recupero-la-sonrisa\\\/#breadcrumb\",\"itemListElement\":[{\"@type\":\"ListItem\",\"position\":1,\"name\":\"Portada\",\"item\":\"https:\\\/\\\/gentedebasquet.com.ar\\\/sitio\\\/\"},{\"@type\":\"ListItem\",\"position\":2,\"name\":\"El viola recuper\u00f3 la sonrisa\"}]},{\"@type\":\"WebSite\",\"@id\":\"https:\\\/\\\/gentedebasquet.com.ar\\\/sitio\\\/#website\",\"url\":\"https:\\\/\\\/gentedebasquet.com.ar\\\/sitio\\\/\",\"name\":\"Gente de B\u00e1squet\",\"description\":\"La revista del basquet de Bah\u00eda Blanca\",\"potentialAction\":[{\"@type\":\"SearchAction\",\"target\":{\"@type\":\"EntryPoint\",\"urlTemplate\":\"https:\\\/\\\/gentedebasquet.com.ar\\\/sitio\\\/?s={search_term_string}\"},\"query-input\":{\"@type\":\"PropertyValueSpecification\",\"valueRequired\":true,\"valueName\":\"search_term_string\"}}],\"inLanguage\":\"es\"},{\"@type\":\"Person\",\"@id\":\"https:\\\/\\\/gentedebasquet.com.ar\\\/sitio\\\/#\\\/schema\\\/person\\\/bdfda4f76826a67711ffbc5c019867b1\",\"name\":\"Mati Ortiz\",\"image\":{\"@type\":\"ImageObject\",\"inLanguage\":\"es\",\"@id\":\"https:\\\/\\\/secure.gravatar.com\\\/avatar\\\/639f103875d0262257ad455ccde7a9fdf5a890a827f0e877d951e4fb1b0906e5?s=96&d=mm&r=g\",\"url\":\"https:\\\/\\\/secure.gravatar.com\\\/avatar\\\/639f103875d0262257ad455ccde7a9fdf5a890a827f0e877d951e4fb1b0906e5?s=96&d=mm&r=g\",\"contentUrl\":\"https:\\\/\\\/secure.gravatar.com\\\/avatar\\\/639f103875d0262257ad455ccde7a9fdf5a890a827f0e877d951e4fb1b0906e5?s=96&d=mm&r=g\",\"caption\":\"Mati Ortiz\"},\"url\":\"http:\\\/\\\/gentedebasquet.com.ar\\\/sitio\\\/author\\\/mati-ortiz\\\/\"}]}<\/script>\n<!-- \/ Yoast SEO plugin. -->","yoast_head_json":{"title":"El viola recuper\u00f3 la sonrisa - Gente de B\u00e1squet","robots":{"index":"index","follow":"follow","max-snippet":"max-snippet:-1","max-image-preview":"max-image-preview:large","max-video-preview":"max-video-preview:-1"},"canonical":"http:\/\/gentedebasquet.com.ar\/sitio\/2012\/08\/22\/el-viola-recupero-la-sonrisa\/","og_locale":"es_ES","og_type":"article","og_title":"El viola recuper\u00f3 la sonrisa - Gente de B\u00e1squet","og_description":"Independiente super\u00f3 a Alem por 91 a 71 y logr\u00f3 recuperarse r\u00e1pidamente de la derrota sufrida en el cl\u00e1sico ante Pueyrredon la fecha pasada. Stefano Barba con 24 puntos, 7 rebotes y\u00a0 una tapa fue la figura del local, aunque hubo un excelente trabajo en equipo del quinteto inicial. En la visita no alcanzaron las [&hellip;]","og_url":"http:\/\/gentedebasquet.com.ar\/sitio\/2012\/08\/22\/el-viola-recupero-la-sonrisa\/","og_site_name":"Gente de B\u00e1squet","article_published_time":"2012-08-22T03:44:04+00:00","og_image":[{"url":"http:\/\/www.gentedebasquet.com.ar\/wp-content\/uploads\/2012\/08\/IND-ALEM.jpg","type":"","width":"","height":""}],"author":"Mati Ortiz","twitter_card":"summary_large_image","twitter_misc":{"Escrito por":"Mati Ortiz","Tiempo de lectura":"2 minutos"},"schema":{"@context":"https:\/\/schema.org","@graph":[{"@type":"Article","@id":"http:\/\/gentedebasquet.com.ar\/sitio\/2012\/08\/22\/el-viola-recupero-la-sonrisa\/#article","isPartOf":{"@id":"http:\/\/gentedebasquet.com.ar\/sitio\/2012\/08\/22\/el-viola-recupero-la-sonrisa\/"},"author":{"name":"Mati Ortiz","@id":"https:\/\/gentedebasquet.com.ar\/sitio\/#\/schema\/person\/bdfda4f76826a67711ffbc5c019867b1"},"headline":"El viola recuper\u00f3 la sonrisa","datePublished":"2012-08-22T03:44:04+00:00","mainEntityOfPage":{"@id":"http:\/\/gentedebasquet.com.ar\/sitio\/2012\/08\/22\/el-viola-recupero-la-sonrisa\/"},"wordCount":335,"commentCount":0,"image":{"@id":"http:\/\/gentedebasquet.com.ar\/sitio\/2012\/08\/22\/el-viola-recupero-la-sonrisa\/#primaryimage"},"thumbnailUrl":"http:\/\/www.gentedebasquet.com.ar\/wp-content\/uploads\/2012\/08\/IND-ALEM.jpg","keywords":["Alem","independiente"],"articleSection":["Segunda"],"inLanguage":"es","potentialAction":[{"@type":"CommentAction","name":"Comment","target":["http:\/\/gentedebasquet.com.ar\/sitio\/2012\/08\/22\/el-viola-recupero-la-sonrisa\/#respond"]}]},{"@type":"WebPage","@id":"http:\/\/gentedebasquet.com.ar\/sitio\/2012\/08\/22\/el-viola-recupero-la-sonrisa\/","url":"http:\/\/gentedebasquet.com.ar\/sitio\/2012\/08\/22\/el-viola-recupero-la-sonrisa\/","name":"El viola recuper\u00f3 la sonrisa - Gente de B\u00e1squet","isPartOf":{"@id":"https:\/\/gentedebasquet.com.ar\/sitio\/#website"},"primaryImageOfPage":{"@id":"http:\/\/gentedebasquet.com.ar\/sitio\/2012\/08\/22\/el-viola-recupero-la-sonrisa\/#primaryimage"},"image":{"@id":"http:\/\/gentedebasquet.com.ar\/sitio\/2012\/08\/22\/el-viola-recupero-la-sonrisa\/#primaryimage"},"thumbnailUrl":"http:\/\/www.gentedebasquet.com.ar\/wp-content\/uploads\/2012\/08\/IND-ALEM.jpg","datePublished":"2012-08-22T03:44:04+00:00","author":{"@id":"https:\/\/gentedebasquet.com.ar\/sitio\/#\/schema\/person\/bdfda4f76826a67711ffbc5c019867b1"},"breadcrumb":{"@id":"http:\/\/gentedebasquet.com.ar\/sitio\/2012\/08\/22\/el-viola-recupero-la-sonrisa\/#breadcrumb"},"inLanguage":"es","potentialAction":[{"@type":"ReadAction","target":["http:\/\/gentedebasquet.com.ar\/sitio\/2012\/08\/22\/el-viola-recupero-la-sonrisa\/"]}]},{"@type":"ImageObject","inLanguage":"es","@id":"http:\/\/gentedebasquet.com.ar\/sitio\/2012\/08\/22\/el-viola-recupero-la-sonrisa\/#primaryimage","url":"http:\/\/www.gentedebasquet.com.ar\/wp-content\/uploads\/2012\/08\/IND-ALEM.jpg","contentUrl":"http:\/\/www.gentedebasquet.com.ar\/wp-content\/uploads\/2012\/08\/IND-ALEM.jpg"},{"@type":"BreadcrumbList","@id":"http:\/\/gentedebasquet.com.ar\/sitio\/2012\/08\/22\/el-viola-recupero-la-sonrisa\/#breadcrumb","itemListElement":[{"@type":"ListItem","position":1,"name":"Portada","item":"https:\/\/gentedebasquet.com.ar\/sitio\/"},{"@type":"ListItem","position":2,"name":"El viola recuper\u00f3 la sonrisa"}]},{"@type":"WebSite","@id":"https:\/\/gentedebasquet.com.ar\/sitio\/#website","url":"https:\/\/gentedebasquet.com.ar\/sitio\/","name":"Gente de B\u00e1squet","description":"La revista del basquet de Bah\u00eda Blanca","potentialAction":[{"@type":"SearchAction","target":{"@type":"EntryPoint","urlTemplate":"https:\/\/gentedebasquet.com.ar\/sitio\/?s={search_term_string}"},"query-input":{"@type":"PropertyValueSpecification","valueRequired":true,"valueName":"search_term_string"}}],"inLanguage":"es"},{"@type":"Person","@id":"https:\/\/gentedebasquet.com.ar\/sitio\/#\/schema\/person\/bdfda4f76826a67711ffbc5c019867b1","name":"Mati Ortiz","image":{"@type":"ImageObject","inLanguage":"es","@id":"https:\/\/secure.gravatar.com\/avatar\/639f103875d0262257ad455ccde7a9fdf5a890a827f0e877d951e4fb1b0906e5?s=96&d=mm&r=g","url":"https:\/\/secure.gravatar.com\/avatar\/639f103875d0262257ad455ccde7a9fdf5a890a827f0e877d951e4fb1b0906e5?s=96&d=mm&r=g","contentUrl":"https:\/\/secure.gravatar.com\/avatar\/639f103875d0262257ad455ccde7a9fdf5a890a827f0e877d951e4fb1b0906e5?s=96&d=mm&r=g","caption":"Mati Ortiz"},"url":"http:\/\/gentedebasquet.com.ar\/sitio\/author\/mati-ortiz\/"}]}},"_links":{"self":[{"href":"http:\/\/gentedebasquet.com.ar\/sitio\/wp-json\/wp\/v2\/posts\/6249","targetHints":{"allow":["GET"]}}],"collection":[{"href":"http:\/\/gentedebasquet.com.ar\/sitio\/wp-json\/wp\/v2\/posts"}],"about":[{"href":"http:\/\/gentedebasquet.com.ar\/sitio\/wp-json\/wp\/v2\/types\/post"}],"author":[{"embeddable":true,"href":"http:\/\/gentedebasquet.com.ar\/sitio\/wp-json\/wp\/v2\/users\/5"}],"replies":[{"embeddable":true,"href":"http:\/\/gentedebasquet.com.ar\/sitio\/wp-json\/wp\/v2\/comments?post=6249"}],"version-history":[{"count":0,"href":"http:\/\/gentedebasquet.com.ar\/sitio\/wp-json\/wp\/v2\/posts\/6249\/revisions"}],"wp:attachment":[{"href":"http:\/\/gentedebasquet.com.ar\/sitio\/wp-json\/wp\/v2\/media?parent=6249"}],"wp:term":[{"taxonomy":"category","embeddable":true,"href":"http:\/\/gentedebasquet.com.ar\/sitio\/wp-json\/wp\/v2\/categories?post=6249"},{"taxonomy":"post_tag","embeddable":true,"href":"http:\/\/gentedebasquet.com.ar\/sitio\/wp-json\/wp\/v2\/tags?post=6249"}],"curies":[{"name":"wp","href":"https:\/\/api.w.org\/{rel}","templated":true}]}}