{"id":62927,"date":"2016-08-09T01:05:44","date_gmt":"2016-08-09T04:05:44","guid":{"rendered":"http:\/\/www.gentedebasquet.com.ar\/?p=62927"},"modified":"2016-08-09T01:05:44","modified_gmt":"2016-08-09T04:05:44","slug":"barrio-caliente","status":"publish","type":"post","link":"http:\/\/gentedebasquet.com.ar\/sitio\/2016\/08\/09\/barrio-caliente\/","title":{"rendered":"Barrio caliente"},"content":{"rendered":"<p><strong>En una nueva edici\u00f3n del Cl\u00e1sico Barrial, Alem venci\u00f3 en un cotejo caliente a Villa Mitre, como visitante, por 76-72.\u00a0 Walter Gigena (18), Juan Pablo Rotta (16) y Santiago Torre (13 y 8 asistencias) fueron los mayores exponentes ofensivos en el verdirrojo, mientras que en el tricolor, Mat\u00edas Monteoliva (17) y Gast\u00f3n Diomedi (15) fueron los destacados.<\/strong><\/p>\n<p>Con un en\u00e9rgico arranque de Starc (5 puntos), encontrando espacios a partir de la encarnizada lucha de poste bajo entre Bollo y Banegas (3 faltas cada uno en el 1C) Alem tom\u00f3 la delantera en los primeros 3m30.\u00a0 Tras tiempo muerto pedido por Ariel Ugolini, Villa Mitre se reagrup\u00f3 y mediante sus guardias (3 puntos de Berdini, 7 de Diomedi) comenz\u00f3 a ejecutar mejor su juego estacionado y cerr\u00f3 arriba el 1C (17-16).<\/p>\n<p>A pesar de las intensas marcas perimetrales entre ambos equipos, Alem encontr\u00f3 mejores espacios detr\u00e1s de la medialuna con bloqueos indirectos, y con un gran pasaje en triples (4-5) le sac\u00f3 a Villa Mitre la primera ventaja por doble d\u00edgito de la noche (24-34). No obstante, el tricolor encontr\u00f3 buen juego desde la banca, y con los ingresos de Jos\u00e9 Luis Mart\u00ednez y Monteoliva jugando el pick and roll (4 puntos cada uno) mas una buena defensa bajo el aro de Pineda (Alem convirti\u00f3 3-9 de t2 en el 2C), Villa Mitre meti\u00f3 parcial de 13-3 en los 5m finales de la primera mitad para dejar todo como al principio, igualado (37).<\/p>\n<blockquote><p>Fue un partido caliente, como todo cl\u00e1sico, y la gente pesa. \u00a0Pero fue un partido muy leal. \u00a0Nos cargamos muy r\u00e1pido de faltas y perdimos al flaco (Banegas) por cinco, pero lo tomamos como una prueba m\u00e1s para el equipo. \u00a0(Sobre su vuelta a las canchas tras su lesi\u00f3n) Me doli\u00f3 mucho ver los Playoffs desde afuera. \u00a0Todav\u00eda me falta mucho b\u00e1squet, pero me tuve mucho apoyo del equipo, sobre todo de Juan Pablo (Rotta). \u00a0Todav\u00eda me sigo preparando para volver al %100 (Walter Gigena)<\/p><\/blockquote>\n<p>En la reanudaci\u00f3n, Alem madrug\u00f3 de entrada al due\u00f1o de casa con un parcial de 8-0 viniendo desde el vestuario.\u00a0 Fue en este per\u00edodo en donde mejor se vio el planteo de Alem, obteniendo buenas paradas defensivas bajo el aro (3-11 en t2 para Villa Mitre) y jugando el run and gun, todo generado por la batuta de Santiago Torre (4 puntos, 3 rebotes y 3 asistencias).\u00a0 El tricolor sali\u00f3 a flote con un par de triples (2-6), pero el volumen de juego del verdirrojo fue mayor y pareci\u00f3 liquidar todo de cara al cierre (51-61).<\/p>\n<p>Nada m\u00e1s alejado de la realidad, porque un encendido Mat\u00edas Monteoliva (8 puntos en el arranque del 4C con 2-2 en t3) achic\u00f3 r\u00e1pidamente la brecha entre ambos equipos (59-64).\u00a0 Con la baja de Banegas por quinta falta, Villa Mitre pudo jugar m\u00e1s c\u00f3modo cerca del aro (Bollo anot\u00f3 5 puntos) pero tambi\u00e9n aprovech\u00f3 desde el per\u00edmetro la congesti\u00f3n de Alem en la pintura para castigar desde 6,75 metros (3-5) y retomar el liderazgo por primera vez desde el 1C (69-67 a falta de 3m33).<\/p>\n<p>Para colmo de Alem, Diomedi tuvo su mejor pasaje del partido, clavando dos bombas al hilo y asistiendo bajo el aro a Bollo.\u00a0 Sin embargo, all\u00ed fue cuando apareci\u00f3 la mano de Gigena.\u00a0 Sin caminos en el juego estacionado, el Negro se anim\u00f3 a jugar el 1v1 y con un triple devolvi\u00f3 a Alem el liderazgo (69-72).\u00a0 Aunque Bollo, a falta de 29s, devolvi\u00f3 tablas al marcador desde la l\u00ednea.\u00a0 Gigena volvi\u00f3 a jugar la individual, y recibi\u00f3 falta de Marcelo Berdini al intentar un tiro en suspensi\u00f3n (2-2 desde la l\u00ednea), con 5s para el final.\u00a0 Villa Mitre intent\u00f3 un pick and roll entre Diomedi y Pineda en la reanudaci\u00f3n, pero ambos jugadores se desentendieron ante la presi\u00f3n de Torre y Rotta, y tras robar el bal\u00f3n, el n\u00famero 5 de Alem sell\u00f3 la historia con una bandeja sobre la chicharra del partido.<\/p>\n<p>&nbsp;<\/p>\n<p>[youtube]https:\/\/youtu.be\/K0CINf2V3Tw[\/youtube]<\/p>\n<p>&nbsp;<\/p>\n<p><strong>S\u00edntesis| Primera Divisi\u00f3n \u2013 Oficial \u2013 Fecha #2<\/strong><\/p>\n<p><strong>Villa Mitre 72: <\/strong>Marcelo Berdini 3, Gast\u00f3n Diomedi 15, Germ\u00e1n Andr\u00e9s 6, David Pineda 10, Javier Bollo 11 (FI); Fernando Alfonso 3, Javier Mart\u00ednez 4, Mat\u00edas Monteoliva 17, Ramiro Santiago 3.\u00a0 D.T: Ariel Ugolini.<\/p>\n<p><strong>Alem 76: <\/strong>Santiago Torre 13, Augusto Priore 7, Juan Pablo Rotta 16, Fabricio Starc 9, Herman Banegas 10 (x) (FI); Walter Gigena 18, Genaro Priore 3.\u00a0 D.T: Alejandro \u00c1lvarez.<\/p>\n<p><strong>Parciales: <\/strong>17-16, 37-37, 51-61.<\/p>\n<p><strong>\u00c1rbitros: <\/strong>Javier S\u00e1nchez \u2013 Sebasti\u00e1n Arcas.<\/p>\n<p><strong>Estadio: <\/strong>Jos\u00e9 Mart\u00ednez (Villa Mitre).<\/p>\n<p><a class=\"modalf iframe\" title=\"Planilla\" href=\"https:\/\/docs.google.com\/spreadsheets\/d\/1qVjTHTzFuhei8WevV8lk7LigYRVTEADVgPo14A3uIJQ\/pubhtml\" target=\"_blank\" rel=\"noopener\">Ver Planilla<\/a><\/p>\n","protected":false},"excerpt":{"rendered":"<p>Alem se qued\u00f3 con un picante cl\u00e1sico ante Villa Mitre: 76 a 72.<\/p>\n","protected":false},"author":1,"featured_media":62928,"comment_status":"closed","ping_status":"open","sticky":false,"template":"","format":"standard","meta":{"jnews-multi-image_gallery":[],"jnews_single_post":[],"jnews_primary_category":[],"footnotes":""},"categories":[23,101],"tags":[3,615,48,663,604,22,302],"class_list":["post-62927","post","type-post","status-publish","format-standard","has-post-thumbnail","hentry","category-primera","category-slide","tag-alem","tag-gaston-diomedi","tag-juan-pablo-rotta","tag-matias-monteoliva","tag-santiago-torre","tag-villa-mitre","tag-walter-gigena"],"yoast_head":"<!-- This site is optimized with the Yoast SEO plugin v27.5 - https:\/\/yoast.com\/product\/yoast-seo-wordpress\/ -->\n<title>Barrio caliente - Gente de B\u00e1squet<\/title>\n<meta name=\"robots\" content=\"index, follow, max-snippet:-1, max-image-preview:large, max-video-preview:-1\" \/>\n<link rel=\"canonical\" href=\"http:\/\/gentedebasquet.com.ar\/sitio\/2016\/08\/09\/barrio-caliente\/\" \/>\n<meta property=\"og:locale\" content=\"es_ES\" \/>\n<meta property=\"og:type\" content=\"article\" \/>\n<meta property=\"og:title\" content=\"Barrio caliente - Gente de B\u00e1squet\" \/>\n<meta property=\"og:description\" content=\"Alem se qued\u00f3 con un picante cl\u00e1sico ante Villa Mitre: 76 a 72.\" \/>\n<meta property=\"og:url\" content=\"http:\/\/gentedebasquet.com.ar\/sitio\/2016\/08\/09\/barrio-caliente\/\" \/>\n<meta property=\"og:site_name\" content=\"Gente de B\u00e1squet\" \/>\n<meta property=\"article:published_time\" content=\"2016-08-09T04:05:44+00:00\" \/>\n<meta property=\"og:image\" content=\"http:\/\/gentedebasquet.com.ar\/sitio\/wp-content\/uploads\/2016\/08\/IMG_20160808_211906657.jpg\" \/>\n\t<meta property=\"og:image:width\" content=\"690\" \/>\n\t<meta property=\"og:image:height\" content=\"319\" \/>\n\t<meta property=\"og:image:type\" content=\"image\/jpeg\" \/>\n<meta name=\"author\" content=\"Gente de B\u00e1squet\" \/>\n<meta name=\"twitter:card\" content=\"summary_large_image\" \/>\n<meta name=\"twitter:label1\" content=\"Escrito por\" \/>\n\t<meta name=\"twitter:data1\" content=\"Gente de B\u00e1squet\" \/>\n\t<meta name=\"twitter:label2\" content=\"Tiempo de lectura\" \/>\n\t<meta name=\"twitter:data2\" content=\"4 minutos\" \/>\n<script type=\"application\/ld+json\" class=\"yoast-schema-graph\">{\"@context\":\"https:\\\/\\\/schema.org\",\"@graph\":[{\"@type\":\"Article\",\"@id\":\"http:\\\/\\\/gentedebasquet.com.ar\\\/sitio\\\/2016\\\/08\\\/09\\\/barrio-caliente\\\/#article\",\"isPartOf\":{\"@id\":\"http:\\\/\\\/gentedebasquet.com.ar\\\/sitio\\\/2016\\\/08\\\/09\\\/barrio-caliente\\\/\"},\"author\":{\"name\":\"Gente de B\u00e1squet\",\"@id\":\"https:\\\/\\\/gentedebasquet.com.ar\\\/sitio\\\/#\\\/schema\\\/person\\\/ca0b63bbb977369988a7bbbdc519943a\"},\"headline\":\"Barrio caliente\",\"datePublished\":\"2016-08-09T04:05:44+00:00\",\"mainEntityOfPage\":{\"@id\":\"http:\\\/\\\/gentedebasquet.com.ar\\\/sitio\\\/2016\\\/08\\\/09\\\/barrio-caliente\\\/\"},\"wordCount\":756,\"image\":{\"@id\":\"http:\\\/\\\/gentedebasquet.com.ar\\\/sitio\\\/2016\\\/08\\\/09\\\/barrio-caliente\\\/#primaryimage\"},\"thumbnailUrl\":\"http:\\\/\\\/gentedebasquet.com.ar\\\/sitio\\\/wp-content\\\/uploads\\\/2016\\\/08\\\/IMG_20160808_211906657.jpg\",\"keywords\":[\"Alem\",\"Gaston Diomedi\",\"Juan Pablo Rotta\",\"Mat\u00edas Monteoliva\",\"Santiago Torre\",\"Villa Mitre\",\"Walter Gigena\"],\"articleSection\":[\"Primera\",\"Slide\"],\"inLanguage\":\"es\"},{\"@type\":\"WebPage\",\"@id\":\"http:\\\/\\\/gentedebasquet.com.ar\\\/sitio\\\/2016\\\/08\\\/09\\\/barrio-caliente\\\/\",\"url\":\"http:\\\/\\\/gentedebasquet.com.ar\\\/sitio\\\/2016\\\/08\\\/09\\\/barrio-caliente\\\/\",\"name\":\"Barrio caliente - Gente de B\u00e1squet\",\"isPartOf\":{\"@id\":\"https:\\\/\\\/gentedebasquet.com.ar\\\/sitio\\\/#website\"},\"primaryImageOfPage\":{\"@id\":\"http:\\\/\\\/gentedebasquet.com.ar\\\/sitio\\\/2016\\\/08\\\/09\\\/barrio-caliente\\\/#primaryimage\"},\"image\":{\"@id\":\"http:\\\/\\\/gentedebasquet.com.ar\\\/sitio\\\/2016\\\/08\\\/09\\\/barrio-caliente\\\/#primaryimage\"},\"thumbnailUrl\":\"http:\\\/\\\/gentedebasquet.com.ar\\\/sitio\\\/wp-content\\\/uploads\\\/2016\\\/08\\\/IMG_20160808_211906657.jpg\",\"datePublished\":\"2016-08-09T04:05:44+00:00\",\"author\":{\"@id\":\"https:\\\/\\\/gentedebasquet.com.ar\\\/sitio\\\/#\\\/schema\\\/person\\\/ca0b63bbb977369988a7bbbdc519943a\"},\"breadcrumb\":{\"@id\":\"http:\\\/\\\/gentedebasquet.com.ar\\\/sitio\\\/2016\\\/08\\\/09\\\/barrio-caliente\\\/#breadcrumb\"},\"inLanguage\":\"es\",\"potentialAction\":[{\"@type\":\"ReadAction\",\"target\":[\"http:\\\/\\\/gentedebasquet.com.ar\\\/sitio\\\/2016\\\/08\\\/09\\\/barrio-caliente\\\/\"]}]},{\"@type\":\"ImageObject\",\"inLanguage\":\"es\",\"@id\":\"http:\\\/\\\/gentedebasquet.com.ar\\\/sitio\\\/2016\\\/08\\\/09\\\/barrio-caliente\\\/#primaryimage\",\"url\":\"http:\\\/\\\/gentedebasquet.com.ar\\\/sitio\\\/wp-content\\\/uploads\\\/2016\\\/08\\\/IMG_20160808_211906657.jpg\",\"contentUrl\":\"http:\\\/\\\/gentedebasquet.com.ar\\\/sitio\\\/wp-content\\\/uploads\\\/2016\\\/08\\\/IMG_20160808_211906657.jpg\",\"width\":690,\"height\":319},{\"@type\":\"BreadcrumbList\",\"@id\":\"http:\\\/\\\/gentedebasquet.com.ar\\\/sitio\\\/2016\\\/08\\\/09\\\/barrio-caliente\\\/#breadcrumb\",\"itemListElement\":[{\"@type\":\"ListItem\",\"position\":1,\"name\":\"Portada\",\"item\":\"https:\\\/\\\/gentedebasquet.com.ar\\\/sitio\\\/\"},{\"@type\":\"ListItem\",\"position\":2,\"name\":\"Barrio caliente\"}]},{\"@type\":\"WebSite\",\"@id\":\"https:\\\/\\\/gentedebasquet.com.ar\\\/sitio\\\/#website\",\"url\":\"https:\\\/\\\/gentedebasquet.com.ar\\\/sitio\\\/\",\"name\":\"Gente de B\u00e1squet\",\"description\":\"La revista del basquet de Bah\u00eda Blanca\",\"potentialAction\":[{\"@type\":\"SearchAction\",\"target\":{\"@type\":\"EntryPoint\",\"urlTemplate\":\"https:\\\/\\\/gentedebasquet.com.ar\\\/sitio\\\/?s={search_term_string}\"},\"query-input\":{\"@type\":\"PropertyValueSpecification\",\"valueRequired\":true,\"valueName\":\"search_term_string\"}}],\"inLanguage\":\"es\"},{\"@type\":\"Person\",\"@id\":\"https:\\\/\\\/gentedebasquet.com.ar\\\/sitio\\\/#\\\/schema\\\/person\\\/ca0b63bbb977369988a7bbbdc519943a\",\"name\":\"Gente de B\u00e1squet\",\"image\":{\"@type\":\"ImageObject\",\"inLanguage\":\"es\",\"@id\":\"https:\\\/\\\/secure.gravatar.com\\\/avatar\\\/7f2c48bdc33b30088f941fb6082e555f2874c98e20cb159d7b92b50eadfce793?s=96&d=mm&r=g\",\"url\":\"https:\\\/\\\/secure.gravatar.com\\\/avatar\\\/7f2c48bdc33b30088f941fb6082e555f2874c98e20cb159d7b92b50eadfce793?s=96&d=mm&r=g\",\"contentUrl\":\"https:\\\/\\\/secure.gravatar.com\\\/avatar\\\/7f2c48bdc33b30088f941fb6082e555f2874c98e20cb159d7b92b50eadfce793?s=96&d=mm&r=g\",\"caption\":\"Gente de B\u00e1squet\"},\"sameAs\":[\"http:\\\/\\\/gentedebasquet.com.ar\\\/sitio\"],\"url\":\"http:\\\/\\\/gentedebasquet.com.ar\\\/sitio\\\/author\\\/ulises\\\/\"}]}<\/script>\n<!-- \/ Yoast SEO plugin. -->","yoast_head_json":{"title":"Barrio caliente - Gente de B\u00e1squet","robots":{"index":"index","follow":"follow","max-snippet":"max-snippet:-1","max-image-preview":"max-image-preview:large","max-video-preview":"max-video-preview:-1"},"canonical":"http:\/\/gentedebasquet.com.ar\/sitio\/2016\/08\/09\/barrio-caliente\/","og_locale":"es_ES","og_type":"article","og_title":"Barrio caliente - Gente de B\u00e1squet","og_description":"Alem se qued\u00f3 con un picante cl\u00e1sico ante Villa Mitre: 76 a 72.","og_url":"http:\/\/gentedebasquet.com.ar\/sitio\/2016\/08\/09\/barrio-caliente\/","og_site_name":"Gente de B\u00e1squet","article_published_time":"2016-08-09T04:05:44+00:00","og_image":[{"width":690,"height":319,"url":"http:\/\/gentedebasquet.com.ar\/sitio\/wp-content\/uploads\/2016\/08\/IMG_20160808_211906657.jpg","type":"image\/jpeg"}],"author":"Gente de B\u00e1squet","twitter_card":"summary_large_image","twitter_misc":{"Escrito por":"Gente de B\u00e1squet","Tiempo de lectura":"4 minutos"},"schema":{"@context":"https:\/\/schema.org","@graph":[{"@type":"Article","@id":"http:\/\/gentedebasquet.com.ar\/sitio\/2016\/08\/09\/barrio-caliente\/#article","isPartOf":{"@id":"http:\/\/gentedebasquet.com.ar\/sitio\/2016\/08\/09\/barrio-caliente\/"},"author":{"name":"Gente de B\u00e1squet","@id":"https:\/\/gentedebasquet.com.ar\/sitio\/#\/schema\/person\/ca0b63bbb977369988a7bbbdc519943a"},"headline":"Barrio caliente","datePublished":"2016-08-09T04:05:44+00:00","mainEntityOfPage":{"@id":"http:\/\/gentedebasquet.com.ar\/sitio\/2016\/08\/09\/barrio-caliente\/"},"wordCount":756,"image":{"@id":"http:\/\/gentedebasquet.com.ar\/sitio\/2016\/08\/09\/barrio-caliente\/#primaryimage"},"thumbnailUrl":"http:\/\/gentedebasquet.com.ar\/sitio\/wp-content\/uploads\/2016\/08\/IMG_20160808_211906657.jpg","keywords":["Alem","Gaston Diomedi","Juan Pablo Rotta","Mat\u00edas Monteoliva","Santiago Torre","Villa Mitre","Walter Gigena"],"articleSection":["Primera","Slide"],"inLanguage":"es"},{"@type":"WebPage","@id":"http:\/\/gentedebasquet.com.ar\/sitio\/2016\/08\/09\/barrio-caliente\/","url":"http:\/\/gentedebasquet.com.ar\/sitio\/2016\/08\/09\/barrio-caliente\/","name":"Barrio caliente - Gente de B\u00e1squet","isPartOf":{"@id":"https:\/\/gentedebasquet.com.ar\/sitio\/#website"},"primaryImageOfPage":{"@id":"http:\/\/gentedebasquet.com.ar\/sitio\/2016\/08\/09\/barrio-caliente\/#primaryimage"},"image":{"@id":"http:\/\/gentedebasquet.com.ar\/sitio\/2016\/08\/09\/barrio-caliente\/#primaryimage"},"thumbnailUrl":"http:\/\/gentedebasquet.com.ar\/sitio\/wp-content\/uploads\/2016\/08\/IMG_20160808_211906657.jpg","datePublished":"2016-08-09T04:05:44+00:00","author":{"@id":"https:\/\/gentedebasquet.com.ar\/sitio\/#\/schema\/person\/ca0b63bbb977369988a7bbbdc519943a"},"breadcrumb":{"@id":"http:\/\/gentedebasquet.com.ar\/sitio\/2016\/08\/09\/barrio-caliente\/#breadcrumb"},"inLanguage":"es","potentialAction":[{"@type":"ReadAction","target":["http:\/\/gentedebasquet.com.ar\/sitio\/2016\/08\/09\/barrio-caliente\/"]}]},{"@type":"ImageObject","inLanguage":"es","@id":"http:\/\/gentedebasquet.com.ar\/sitio\/2016\/08\/09\/barrio-caliente\/#primaryimage","url":"http:\/\/gentedebasquet.com.ar\/sitio\/wp-content\/uploads\/2016\/08\/IMG_20160808_211906657.jpg","contentUrl":"http:\/\/gentedebasquet.com.ar\/sitio\/wp-content\/uploads\/2016\/08\/IMG_20160808_211906657.jpg","width":690,"height":319},{"@type":"BreadcrumbList","@id":"http:\/\/gentedebasquet.com.ar\/sitio\/2016\/08\/09\/barrio-caliente\/#breadcrumb","itemListElement":[{"@type":"ListItem","position":1,"name":"Portada","item":"https:\/\/gentedebasquet.com.ar\/sitio\/"},{"@type":"ListItem","position":2,"name":"Barrio caliente"}]},{"@type":"WebSite","@id":"https:\/\/gentedebasquet.com.ar\/sitio\/#website","url":"https:\/\/gentedebasquet.com.ar\/sitio\/","name":"Gente de B\u00e1squet","description":"La revista del basquet de Bah\u00eda Blanca","potentialAction":[{"@type":"SearchAction","target":{"@type":"EntryPoint","urlTemplate":"https:\/\/gentedebasquet.com.ar\/sitio\/?s={search_term_string}"},"query-input":{"@type":"PropertyValueSpecification","valueRequired":true,"valueName":"search_term_string"}}],"inLanguage":"es"},{"@type":"Person","@id":"https:\/\/gentedebasquet.com.ar\/sitio\/#\/schema\/person\/ca0b63bbb977369988a7bbbdc519943a","name":"Gente de B\u00e1squet","image":{"@type":"ImageObject","inLanguage":"es","@id":"https:\/\/secure.gravatar.com\/avatar\/7f2c48bdc33b30088f941fb6082e555f2874c98e20cb159d7b92b50eadfce793?s=96&d=mm&r=g","url":"https:\/\/secure.gravatar.com\/avatar\/7f2c48bdc33b30088f941fb6082e555f2874c98e20cb159d7b92b50eadfce793?s=96&d=mm&r=g","contentUrl":"https:\/\/secure.gravatar.com\/avatar\/7f2c48bdc33b30088f941fb6082e555f2874c98e20cb159d7b92b50eadfce793?s=96&d=mm&r=g","caption":"Gente de B\u00e1squet"},"sameAs":["http:\/\/gentedebasquet.com.ar\/sitio"],"url":"http:\/\/gentedebasquet.com.ar\/sitio\/author\/ulises\/"}]}},"_links":{"self":[{"href":"http:\/\/gentedebasquet.com.ar\/sitio\/wp-json\/wp\/v2\/posts\/62927","targetHints":{"allow":["GET"]}}],"collection":[{"href":"http:\/\/gentedebasquet.com.ar\/sitio\/wp-json\/wp\/v2\/posts"}],"about":[{"href":"http:\/\/gentedebasquet.com.ar\/sitio\/wp-json\/wp\/v2\/types\/post"}],"author":[{"embeddable":true,"href":"http:\/\/gentedebasquet.com.ar\/sitio\/wp-json\/wp\/v2\/users\/1"}],"replies":[{"embeddable":true,"href":"http:\/\/gentedebasquet.com.ar\/sitio\/wp-json\/wp\/v2\/comments?post=62927"}],"version-history":[{"count":0,"href":"http:\/\/gentedebasquet.com.ar\/sitio\/wp-json\/wp\/v2\/posts\/62927\/revisions"}],"wp:featuredmedia":[{"embeddable":true,"href":"http:\/\/gentedebasquet.com.ar\/sitio\/wp-json\/wp\/v2\/media\/62928"}],"wp:attachment":[{"href":"http:\/\/gentedebasquet.com.ar\/sitio\/wp-json\/wp\/v2\/media?parent=62927"}],"wp:term":[{"taxonomy":"category","embeddable":true,"href":"http:\/\/gentedebasquet.com.ar\/sitio\/wp-json\/wp\/v2\/categories?post=62927"},{"taxonomy":"post_tag","embeddable":true,"href":"http:\/\/gentedebasquet.com.ar\/sitio\/wp-json\/wp\/v2\/tags?post=62927"}],"curies":[{"name":"wp","href":"https:\/\/api.w.org\/{rel}","templated":true}]}}