{"id":63756,"date":"2016-09-01T23:24:45","date_gmt":"2016-09-02T02:24:45","guid":{"rendered":"http:\/\/www.gentedebasquet.com.ar\/?p=63756"},"modified":"2016-09-01T23:24:45","modified_gmt":"2016-09-02T02:24:45","slug":"con-la-victoria-como-prioredad","status":"publish","type":"post","link":"http:\/\/gentedebasquet.com.ar\/sitio\/2016\/09\/01\/con-la-victoria-como-prioredad\/","title":{"rendered":"Con la victoria como PRIOREdad"},"content":{"rendered":"<p><strong>En un partidazo, Alem derrot\u00f3 como visitante a Napost\u00e1 por 89-88, en tiempo suplementario y gracias a un bombazo de Augusto Priore a falta de 3s para el final.\u00a0 El ex Olimpo fue una de las figuras del verdirrojo con 16 puntos, en conjunto a Juan Pablo Rotta (15), Santiago Torre (16, 10 rebotes y 8 asistencias) y Herman Banegas (27 y 12 rebotes).\u00a0 En el local, no alcanz\u00f3 con las tareas de Agust\u00edn Amore (23 y 10 tableros) y Federico Harina (17).<\/strong><\/p>\n<p><strong>A pesar de la gran eficacia detr\u00e1s de los 6,75 metros de Napost\u00e1 en el 1C <\/strong>(5-9, 3-3 de Amore), y del buen reparto de juego\u00a0 de Bruno Pallotti (3 asistencias), aprovechando la salida de los tiradores tras bloqueo indirecto, Alem inici\u00f3 el partido con cuatro perimetrales, dejando libre la pintura a Banegas (10 puntos) para absorber juego y cerrar el segmento con tablas (24 iguales).<\/p>\n<p><strong>El 2C vio el mejor juego de pick and roll de Alem en el encuentro, <\/strong>en donde Banegas (4) y Torre (4 asistencias), m\u00e1s un enorme ingreso de Augusto Priore (10, 2-2 en t3) desde el banco, fueron los encargados de que el verdirrojo comenzara a escaparse en el marcador (30-37 en 6m).\u00a0 Si bien Napost\u00e1 remont\u00f3 en el marcador con un gran pasaje de Nicol\u00e1s Quiroga (8) jugando el 1v1 en el poste alto y recortando distancias (38-45), el ex El Nacional sufri\u00f3 un desgarro sobre el cierre de la primera mitad y se perdi\u00f3 el resto del partido.<\/p>\n<blockquote><p>Napost\u00e1 nos hizo mucho da\u00f1o en el primer tiempo, y a\u00fan cuando Quiroga sali\u00f3 lesionado, fue cuando m\u00e1s nos apretaron. \u00a0Pero por suerte pudimos ganar el partido [&#8230;] (Sobre sus varios partidos como titular\u00a0y la doble base junto a Santiago Torre) \u00a0El base titular es Santi, que es de los mejores de Bah\u00eda. \u00a0A mi me toc\u00f3 rotar mucho por la lesi\u00f3n de Dami (Foulkes), y si bien muchas veces compartimos la base, el puesto es de \u00e9l (Augusto Priore)<\/p><\/blockquote>\n<p><strong>En la reanudaci\u00f3n del partido, <\/strong>Alem reparti\u00f3 mejor el goleo con Rotta castigando desde lejos y Gigena-Torre yendo hacia el aro, para sacar ventaja\u00a0 m\u00e1xima del partido (43-55).\u00a0 Sin embargo, Napost\u00e1 tuvo un gran ingreso de Augusto Meneses desde la banca (4 asistencias), quien gener\u00f3 tiros para Amore (8, 2-4 en t3) y Harina (6) para achicar a\u00fan m\u00e1s el d\u00e9ficit local de cara al cierre (59-63).<\/p>\n<p><strong>Y la escalada del local tuvo su fruto en el 4C<\/strong>, porque con otro buen ingreso suplente, el de Gustavo Gentili (3 puntos y 3 robos), Napost\u00e1 pas\u00f3 al frente promediando el per\u00edodo (68-67) anulando a Banegas con ayudas defensivas en el poste bajo.\u00a0 Un bombazo de Genaro Priore, que inmediatamente fue contestado por Harina, dejaron al encuentro en tablas de cara al minuto final (75-75).\u00a0 Fabricio Starc pareci\u00f3 conectar la daga del partido con una bandeja a falta de 23s6, pero Gentili respondi\u00f3 desde la l\u00ednea para dar vida a otra posesi\u00f3n.\u00a0 Alem no la aprovech\u00f3 y la cedi\u00f3 al local, que ubic\u00f3 a la perfecci\u00f3n a Meneses en la pintura, pero el gancho de Augusto incre\u00edblemente rebot\u00f3 en el aro y sali\u00f3.\u00a0 Suplementario.<\/p>\n<p><strong>La pr\u00f3rroga fue golpe a golpe<\/strong>, pero nuevamente Harina, conectando en suspensi\u00f3n le dio la ventaja a Napost\u00e1 (88-86) con 23s7 por jugar.\u00a0 Sin embargo, \u00a0en la \u00faltima posesi\u00f3n verdirroja, Santi Torre exprimi\u00f3 a pleno el reloj, penetr\u00f3 y descarg\u00f3 la pelota a 45\u00ba con Augusto Priore, que no dud\u00f3 ni un segundo y ante la marca de Gentili, clav\u00f3 el triple de la victoria para Alem.<\/p>\n<p>&nbsp;<\/p>\n<p>[youtube]https:\/\/youtu.be\/D7wnME0x0vM[\/youtube]<\/p>\n<p>&nbsp;<\/p>\n<p><strong>S\u00edntesis| Primera Divisi\u00f3n \u2013 Torneo Oficial \u2013 Fecha # 9 <\/strong><\/p>\n<p><strong>Napost\u00e1 88: <\/strong>Bruno Pallotti 3, Federico Harina 17, Ramiro Aguirre 8, Agust\u00edn Amore 23, Nicol\u00e1s Quiroga 13 (FI); Federico El\u00edas 2, Tom\u00e1s Tajan 2, Augusto Meneses 7 (x).\u00a0 D.T: Walter Romerniszyn.<\/p>\n<p><strong>Alem 89: <\/strong>Santiago Torre 16, Walter Gigena 6, Juan Pablo Rotta 15 (x), Juan Ignacio Diomedi 2, Herman Banegas 27 (FI); Augusto Priore 16, Genaro Priore 3, Fabricio Starc 4.\u00a0 D.T: Alejandro \u00c1lvarez.<\/p>\n<p><strong>Parciales:<\/strong> 24-24, 38-45, 59-63, 78-78.<\/p>\n<p><strong>Suplementario: <\/strong>88-89.<\/p>\n<p><strong>\u00c1rbitros: <\/strong>Javier S\u00e1nchez \u2013 Diego Kessler.<\/p>\n<p><strong>Estadio: <\/strong>Antonio Palma (Napost\u00e1).<\/p>\n<p><a class=\"modalf iframe\" title=\"Planilla\" href=\"https:\/\/docs.google.com\/spreadsheets\/d\/1RgC5a4gAnFvSGHdmtM7hezndpKgZ1ax13cAroRbNjfo\/pubhtml\" target=\"_blank\" rel=\"noopener\">Ver Planilla<\/a><\/p>\n","protected":false},"excerpt":{"rendered":"<p>Un bombazo de Augusto le dio el triunfo a Alem sobre Napost\u00e1, en TS: 89 a 88<\/p>\n","protected":false},"author":1,"featured_media":63760,"comment_status":"closed","ping_status":"open","sticky":false,"template":"","format":"standard","meta":{"jnews-multi-image_gallery":[],"jnews_single_post":[],"jnews_primary_category":[],"footnotes":""},"categories":[23,101],"tags":[201,3,656,209,230,48,15,604],"class_list":["post-63756","post","type-post","status-publish","format-standard","has-post-thumbnail","hentry","category-primera","category-slide","tag-agustin-amore","tag-alem","tag-augusto-priore","tag-federico-harina","tag-herman-banegas","tag-juan-pablo-rotta","tag-naposta","tag-santiago-torre"],"yoast_head":"<!-- This site is optimized with the Yoast SEO plugin v27.5 - https:\/\/yoast.com\/product\/yoast-seo-wordpress\/ -->\n<title>Con la victoria como PRIOREdad - Gente de B\u00e1squet<\/title>\n<meta name=\"robots\" content=\"index, follow, max-snippet:-1, max-image-preview:large, max-video-preview:-1\" \/>\n<link rel=\"canonical\" href=\"http:\/\/gentedebasquet.com.ar\/sitio\/2016\/09\/01\/con-la-victoria-como-prioredad\/\" \/>\n<meta property=\"og:locale\" content=\"es_ES\" \/>\n<meta property=\"og:type\" content=\"article\" \/>\n<meta property=\"og:title\" content=\"Con la victoria como PRIOREdad - Gente de B\u00e1squet\" \/>\n<meta property=\"og:description\" content=\"Un bombazo de Augusto le dio el triunfo a Alem sobre Napost\u00e1, en TS: 89 a 88\" \/>\n<meta property=\"og:url\" content=\"http:\/\/gentedebasquet.com.ar\/sitio\/2016\/09\/01\/con-la-victoria-como-prioredad\/\" \/>\n<meta property=\"og:site_name\" content=\"Gente de B\u00e1squet\" \/>\n<meta property=\"article:published_time\" content=\"2016-09-02T02:24:45+00:00\" \/>\n<meta property=\"og:image\" content=\"http:\/\/gentedebasquet.com.ar\/sitio\/wp-content\/uploads\/2016\/09\/bscap0004.jpg\" \/>\n\t<meta property=\"og:image:width\" content=\"690\" \/>\n\t<meta property=\"og:image:height\" content=\"319\" \/>\n\t<meta property=\"og:image:type\" content=\"image\/jpeg\" \/>\n<meta name=\"author\" content=\"Gente de B\u00e1squet\" \/>\n<meta name=\"twitter:card\" content=\"summary_large_image\" \/>\n<meta name=\"twitter:label1\" content=\"Escrito por\" \/>\n\t<meta name=\"twitter:data1\" content=\"Gente de B\u00e1squet\" \/>\n\t<meta name=\"twitter:label2\" content=\"Tiempo de lectura\" \/>\n\t<meta name=\"twitter:data2\" content=\"3 minutos\" \/>\n<script type=\"application\/ld+json\" class=\"yoast-schema-graph\">{\"@context\":\"https:\\\/\\\/schema.org\",\"@graph\":[{\"@type\":\"Article\",\"@id\":\"http:\\\/\\\/gentedebasquet.com.ar\\\/sitio\\\/2016\\\/09\\\/01\\\/con-la-victoria-como-prioredad\\\/#article\",\"isPartOf\":{\"@id\":\"http:\\\/\\\/gentedebasquet.com.ar\\\/sitio\\\/2016\\\/09\\\/01\\\/con-la-victoria-como-prioredad\\\/\"},\"author\":{\"name\":\"Gente de B\u00e1squet\",\"@id\":\"https:\\\/\\\/gentedebasquet.com.ar\\\/sitio\\\/#\\\/schema\\\/person\\\/ca0b63bbb977369988a7bbbdc519943a\"},\"headline\":\"Con la victoria como PRIOREdad\",\"datePublished\":\"2016-09-02T02:24:45+00:00\",\"mainEntityOfPage\":{\"@id\":\"http:\\\/\\\/gentedebasquet.com.ar\\\/sitio\\\/2016\\\/09\\\/01\\\/con-la-victoria-como-prioredad\\\/\"},\"wordCount\":681,\"image\":{\"@id\":\"http:\\\/\\\/gentedebasquet.com.ar\\\/sitio\\\/2016\\\/09\\\/01\\\/con-la-victoria-como-prioredad\\\/#primaryimage\"},\"thumbnailUrl\":\"http:\\\/\\\/gentedebasquet.com.ar\\\/sitio\\\/wp-content\\\/uploads\\\/2016\\\/09\\\/bscap0004.jpg\",\"keywords\":[\"Agust\u00edn Amore\",\"Alem\",\"Augusto Priore\",\"Federico Harina\",\"Herman Banegas\",\"Juan Pablo Rotta\",\"Naposta\",\"Santiago Torre\"],\"articleSection\":[\"Primera\",\"Slide\"],\"inLanguage\":\"es\"},{\"@type\":\"WebPage\",\"@id\":\"http:\\\/\\\/gentedebasquet.com.ar\\\/sitio\\\/2016\\\/09\\\/01\\\/con-la-victoria-como-prioredad\\\/\",\"url\":\"http:\\\/\\\/gentedebasquet.com.ar\\\/sitio\\\/2016\\\/09\\\/01\\\/con-la-victoria-como-prioredad\\\/\",\"name\":\"Con la victoria como PRIOREdad - Gente de B\u00e1squet\",\"isPartOf\":{\"@id\":\"https:\\\/\\\/gentedebasquet.com.ar\\\/sitio\\\/#website\"},\"primaryImageOfPage\":{\"@id\":\"http:\\\/\\\/gentedebasquet.com.ar\\\/sitio\\\/2016\\\/09\\\/01\\\/con-la-victoria-como-prioredad\\\/#primaryimage\"},\"image\":{\"@id\":\"http:\\\/\\\/gentedebasquet.com.ar\\\/sitio\\\/2016\\\/09\\\/01\\\/con-la-victoria-como-prioredad\\\/#primaryimage\"},\"thumbnailUrl\":\"http:\\\/\\\/gentedebasquet.com.ar\\\/sitio\\\/wp-content\\\/uploads\\\/2016\\\/09\\\/bscap0004.jpg\",\"datePublished\":\"2016-09-02T02:24:45+00:00\",\"author\":{\"@id\":\"https:\\\/\\\/gentedebasquet.com.ar\\\/sitio\\\/#\\\/schema\\\/person\\\/ca0b63bbb977369988a7bbbdc519943a\"},\"breadcrumb\":{\"@id\":\"http:\\\/\\\/gentedebasquet.com.ar\\\/sitio\\\/2016\\\/09\\\/01\\\/con-la-victoria-como-prioredad\\\/#breadcrumb\"},\"inLanguage\":\"es\",\"potentialAction\":[{\"@type\":\"ReadAction\",\"target\":[\"http:\\\/\\\/gentedebasquet.com.ar\\\/sitio\\\/2016\\\/09\\\/01\\\/con-la-victoria-como-prioredad\\\/\"]}]},{\"@type\":\"ImageObject\",\"inLanguage\":\"es\",\"@id\":\"http:\\\/\\\/gentedebasquet.com.ar\\\/sitio\\\/2016\\\/09\\\/01\\\/con-la-victoria-como-prioredad\\\/#primaryimage\",\"url\":\"http:\\\/\\\/gentedebasquet.com.ar\\\/sitio\\\/wp-content\\\/uploads\\\/2016\\\/09\\\/bscap0004.jpg\",\"contentUrl\":\"http:\\\/\\\/gentedebasquet.com.ar\\\/sitio\\\/wp-content\\\/uploads\\\/2016\\\/09\\\/bscap0004.jpg\",\"width\":690,\"height\":319},{\"@type\":\"BreadcrumbList\",\"@id\":\"http:\\\/\\\/gentedebasquet.com.ar\\\/sitio\\\/2016\\\/09\\\/01\\\/con-la-victoria-como-prioredad\\\/#breadcrumb\",\"itemListElement\":[{\"@type\":\"ListItem\",\"position\":1,\"name\":\"Portada\",\"item\":\"https:\\\/\\\/gentedebasquet.com.ar\\\/sitio\\\/\"},{\"@type\":\"ListItem\",\"position\":2,\"name\":\"Con la victoria como PRIOREdad\"}]},{\"@type\":\"WebSite\",\"@id\":\"https:\\\/\\\/gentedebasquet.com.ar\\\/sitio\\\/#website\",\"url\":\"https:\\\/\\\/gentedebasquet.com.ar\\\/sitio\\\/\",\"name\":\"Gente de B\u00e1squet\",\"description\":\"La revista del basquet de Bah\u00eda Blanca\",\"potentialAction\":[{\"@type\":\"SearchAction\",\"target\":{\"@type\":\"EntryPoint\",\"urlTemplate\":\"https:\\\/\\\/gentedebasquet.com.ar\\\/sitio\\\/?s={search_term_string}\"},\"query-input\":{\"@type\":\"PropertyValueSpecification\",\"valueRequired\":true,\"valueName\":\"search_term_string\"}}],\"inLanguage\":\"es\"},{\"@type\":\"Person\",\"@id\":\"https:\\\/\\\/gentedebasquet.com.ar\\\/sitio\\\/#\\\/schema\\\/person\\\/ca0b63bbb977369988a7bbbdc519943a\",\"name\":\"Gente de B\u00e1squet\",\"image\":{\"@type\":\"ImageObject\",\"inLanguage\":\"es\",\"@id\":\"https:\\\/\\\/secure.gravatar.com\\\/avatar\\\/7f2c48bdc33b30088f941fb6082e555f2874c98e20cb159d7b92b50eadfce793?s=96&d=mm&r=g\",\"url\":\"https:\\\/\\\/secure.gravatar.com\\\/avatar\\\/7f2c48bdc33b30088f941fb6082e555f2874c98e20cb159d7b92b50eadfce793?s=96&d=mm&r=g\",\"contentUrl\":\"https:\\\/\\\/secure.gravatar.com\\\/avatar\\\/7f2c48bdc33b30088f941fb6082e555f2874c98e20cb159d7b92b50eadfce793?s=96&d=mm&r=g\",\"caption\":\"Gente de B\u00e1squet\"},\"sameAs\":[\"http:\\\/\\\/gentedebasquet.com.ar\\\/sitio\"],\"url\":\"http:\\\/\\\/gentedebasquet.com.ar\\\/sitio\\\/author\\\/ulises\\\/\"}]}<\/script>\n<!-- \/ Yoast SEO plugin. -->","yoast_head_json":{"title":"Con la victoria como PRIOREdad - Gente de B\u00e1squet","robots":{"index":"index","follow":"follow","max-snippet":"max-snippet:-1","max-image-preview":"max-image-preview:large","max-video-preview":"max-video-preview:-1"},"canonical":"http:\/\/gentedebasquet.com.ar\/sitio\/2016\/09\/01\/con-la-victoria-como-prioredad\/","og_locale":"es_ES","og_type":"article","og_title":"Con la victoria como PRIOREdad - Gente de B\u00e1squet","og_description":"Un bombazo de Augusto le dio el triunfo a Alem sobre Napost\u00e1, en TS: 89 a 88","og_url":"http:\/\/gentedebasquet.com.ar\/sitio\/2016\/09\/01\/con-la-victoria-como-prioredad\/","og_site_name":"Gente de B\u00e1squet","article_published_time":"2016-09-02T02:24:45+00:00","og_image":[{"width":690,"height":319,"url":"http:\/\/gentedebasquet.com.ar\/sitio\/wp-content\/uploads\/2016\/09\/bscap0004.jpg","type":"image\/jpeg"}],"author":"Gente de B\u00e1squet","twitter_card":"summary_large_image","twitter_misc":{"Escrito por":"Gente de B\u00e1squet","Tiempo de lectura":"3 minutos"},"schema":{"@context":"https:\/\/schema.org","@graph":[{"@type":"Article","@id":"http:\/\/gentedebasquet.com.ar\/sitio\/2016\/09\/01\/con-la-victoria-como-prioredad\/#article","isPartOf":{"@id":"http:\/\/gentedebasquet.com.ar\/sitio\/2016\/09\/01\/con-la-victoria-como-prioredad\/"},"author":{"name":"Gente de B\u00e1squet","@id":"https:\/\/gentedebasquet.com.ar\/sitio\/#\/schema\/person\/ca0b63bbb977369988a7bbbdc519943a"},"headline":"Con la victoria como PRIOREdad","datePublished":"2016-09-02T02:24:45+00:00","mainEntityOfPage":{"@id":"http:\/\/gentedebasquet.com.ar\/sitio\/2016\/09\/01\/con-la-victoria-como-prioredad\/"},"wordCount":681,"image":{"@id":"http:\/\/gentedebasquet.com.ar\/sitio\/2016\/09\/01\/con-la-victoria-como-prioredad\/#primaryimage"},"thumbnailUrl":"http:\/\/gentedebasquet.com.ar\/sitio\/wp-content\/uploads\/2016\/09\/bscap0004.jpg","keywords":["Agust\u00edn Amore","Alem","Augusto Priore","Federico Harina","Herman Banegas","Juan Pablo Rotta","Naposta","Santiago Torre"],"articleSection":["Primera","Slide"],"inLanguage":"es"},{"@type":"WebPage","@id":"http:\/\/gentedebasquet.com.ar\/sitio\/2016\/09\/01\/con-la-victoria-como-prioredad\/","url":"http:\/\/gentedebasquet.com.ar\/sitio\/2016\/09\/01\/con-la-victoria-como-prioredad\/","name":"Con la victoria como PRIOREdad - Gente de B\u00e1squet","isPartOf":{"@id":"https:\/\/gentedebasquet.com.ar\/sitio\/#website"},"primaryImageOfPage":{"@id":"http:\/\/gentedebasquet.com.ar\/sitio\/2016\/09\/01\/con-la-victoria-como-prioredad\/#primaryimage"},"image":{"@id":"http:\/\/gentedebasquet.com.ar\/sitio\/2016\/09\/01\/con-la-victoria-como-prioredad\/#primaryimage"},"thumbnailUrl":"http:\/\/gentedebasquet.com.ar\/sitio\/wp-content\/uploads\/2016\/09\/bscap0004.jpg","datePublished":"2016-09-02T02:24:45+00:00","author":{"@id":"https:\/\/gentedebasquet.com.ar\/sitio\/#\/schema\/person\/ca0b63bbb977369988a7bbbdc519943a"},"breadcrumb":{"@id":"http:\/\/gentedebasquet.com.ar\/sitio\/2016\/09\/01\/con-la-victoria-como-prioredad\/#breadcrumb"},"inLanguage":"es","potentialAction":[{"@type":"ReadAction","target":["http:\/\/gentedebasquet.com.ar\/sitio\/2016\/09\/01\/con-la-victoria-como-prioredad\/"]}]},{"@type":"ImageObject","inLanguage":"es","@id":"http:\/\/gentedebasquet.com.ar\/sitio\/2016\/09\/01\/con-la-victoria-como-prioredad\/#primaryimage","url":"http:\/\/gentedebasquet.com.ar\/sitio\/wp-content\/uploads\/2016\/09\/bscap0004.jpg","contentUrl":"http:\/\/gentedebasquet.com.ar\/sitio\/wp-content\/uploads\/2016\/09\/bscap0004.jpg","width":690,"height":319},{"@type":"BreadcrumbList","@id":"http:\/\/gentedebasquet.com.ar\/sitio\/2016\/09\/01\/con-la-victoria-como-prioredad\/#breadcrumb","itemListElement":[{"@type":"ListItem","position":1,"name":"Portada","item":"https:\/\/gentedebasquet.com.ar\/sitio\/"},{"@type":"ListItem","position":2,"name":"Con la victoria como PRIOREdad"}]},{"@type":"WebSite","@id":"https:\/\/gentedebasquet.com.ar\/sitio\/#website","url":"https:\/\/gentedebasquet.com.ar\/sitio\/","name":"Gente de B\u00e1squet","description":"La revista del basquet de Bah\u00eda Blanca","potentialAction":[{"@type":"SearchAction","target":{"@type":"EntryPoint","urlTemplate":"https:\/\/gentedebasquet.com.ar\/sitio\/?s={search_term_string}"},"query-input":{"@type":"PropertyValueSpecification","valueRequired":true,"valueName":"search_term_string"}}],"inLanguage":"es"},{"@type":"Person","@id":"https:\/\/gentedebasquet.com.ar\/sitio\/#\/schema\/person\/ca0b63bbb977369988a7bbbdc519943a","name":"Gente de B\u00e1squet","image":{"@type":"ImageObject","inLanguage":"es","@id":"https:\/\/secure.gravatar.com\/avatar\/7f2c48bdc33b30088f941fb6082e555f2874c98e20cb159d7b92b50eadfce793?s=96&d=mm&r=g","url":"https:\/\/secure.gravatar.com\/avatar\/7f2c48bdc33b30088f941fb6082e555f2874c98e20cb159d7b92b50eadfce793?s=96&d=mm&r=g","contentUrl":"https:\/\/secure.gravatar.com\/avatar\/7f2c48bdc33b30088f941fb6082e555f2874c98e20cb159d7b92b50eadfce793?s=96&d=mm&r=g","caption":"Gente de B\u00e1squet"},"sameAs":["http:\/\/gentedebasquet.com.ar\/sitio"],"url":"http:\/\/gentedebasquet.com.ar\/sitio\/author\/ulises\/"}]}},"_links":{"self":[{"href":"http:\/\/gentedebasquet.com.ar\/sitio\/wp-json\/wp\/v2\/posts\/63756","targetHints":{"allow":["GET"]}}],"collection":[{"href":"http:\/\/gentedebasquet.com.ar\/sitio\/wp-json\/wp\/v2\/posts"}],"about":[{"href":"http:\/\/gentedebasquet.com.ar\/sitio\/wp-json\/wp\/v2\/types\/post"}],"author":[{"embeddable":true,"href":"http:\/\/gentedebasquet.com.ar\/sitio\/wp-json\/wp\/v2\/users\/1"}],"replies":[{"embeddable":true,"href":"http:\/\/gentedebasquet.com.ar\/sitio\/wp-json\/wp\/v2\/comments?post=63756"}],"version-history":[{"count":0,"href":"http:\/\/gentedebasquet.com.ar\/sitio\/wp-json\/wp\/v2\/posts\/63756\/revisions"}],"wp:featuredmedia":[{"embeddable":true,"href":"http:\/\/gentedebasquet.com.ar\/sitio\/wp-json\/wp\/v2\/media\/63760"}],"wp:attachment":[{"href":"http:\/\/gentedebasquet.com.ar\/sitio\/wp-json\/wp\/v2\/media?parent=63756"}],"wp:term":[{"taxonomy":"category","embeddable":true,"href":"http:\/\/gentedebasquet.com.ar\/sitio\/wp-json\/wp\/v2\/categories?post=63756"},{"taxonomy":"post_tag","embeddable":true,"href":"http:\/\/gentedebasquet.com.ar\/sitio\/wp-json\/wp\/v2\/tags?post=63756"}],"curies":[{"name":"wp","href":"https:\/\/api.w.org\/{rel}","templated":true}]}}