{"id":64025,"date":"2016-09-08T23:36:56","date_gmt":"2016-09-09T02:36:56","guid":{"rendered":"http:\/\/www.gentedebasquet.com.ar\/?p=64025"},"modified":"2016-09-08T23:36:56","modified_gmt":"2016-09-09T02:36:56","slug":"los-escaladores","status":"publish","type":"post","link":"http:\/\/gentedebasquet.com.ar\/sitio\/2016\/09\/08\/los-escaladores\/","title":{"rendered":"Los escaladores"},"content":{"rendered":"<p><strong>Olimpo derrot\u00f3 como visitante a Napost\u00e1 por 81 a 67 y sum\u00f3 su s\u00e9ptimo triunfo consecutivo. Con el correr del juego, el \u2018Aurinegro\u2019 maximiz\u00f3 su poder\u00edo f\u00edsico y mayor rotaci\u00f3n, sac\u00f3 10 (45-35) en 2m del 3C, aguant\u00f3 la reacci\u00f3n local y lo cerr\u00f3 con tranquilidad, gracias a un parcial de 12-1 a mediados del \u00faltimo per\u00edodo. El ganador cont\u00f3 con variantes ofensivas poniendo a cinco jugadores en dos d\u00edgitos: S\u00e1nchez (17 tirando para 22, 13 en el 1T), Chaves (17, 11 en el 2C, 5\/7 T3), Bettiga (11, 7\/8 T1), Ruesga (11) y Arens (10). Por el due\u00f1o de casa, el m\u00e1ximo anotador fue Harina (15, 6\/10 T2).<\/strong><\/p>\n<p>De arranque el partido propuso intensidad y un golpe por golpe (8 cambios de liderazgo) que se propagar\u00eda a los 10 minutos iniciales. Olimpo mostr\u00f3 buena fluidez con S\u00e1nchez (5) como faro en la pintura dentro de un goleo repartido, pero pag\u00f3 caro la falta de gol exterior (1\/7 T3); el due\u00f1o de casa cerr\u00f3 mejor el parcial, porque a las mandadas de Harina (6, 3\/3 T2) se le sum\u00f3 Amore (6) con su buena mano para llevarse el primer cuarto por 17 a 14. El ingreso de Chaves (8, 2\/2 T3) le dio otra variante perimetral a un \u2018Aurinegro\u2019 que lleg\u00f3 a pasar al frente (27-26), pero de tanto buscar de larga distancia (2\/9 T3 en el 2C), el local consigui\u00f3 sumar v\u00eda Amore (5) y el ingresado Taj\u00e1n (5) para volver a comandar las acciones (31-27) a 3m. Pero los de Dobal dar\u00edan el primer golpe de la noche, porque S\u00e1nchez (8 en el 2C) se volvi\u00f3 a hacer un fest\u00edn en la pintura y comand\u00f3 un parcial de 10 a 0 que le dio aire a la visita, y m\u00e1s all\u00e1 que Taj\u00e1n (8 en el cuarto) cerr\u00f3 un enorme per\u00edodo, Olimpo se fue a los vestuarios +5: 39-34.<\/p>\n<blockquote><p>No entramos bien concentrados, sab\u00edamos que ellos est\u00e1n con varias bajas, y nos cost\u00f3 un poco. La idea es no depender de dos o tres jugadores, sino que todos tengamos participaci\u00f3n y que seamos importantes. Hoy ellos se cerraron mucho porque no ten\u00edan gente abajo, rotamos bien la pelota y tuvimos tiros acertados de afuera (Mat\u00edas Chaves).<\/p><\/blockquote>\n<p>Poni\u00e9ndose cada vez m\u00e1s f\u00edsico y arrimando desde la l\u00ednea, Olimpo sac\u00f3 10 (45-35 a 8.01) en los primeros instantes del tercer cuarto. Sin gol lejano (0\/3 T3), Napost\u00e1 apel\u00f3 a ir para adentro y sumando con su per\u00edmetro con Harina (5) como bandera, m\u00e1s tiros libres (7\/9 T1), el local acort\u00f3 a 3 (54-51), pero el visitante nunca perdi\u00f3 la calma: Arens (4) y Victoria (4) le dieron puntos de media y larga distancia, S\u00e1nchez (4) sum\u00f3 hasta que se carg\u00f3 y Bettiga (6) atac\u00f3 el rebote ofensivo y le dio mayor intensidad a un elenco que lo cerr\u00f3 mejor para llegar arriba 59 a 51 al \u00faltimo per\u00edodo.<\/p>\n<p>Poco dur\u00f3 el intento de reacci\u00f3n local (61-55), porque Olimpo aceler\u00f3 y le dio un golpe de KO; Ruega (5) le dio otra marcha desde la base y Chaves volvi\u00f3 a castigar detr\u00e1s de 6.75, dentro de una tarea integral que le permiti\u00f3 establecer un parcial de 12 a 1 que quebr\u00f3 el juego: 73-56. Napost\u00e1 sigui\u00f3 luchando con Meneses (8) faj\u00e1ndose cerca del cesto, pero Ruega (cerr\u00f3 con 8) jug\u00f3 e hizo jugar, Ch\u00e1ves consigui\u00f3 su quinto triple de la noche y Miguel se sac\u00f3 la mufa (cerr\u00f3 con 1\/11 TC) para que el \u2018Aurinegro\u2019 sume un nuevo triunfo y siga subiendo en la tabla.<\/p>\n<p>&nbsp;<\/p>\n<p>[vimeo]http:\/\/vimeo.com\/182039667[\/vimeo]<\/p>\n<p>&nbsp;<\/p>\n<p><strong>S\u00edntesis| Primera Divisi\u00f3n \u2013 Oficial \u2013 Fecha #11<\/strong><\/p>\n<p><strong>Napost\u00e1 67: <\/strong>Bruno Pallotti 7, Ramiro Aguirre 8, Federico Harina 15, Agust\u00edn Amore 11, Augusto Meneses 10 (FI); Mateo Fern\u00e1ndez 0, Manuel Ayala 5, Tom\u00e1s Tajan 11, Santiago Soriano 0. DT: Walter Romerniszyn.<\/p>\n<p><strong>Olimpo 81:<\/strong> Juan Ignacio Reiner 3, Cristian Victoria 4, Facundo Arens 10, Cristian Miguel 8, Agust\u00edn S\u00e1nchez 17 (FI); Mat\u00edas Chaves 17, Franco Ruesga 11, Juli\u00e1n Carpenzano 0, Agust\u00edn Pedro 0, Valent\u00edn Bettiga 11, Lahuel Silva 0. DT: Juan Manuel Dobal.<\/p>\n<p><strong>Parciales:<\/strong> 17-14, 34-39 (17-25), 51-59 (17-20), 67-81 (16-22).<\/p>\n<p><strong>\u00c1rbitros:<\/strong> Emanuel S\u00e1nchez \u2013 Mariano Enrique.<\/p>\n<p><strong>Estadio:<\/strong> Antonio Palma (Napost\u00e1).<\/p>\n<p><a class=\"modalf iframe\" title=\"Planilla\" href=\"https:\/\/docs.google.com\/spreadsheets\/d\/1RnaSWFwY7lPd6bqVJ6VEdxIbLKpfafjcAoqOHKB653M\/pubhtml?gid=429211090&amp;single=true\">Ver Planilla<\/a><\/p>\n","protected":false},"excerpt":{"rendered":"<p>Olimpo sigue ganando y mira para arriba en la tabla: 81-67 a Napost\u00e1<\/p>\n","protected":false},"author":1,"featured_media":64026,"comment_status":"closed","ping_status":"open","sticky":false,"template":"","format":"standard","meta":{"jnews-multi-image_gallery":[],"jnews_single_post":[],"jnews_primary_category":[],"footnotes":""},"categories":[23,101],"tags":[111,65,209,467,51,15,16,375],"class_list":["post-64025","post","type-post","status-publish","format-standard","has-post-thumbnail","hentry","category-primera","category-slide","tag-agustin-sanchez","tag-facundo-arens","tag-federico-harina","tag-franco-ruesga","tag-matias-chaves","tag-naposta","tag-olimpo","tag-valentin-bettiga"],"yoast_head":"<!-- This site is optimized with the Yoast SEO plugin v27.5 - https:\/\/yoast.com\/product\/yoast-seo-wordpress\/ -->\n<title>Los escaladores - Gente de B\u00e1squet<\/title>\n<meta name=\"robots\" content=\"index, follow, max-snippet:-1, max-image-preview:large, max-video-preview:-1\" \/>\n<link rel=\"canonical\" href=\"https:\/\/gentedebasquet.com.ar\/sitio\/2016\/09\/08\/los-escaladores\/\" \/>\n<meta property=\"og:locale\" content=\"es_ES\" \/>\n<meta property=\"og:type\" content=\"article\" \/>\n<meta property=\"og:title\" content=\"Los escaladores - Gente de B\u00e1squet\" \/>\n<meta property=\"og:description\" content=\"Olimpo sigue ganando y mira para arriba en la tabla: 81-67 a Napost\u00e1\" \/>\n<meta property=\"og:url\" content=\"https:\/\/gentedebasquet.com.ar\/sitio\/2016\/09\/08\/los-escaladores\/\" \/>\n<meta property=\"og:site_name\" content=\"Gente de B\u00e1squet\" \/>\n<meta property=\"article:published_time\" content=\"2016-09-09T02:36:56+00:00\" \/>\n<meta property=\"og:image\" content=\"https:\/\/gentedebasquet.com.ar\/sitio\/wp-content\/uploads\/2016\/09\/Ol1.jpg\" \/>\n\t<meta property=\"og:image:width\" content=\"690\" \/>\n\t<meta property=\"og:image:height\" content=\"319\" \/>\n\t<meta property=\"og:image:type\" content=\"image\/jpeg\" \/>\n<meta name=\"author\" content=\"Gente de B\u00e1squet\" \/>\n<meta name=\"twitter:card\" content=\"summary_large_image\" \/>\n<meta name=\"twitter:label1\" content=\"Escrito por\" \/>\n\t<meta name=\"twitter:data1\" content=\"Gente de B\u00e1squet\" \/>\n\t<meta name=\"twitter:label2\" content=\"Tiempo de lectura\" \/>\n\t<meta name=\"twitter:data2\" content=\"3 minutos\" \/>\n<script type=\"application\/ld+json\" class=\"yoast-schema-graph\">{\"@context\":\"https:\\\/\\\/schema.org\",\"@graph\":[{\"@type\":\"Article\",\"@id\":\"https:\\\/\\\/gentedebasquet.com.ar\\\/sitio\\\/2016\\\/09\\\/08\\\/los-escaladores\\\/#article\",\"isPartOf\":{\"@id\":\"https:\\\/\\\/gentedebasquet.com.ar\\\/sitio\\\/2016\\\/09\\\/08\\\/los-escaladores\\\/\"},\"author\":{\"name\":\"Gente de B\u00e1squet\",\"@id\":\"https:\\\/\\\/gentedebasquet.com.ar\\\/sitio\\\/#\\\/schema\\\/person\\\/ca0b63bbb977369988a7bbbdc519943a\"},\"headline\":\"Los escaladores\",\"datePublished\":\"2016-09-09T02:36:56+00:00\",\"mainEntityOfPage\":{\"@id\":\"https:\\\/\\\/gentedebasquet.com.ar\\\/sitio\\\/2016\\\/09\\\/08\\\/los-escaladores\\\/\"},\"wordCount\":666,\"image\":{\"@id\":\"https:\\\/\\\/gentedebasquet.com.ar\\\/sitio\\\/2016\\\/09\\\/08\\\/los-escaladores\\\/#primaryimage\"},\"thumbnailUrl\":\"http:\\\/\\\/gentedebasquet.com.ar\\\/sitio\\\/wp-content\\\/uploads\\\/2016\\\/09\\\/Ol1.jpg\",\"keywords\":[\"Agust\u00edn S\u00e1nchez\",\"Facundo Arens\",\"Federico Harina\",\"Franco Ruesga\",\"Mat\u00edas Chaves\",\"Naposta\",\"Ol\u00edmpo\",\"Valent\u00edn Bettiga\"],\"articleSection\":[\"Primera\",\"Slide\"],\"inLanguage\":\"es\"},{\"@type\":\"WebPage\",\"@id\":\"https:\\\/\\\/gentedebasquet.com.ar\\\/sitio\\\/2016\\\/09\\\/08\\\/los-escaladores\\\/\",\"url\":\"https:\\\/\\\/gentedebasquet.com.ar\\\/sitio\\\/2016\\\/09\\\/08\\\/los-escaladores\\\/\",\"name\":\"Los escaladores - Gente de B\u00e1squet\",\"isPartOf\":{\"@id\":\"https:\\\/\\\/gentedebasquet.com.ar\\\/sitio\\\/#website\"},\"primaryImageOfPage\":{\"@id\":\"https:\\\/\\\/gentedebasquet.com.ar\\\/sitio\\\/2016\\\/09\\\/08\\\/los-escaladores\\\/#primaryimage\"},\"image\":{\"@id\":\"https:\\\/\\\/gentedebasquet.com.ar\\\/sitio\\\/2016\\\/09\\\/08\\\/los-escaladores\\\/#primaryimage\"},\"thumbnailUrl\":\"http:\\\/\\\/gentedebasquet.com.ar\\\/sitio\\\/wp-content\\\/uploads\\\/2016\\\/09\\\/Ol1.jpg\",\"datePublished\":\"2016-09-09T02:36:56+00:00\",\"author\":{\"@id\":\"https:\\\/\\\/gentedebasquet.com.ar\\\/sitio\\\/#\\\/schema\\\/person\\\/ca0b63bbb977369988a7bbbdc519943a\"},\"breadcrumb\":{\"@id\":\"https:\\\/\\\/gentedebasquet.com.ar\\\/sitio\\\/2016\\\/09\\\/08\\\/los-escaladores\\\/#breadcrumb\"},\"inLanguage\":\"es\",\"potentialAction\":[{\"@type\":\"ReadAction\",\"target\":[\"https:\\\/\\\/gentedebasquet.com.ar\\\/sitio\\\/2016\\\/09\\\/08\\\/los-escaladores\\\/\"]}]},{\"@type\":\"ImageObject\",\"inLanguage\":\"es\",\"@id\":\"https:\\\/\\\/gentedebasquet.com.ar\\\/sitio\\\/2016\\\/09\\\/08\\\/los-escaladores\\\/#primaryimage\",\"url\":\"http:\\\/\\\/gentedebasquet.com.ar\\\/sitio\\\/wp-content\\\/uploads\\\/2016\\\/09\\\/Ol1.jpg\",\"contentUrl\":\"http:\\\/\\\/gentedebasquet.com.ar\\\/sitio\\\/wp-content\\\/uploads\\\/2016\\\/09\\\/Ol1.jpg\",\"width\":690,\"height\":319},{\"@type\":\"BreadcrumbList\",\"@id\":\"https:\\\/\\\/gentedebasquet.com.ar\\\/sitio\\\/2016\\\/09\\\/08\\\/los-escaladores\\\/#breadcrumb\",\"itemListElement\":[{\"@type\":\"ListItem\",\"position\":1,\"name\":\"Portada\",\"item\":\"https:\\\/\\\/gentedebasquet.com.ar\\\/sitio\\\/\"},{\"@type\":\"ListItem\",\"position\":2,\"name\":\"Los escaladores\"}]},{\"@type\":\"WebSite\",\"@id\":\"https:\\\/\\\/gentedebasquet.com.ar\\\/sitio\\\/#website\",\"url\":\"https:\\\/\\\/gentedebasquet.com.ar\\\/sitio\\\/\",\"name\":\"Gente de B\u00e1squet\",\"description\":\"La revista del basquet de Bah\u00eda Blanca\",\"potentialAction\":[{\"@type\":\"SearchAction\",\"target\":{\"@type\":\"EntryPoint\",\"urlTemplate\":\"https:\\\/\\\/gentedebasquet.com.ar\\\/sitio\\\/?s={search_term_string}\"},\"query-input\":{\"@type\":\"PropertyValueSpecification\",\"valueRequired\":true,\"valueName\":\"search_term_string\"}}],\"inLanguage\":\"es\"},{\"@type\":\"Person\",\"@id\":\"https:\\\/\\\/gentedebasquet.com.ar\\\/sitio\\\/#\\\/schema\\\/person\\\/ca0b63bbb977369988a7bbbdc519943a\",\"name\":\"Gente de B\u00e1squet\",\"image\":{\"@type\":\"ImageObject\",\"inLanguage\":\"es\",\"@id\":\"https:\\\/\\\/secure.gravatar.com\\\/avatar\\\/7f2c48bdc33b30088f941fb6082e555f2874c98e20cb159d7b92b50eadfce793?s=96&d=mm&r=g\",\"url\":\"https:\\\/\\\/secure.gravatar.com\\\/avatar\\\/7f2c48bdc33b30088f941fb6082e555f2874c98e20cb159d7b92b50eadfce793?s=96&d=mm&r=g\",\"contentUrl\":\"https:\\\/\\\/secure.gravatar.com\\\/avatar\\\/7f2c48bdc33b30088f941fb6082e555f2874c98e20cb159d7b92b50eadfce793?s=96&d=mm&r=g\",\"caption\":\"Gente de B\u00e1squet\"},\"sameAs\":[\"http:\\\/\\\/gentedebasquet.com.ar\\\/sitio\"],\"url\":\"http:\\\/\\\/gentedebasquet.com.ar\\\/sitio\\\/author\\\/ulises\\\/\"}]}<\/script>\n<!-- \/ Yoast SEO plugin. -->","yoast_head_json":{"title":"Los escaladores - Gente de B\u00e1squet","robots":{"index":"index","follow":"follow","max-snippet":"max-snippet:-1","max-image-preview":"max-image-preview:large","max-video-preview":"max-video-preview:-1"},"canonical":"https:\/\/gentedebasquet.com.ar\/sitio\/2016\/09\/08\/los-escaladores\/","og_locale":"es_ES","og_type":"article","og_title":"Los escaladores - Gente de B\u00e1squet","og_description":"Olimpo sigue ganando y mira para arriba en la tabla: 81-67 a Napost\u00e1","og_url":"https:\/\/gentedebasquet.com.ar\/sitio\/2016\/09\/08\/los-escaladores\/","og_site_name":"Gente de B\u00e1squet","article_published_time":"2016-09-09T02:36:56+00:00","og_image":[{"width":690,"height":319,"url":"https:\/\/gentedebasquet.com.ar\/sitio\/wp-content\/uploads\/2016\/09\/Ol1.jpg","type":"image\/jpeg"}],"author":"Gente de B\u00e1squet","twitter_card":"summary_large_image","twitter_misc":{"Escrito por":"Gente de B\u00e1squet","Tiempo de lectura":"3 minutos"},"schema":{"@context":"https:\/\/schema.org","@graph":[{"@type":"Article","@id":"https:\/\/gentedebasquet.com.ar\/sitio\/2016\/09\/08\/los-escaladores\/#article","isPartOf":{"@id":"https:\/\/gentedebasquet.com.ar\/sitio\/2016\/09\/08\/los-escaladores\/"},"author":{"name":"Gente de B\u00e1squet","@id":"https:\/\/gentedebasquet.com.ar\/sitio\/#\/schema\/person\/ca0b63bbb977369988a7bbbdc519943a"},"headline":"Los escaladores","datePublished":"2016-09-09T02:36:56+00:00","mainEntityOfPage":{"@id":"https:\/\/gentedebasquet.com.ar\/sitio\/2016\/09\/08\/los-escaladores\/"},"wordCount":666,"image":{"@id":"https:\/\/gentedebasquet.com.ar\/sitio\/2016\/09\/08\/los-escaladores\/#primaryimage"},"thumbnailUrl":"http:\/\/gentedebasquet.com.ar\/sitio\/wp-content\/uploads\/2016\/09\/Ol1.jpg","keywords":["Agust\u00edn S\u00e1nchez","Facundo Arens","Federico Harina","Franco Ruesga","Mat\u00edas Chaves","Naposta","Ol\u00edmpo","Valent\u00edn Bettiga"],"articleSection":["Primera","Slide"],"inLanguage":"es"},{"@type":"WebPage","@id":"https:\/\/gentedebasquet.com.ar\/sitio\/2016\/09\/08\/los-escaladores\/","url":"https:\/\/gentedebasquet.com.ar\/sitio\/2016\/09\/08\/los-escaladores\/","name":"Los escaladores - Gente de B\u00e1squet","isPartOf":{"@id":"https:\/\/gentedebasquet.com.ar\/sitio\/#website"},"primaryImageOfPage":{"@id":"https:\/\/gentedebasquet.com.ar\/sitio\/2016\/09\/08\/los-escaladores\/#primaryimage"},"image":{"@id":"https:\/\/gentedebasquet.com.ar\/sitio\/2016\/09\/08\/los-escaladores\/#primaryimage"},"thumbnailUrl":"http:\/\/gentedebasquet.com.ar\/sitio\/wp-content\/uploads\/2016\/09\/Ol1.jpg","datePublished":"2016-09-09T02:36:56+00:00","author":{"@id":"https:\/\/gentedebasquet.com.ar\/sitio\/#\/schema\/person\/ca0b63bbb977369988a7bbbdc519943a"},"breadcrumb":{"@id":"https:\/\/gentedebasquet.com.ar\/sitio\/2016\/09\/08\/los-escaladores\/#breadcrumb"},"inLanguage":"es","potentialAction":[{"@type":"ReadAction","target":["https:\/\/gentedebasquet.com.ar\/sitio\/2016\/09\/08\/los-escaladores\/"]}]},{"@type":"ImageObject","inLanguage":"es","@id":"https:\/\/gentedebasquet.com.ar\/sitio\/2016\/09\/08\/los-escaladores\/#primaryimage","url":"http:\/\/gentedebasquet.com.ar\/sitio\/wp-content\/uploads\/2016\/09\/Ol1.jpg","contentUrl":"http:\/\/gentedebasquet.com.ar\/sitio\/wp-content\/uploads\/2016\/09\/Ol1.jpg","width":690,"height":319},{"@type":"BreadcrumbList","@id":"https:\/\/gentedebasquet.com.ar\/sitio\/2016\/09\/08\/los-escaladores\/#breadcrumb","itemListElement":[{"@type":"ListItem","position":1,"name":"Portada","item":"https:\/\/gentedebasquet.com.ar\/sitio\/"},{"@type":"ListItem","position":2,"name":"Los escaladores"}]},{"@type":"WebSite","@id":"https:\/\/gentedebasquet.com.ar\/sitio\/#website","url":"https:\/\/gentedebasquet.com.ar\/sitio\/","name":"Gente de B\u00e1squet","description":"La revista del basquet de Bah\u00eda Blanca","potentialAction":[{"@type":"SearchAction","target":{"@type":"EntryPoint","urlTemplate":"https:\/\/gentedebasquet.com.ar\/sitio\/?s={search_term_string}"},"query-input":{"@type":"PropertyValueSpecification","valueRequired":true,"valueName":"search_term_string"}}],"inLanguage":"es"},{"@type":"Person","@id":"https:\/\/gentedebasquet.com.ar\/sitio\/#\/schema\/person\/ca0b63bbb977369988a7bbbdc519943a","name":"Gente de B\u00e1squet","image":{"@type":"ImageObject","inLanguage":"es","@id":"https:\/\/secure.gravatar.com\/avatar\/7f2c48bdc33b30088f941fb6082e555f2874c98e20cb159d7b92b50eadfce793?s=96&d=mm&r=g","url":"https:\/\/secure.gravatar.com\/avatar\/7f2c48bdc33b30088f941fb6082e555f2874c98e20cb159d7b92b50eadfce793?s=96&d=mm&r=g","contentUrl":"https:\/\/secure.gravatar.com\/avatar\/7f2c48bdc33b30088f941fb6082e555f2874c98e20cb159d7b92b50eadfce793?s=96&d=mm&r=g","caption":"Gente de B\u00e1squet"},"sameAs":["http:\/\/gentedebasquet.com.ar\/sitio"],"url":"http:\/\/gentedebasquet.com.ar\/sitio\/author\/ulises\/"}]}},"_links":{"self":[{"href":"http:\/\/gentedebasquet.com.ar\/sitio\/wp-json\/wp\/v2\/posts\/64025","targetHints":{"allow":["GET"]}}],"collection":[{"href":"http:\/\/gentedebasquet.com.ar\/sitio\/wp-json\/wp\/v2\/posts"}],"about":[{"href":"http:\/\/gentedebasquet.com.ar\/sitio\/wp-json\/wp\/v2\/types\/post"}],"author":[{"embeddable":true,"href":"http:\/\/gentedebasquet.com.ar\/sitio\/wp-json\/wp\/v2\/users\/1"}],"replies":[{"embeddable":true,"href":"http:\/\/gentedebasquet.com.ar\/sitio\/wp-json\/wp\/v2\/comments?post=64025"}],"version-history":[{"count":0,"href":"http:\/\/gentedebasquet.com.ar\/sitio\/wp-json\/wp\/v2\/posts\/64025\/revisions"}],"wp:featuredmedia":[{"embeddable":true,"href":"http:\/\/gentedebasquet.com.ar\/sitio\/wp-json\/wp\/v2\/media\/64026"}],"wp:attachment":[{"href":"http:\/\/gentedebasquet.com.ar\/sitio\/wp-json\/wp\/v2\/media?parent=64025"}],"wp:term":[{"taxonomy":"category","embeddable":true,"href":"http:\/\/gentedebasquet.com.ar\/sitio\/wp-json\/wp\/v2\/categories?post=64025"},{"taxonomy":"post_tag","embeddable":true,"href":"http:\/\/gentedebasquet.com.ar\/sitio\/wp-json\/wp\/v2\/tags?post=64025"}],"curies":[{"name":"wp","href":"https:\/\/api.w.org\/{rel}","templated":true}]}}