{"id":64114,"date":"2016-09-12T23:39:48","date_gmt":"2016-09-13T02:39:48","guid":{"rendered":"http:\/\/www.gentedebasquet.com.ar\/?p=64114"},"modified":"2016-09-12T23:39:48","modified_gmt":"2016-09-13T02:39:48","slug":"alem-y-sus-torres-gemelas","status":"publish","type":"post","link":"http:\/\/gentedebasquet.com.ar\/sitio\/2016\/09\/12\/alem-y-sus-torres-gemelas\/","title":{"rendered":"Alem y sus Torres gemelas"},"content":{"rendered":"<p><strong>El verdirrojo se adjudic\u00f3 una amplia victoria por 89 a 66 ante un rival directo como lo es Estudiantes. Alem estuvo guiado por la torre Herman Banegas (25 puntos+12 rebotes) y Santiago Torre (20 puntos+6 asistencias). Con todas las \u00ednfulas, el jueves aguardar\u00e1 al l\u00edder Villa Mitre, en otra edici\u00f3n del cl\u00e1sico barrial.<\/strong><\/p>\n<p>Una victoria siempre vale.<\/p>\n<p>Pero, quiz\u00e1, la que anoche cosech\u00f3 Leandro Alem frente a Estudiantes, por holgado 89 a 66 y en el Osvaldo Casanova, quiz\u00e1 con el transcurrir del actual certamen Oficial tenga un valor m\u00e1s significativo todav\u00eda.<\/p>\n<p>Es que no solamente el verdirrojo se recompuso, tras mostrar una endeble imagen la semana pasada contra San Lorenzo.<\/p>\n<p>Sino que, tambi\u00e9n, se tom\u00f3 revancha del albo, que en el choque de ida lo hab\u00eda vencido en el Lacunza (88-86). Como a\u00f1adidura, tom\u00f3 distancia de un punto y medio para con su vencido en la tabla acumulada, cuando de haber triunfado el elenco local lo hubiera pasado en la misma por media unidad\u2026<\/p>\n<p>La velada inici\u00f3 equilibrada, siendo Alem el \u00fanico que pudo distanciarse dos veces por 4 unidades (12-8 y 21-17), \u00e9sta \u00faltima tras bomba de Juan Pablo Rotta.<\/p>\n<p>Ya en el 2\u00baC, el verdirrojo fue el que primere\u00f3, con Santiago Torre como estandarte (13 puntos, 3 asistencias y 2 robos) y Walter Gigena (8 tantos) como definidor, despeg\u00e1ndose por 31-23, en 3m41s. El envi\u00f3n Alem lo mantuvo en lo sucesivo con sendas bombas (Torre+Rotta), para la m\u00e1xima -hasta all\u00ed- de 37-23, a 4m41s del entretiempo.<\/p>\n<p>Sin embargo, el amor propio de Jos\u00e9 Guti\u00e9rrez (13 puntos y 3 asistencias) m\u00e1s la punter\u00eda de Leonel Alema\u00f1y (10 tantos, con 4-5 t2), guiaron al conjunto estudiantil para reducir camino a los vestuarios: 34-41.<\/p>\n<p>Una parte de la obra estaba construida de parte de Alem.<\/p>\n<blockquote><p>Contra San Lorenzo se sinti\u00f3 que no pudimos entrenar bien, por las lesiones. Y eso, quieras o no, nos afecta: si no practicamos bien, se ve reflejado. Nos falt\u00f3 qu\u00edmica. Esta semana entrenamos normal, se not\u00f3 que estuvimos s\u00f3lidos atr\u00e1s, nos pasamos la pelota y no tomamos tiros apresurados. Todo el a\u00f1o demostramos ser m\u00e1s parecidos a este Alem que al del otro d\u00eda. Aparte, Estudiantes es buen equipo, intenso y con una r\u00e1faga se nos pod\u00edan venir. Lo pudimos controlar, sobre todo en los rebotes. Hay que seguir entrenando de la misma manera, para mantener el nivel que tuvimos hoy (Juan Pablo Rotta)<\/p><\/blockquote>\n<p>Con Torre como eje, durante el 3\u00baC surgi\u00f3 la otra torre: Herman Banegas.<\/p>\n<p>El Flaco tom\u00f3 el protagonismo que se le exige y domin\u00f3 la pintura, englobando: 16 unidades (5-8 t2 y 6-8 t1), 5 rebotes y una tapa, incluyendo la acci\u00f3n m\u00e1s vistosa de la noche, cuando coron\u00f3 con volcada un alley oop conectado por Santiago. En ese lapso, Alem asegur\u00f3 su vidri\u00f3 y lo cristaliz\u00f3 adelante, obteniendo el segmento por contundente 28-14, abri\u00e9ndose camino al \u00e9xito en la previa al \u00faltimo cuarto (69-48).<\/p>\n<p>El agotamiento de Jos\u00e9 Guti\u00e9rrez priv\u00f3 a Estudiantes de oponerle resistencia al hu\u00e9sped. M\u00e1s all\u00e1 de alguna escaramuza entre los protagonistas y descontento general con la dupla arbitral, Alem coloc\u00f3 el piloto autom\u00e1tico para el desenlace. Starc se retir\u00f3 con el ojo derecho inflamado tras un fuerte golpe y el resto del tiempo se aprovech\u00f3 para darle minutos a los m\u00e1s j\u00f3venes de ambo bandos.<\/p>\n<p>Ambos cambiaron su imagen: Alem, luci\u00f3 mejorado, rehabilitado y goza de buena salud para recibir el jueves a Villa Mitre y para Estudiantes result\u00f3 otro paso atr\u00e1s, en casa, donde lo superaron en dos de los \u00faltimos tres compromisos.<\/p>\n<p>&nbsp;<\/p>\n<p><strong>S\u00edntesis| <\/strong>Primera Divisi\u00f3n \u2013 Torneo Oficial \u00a0\u2013 Fecha #12<\/p>\n<p><strong>Estudiantes 66:<\/strong><strong>\u00a0<\/strong>Tom\u00e1s Scarpaci 2, Jos\u00e9 Guti\u00e9rrez 22, Nehu\u00e9n Ber\u00f3n 0, Marcos Fern\u00e1ndez 4, Jonathan Thorp 10, fi; Jer\u00f3nimo Mitoire 4, Leonel Alema\u00f1y 10, Nicol\u00e1s S\u00e1nchez 5, Bruno Ferrandi 4, Jos\u00e9 Belleggia 2 y Luciano Polak 3.\u00a0 DT: Guillermo L\u00f3pez.<\/p>\n<p><strong>L.N. Alem 89: <\/strong>Augusto Priore 4, Santiago Torre 20, Juan Pablo Rotta 16, Fabricio Starc 3, Herman Banegas 25, fi; Walter Gigena 10, Juan Ignacio Diomedi 8, Genaro Priore 0, Juan Manuel Bicondoa 0, Giuliano Puliafito 3 y Patricio Zapata 0. DT: Alejandro Alvarez.<\/p>\n<p><strong>Parciales:<\/strong> 17-21, 34-41 (17-20), 48-69 (14-28) y 66-89 (18-20).<\/p>\n<p><strong>Arbitros:<\/strong> Sebasti\u00e1n Giannino \u2013 Alejandro Go\u00f1i.<\/p>\n<p><strong>Estadio:<\/strong> Osvaldo Casanova (Estudiantes).<\/p>\n<p><a href=\"https:\/\/docs.google.com\/spreadsheets\/d\/1k5ObSOxRiZ7Xqjl9TtlkMD9B5ZSLtkfQy57KJpycd6o\/pubhtml\" target=\"_blank\" rel=\"noopener\">Ver planilla<\/a><\/p>\n","protected":false},"excerpt":{"rendered":"<p>El verdirrojo se recuper\u00f3 aplastando a Estudiantes, en el Casanova, por 89 a 66<\/p>\n","protected":false},"author":51,"featured_media":64118,"comment_status":"closed","ping_status":"open","sticky":false,"template":"","format":"standard","meta":{"jnews-multi-image_gallery":[],"jnews_single_post":[],"jnews_primary_category":[],"footnotes":""},"categories":[23,101],"tags":[11,230,90,48,612,289,604,302],"class_list":["post-64114","post","type-post","status-publish","format-standard","has-post-thumbnail","hentry","category-primera","category-slide","tag-estudiantes","tag-herman-banegas","tag-jose-gutierrez","tag-juan-pablo-rotta","tag-leandro-n-alem","tag-leonel-alemany","tag-santiago-torre","tag-walter-gigena"],"yoast_head":"<!-- This site is optimized with the Yoast SEO plugin v27.5 - https:\/\/yoast.com\/product\/yoast-seo-wordpress\/ -->\n<title>Alem y sus Torres gemelas - Gente de B\u00e1squet<\/title>\n<meta name=\"robots\" content=\"index, follow, max-snippet:-1, max-image-preview:large, max-video-preview:-1\" \/>\n<link rel=\"canonical\" href=\"http:\/\/gentedebasquet.com.ar\/sitio\/2016\/09\/12\/alem-y-sus-torres-gemelas\/\" \/>\n<meta property=\"og:locale\" content=\"es_ES\" \/>\n<meta property=\"og:type\" content=\"article\" \/>\n<meta property=\"og:title\" content=\"Alem y sus Torres gemelas - Gente de B\u00e1squet\" \/>\n<meta property=\"og:description\" content=\"El verdirrojo se recuper\u00f3 aplastando a Estudiantes, en el Casanova, por 89 a 66\" \/>\n<meta property=\"og:url\" content=\"http:\/\/gentedebasquet.com.ar\/sitio\/2016\/09\/12\/alem-y-sus-torres-gemelas\/\" \/>\n<meta property=\"og:site_name\" content=\"Gente de B\u00e1squet\" \/>\n<meta property=\"article:published_time\" content=\"2016-09-13T02:39:48+00:00\" \/>\n<meta property=\"og:image\" content=\"http:\/\/gentedebasquet.com.ar\/sitio\/wp-content\/uploads\/2016\/09\/Estudiantes-Alem.jpeg\" \/>\n\t<meta property=\"og:image:width\" content=\"690\" \/>\n\t<meta property=\"og:image:height\" content=\"319\" \/>\n\t<meta property=\"og:image:type\" content=\"image\/jpeg\" \/>\n<meta name=\"author\" content=\"Luciano Mutti\" \/>\n<meta name=\"twitter:card\" content=\"summary_large_image\" \/>\n<meta name=\"twitter:label1\" content=\"Escrito por\" \/>\n\t<meta name=\"twitter:data1\" content=\"Luciano Mutti\" \/>\n\t<meta name=\"twitter:label2\" content=\"Tiempo de lectura\" \/>\n\t<meta name=\"twitter:data2\" content=\"4 minutos\" \/>\n<script type=\"application\/ld+json\" class=\"yoast-schema-graph\">{\"@context\":\"https:\\\/\\\/schema.org\",\"@graph\":[{\"@type\":\"Article\",\"@id\":\"http:\\\/\\\/gentedebasquet.com.ar\\\/sitio\\\/2016\\\/09\\\/12\\\/alem-y-sus-torres-gemelas\\\/#article\",\"isPartOf\":{\"@id\":\"http:\\\/\\\/gentedebasquet.com.ar\\\/sitio\\\/2016\\\/09\\\/12\\\/alem-y-sus-torres-gemelas\\\/\"},\"author\":{\"name\":\"Luciano Mutti\",\"@id\":\"https:\\\/\\\/gentedebasquet.com.ar\\\/sitio\\\/#\\\/schema\\\/person\\\/f0396ea26034ae88f655b3d4792f5437\"},\"headline\":\"Alem y sus Torres gemelas\",\"datePublished\":\"2016-09-13T02:39:48+00:00\",\"mainEntityOfPage\":{\"@id\":\"http:\\\/\\\/gentedebasquet.com.ar\\\/sitio\\\/2016\\\/09\\\/12\\\/alem-y-sus-torres-gemelas\\\/\"},\"wordCount\":716,\"image\":{\"@id\":\"http:\\\/\\\/gentedebasquet.com.ar\\\/sitio\\\/2016\\\/09\\\/12\\\/alem-y-sus-torres-gemelas\\\/#primaryimage\"},\"thumbnailUrl\":\"http:\\\/\\\/gentedebasquet.com.ar\\\/sitio\\\/wp-content\\\/uploads\\\/2016\\\/09\\\/Estudiantes-Alem.jpeg\",\"keywords\":[\"Estudiantes\",\"Herman Banegas\",\"Jos\u00e9 Guti\u00e9rrez\",\"Juan Pablo Rotta\",\"Leandro N. Alem\",\"Leonel Alema\u00f1y\",\"Santiago Torre\",\"Walter Gigena\"],\"articleSection\":[\"Primera\",\"Slide\"],\"inLanguage\":\"es\"},{\"@type\":\"WebPage\",\"@id\":\"http:\\\/\\\/gentedebasquet.com.ar\\\/sitio\\\/2016\\\/09\\\/12\\\/alem-y-sus-torres-gemelas\\\/\",\"url\":\"http:\\\/\\\/gentedebasquet.com.ar\\\/sitio\\\/2016\\\/09\\\/12\\\/alem-y-sus-torres-gemelas\\\/\",\"name\":\"Alem y sus Torres gemelas - Gente de B\u00e1squet\",\"isPartOf\":{\"@id\":\"https:\\\/\\\/gentedebasquet.com.ar\\\/sitio\\\/#website\"},\"primaryImageOfPage\":{\"@id\":\"http:\\\/\\\/gentedebasquet.com.ar\\\/sitio\\\/2016\\\/09\\\/12\\\/alem-y-sus-torres-gemelas\\\/#primaryimage\"},\"image\":{\"@id\":\"http:\\\/\\\/gentedebasquet.com.ar\\\/sitio\\\/2016\\\/09\\\/12\\\/alem-y-sus-torres-gemelas\\\/#primaryimage\"},\"thumbnailUrl\":\"http:\\\/\\\/gentedebasquet.com.ar\\\/sitio\\\/wp-content\\\/uploads\\\/2016\\\/09\\\/Estudiantes-Alem.jpeg\",\"datePublished\":\"2016-09-13T02:39:48+00:00\",\"author\":{\"@id\":\"https:\\\/\\\/gentedebasquet.com.ar\\\/sitio\\\/#\\\/schema\\\/person\\\/f0396ea26034ae88f655b3d4792f5437\"},\"breadcrumb\":{\"@id\":\"http:\\\/\\\/gentedebasquet.com.ar\\\/sitio\\\/2016\\\/09\\\/12\\\/alem-y-sus-torres-gemelas\\\/#breadcrumb\"},\"inLanguage\":\"es\",\"potentialAction\":[{\"@type\":\"ReadAction\",\"target\":[\"http:\\\/\\\/gentedebasquet.com.ar\\\/sitio\\\/2016\\\/09\\\/12\\\/alem-y-sus-torres-gemelas\\\/\"]}]},{\"@type\":\"ImageObject\",\"inLanguage\":\"es\",\"@id\":\"http:\\\/\\\/gentedebasquet.com.ar\\\/sitio\\\/2016\\\/09\\\/12\\\/alem-y-sus-torres-gemelas\\\/#primaryimage\",\"url\":\"http:\\\/\\\/gentedebasquet.com.ar\\\/sitio\\\/wp-content\\\/uploads\\\/2016\\\/09\\\/Estudiantes-Alem.jpeg\",\"contentUrl\":\"http:\\\/\\\/gentedebasquet.com.ar\\\/sitio\\\/wp-content\\\/uploads\\\/2016\\\/09\\\/Estudiantes-Alem.jpeg\",\"width\":690,\"height\":319},{\"@type\":\"BreadcrumbList\",\"@id\":\"http:\\\/\\\/gentedebasquet.com.ar\\\/sitio\\\/2016\\\/09\\\/12\\\/alem-y-sus-torres-gemelas\\\/#breadcrumb\",\"itemListElement\":[{\"@type\":\"ListItem\",\"position\":1,\"name\":\"Portada\",\"item\":\"https:\\\/\\\/gentedebasquet.com.ar\\\/sitio\\\/\"},{\"@type\":\"ListItem\",\"position\":2,\"name\":\"Alem y sus Torres gemelas\"}]},{\"@type\":\"WebSite\",\"@id\":\"https:\\\/\\\/gentedebasquet.com.ar\\\/sitio\\\/#website\",\"url\":\"https:\\\/\\\/gentedebasquet.com.ar\\\/sitio\\\/\",\"name\":\"Gente de B\u00e1squet\",\"description\":\"La revista del basquet de Bah\u00eda Blanca\",\"potentialAction\":[{\"@type\":\"SearchAction\",\"target\":{\"@type\":\"EntryPoint\",\"urlTemplate\":\"https:\\\/\\\/gentedebasquet.com.ar\\\/sitio\\\/?s={search_term_string}\"},\"query-input\":{\"@type\":\"PropertyValueSpecification\",\"valueRequired\":true,\"valueName\":\"search_term_string\"}}],\"inLanguage\":\"es\"},{\"@type\":\"Person\",\"@id\":\"https:\\\/\\\/gentedebasquet.com.ar\\\/sitio\\\/#\\\/schema\\\/person\\\/f0396ea26034ae88f655b3d4792f5437\",\"name\":\"Luciano Mutti\",\"image\":{\"@type\":\"ImageObject\",\"inLanguage\":\"es\",\"@id\":\"https:\\\/\\\/secure.gravatar.com\\\/avatar\\\/848a57ae19cdeca5b0b8a1b4daba98abd3b95ef1add01cc5b02ce331e4ea8fd5?s=96&d=mm&r=g\",\"url\":\"https:\\\/\\\/secure.gravatar.com\\\/avatar\\\/848a57ae19cdeca5b0b8a1b4daba98abd3b95ef1add01cc5b02ce331e4ea8fd5?s=96&d=mm&r=g\",\"contentUrl\":\"https:\\\/\\\/secure.gravatar.com\\\/avatar\\\/848a57ae19cdeca5b0b8a1b4daba98abd3b95ef1add01cc5b02ce331e4ea8fd5?s=96&d=mm&r=g\",\"caption\":\"Luciano Mutti\"},\"url\":\"http:\\\/\\\/gentedebasquet.com.ar\\\/sitio\\\/author\\\/luciano-mutti\\\/\"}]}<\/script>\n<!-- \/ Yoast SEO plugin. -->","yoast_head_json":{"title":"Alem y sus Torres gemelas - Gente de B\u00e1squet","robots":{"index":"index","follow":"follow","max-snippet":"max-snippet:-1","max-image-preview":"max-image-preview:large","max-video-preview":"max-video-preview:-1"},"canonical":"http:\/\/gentedebasquet.com.ar\/sitio\/2016\/09\/12\/alem-y-sus-torres-gemelas\/","og_locale":"es_ES","og_type":"article","og_title":"Alem y sus Torres gemelas - Gente de B\u00e1squet","og_description":"El verdirrojo se recuper\u00f3 aplastando a Estudiantes, en el Casanova, por 89 a 66","og_url":"http:\/\/gentedebasquet.com.ar\/sitio\/2016\/09\/12\/alem-y-sus-torres-gemelas\/","og_site_name":"Gente de B\u00e1squet","article_published_time":"2016-09-13T02:39:48+00:00","og_image":[{"width":690,"height":319,"url":"http:\/\/gentedebasquet.com.ar\/sitio\/wp-content\/uploads\/2016\/09\/Estudiantes-Alem.jpeg","type":"image\/jpeg"}],"author":"Luciano Mutti","twitter_card":"summary_large_image","twitter_misc":{"Escrito por":"Luciano Mutti","Tiempo de lectura":"4 minutos"},"schema":{"@context":"https:\/\/schema.org","@graph":[{"@type":"Article","@id":"http:\/\/gentedebasquet.com.ar\/sitio\/2016\/09\/12\/alem-y-sus-torres-gemelas\/#article","isPartOf":{"@id":"http:\/\/gentedebasquet.com.ar\/sitio\/2016\/09\/12\/alem-y-sus-torres-gemelas\/"},"author":{"name":"Luciano Mutti","@id":"https:\/\/gentedebasquet.com.ar\/sitio\/#\/schema\/person\/f0396ea26034ae88f655b3d4792f5437"},"headline":"Alem y sus Torres gemelas","datePublished":"2016-09-13T02:39:48+00:00","mainEntityOfPage":{"@id":"http:\/\/gentedebasquet.com.ar\/sitio\/2016\/09\/12\/alem-y-sus-torres-gemelas\/"},"wordCount":716,"image":{"@id":"http:\/\/gentedebasquet.com.ar\/sitio\/2016\/09\/12\/alem-y-sus-torres-gemelas\/#primaryimage"},"thumbnailUrl":"http:\/\/gentedebasquet.com.ar\/sitio\/wp-content\/uploads\/2016\/09\/Estudiantes-Alem.jpeg","keywords":["Estudiantes","Herman Banegas","Jos\u00e9 Guti\u00e9rrez","Juan Pablo Rotta","Leandro N. Alem","Leonel Alema\u00f1y","Santiago Torre","Walter Gigena"],"articleSection":["Primera","Slide"],"inLanguage":"es"},{"@type":"WebPage","@id":"http:\/\/gentedebasquet.com.ar\/sitio\/2016\/09\/12\/alem-y-sus-torres-gemelas\/","url":"http:\/\/gentedebasquet.com.ar\/sitio\/2016\/09\/12\/alem-y-sus-torres-gemelas\/","name":"Alem y sus Torres gemelas - Gente de B\u00e1squet","isPartOf":{"@id":"https:\/\/gentedebasquet.com.ar\/sitio\/#website"},"primaryImageOfPage":{"@id":"http:\/\/gentedebasquet.com.ar\/sitio\/2016\/09\/12\/alem-y-sus-torres-gemelas\/#primaryimage"},"image":{"@id":"http:\/\/gentedebasquet.com.ar\/sitio\/2016\/09\/12\/alem-y-sus-torres-gemelas\/#primaryimage"},"thumbnailUrl":"http:\/\/gentedebasquet.com.ar\/sitio\/wp-content\/uploads\/2016\/09\/Estudiantes-Alem.jpeg","datePublished":"2016-09-13T02:39:48+00:00","author":{"@id":"https:\/\/gentedebasquet.com.ar\/sitio\/#\/schema\/person\/f0396ea26034ae88f655b3d4792f5437"},"breadcrumb":{"@id":"http:\/\/gentedebasquet.com.ar\/sitio\/2016\/09\/12\/alem-y-sus-torres-gemelas\/#breadcrumb"},"inLanguage":"es","potentialAction":[{"@type":"ReadAction","target":["http:\/\/gentedebasquet.com.ar\/sitio\/2016\/09\/12\/alem-y-sus-torres-gemelas\/"]}]},{"@type":"ImageObject","inLanguage":"es","@id":"http:\/\/gentedebasquet.com.ar\/sitio\/2016\/09\/12\/alem-y-sus-torres-gemelas\/#primaryimage","url":"http:\/\/gentedebasquet.com.ar\/sitio\/wp-content\/uploads\/2016\/09\/Estudiantes-Alem.jpeg","contentUrl":"http:\/\/gentedebasquet.com.ar\/sitio\/wp-content\/uploads\/2016\/09\/Estudiantes-Alem.jpeg","width":690,"height":319},{"@type":"BreadcrumbList","@id":"http:\/\/gentedebasquet.com.ar\/sitio\/2016\/09\/12\/alem-y-sus-torres-gemelas\/#breadcrumb","itemListElement":[{"@type":"ListItem","position":1,"name":"Portada","item":"https:\/\/gentedebasquet.com.ar\/sitio\/"},{"@type":"ListItem","position":2,"name":"Alem y sus Torres gemelas"}]},{"@type":"WebSite","@id":"https:\/\/gentedebasquet.com.ar\/sitio\/#website","url":"https:\/\/gentedebasquet.com.ar\/sitio\/","name":"Gente de B\u00e1squet","description":"La revista del basquet de Bah\u00eda Blanca","potentialAction":[{"@type":"SearchAction","target":{"@type":"EntryPoint","urlTemplate":"https:\/\/gentedebasquet.com.ar\/sitio\/?s={search_term_string}"},"query-input":{"@type":"PropertyValueSpecification","valueRequired":true,"valueName":"search_term_string"}}],"inLanguage":"es"},{"@type":"Person","@id":"https:\/\/gentedebasquet.com.ar\/sitio\/#\/schema\/person\/f0396ea26034ae88f655b3d4792f5437","name":"Luciano Mutti","image":{"@type":"ImageObject","inLanguage":"es","@id":"https:\/\/secure.gravatar.com\/avatar\/848a57ae19cdeca5b0b8a1b4daba98abd3b95ef1add01cc5b02ce331e4ea8fd5?s=96&d=mm&r=g","url":"https:\/\/secure.gravatar.com\/avatar\/848a57ae19cdeca5b0b8a1b4daba98abd3b95ef1add01cc5b02ce331e4ea8fd5?s=96&d=mm&r=g","contentUrl":"https:\/\/secure.gravatar.com\/avatar\/848a57ae19cdeca5b0b8a1b4daba98abd3b95ef1add01cc5b02ce331e4ea8fd5?s=96&d=mm&r=g","caption":"Luciano Mutti"},"url":"http:\/\/gentedebasquet.com.ar\/sitio\/author\/luciano-mutti\/"}]}},"_links":{"self":[{"href":"http:\/\/gentedebasquet.com.ar\/sitio\/wp-json\/wp\/v2\/posts\/64114","targetHints":{"allow":["GET"]}}],"collection":[{"href":"http:\/\/gentedebasquet.com.ar\/sitio\/wp-json\/wp\/v2\/posts"}],"about":[{"href":"http:\/\/gentedebasquet.com.ar\/sitio\/wp-json\/wp\/v2\/types\/post"}],"author":[{"embeddable":true,"href":"http:\/\/gentedebasquet.com.ar\/sitio\/wp-json\/wp\/v2\/users\/51"}],"replies":[{"embeddable":true,"href":"http:\/\/gentedebasquet.com.ar\/sitio\/wp-json\/wp\/v2\/comments?post=64114"}],"version-history":[{"count":0,"href":"http:\/\/gentedebasquet.com.ar\/sitio\/wp-json\/wp\/v2\/posts\/64114\/revisions"}],"wp:featuredmedia":[{"embeddable":true,"href":"http:\/\/gentedebasquet.com.ar\/sitio\/wp-json\/wp\/v2\/media\/64118"}],"wp:attachment":[{"href":"http:\/\/gentedebasquet.com.ar\/sitio\/wp-json\/wp\/v2\/media?parent=64114"}],"wp:term":[{"taxonomy":"category","embeddable":true,"href":"http:\/\/gentedebasquet.com.ar\/sitio\/wp-json\/wp\/v2\/categories?post=64114"},{"taxonomy":"post_tag","embeddable":true,"href":"http:\/\/gentedebasquet.com.ar\/sitio\/wp-json\/wp\/v2\/tags?post=64114"}],"curies":[{"name":"wp","href":"https:\/\/api.w.org\/{rel}","templated":true}]}}