{"id":64284,"date":"2016-09-15T23:52:18","date_gmt":"2016-09-16T02:52:18","guid":{"rendered":"http:\/\/www.gentedebasquet.com.ar\/?p=64284"},"modified":"2016-09-15T23:52:18","modified_gmt":"2016-09-16T02:52:18","slug":"clasico-a-distancia","status":"publish","type":"post","link":"http:\/\/gentedebasquet.com.ar\/sitio\/2016\/09\/15\/clasico-a-distancia\/","title":{"rendered":"Cl\u00e1sico a distancia"},"content":{"rendered":"<p><strong>Alem volvi\u00f3 a derrotar a su cl\u00e1sico rival Villa Mitre por el Torneo Oficial, como local, por un contundente 90-72, con una gran efectividad en tiros de tres puntos (16-32, 50%). Con sus cinco jugadores iniciales por encima del doble d\u00edgito de anotaci\u00f3n, el verdirrojo tuvo como destacados a Santiago Torre (17 puntos y 7 asistencias), Juan Pablo Rotta y Herman Banegas (16 cada uno).\u00a0 En el tricolor, que volvi\u00f3 a tener ausente a Gast\u00f3n Diomedi (se recupera de un cuadro gripal), no bast\u00f3 con los partidos de Ramiro Heinrich (16) y Marcelo Berdini (15).<\/strong><\/p>\n<p><strong>Villa Mitre sorprendi\u00f3 desde el minuto cero al local<\/strong>, plante\u00e1ndole una defensa caj\u00f3n a Santi Torre, que gracias a la buena defensa de Germ\u00e1n Andr\u00e9s (el designado) no le permiti\u00f3 al base verdirrojo generar juego.\u00a0 Si bien Alem supo encontrar la vuelta a ese contratiempo circulando la bola por el per\u00edmetro y ubicando bien parado a Rotta en un lateral (3-3 en t3) el esfuerzo de Heinrich en el 1v1 de poste bajo (8 puntos en el primer cuarto) permiti\u00f3 al tricolor terminar igualando el 1C (19-19).<\/p>\n<p><strong>Pero para fortuna de Alem, Torre si apareci\u00f3 en el 2C.\u00a0 <\/strong>Cuando tuvo un cent\u00edmetro, no desaprovech\u00f3 sus chances desde los 6,75 metros (3-3 en t3), pero tambi\u00e9n, como lo es habitual en \u00e9l, gener\u00f3 juego para sus compa\u00f1eros (3 asistencias) y aprovechando una sequ\u00eda de campo de el tricolor (0-5 bajo el aro), el verdirrojo sac\u00f3 la primera ventaja importante de la noche (35-25 en 4m15 del 2C).\u00a0 Villa Mitre pudo arrimarse un poco en el marcador gracias a un par de corridas de Andr\u00e9s y David Pineda (4 cada uno), pero Alem, gracias a un muy buen ingreso ofensivo de Juan Ignacio Diomedi (6 puntos) pudo mantener el doble d\u00edgito de ventaja al descanso largo (47-37).<\/p>\n<blockquote><p>Ven\u00edamos con muchos problemas de lesiones y entrenando poco con un equipo muy corto. \u00a0Pero hoy nos sali\u00f3 todo, y tuvimos una enorme efectividad en triples. \u00a0S\u00f3lo falt\u00f3 que Banegas metiera uno (risas). \u00a0Tuvimos mucha paciencia con la defensa caj\u00f3n de Villa Mitre, si bien entramos un poco trabados, lo pudimos superar con mucho juego de pases. \u00a0Aunque, por m\u00e1s defensa que te planteen, si met\u00e9s tanto de tres es dif\u00edcil perder un partido (Fabricio Starc)<\/p><\/blockquote>\n<p><strong>Fue en la reanudaci\u00f3n del encuentro, en donde Alem liquid\u00f3 el pleito.\u00a0 <\/strong>De nuevo, con mucha paciencia respecto al reloj de tiro y cero ego\u00edsmos, el local volvi\u00f3 a anotar una andanada de triples (4-6) que no encontraron respuesta por parte de Villa Mitre y, en apenas 3m24 del 3C, el verdirrojo sac\u00f3 la ventaja m\u00e1xima de la noche (63-41).<\/p>\n<p><strong>El conjunto de Ariel Ugolini aplic\u00f3 una zona press 2-2-1<\/strong> para poder mantenerse con vida en el juego, y obtuvo una peque\u00f1a ilusi\u00f3n con una bomba de Marcelo Berdini y los viajes a la l\u00ednea de Javier Bollo (8-8).\u00a0 Pero Alem, nuevamente, con un par de triples (3-5) retom\u00f3 veinte puntos de ventaja (86-66) a falta de 2m44 para el cierre, y se asegur\u00f3 un gran triunfo en el cl\u00e1sico.<\/p>\n<p>&nbsp;<\/p>\n<p>[youtube]https:\/\/youtu.be\/PyrAvKAZSY8[\/youtube]<\/p>\n<p><strong>\u00a0<\/strong><\/p>\n<p><strong>S\u00edntesis| Primera Divisi\u00f3n \u2013 Torneo Oficial \u2013 Fecha #13<\/strong><\/p>\n<p><strong>Alem 90: <\/strong>Santiago Torre 17, Augusto Priore 14, Juan Pablo Rotta 16, Fabricio Starc 12, Herman Banegas 16 (FI); Genaro Priore 0, Walter Gigena 6 (x), Juan Ignacio Diomedi 9 (x).\u00a0 D.T: Alejandro \u00c1lvarez.<\/p>\n<p><strong>Villa Mitre 72:<\/strong> Marcelo Berdini 15, Germ\u00e1n Andr\u00e9s 11, Nicol\u00e1s Renzi 2, David Pineda 5, Ramiro Heinrich 16 (x) (FI); Fernando Alfonso 2, Javier Bollo 14, Jos\u00e9 Luis Mart\u00ednez 7.\u00a0 D.T: Ariel Ugolini.<\/p>\n<p><strong>Parciales:<\/strong> 19-19, 47-37, 67-52.<\/p>\n<p><strong>\u00c1rbitros: <\/strong>Sebasti\u00e1n Giannino \u2013 Emanuel S\u00e1nchez.<\/p>\n<p><strong>Estadio: <\/strong>Daniel Lacunza (Alem).<\/p>\n<p><a class=\"modalf iframe\" title=\"Planilla\" href=\"https:\/\/docs.google.com\/spreadsheets\/d\/1VHdoDpXpWATgf_DppKzEVCw-ySq232Sxn0paEdl7G84\/pubhtml\" target=\"_blank\" rel=\"noopener\">Ver Planilla<\/a><\/p>\n","protected":false},"excerpt":{"rendered":"<p>Con una enorme efectividad en t3 (16-32), Alem venci\u00f3 a Villa Mitre por 90-72<\/p>\n","protected":false},"author":1,"featured_media":64290,"comment_status":"closed","ping_status":"open","sticky":false,"template":"","format":"standard","meta":{"jnews-multi-image_gallery":[],"jnews_single_post":[],"jnews_primary_category":[],"footnotes":""},"categories":[23,101],"tags":[3,656,242,230,48,321,53,604,22],"class_list":["post-64284","post","type-post","status-publish","format-standard","has-post-thumbnail","hentry","category-primera","category-slide","tag-alem","tag-augusto-priore","tag-fabricio-starc","tag-herman-banegas","tag-juan-pablo-rotta","tag-marcelo-berdini","tag-ramiro-heinrich","tag-santiago-torre","tag-villa-mitre"],"yoast_head":"<!-- This site is optimized with the Yoast SEO plugin v27.5 - https:\/\/yoast.com\/product\/yoast-seo-wordpress\/ -->\n<title>Cl\u00e1sico a distancia - Gente de B\u00e1squet<\/title>\n<meta name=\"robots\" content=\"index, follow, max-snippet:-1, max-image-preview:large, max-video-preview:-1\" \/>\n<link rel=\"canonical\" href=\"http:\/\/gentedebasquet.com.ar\/sitio\/2016\/09\/15\/clasico-a-distancia\/\" \/>\n<meta property=\"og:locale\" content=\"es_ES\" \/>\n<meta property=\"og:type\" content=\"article\" \/>\n<meta property=\"og:title\" content=\"Cl\u00e1sico a distancia - Gente de B\u00e1squet\" \/>\n<meta property=\"og:description\" content=\"Con una enorme efectividad en t3 (16-32), Alem venci\u00f3 a Villa Mitre por 90-72\" \/>\n<meta property=\"og:url\" content=\"http:\/\/gentedebasquet.com.ar\/sitio\/2016\/09\/15\/clasico-a-distancia\/\" \/>\n<meta property=\"og:site_name\" content=\"Gente de B\u00e1squet\" \/>\n<meta property=\"article:published_time\" content=\"2016-09-16T02:52:18+00:00\" \/>\n<meta property=\"og:image\" content=\"http:\/\/gentedebasquet.com.ar\/sitio\/wp-content\/uploads\/2016\/09\/Alem-Villa-Mitre-Rotta.jpg\" \/>\n\t<meta property=\"og:image:width\" content=\"690\" \/>\n\t<meta property=\"og:image:height\" content=\"319\" \/>\n\t<meta property=\"og:image:type\" content=\"image\/jpeg\" \/>\n<meta name=\"author\" content=\"Gente de B\u00e1squet\" \/>\n<meta name=\"twitter:card\" content=\"summary_large_image\" \/>\n<meta name=\"twitter:label1\" content=\"Escrito por\" \/>\n\t<meta name=\"twitter:data1\" content=\"Gente de B\u00e1squet\" \/>\n\t<meta name=\"twitter:label2\" content=\"Tiempo de lectura\" \/>\n\t<meta name=\"twitter:data2\" content=\"3 minutos\" \/>\n<script type=\"application\/ld+json\" class=\"yoast-schema-graph\">{\"@context\":\"https:\\\/\\\/schema.org\",\"@graph\":[{\"@type\":\"Article\",\"@id\":\"http:\\\/\\\/gentedebasquet.com.ar\\\/sitio\\\/2016\\\/09\\\/15\\\/clasico-a-distancia\\\/#article\",\"isPartOf\":{\"@id\":\"http:\\\/\\\/gentedebasquet.com.ar\\\/sitio\\\/2016\\\/09\\\/15\\\/clasico-a-distancia\\\/\"},\"author\":{\"name\":\"Gente de B\u00e1squet\",\"@id\":\"https:\\\/\\\/gentedebasquet.com.ar\\\/sitio\\\/#\\\/schema\\\/person\\\/ca0b63bbb977369988a7bbbdc519943a\"},\"headline\":\"Cl\u00e1sico a distancia\",\"datePublished\":\"2016-09-16T02:52:18+00:00\",\"mainEntityOfPage\":{\"@id\":\"http:\\\/\\\/gentedebasquet.com.ar\\\/sitio\\\/2016\\\/09\\\/15\\\/clasico-a-distancia\\\/\"},\"wordCount\":615,\"image\":{\"@id\":\"http:\\\/\\\/gentedebasquet.com.ar\\\/sitio\\\/2016\\\/09\\\/15\\\/clasico-a-distancia\\\/#primaryimage\"},\"thumbnailUrl\":\"http:\\\/\\\/gentedebasquet.com.ar\\\/sitio\\\/wp-content\\\/uploads\\\/2016\\\/09\\\/Alem-Villa-Mitre-Rotta.jpg\",\"keywords\":[\"Alem\",\"Augusto Priore\",\"Fabricio Starc\",\"Herman Banegas\",\"Juan Pablo Rotta\",\"Marcelo Berdini\",\"Ramiro Heinrich\",\"Santiago Torre\",\"Villa Mitre\"],\"articleSection\":[\"Primera\",\"Slide\"],\"inLanguage\":\"es\"},{\"@type\":\"WebPage\",\"@id\":\"http:\\\/\\\/gentedebasquet.com.ar\\\/sitio\\\/2016\\\/09\\\/15\\\/clasico-a-distancia\\\/\",\"url\":\"http:\\\/\\\/gentedebasquet.com.ar\\\/sitio\\\/2016\\\/09\\\/15\\\/clasico-a-distancia\\\/\",\"name\":\"Cl\u00e1sico a distancia - Gente de B\u00e1squet\",\"isPartOf\":{\"@id\":\"https:\\\/\\\/gentedebasquet.com.ar\\\/sitio\\\/#website\"},\"primaryImageOfPage\":{\"@id\":\"http:\\\/\\\/gentedebasquet.com.ar\\\/sitio\\\/2016\\\/09\\\/15\\\/clasico-a-distancia\\\/#primaryimage\"},\"image\":{\"@id\":\"http:\\\/\\\/gentedebasquet.com.ar\\\/sitio\\\/2016\\\/09\\\/15\\\/clasico-a-distancia\\\/#primaryimage\"},\"thumbnailUrl\":\"http:\\\/\\\/gentedebasquet.com.ar\\\/sitio\\\/wp-content\\\/uploads\\\/2016\\\/09\\\/Alem-Villa-Mitre-Rotta.jpg\",\"datePublished\":\"2016-09-16T02:52:18+00:00\",\"author\":{\"@id\":\"https:\\\/\\\/gentedebasquet.com.ar\\\/sitio\\\/#\\\/schema\\\/person\\\/ca0b63bbb977369988a7bbbdc519943a\"},\"breadcrumb\":{\"@id\":\"http:\\\/\\\/gentedebasquet.com.ar\\\/sitio\\\/2016\\\/09\\\/15\\\/clasico-a-distancia\\\/#breadcrumb\"},\"inLanguage\":\"es\",\"potentialAction\":[{\"@type\":\"ReadAction\",\"target\":[\"http:\\\/\\\/gentedebasquet.com.ar\\\/sitio\\\/2016\\\/09\\\/15\\\/clasico-a-distancia\\\/\"]}]},{\"@type\":\"ImageObject\",\"inLanguage\":\"es\",\"@id\":\"http:\\\/\\\/gentedebasquet.com.ar\\\/sitio\\\/2016\\\/09\\\/15\\\/clasico-a-distancia\\\/#primaryimage\",\"url\":\"http:\\\/\\\/gentedebasquet.com.ar\\\/sitio\\\/wp-content\\\/uploads\\\/2016\\\/09\\\/Alem-Villa-Mitre-Rotta.jpg\",\"contentUrl\":\"http:\\\/\\\/gentedebasquet.com.ar\\\/sitio\\\/wp-content\\\/uploads\\\/2016\\\/09\\\/Alem-Villa-Mitre-Rotta.jpg\",\"width\":690,\"height\":319},{\"@type\":\"BreadcrumbList\",\"@id\":\"http:\\\/\\\/gentedebasquet.com.ar\\\/sitio\\\/2016\\\/09\\\/15\\\/clasico-a-distancia\\\/#breadcrumb\",\"itemListElement\":[{\"@type\":\"ListItem\",\"position\":1,\"name\":\"Portada\",\"item\":\"https:\\\/\\\/gentedebasquet.com.ar\\\/sitio\\\/\"},{\"@type\":\"ListItem\",\"position\":2,\"name\":\"Cl\u00e1sico a distancia\"}]},{\"@type\":\"WebSite\",\"@id\":\"https:\\\/\\\/gentedebasquet.com.ar\\\/sitio\\\/#website\",\"url\":\"https:\\\/\\\/gentedebasquet.com.ar\\\/sitio\\\/\",\"name\":\"Gente de B\u00e1squet\",\"description\":\"La revista del basquet de Bah\u00eda Blanca\",\"potentialAction\":[{\"@type\":\"SearchAction\",\"target\":{\"@type\":\"EntryPoint\",\"urlTemplate\":\"https:\\\/\\\/gentedebasquet.com.ar\\\/sitio\\\/?s={search_term_string}\"},\"query-input\":{\"@type\":\"PropertyValueSpecification\",\"valueRequired\":true,\"valueName\":\"search_term_string\"}}],\"inLanguage\":\"es\"},{\"@type\":\"Person\",\"@id\":\"https:\\\/\\\/gentedebasquet.com.ar\\\/sitio\\\/#\\\/schema\\\/person\\\/ca0b63bbb977369988a7bbbdc519943a\",\"name\":\"Gente de B\u00e1squet\",\"image\":{\"@type\":\"ImageObject\",\"inLanguage\":\"es\",\"@id\":\"https:\\\/\\\/secure.gravatar.com\\\/avatar\\\/7f2c48bdc33b30088f941fb6082e555f2874c98e20cb159d7b92b50eadfce793?s=96&d=mm&r=g\",\"url\":\"https:\\\/\\\/secure.gravatar.com\\\/avatar\\\/7f2c48bdc33b30088f941fb6082e555f2874c98e20cb159d7b92b50eadfce793?s=96&d=mm&r=g\",\"contentUrl\":\"https:\\\/\\\/secure.gravatar.com\\\/avatar\\\/7f2c48bdc33b30088f941fb6082e555f2874c98e20cb159d7b92b50eadfce793?s=96&d=mm&r=g\",\"caption\":\"Gente de B\u00e1squet\"},\"sameAs\":[\"http:\\\/\\\/gentedebasquet.com.ar\\\/sitio\"],\"url\":\"http:\\\/\\\/gentedebasquet.com.ar\\\/sitio\\\/author\\\/ulises\\\/\"}]}<\/script>\n<!-- \/ Yoast SEO plugin. -->","yoast_head_json":{"title":"Cl\u00e1sico a distancia - Gente de B\u00e1squet","robots":{"index":"index","follow":"follow","max-snippet":"max-snippet:-1","max-image-preview":"max-image-preview:large","max-video-preview":"max-video-preview:-1"},"canonical":"http:\/\/gentedebasquet.com.ar\/sitio\/2016\/09\/15\/clasico-a-distancia\/","og_locale":"es_ES","og_type":"article","og_title":"Cl\u00e1sico a distancia - Gente de B\u00e1squet","og_description":"Con una enorme efectividad en t3 (16-32), Alem venci\u00f3 a Villa Mitre por 90-72","og_url":"http:\/\/gentedebasquet.com.ar\/sitio\/2016\/09\/15\/clasico-a-distancia\/","og_site_name":"Gente de B\u00e1squet","article_published_time":"2016-09-16T02:52:18+00:00","og_image":[{"width":690,"height":319,"url":"http:\/\/gentedebasquet.com.ar\/sitio\/wp-content\/uploads\/2016\/09\/Alem-Villa-Mitre-Rotta.jpg","type":"image\/jpeg"}],"author":"Gente de B\u00e1squet","twitter_card":"summary_large_image","twitter_misc":{"Escrito por":"Gente de B\u00e1squet","Tiempo de lectura":"3 minutos"},"schema":{"@context":"https:\/\/schema.org","@graph":[{"@type":"Article","@id":"http:\/\/gentedebasquet.com.ar\/sitio\/2016\/09\/15\/clasico-a-distancia\/#article","isPartOf":{"@id":"http:\/\/gentedebasquet.com.ar\/sitio\/2016\/09\/15\/clasico-a-distancia\/"},"author":{"name":"Gente de B\u00e1squet","@id":"https:\/\/gentedebasquet.com.ar\/sitio\/#\/schema\/person\/ca0b63bbb977369988a7bbbdc519943a"},"headline":"Cl\u00e1sico a distancia","datePublished":"2016-09-16T02:52:18+00:00","mainEntityOfPage":{"@id":"http:\/\/gentedebasquet.com.ar\/sitio\/2016\/09\/15\/clasico-a-distancia\/"},"wordCount":615,"image":{"@id":"http:\/\/gentedebasquet.com.ar\/sitio\/2016\/09\/15\/clasico-a-distancia\/#primaryimage"},"thumbnailUrl":"http:\/\/gentedebasquet.com.ar\/sitio\/wp-content\/uploads\/2016\/09\/Alem-Villa-Mitre-Rotta.jpg","keywords":["Alem","Augusto Priore","Fabricio Starc","Herman Banegas","Juan Pablo Rotta","Marcelo Berdini","Ramiro Heinrich","Santiago Torre","Villa Mitre"],"articleSection":["Primera","Slide"],"inLanguage":"es"},{"@type":"WebPage","@id":"http:\/\/gentedebasquet.com.ar\/sitio\/2016\/09\/15\/clasico-a-distancia\/","url":"http:\/\/gentedebasquet.com.ar\/sitio\/2016\/09\/15\/clasico-a-distancia\/","name":"Cl\u00e1sico a distancia - Gente de B\u00e1squet","isPartOf":{"@id":"https:\/\/gentedebasquet.com.ar\/sitio\/#website"},"primaryImageOfPage":{"@id":"http:\/\/gentedebasquet.com.ar\/sitio\/2016\/09\/15\/clasico-a-distancia\/#primaryimage"},"image":{"@id":"http:\/\/gentedebasquet.com.ar\/sitio\/2016\/09\/15\/clasico-a-distancia\/#primaryimage"},"thumbnailUrl":"http:\/\/gentedebasquet.com.ar\/sitio\/wp-content\/uploads\/2016\/09\/Alem-Villa-Mitre-Rotta.jpg","datePublished":"2016-09-16T02:52:18+00:00","author":{"@id":"https:\/\/gentedebasquet.com.ar\/sitio\/#\/schema\/person\/ca0b63bbb977369988a7bbbdc519943a"},"breadcrumb":{"@id":"http:\/\/gentedebasquet.com.ar\/sitio\/2016\/09\/15\/clasico-a-distancia\/#breadcrumb"},"inLanguage":"es","potentialAction":[{"@type":"ReadAction","target":["http:\/\/gentedebasquet.com.ar\/sitio\/2016\/09\/15\/clasico-a-distancia\/"]}]},{"@type":"ImageObject","inLanguage":"es","@id":"http:\/\/gentedebasquet.com.ar\/sitio\/2016\/09\/15\/clasico-a-distancia\/#primaryimage","url":"http:\/\/gentedebasquet.com.ar\/sitio\/wp-content\/uploads\/2016\/09\/Alem-Villa-Mitre-Rotta.jpg","contentUrl":"http:\/\/gentedebasquet.com.ar\/sitio\/wp-content\/uploads\/2016\/09\/Alem-Villa-Mitre-Rotta.jpg","width":690,"height":319},{"@type":"BreadcrumbList","@id":"http:\/\/gentedebasquet.com.ar\/sitio\/2016\/09\/15\/clasico-a-distancia\/#breadcrumb","itemListElement":[{"@type":"ListItem","position":1,"name":"Portada","item":"https:\/\/gentedebasquet.com.ar\/sitio\/"},{"@type":"ListItem","position":2,"name":"Cl\u00e1sico a distancia"}]},{"@type":"WebSite","@id":"https:\/\/gentedebasquet.com.ar\/sitio\/#website","url":"https:\/\/gentedebasquet.com.ar\/sitio\/","name":"Gente de B\u00e1squet","description":"La revista del basquet de Bah\u00eda Blanca","potentialAction":[{"@type":"SearchAction","target":{"@type":"EntryPoint","urlTemplate":"https:\/\/gentedebasquet.com.ar\/sitio\/?s={search_term_string}"},"query-input":{"@type":"PropertyValueSpecification","valueRequired":true,"valueName":"search_term_string"}}],"inLanguage":"es"},{"@type":"Person","@id":"https:\/\/gentedebasquet.com.ar\/sitio\/#\/schema\/person\/ca0b63bbb977369988a7bbbdc519943a","name":"Gente de B\u00e1squet","image":{"@type":"ImageObject","inLanguage":"es","@id":"https:\/\/secure.gravatar.com\/avatar\/7f2c48bdc33b30088f941fb6082e555f2874c98e20cb159d7b92b50eadfce793?s=96&d=mm&r=g","url":"https:\/\/secure.gravatar.com\/avatar\/7f2c48bdc33b30088f941fb6082e555f2874c98e20cb159d7b92b50eadfce793?s=96&d=mm&r=g","contentUrl":"https:\/\/secure.gravatar.com\/avatar\/7f2c48bdc33b30088f941fb6082e555f2874c98e20cb159d7b92b50eadfce793?s=96&d=mm&r=g","caption":"Gente de B\u00e1squet"},"sameAs":["http:\/\/gentedebasquet.com.ar\/sitio"],"url":"http:\/\/gentedebasquet.com.ar\/sitio\/author\/ulises\/"}]}},"_links":{"self":[{"href":"http:\/\/gentedebasquet.com.ar\/sitio\/wp-json\/wp\/v2\/posts\/64284","targetHints":{"allow":["GET"]}}],"collection":[{"href":"http:\/\/gentedebasquet.com.ar\/sitio\/wp-json\/wp\/v2\/posts"}],"about":[{"href":"http:\/\/gentedebasquet.com.ar\/sitio\/wp-json\/wp\/v2\/types\/post"}],"author":[{"embeddable":true,"href":"http:\/\/gentedebasquet.com.ar\/sitio\/wp-json\/wp\/v2\/users\/1"}],"replies":[{"embeddable":true,"href":"http:\/\/gentedebasquet.com.ar\/sitio\/wp-json\/wp\/v2\/comments?post=64284"}],"version-history":[{"count":0,"href":"http:\/\/gentedebasquet.com.ar\/sitio\/wp-json\/wp\/v2\/posts\/64284\/revisions"}],"wp:featuredmedia":[{"embeddable":true,"href":"http:\/\/gentedebasquet.com.ar\/sitio\/wp-json\/wp\/v2\/media\/64290"}],"wp:attachment":[{"href":"http:\/\/gentedebasquet.com.ar\/sitio\/wp-json\/wp\/v2\/media?parent=64284"}],"wp:term":[{"taxonomy":"category","embeddable":true,"href":"http:\/\/gentedebasquet.com.ar\/sitio\/wp-json\/wp\/v2\/categories?post=64284"},{"taxonomy":"post_tag","embeddable":true,"href":"http:\/\/gentedebasquet.com.ar\/sitio\/wp-json\/wp\/v2\/tags?post=64284"}],"curies":[{"name":"wp","href":"https:\/\/api.w.org\/{rel}","templated":true}]}}