{"id":64554,"date":"2016-09-22T23:31:40","date_gmt":"2016-09-23T02:31:40","guid":{"rendered":"http:\/\/www.gentedebasquet.com.ar\/?p=64554"},"modified":"2016-09-22T23:31:40","modified_gmt":"2016-09-23T02:31:40","slug":"alem-reacciono-a-tiempo","status":"publish","type":"post","link":"http:\/\/gentedebasquet.com.ar\/sitio\/2016\/09\/22\/alem-reacciono-a-tiempo\/","title":{"rendered":"Alem reaccion\u00f3 a tiempo"},"content":{"rendered":"<p><strong>En el Daniel Lacunza, Alem venci\u00f3 a El Nacional por 78 a 67. El tramite de partido favoreci\u00f3 al visitante durante los primeros 20 minutos, logrando un gran nivel de juego y concretando 13 asistencias en 15 conversiones. Sin embargo, el local se aferr\u00f3 a su defensa para bajar los porcentajes del celeste a 8\/24 en tiros de campo en el ST y obtuvo un mejor cierre para llevarse la victoria. Adem\u00e1s, el visitante totaliz\u00f3 18 perdidas que fueron aprovechadas por el rival. El ganador cont\u00f3 con cuatro jugadores en doble\u00a0d\u00edgito: Juan Pablo Rotta (18), Santiago Torre (17), H\u00e9rman Banegas (14) y Fabricio Starc (13). Por parte del visitante, se destacaron los 19 tantos de St\u00e9fano Barba y los 13 de Lucas Chaves.<\/strong><\/p>\n<p>En el primer cuarto El Nacional mostr\u00f3 su mejor versi\u00f3n en el partido, con una defensa r\u00edgida que anul\u00f3 el juego de Alem convirti\u00e9ndolo lento, y\u00a0tambi\u00e9n\u00a0le permiti\u00f3 ofensivas r\u00e1pidas y de muchos pases \u00a0(7 asistencias), concretando una primera diferencia de 8 a 20 en 3:30, destac\u00e1ndose Iraola con 10 puntos (2\/2 t2 y 2\/2 t3). Desde all\u00ed, se vio un quiebre en el segmento, donde el local\u00a0intensific\u00f3 su defensa (2 puntos del rival) y encontr\u00f3 en el tiro externo el principal aliado en el ataque\u00a0(Rotta 3\/3), finalizando 6 abajo.<\/p>\n<p>La rotaci\u00f3n en el celeste no modific\u00f3 su buen andar. Moviendo el bal\u00f3n de gran manera (6 asistencias) logr\u00f3 una ventaja de +8 (23-31). A partir de ah\u00ed, se vio un pasaje de encuentro confuso, con varias perdidas y de poco goleo, favoreciendo esto al local logrando pasar al frente en el tanteador 37 a 36 a falta de un minuto y repartiendo sus anotaciones en Torre (7), Diomedi (4) y Rotta (7). Por parte del visitante, quienes lo mantuvieron en partido fueron Hoffmann y Barba (6 cada uno).<\/p>\n<p>En el \u00a0tercer cuarto pareci\u00f3 que el visitante tomaba las riendas del juego, impidiendo anotar al local en los primeros 2 minutos y estirando la ventaja (37-45). Pero un tramo de juego favorable al conjunto de \u00c1lvarez, en el que EL Nacional tuvo cinco perdidas, sentenci\u00f3 un parcial de 15 a 4 que lo llev\u00f3 a estar adelante (52-49), gracias al pick and roll entre Torre (8) y Starc (5). A pesar de esto, un cierre fren\u00e9tico de Lucas Chaves con dos triples (uno sobre la chicharra) hizo que su equipo termine el cuarto en ventaja.<\/p>\n<p>No obstante, un arranque de 5 puntos en una misma jugada (triple de Priore + doble de Banegas), llev\u00f3 a un parcial de 8 a 0 que comenz\u00f3 a inclinar el resultado a favor del local. El conjunto de Garc\u00eda -por su parte- no encontr\u00f3 ideas en ataque, \u00a0anotando tan solo un punto en 3m30 de juego (10 en el cuarto). Ambos equipos entraron r\u00e1pidamente en penalizaci\u00f3n, pero esto no perjudic\u00f3 a Alem (11\/14 en libres) quien mantuvo una ventaja de +10 en todo el cuarto. Las 6 perdidas de El Nacional, sumado al buen andar de los internos Starc (7) y Banegas (8), sentenciaron el partido.<\/p>\n<p>&nbsp;<\/p>\n<p><iframe loading=\"lazy\" src=\"https:\/\/www.youtube.com\/embed\/oU2zKCyAbKw\" width=\"560\" height=\"315\" frameborder=\"0\" allowfullscreen=\"allowfullscreen\"><\/iframe><\/p>\n<p>&nbsp;<\/p>\n<p><strong>S\u00edntesis<\/strong> | Primera Divisi\u00f3n \u2013 Oficial \u2013 Fecha #15<\/p>\n<p><strong>L.N. Alem 78:<\/strong> Santiago Torre 17, Augusto Priore 5, Juan Pablo Rotta 18, Fabricio Starc 13, Herman Banegas 14 (FI); Walter Gigena 2, Juan Ignacio Diomedi 9 y Genaro Priore 0. DT: Alejandro \u00c1lvarez.<\/p>\n<p><strong>El Nacional<\/strong><strong>\u00a067:<\/strong> Esteban Arteaga 1, Emiliano Iraola 10, Franco Amigo 9, St\u00e9fano Barba 19, Francisco Hoffmann 11\u00a0(x)\u00a0(FI); Gonzalo Etchepare 1, Lucas Chaves 13, Pomar Garbarino 2 y Ferm\u00edn Garmendia 1. DT: Juan Andr\u00e9s Garc\u00eda.<\/p>\n<p><strong>Parciales:\u00a0<\/strong>16-22, 37-40 ( 21- 18), 56-57 (19-17) y 78-67 ( 22-10).<\/p>\n<p><b>\u00c1rbitros<\/b><strong>:\u00a0<\/strong>Horacio Sedan &#8211; Mariano Enrique.<\/p>\n<p><strong>Estadio: <\/strong>Daniel Lacunza<strong>\u00a0<\/strong>(L.N Alem).<\/p>\n<p><b>Colaboraci\u00f3n<\/b><strong>:\u00a0<\/strong>Santiago Guerrero.<\/p>\n<p><a href=\"https:\/\/docs.google.com\/spreadsheets\/d\/1ousg1MPfqI3Fbnx3otnn5dLrGFeuJkuDHvqpVm8anLA\/pubhtml? target=\" target=\"_blank\" rel=\"noopener\">Ver planilla<\/a><\/p>\n","protected":false},"excerpt":{"rendered":"<p>Con 67 puntos de sus titulares y remando de atr\u00e1s, venci\u00f3 a El Nacional 78-67<\/p>\n","protected":false},"author":1,"featured_media":64577,"comment_status":"closed","ping_status":"open","sticky":false,"template":"","format":"standard","meta":{"jnews-multi-image_gallery":[],"jnews_single_post":[],"jnews_primary_category":[],"footnotes":""},"categories":[23,101],"tags":[3,9,242,230,48,79,604,658],"class_list":["post-64554","post","type-post","status-publish","format-standard","has-post-thumbnail","hentry","category-primera","category-slide","tag-alem","tag-el-nacional","tag-fabricio-starc","tag-herman-banegas","tag-juan-pablo-rotta","tag-lucas-chaves","tag-santiago-torre","tag-stefano-barba"],"yoast_head":"<!-- This site is optimized with the Yoast SEO plugin v27.5 - https:\/\/yoast.com\/product\/yoast-seo-wordpress\/ -->\n<title>Alem reaccion\u00f3 a tiempo - Gente de B\u00e1squet<\/title>\n<meta name=\"robots\" content=\"index, follow, max-snippet:-1, max-image-preview:large, max-video-preview:-1\" \/>\n<link rel=\"canonical\" href=\"http:\/\/gentedebasquet.com.ar\/sitio\/2016\/09\/22\/alem-reacciono-a-tiempo\/\" \/>\n<meta property=\"og:locale\" content=\"es_ES\" \/>\n<meta property=\"og:type\" content=\"article\" \/>\n<meta property=\"og:title\" content=\"Alem reaccion\u00f3 a tiempo - Gente de B\u00e1squet\" \/>\n<meta property=\"og:description\" content=\"Con 67 puntos de sus titulares y remando de atr\u00e1s, venci\u00f3 a El Nacional 78-67\" \/>\n<meta property=\"og:url\" content=\"http:\/\/gentedebasquet.com.ar\/sitio\/2016\/09\/22\/alem-reacciono-a-tiempo\/\" \/>\n<meta property=\"og:site_name\" content=\"Gente de B\u00e1squet\" \/>\n<meta property=\"article:published_time\" content=\"2016-09-23T02:31:40+00:00\" \/>\n<meta property=\"og:image\" content=\"http:\/\/gentedebasquet.com.ar\/sitio\/wp-content\/uploads\/2016\/09\/Starc-Alem-El-Nacional.jpg\" \/>\n\t<meta property=\"og:image:width\" content=\"690\" \/>\n\t<meta property=\"og:image:height\" content=\"319\" \/>\n\t<meta property=\"og:image:type\" content=\"image\/jpeg\" \/>\n<meta name=\"author\" content=\"Gente de B\u00e1squet\" \/>\n<meta name=\"twitter:card\" content=\"summary_large_image\" \/>\n<meta name=\"twitter:label1\" content=\"Escrito por\" \/>\n\t<meta name=\"twitter:data1\" content=\"Gente de B\u00e1squet\" \/>\n\t<meta name=\"twitter:label2\" content=\"Tiempo de lectura\" \/>\n\t<meta name=\"twitter:data2\" content=\"3 minutos\" \/>\n<script type=\"application\/ld+json\" class=\"yoast-schema-graph\">{\"@context\":\"https:\\\/\\\/schema.org\",\"@graph\":[{\"@type\":\"Article\",\"@id\":\"http:\\\/\\\/gentedebasquet.com.ar\\\/sitio\\\/2016\\\/09\\\/22\\\/alem-reacciono-a-tiempo\\\/#article\",\"isPartOf\":{\"@id\":\"http:\\\/\\\/gentedebasquet.com.ar\\\/sitio\\\/2016\\\/09\\\/22\\\/alem-reacciono-a-tiempo\\\/\"},\"author\":{\"name\":\"Gente de B\u00e1squet\",\"@id\":\"https:\\\/\\\/gentedebasquet.com.ar\\\/sitio\\\/#\\\/schema\\\/person\\\/ca0b63bbb977369988a7bbbdc519943a\"},\"headline\":\"Alem reaccion\u00f3 a tiempo\",\"datePublished\":\"2016-09-23T02:31:40+00:00\",\"mainEntityOfPage\":{\"@id\":\"http:\\\/\\\/gentedebasquet.com.ar\\\/sitio\\\/2016\\\/09\\\/22\\\/alem-reacciono-a-tiempo\\\/\"},\"wordCount\":576,\"image\":{\"@id\":\"http:\\\/\\\/gentedebasquet.com.ar\\\/sitio\\\/2016\\\/09\\\/22\\\/alem-reacciono-a-tiempo\\\/#primaryimage\"},\"thumbnailUrl\":\"http:\\\/\\\/gentedebasquet.com.ar\\\/sitio\\\/wp-content\\\/uploads\\\/2016\\\/09\\\/Starc-Alem-El-Nacional.jpg\",\"keywords\":[\"Alem\",\"El Nacional\",\"Fabricio Starc\",\"Herman Banegas\",\"Juan Pablo Rotta\",\"Lucas Chaves\",\"Santiago Torre\",\"St\u00e9fano Barba\"],\"articleSection\":[\"Primera\",\"Slide\"],\"inLanguage\":\"es\"},{\"@type\":\"WebPage\",\"@id\":\"http:\\\/\\\/gentedebasquet.com.ar\\\/sitio\\\/2016\\\/09\\\/22\\\/alem-reacciono-a-tiempo\\\/\",\"url\":\"http:\\\/\\\/gentedebasquet.com.ar\\\/sitio\\\/2016\\\/09\\\/22\\\/alem-reacciono-a-tiempo\\\/\",\"name\":\"Alem reaccion\u00f3 a tiempo - Gente de B\u00e1squet\",\"isPartOf\":{\"@id\":\"https:\\\/\\\/gentedebasquet.com.ar\\\/sitio\\\/#website\"},\"primaryImageOfPage\":{\"@id\":\"http:\\\/\\\/gentedebasquet.com.ar\\\/sitio\\\/2016\\\/09\\\/22\\\/alem-reacciono-a-tiempo\\\/#primaryimage\"},\"image\":{\"@id\":\"http:\\\/\\\/gentedebasquet.com.ar\\\/sitio\\\/2016\\\/09\\\/22\\\/alem-reacciono-a-tiempo\\\/#primaryimage\"},\"thumbnailUrl\":\"http:\\\/\\\/gentedebasquet.com.ar\\\/sitio\\\/wp-content\\\/uploads\\\/2016\\\/09\\\/Starc-Alem-El-Nacional.jpg\",\"datePublished\":\"2016-09-23T02:31:40+00:00\",\"author\":{\"@id\":\"https:\\\/\\\/gentedebasquet.com.ar\\\/sitio\\\/#\\\/schema\\\/person\\\/ca0b63bbb977369988a7bbbdc519943a\"},\"breadcrumb\":{\"@id\":\"http:\\\/\\\/gentedebasquet.com.ar\\\/sitio\\\/2016\\\/09\\\/22\\\/alem-reacciono-a-tiempo\\\/#breadcrumb\"},\"inLanguage\":\"es\",\"potentialAction\":[{\"@type\":\"ReadAction\",\"target\":[\"http:\\\/\\\/gentedebasquet.com.ar\\\/sitio\\\/2016\\\/09\\\/22\\\/alem-reacciono-a-tiempo\\\/\"]}]},{\"@type\":\"ImageObject\",\"inLanguage\":\"es\",\"@id\":\"http:\\\/\\\/gentedebasquet.com.ar\\\/sitio\\\/2016\\\/09\\\/22\\\/alem-reacciono-a-tiempo\\\/#primaryimage\",\"url\":\"http:\\\/\\\/gentedebasquet.com.ar\\\/sitio\\\/wp-content\\\/uploads\\\/2016\\\/09\\\/Starc-Alem-El-Nacional.jpg\",\"contentUrl\":\"http:\\\/\\\/gentedebasquet.com.ar\\\/sitio\\\/wp-content\\\/uploads\\\/2016\\\/09\\\/Starc-Alem-El-Nacional.jpg\",\"width\":690,\"height\":319},{\"@type\":\"BreadcrumbList\",\"@id\":\"http:\\\/\\\/gentedebasquet.com.ar\\\/sitio\\\/2016\\\/09\\\/22\\\/alem-reacciono-a-tiempo\\\/#breadcrumb\",\"itemListElement\":[{\"@type\":\"ListItem\",\"position\":1,\"name\":\"Portada\",\"item\":\"https:\\\/\\\/gentedebasquet.com.ar\\\/sitio\\\/\"},{\"@type\":\"ListItem\",\"position\":2,\"name\":\"Alem reaccion\u00f3 a tiempo\"}]},{\"@type\":\"WebSite\",\"@id\":\"https:\\\/\\\/gentedebasquet.com.ar\\\/sitio\\\/#website\",\"url\":\"https:\\\/\\\/gentedebasquet.com.ar\\\/sitio\\\/\",\"name\":\"Gente de B\u00e1squet\",\"description\":\"La revista del basquet de Bah\u00eda Blanca\",\"potentialAction\":[{\"@type\":\"SearchAction\",\"target\":{\"@type\":\"EntryPoint\",\"urlTemplate\":\"https:\\\/\\\/gentedebasquet.com.ar\\\/sitio\\\/?s={search_term_string}\"},\"query-input\":{\"@type\":\"PropertyValueSpecification\",\"valueRequired\":true,\"valueName\":\"search_term_string\"}}],\"inLanguage\":\"es\"},{\"@type\":\"Person\",\"@id\":\"https:\\\/\\\/gentedebasquet.com.ar\\\/sitio\\\/#\\\/schema\\\/person\\\/ca0b63bbb977369988a7bbbdc519943a\",\"name\":\"Gente de B\u00e1squet\",\"image\":{\"@type\":\"ImageObject\",\"inLanguage\":\"es\",\"@id\":\"https:\\\/\\\/secure.gravatar.com\\\/avatar\\\/7f2c48bdc33b30088f941fb6082e555f2874c98e20cb159d7b92b50eadfce793?s=96&d=mm&r=g\",\"url\":\"https:\\\/\\\/secure.gravatar.com\\\/avatar\\\/7f2c48bdc33b30088f941fb6082e555f2874c98e20cb159d7b92b50eadfce793?s=96&d=mm&r=g\",\"contentUrl\":\"https:\\\/\\\/secure.gravatar.com\\\/avatar\\\/7f2c48bdc33b30088f941fb6082e555f2874c98e20cb159d7b92b50eadfce793?s=96&d=mm&r=g\",\"caption\":\"Gente de B\u00e1squet\"},\"sameAs\":[\"http:\\\/\\\/gentedebasquet.com.ar\\\/sitio\"],\"url\":\"http:\\\/\\\/gentedebasquet.com.ar\\\/sitio\\\/author\\\/ulises\\\/\"}]}<\/script>\n<!-- \/ Yoast SEO plugin. -->","yoast_head_json":{"title":"Alem reaccion\u00f3 a tiempo - Gente de B\u00e1squet","robots":{"index":"index","follow":"follow","max-snippet":"max-snippet:-1","max-image-preview":"max-image-preview:large","max-video-preview":"max-video-preview:-1"},"canonical":"http:\/\/gentedebasquet.com.ar\/sitio\/2016\/09\/22\/alem-reacciono-a-tiempo\/","og_locale":"es_ES","og_type":"article","og_title":"Alem reaccion\u00f3 a tiempo - Gente de B\u00e1squet","og_description":"Con 67 puntos de sus titulares y remando de atr\u00e1s, venci\u00f3 a El Nacional 78-67","og_url":"http:\/\/gentedebasquet.com.ar\/sitio\/2016\/09\/22\/alem-reacciono-a-tiempo\/","og_site_name":"Gente de B\u00e1squet","article_published_time":"2016-09-23T02:31:40+00:00","og_image":[{"width":690,"height":319,"url":"http:\/\/gentedebasquet.com.ar\/sitio\/wp-content\/uploads\/2016\/09\/Starc-Alem-El-Nacional.jpg","type":"image\/jpeg"}],"author":"Gente de B\u00e1squet","twitter_card":"summary_large_image","twitter_misc":{"Escrito por":"Gente de B\u00e1squet","Tiempo de lectura":"3 minutos"},"schema":{"@context":"https:\/\/schema.org","@graph":[{"@type":"Article","@id":"http:\/\/gentedebasquet.com.ar\/sitio\/2016\/09\/22\/alem-reacciono-a-tiempo\/#article","isPartOf":{"@id":"http:\/\/gentedebasquet.com.ar\/sitio\/2016\/09\/22\/alem-reacciono-a-tiempo\/"},"author":{"name":"Gente de B\u00e1squet","@id":"https:\/\/gentedebasquet.com.ar\/sitio\/#\/schema\/person\/ca0b63bbb977369988a7bbbdc519943a"},"headline":"Alem reaccion\u00f3 a tiempo","datePublished":"2016-09-23T02:31:40+00:00","mainEntityOfPage":{"@id":"http:\/\/gentedebasquet.com.ar\/sitio\/2016\/09\/22\/alem-reacciono-a-tiempo\/"},"wordCount":576,"image":{"@id":"http:\/\/gentedebasquet.com.ar\/sitio\/2016\/09\/22\/alem-reacciono-a-tiempo\/#primaryimage"},"thumbnailUrl":"http:\/\/gentedebasquet.com.ar\/sitio\/wp-content\/uploads\/2016\/09\/Starc-Alem-El-Nacional.jpg","keywords":["Alem","El Nacional","Fabricio Starc","Herman Banegas","Juan Pablo Rotta","Lucas Chaves","Santiago Torre","St\u00e9fano Barba"],"articleSection":["Primera","Slide"],"inLanguage":"es"},{"@type":"WebPage","@id":"http:\/\/gentedebasquet.com.ar\/sitio\/2016\/09\/22\/alem-reacciono-a-tiempo\/","url":"http:\/\/gentedebasquet.com.ar\/sitio\/2016\/09\/22\/alem-reacciono-a-tiempo\/","name":"Alem reaccion\u00f3 a tiempo - Gente de B\u00e1squet","isPartOf":{"@id":"https:\/\/gentedebasquet.com.ar\/sitio\/#website"},"primaryImageOfPage":{"@id":"http:\/\/gentedebasquet.com.ar\/sitio\/2016\/09\/22\/alem-reacciono-a-tiempo\/#primaryimage"},"image":{"@id":"http:\/\/gentedebasquet.com.ar\/sitio\/2016\/09\/22\/alem-reacciono-a-tiempo\/#primaryimage"},"thumbnailUrl":"http:\/\/gentedebasquet.com.ar\/sitio\/wp-content\/uploads\/2016\/09\/Starc-Alem-El-Nacional.jpg","datePublished":"2016-09-23T02:31:40+00:00","author":{"@id":"https:\/\/gentedebasquet.com.ar\/sitio\/#\/schema\/person\/ca0b63bbb977369988a7bbbdc519943a"},"breadcrumb":{"@id":"http:\/\/gentedebasquet.com.ar\/sitio\/2016\/09\/22\/alem-reacciono-a-tiempo\/#breadcrumb"},"inLanguage":"es","potentialAction":[{"@type":"ReadAction","target":["http:\/\/gentedebasquet.com.ar\/sitio\/2016\/09\/22\/alem-reacciono-a-tiempo\/"]}]},{"@type":"ImageObject","inLanguage":"es","@id":"http:\/\/gentedebasquet.com.ar\/sitio\/2016\/09\/22\/alem-reacciono-a-tiempo\/#primaryimage","url":"http:\/\/gentedebasquet.com.ar\/sitio\/wp-content\/uploads\/2016\/09\/Starc-Alem-El-Nacional.jpg","contentUrl":"http:\/\/gentedebasquet.com.ar\/sitio\/wp-content\/uploads\/2016\/09\/Starc-Alem-El-Nacional.jpg","width":690,"height":319},{"@type":"BreadcrumbList","@id":"http:\/\/gentedebasquet.com.ar\/sitio\/2016\/09\/22\/alem-reacciono-a-tiempo\/#breadcrumb","itemListElement":[{"@type":"ListItem","position":1,"name":"Portada","item":"https:\/\/gentedebasquet.com.ar\/sitio\/"},{"@type":"ListItem","position":2,"name":"Alem reaccion\u00f3 a tiempo"}]},{"@type":"WebSite","@id":"https:\/\/gentedebasquet.com.ar\/sitio\/#website","url":"https:\/\/gentedebasquet.com.ar\/sitio\/","name":"Gente de B\u00e1squet","description":"La revista del basquet de Bah\u00eda Blanca","potentialAction":[{"@type":"SearchAction","target":{"@type":"EntryPoint","urlTemplate":"https:\/\/gentedebasquet.com.ar\/sitio\/?s={search_term_string}"},"query-input":{"@type":"PropertyValueSpecification","valueRequired":true,"valueName":"search_term_string"}}],"inLanguage":"es"},{"@type":"Person","@id":"https:\/\/gentedebasquet.com.ar\/sitio\/#\/schema\/person\/ca0b63bbb977369988a7bbbdc519943a","name":"Gente de B\u00e1squet","image":{"@type":"ImageObject","inLanguage":"es","@id":"https:\/\/secure.gravatar.com\/avatar\/7f2c48bdc33b30088f941fb6082e555f2874c98e20cb159d7b92b50eadfce793?s=96&d=mm&r=g","url":"https:\/\/secure.gravatar.com\/avatar\/7f2c48bdc33b30088f941fb6082e555f2874c98e20cb159d7b92b50eadfce793?s=96&d=mm&r=g","contentUrl":"https:\/\/secure.gravatar.com\/avatar\/7f2c48bdc33b30088f941fb6082e555f2874c98e20cb159d7b92b50eadfce793?s=96&d=mm&r=g","caption":"Gente de B\u00e1squet"},"sameAs":["http:\/\/gentedebasquet.com.ar\/sitio"],"url":"http:\/\/gentedebasquet.com.ar\/sitio\/author\/ulises\/"}]}},"_links":{"self":[{"href":"http:\/\/gentedebasquet.com.ar\/sitio\/wp-json\/wp\/v2\/posts\/64554","targetHints":{"allow":["GET"]}}],"collection":[{"href":"http:\/\/gentedebasquet.com.ar\/sitio\/wp-json\/wp\/v2\/posts"}],"about":[{"href":"http:\/\/gentedebasquet.com.ar\/sitio\/wp-json\/wp\/v2\/types\/post"}],"author":[{"embeddable":true,"href":"http:\/\/gentedebasquet.com.ar\/sitio\/wp-json\/wp\/v2\/users\/1"}],"replies":[{"embeddable":true,"href":"http:\/\/gentedebasquet.com.ar\/sitio\/wp-json\/wp\/v2\/comments?post=64554"}],"version-history":[{"count":0,"href":"http:\/\/gentedebasquet.com.ar\/sitio\/wp-json\/wp\/v2\/posts\/64554\/revisions"}],"wp:featuredmedia":[{"embeddable":true,"href":"http:\/\/gentedebasquet.com.ar\/sitio\/wp-json\/wp\/v2\/media\/64577"}],"wp:attachment":[{"href":"http:\/\/gentedebasquet.com.ar\/sitio\/wp-json\/wp\/v2\/media?parent=64554"}],"wp:term":[{"taxonomy":"category","embeddable":true,"href":"http:\/\/gentedebasquet.com.ar\/sitio\/wp-json\/wp\/v2\/categories?post=64554"},{"taxonomy":"post_tag","embeddable":true,"href":"http:\/\/gentedebasquet.com.ar\/sitio\/wp-json\/wp\/v2\/tags?post=64554"}],"curies":[{"name":"wp","href":"https:\/\/api.w.org\/{rel}","templated":true}]}}