{"id":64557,"date":"2016-09-22T23:48:01","date_gmt":"2016-09-23T02:48:01","guid":{"rendered":"http:\/\/www.gentedebasquet.com.ar\/?p=64557"},"modified":"2016-09-22T23:48:01","modified_gmt":"2016-09-23T02:48:01","slug":"desde-adentro","status":"publish","type":"post","link":"http:\/\/gentedebasquet.com.ar\/sitio\/2016\/09\/22\/desde-adentro\/","title":{"rendered":"Desde adentro"},"content":{"rendered":"<p><strong>Villa Mitre, como visitante, \u00a0sac\u00f3 adelante un partido que tuvo cuesta arriba durante la mayor\u00eda de su desarrollo, y con un parcial de 16-0 en el cierre, se qued\u00f3 con el cl\u00e1sico ante Olimpo por 81-70 y le cort\u00f3 una racha de 10 \u00e9xitos consecutivos.\u00a0 Gran responsabilidad tuvieron los internos de tricolor en la victoria: David Pineda sum\u00f3 21 puntos, Ramiro Heinrich 18, y Javier Bollo totaliz\u00f3 un doble doble (16 y 10 rebotes).\u00a0 En el aurinegro, no alcanz\u00f3 con el goleo de cinco jugadores en doble d\u00edgito, en donde sobresali\u00f3 Juan Ignacio Reiner (15). \u00a0No fue de la partida Cristian Miguel, debido a que ya concret\u00f3 su v\u00ednculo con el conjunto de Ariel Ugolini, para disputar la pr\u00f3xima temporada del Torneo Federal de B\u00e1squet.<\/strong><\/p>\n<p><strong>Desde el minuto cero <\/strong>fue que Villa Mitre mostr\u00f3 su principal carta (el juego de poste bajo) ante la fuerte marca perimetral del local, y gracias a en\u00e9rgicos arranques de Bollo (9) y Pineda (6) sac\u00f3 la primera ventaja importante de la tarde noche (13-18 en 5m31). Olimpo comenz\u00f3 a presionar la salida del tricolor con zona press 2-1-2 o marca hombre a hombre en toda la cancha, y cambi\u00f3 la cara con un buen ingreso de Jorge Garc\u00eda (5), pero el segmento fue igualmente favorable a la visita (23-25).<\/p>\n<p><strong>Pero el tricolor entr\u00f3 en una sequ\u00eda ofensiva en el 2C.<\/strong>\u00a0 Pas\u00f3 3m30 sin anotar (0-5 de campo) y entr\u00f3 r\u00e1pidamente en penalizaci\u00f3n por cuarta falta de equipo.\u00a0 Con el ingreso de Mat\u00edas Chaves jugando el 1v1 y aprovechando las cuantiosas faltas que recibi\u00f3 por parte de Villa Mitre (7-8 en t1), fue que Olimpo sac\u00f3 la ventaja m\u00e1xima que goz\u00f3 en todo el partido (45-37 a falta de 1m para el entretiempo), que s\u00f3lo fue limada por una bandeja de Marcelo Berdini al descanso largo (45-39).<\/p>\n<blockquote><p>Ganar hoy es muy importante para nosotros, porque podemos aprovechar mejor el descanso antes de el partido contra Estrella. \u00a0Tuvimos buen juego abajo del aro, adem\u00e1s ellos (por Olimpo) se cargaron bastante de faltas, por lo que se nos facilit\u00f3 m\u00e1s jugar. \u00a0Adem\u00e1s, pudimos meter la pelota desde afuera en el cierre, en el momento m\u00e1s oportuno (David Pineda)<\/p><\/blockquote>\n<p><strong>En la reanudaci\u00f3n del partido<\/strong>, Villa Mitre volvi\u00f3 a apostar por colocar la pelota en la pintura, y nuevamente Pineda (4) m\u00e1s un enorme pasaje de Heinrich tambi\u00e9n, aprovechando viajes a la l\u00ednea (9 puntos, 7-8 en t1) pusieron en juego al tricolor (51-48 en 4m).\u00a0 Pero Ramiro debi\u00f3 volver al banco por sumar su cuarta falta personal, y el tricolor volvi\u00f3 a caer en una meseta ofensiva que Olimpo, con el goleo exterior de Reiner (2-3) aprovechando bloqueos de Garc\u00eda y S\u00e1nchez, m\u00e1s los ataques al aro de Facundo Arens (6), utiliz\u00f3 para volver a ampliar algo la ventaja en el marcador.<\/p>\n<p><strong>Pero el encuentro tom\u00f3 un giro de 180\u00ba en su final.\u00a0 <\/strong>Olimpo comenz\u00f3 a ceder en la defensa en el per\u00edmetro y a Villa Mitre, que hasta ese momento tuvo una noche para el olvido detr\u00e1s de la medialuna (2-12) se le abri\u00f3 el aro a larga distancia.\u00a0 Con dos bombazos de Germ\u00e1n Andr\u00e9s, uno de Mat\u00edas Monteoliva, m\u00e1s, de nuevo, intervenciones de Pineda y Bollo a boca de jarro, el tricolor propin\u00f3 a su n\u00e9mesis un contundente parcial de 16-0 en casi 5m que pr\u00e1cticamente le termin\u00f3 sellando el triunfo, a falta de 2m (68-77). El aurinegro apost\u00f3 con la envergadura de Bettiga hacia el aro y un par de tiros de Reiner\u00a0 y Chaves desde un lateral, pero no pudo conectar y Gast\u00f3n Diomedi, con un par de acciones de 1v1, puso n\u00fameros finales a un nuevo cl\u00e1sico: 70-81.<\/p>\n<p>&nbsp;<\/p>\n<p>[youtube]https:\/\/youtu.be\/Ndnvpij8pbU[\/youtube]<\/p>\n<p>&nbsp;<\/p>\n<p><strong>S\u00edntesis| <\/strong>Primera Divisi\u00f3n \u2013 Torneo Oficial \u2013 Fecha #15<\/p>\n<p><strong>Olimpo 70: <\/strong>Juan Ignacio Reiner 15, Facundo Arens 6, Cristian Victoria 2, Valent\u00edn Bettiga 11, Agust\u00edn S\u00e1nchez 11 (x) (FI);\u00a0 Joaqu\u00edn Godio 0, Mat\u00edas Chaves 12, Jorge Garc\u00eda 11, Lahuel Silva 2 (x), Juli\u00e1n Carpenzano 0.\u00a0 D.T: Juan Manuel Dobal.<\/p>\n<p><strong>Villa Mitre 81: <\/strong>Marcelo Berdini 5, Germ\u00e1n Andr\u00e9s 8, Nicol\u00e1s Renzi 5, David Pineda 21, Javier Bollo 16 (FI); Gast\u00f3n Diomedi 8, Ramiro Heinrich 16, Mat\u00edas Monteoliva 3.\u00a0 D.T: Ariel Ugolini.<\/p>\n<p><strong>Parciales:<\/strong> 23-25, 45-39, 64-59.<\/p>\n<p><strong>\u00c1rbitros: <\/strong>Miguel Firpo \u2013 Javier S\u00e1nchez.<\/p>\n<p><strong>Estadio: <\/strong>Norberto Tom\u00e1s (Olimpo).<\/p>\n<p><a class=\"modalf iframe\" title=\"Planilla\" href=\"https:\/\/docs.google.com\/spreadsheets\/d\/1RzOW69IFr3X3JQqZb4c7nNLQkhz7QJ5pH37mEWw94SE\/pubhtml\" target=\"_blank\" rel=\"noopener\">Ver Planilla<\/a><\/p>\n","protected":false},"excerpt":{"rendered":"<p>Con destacada labor de sus internos, Villa Mitre derrot\u00f3 en el cl\u00e1sico a Olimpo 81-70<\/p>\n","protected":false},"author":1,"featured_media":64561,"comment_status":"closed","ping_status":"open","sticky":false,"template":"","format":"standard","meta":{"jnews-multi-image_gallery":[],"jnews_single_post":[],"jnews_primary_category":[],"footnotes":""},"categories":[23,101],"tags":[111,228,603,89,212,51,16,53,375,22],"class_list":["post-64557","post","type-post","status-publish","format-standard","has-post-thumbnail","hentry","category-primera","category-slide","tag-agustin-sanchez","tag-david-pineda","tag-javier-bollo","tag-jorge-garcia","tag-juan-ignacio-reiner","tag-matias-chaves","tag-olimpo","tag-ramiro-heinrich","tag-valentin-bettiga","tag-villa-mitre"],"yoast_head":"<!-- This site is optimized with the Yoast SEO plugin v27.5 - https:\/\/yoast.com\/product\/yoast-seo-wordpress\/ -->\n<title>Desde adentro - Gente de B\u00e1squet<\/title>\n<meta name=\"robots\" content=\"index, follow, max-snippet:-1, max-image-preview:large, max-video-preview:-1\" \/>\n<link rel=\"canonical\" href=\"http:\/\/gentedebasquet.com.ar\/sitio\/2016\/09\/22\/desde-adentro\/\" \/>\n<meta property=\"og:locale\" content=\"es_ES\" \/>\n<meta property=\"og:type\" content=\"article\" \/>\n<meta property=\"og:title\" content=\"Desde adentro - Gente de B\u00e1squet\" \/>\n<meta property=\"og:description\" content=\"Con destacada labor de sus internos, Villa Mitre derrot\u00f3 en el cl\u00e1sico a Olimpo 81-70\" \/>\n<meta property=\"og:url\" content=\"http:\/\/gentedebasquet.com.ar\/sitio\/2016\/09\/22\/desde-adentro\/\" \/>\n<meta property=\"og:site_name\" content=\"Gente de B\u00e1squet\" \/>\n<meta property=\"article:published_time\" content=\"2016-09-23T02:48:01+00:00\" \/>\n<meta property=\"og:image\" content=\"http:\/\/gentedebasquet.com.ar\/sitio\/wp-content\/uploads\/2016\/09\/Pineda-Olimpo-Villa-Mitre.jpg\" \/>\n\t<meta property=\"og:image:width\" content=\"690\" \/>\n\t<meta property=\"og:image:height\" content=\"319\" \/>\n\t<meta property=\"og:image:type\" content=\"image\/jpeg\" \/>\n<meta name=\"author\" content=\"Gente de B\u00e1squet\" \/>\n<meta name=\"twitter:card\" content=\"summary_large_image\" \/>\n<meta name=\"twitter:label1\" content=\"Escrito por\" \/>\n\t<meta name=\"twitter:data1\" content=\"Gente de B\u00e1squet\" \/>\n\t<meta name=\"twitter:label2\" content=\"Tiempo de lectura\" \/>\n\t<meta name=\"twitter:data2\" content=\"4 minutos\" \/>\n<script type=\"application\/ld+json\" class=\"yoast-schema-graph\">{\"@context\":\"https:\\\/\\\/schema.org\",\"@graph\":[{\"@type\":\"Article\",\"@id\":\"http:\\\/\\\/gentedebasquet.com.ar\\\/sitio\\\/2016\\\/09\\\/22\\\/desde-adentro\\\/#article\",\"isPartOf\":{\"@id\":\"http:\\\/\\\/gentedebasquet.com.ar\\\/sitio\\\/2016\\\/09\\\/22\\\/desde-adentro\\\/\"},\"author\":{\"name\":\"Gente de B\u00e1squet\",\"@id\":\"https:\\\/\\\/gentedebasquet.com.ar\\\/sitio\\\/#\\\/schema\\\/person\\\/ca0b63bbb977369988a7bbbdc519943a\"},\"headline\":\"Desde adentro\",\"datePublished\":\"2016-09-23T02:48:01+00:00\",\"mainEntityOfPage\":{\"@id\":\"http:\\\/\\\/gentedebasquet.com.ar\\\/sitio\\\/2016\\\/09\\\/22\\\/desde-adentro\\\/\"},\"wordCount\":730,\"image\":{\"@id\":\"http:\\\/\\\/gentedebasquet.com.ar\\\/sitio\\\/2016\\\/09\\\/22\\\/desde-adentro\\\/#primaryimage\"},\"thumbnailUrl\":\"http:\\\/\\\/gentedebasquet.com.ar\\\/sitio\\\/wp-content\\\/uploads\\\/2016\\\/09\\\/Pineda-Olimpo-Villa-Mitre.jpg\",\"keywords\":[\"Agust\u00edn S\u00e1nchez\",\"David Pineda\",\"Javier Bollo\",\"Jorge Garc\u00eda\",\"Juan Ignacio Reiner\",\"Mat\u00edas Chaves\",\"Ol\u00edmpo\",\"Ramiro Heinrich\",\"Valent\u00edn Bettiga\",\"Villa Mitre\"],\"articleSection\":[\"Primera\",\"Slide\"],\"inLanguage\":\"es\"},{\"@type\":\"WebPage\",\"@id\":\"http:\\\/\\\/gentedebasquet.com.ar\\\/sitio\\\/2016\\\/09\\\/22\\\/desde-adentro\\\/\",\"url\":\"http:\\\/\\\/gentedebasquet.com.ar\\\/sitio\\\/2016\\\/09\\\/22\\\/desde-adentro\\\/\",\"name\":\"Desde adentro - Gente de B\u00e1squet\",\"isPartOf\":{\"@id\":\"https:\\\/\\\/gentedebasquet.com.ar\\\/sitio\\\/#website\"},\"primaryImageOfPage\":{\"@id\":\"http:\\\/\\\/gentedebasquet.com.ar\\\/sitio\\\/2016\\\/09\\\/22\\\/desde-adentro\\\/#primaryimage\"},\"image\":{\"@id\":\"http:\\\/\\\/gentedebasquet.com.ar\\\/sitio\\\/2016\\\/09\\\/22\\\/desde-adentro\\\/#primaryimage\"},\"thumbnailUrl\":\"http:\\\/\\\/gentedebasquet.com.ar\\\/sitio\\\/wp-content\\\/uploads\\\/2016\\\/09\\\/Pineda-Olimpo-Villa-Mitre.jpg\",\"datePublished\":\"2016-09-23T02:48:01+00:00\",\"author\":{\"@id\":\"https:\\\/\\\/gentedebasquet.com.ar\\\/sitio\\\/#\\\/schema\\\/person\\\/ca0b63bbb977369988a7bbbdc519943a\"},\"breadcrumb\":{\"@id\":\"http:\\\/\\\/gentedebasquet.com.ar\\\/sitio\\\/2016\\\/09\\\/22\\\/desde-adentro\\\/#breadcrumb\"},\"inLanguage\":\"es\",\"potentialAction\":[{\"@type\":\"ReadAction\",\"target\":[\"http:\\\/\\\/gentedebasquet.com.ar\\\/sitio\\\/2016\\\/09\\\/22\\\/desde-adentro\\\/\"]}]},{\"@type\":\"ImageObject\",\"inLanguage\":\"es\",\"@id\":\"http:\\\/\\\/gentedebasquet.com.ar\\\/sitio\\\/2016\\\/09\\\/22\\\/desde-adentro\\\/#primaryimage\",\"url\":\"http:\\\/\\\/gentedebasquet.com.ar\\\/sitio\\\/wp-content\\\/uploads\\\/2016\\\/09\\\/Pineda-Olimpo-Villa-Mitre.jpg\",\"contentUrl\":\"http:\\\/\\\/gentedebasquet.com.ar\\\/sitio\\\/wp-content\\\/uploads\\\/2016\\\/09\\\/Pineda-Olimpo-Villa-Mitre.jpg\",\"width\":690,\"height\":319},{\"@type\":\"BreadcrumbList\",\"@id\":\"http:\\\/\\\/gentedebasquet.com.ar\\\/sitio\\\/2016\\\/09\\\/22\\\/desde-adentro\\\/#breadcrumb\",\"itemListElement\":[{\"@type\":\"ListItem\",\"position\":1,\"name\":\"Portada\",\"item\":\"https:\\\/\\\/gentedebasquet.com.ar\\\/sitio\\\/\"},{\"@type\":\"ListItem\",\"position\":2,\"name\":\"Desde adentro\"}]},{\"@type\":\"WebSite\",\"@id\":\"https:\\\/\\\/gentedebasquet.com.ar\\\/sitio\\\/#website\",\"url\":\"https:\\\/\\\/gentedebasquet.com.ar\\\/sitio\\\/\",\"name\":\"Gente de B\u00e1squet\",\"description\":\"La revista del basquet de Bah\u00eda Blanca\",\"potentialAction\":[{\"@type\":\"SearchAction\",\"target\":{\"@type\":\"EntryPoint\",\"urlTemplate\":\"https:\\\/\\\/gentedebasquet.com.ar\\\/sitio\\\/?s={search_term_string}\"},\"query-input\":{\"@type\":\"PropertyValueSpecification\",\"valueRequired\":true,\"valueName\":\"search_term_string\"}}],\"inLanguage\":\"es\"},{\"@type\":\"Person\",\"@id\":\"https:\\\/\\\/gentedebasquet.com.ar\\\/sitio\\\/#\\\/schema\\\/person\\\/ca0b63bbb977369988a7bbbdc519943a\",\"name\":\"Gente de B\u00e1squet\",\"image\":{\"@type\":\"ImageObject\",\"inLanguage\":\"es\",\"@id\":\"https:\\\/\\\/secure.gravatar.com\\\/avatar\\\/7f2c48bdc33b30088f941fb6082e555f2874c98e20cb159d7b92b50eadfce793?s=96&d=mm&r=g\",\"url\":\"https:\\\/\\\/secure.gravatar.com\\\/avatar\\\/7f2c48bdc33b30088f941fb6082e555f2874c98e20cb159d7b92b50eadfce793?s=96&d=mm&r=g\",\"contentUrl\":\"https:\\\/\\\/secure.gravatar.com\\\/avatar\\\/7f2c48bdc33b30088f941fb6082e555f2874c98e20cb159d7b92b50eadfce793?s=96&d=mm&r=g\",\"caption\":\"Gente de B\u00e1squet\"},\"sameAs\":[\"http:\\\/\\\/gentedebasquet.com.ar\\\/sitio\"],\"url\":\"http:\\\/\\\/gentedebasquet.com.ar\\\/sitio\\\/author\\\/ulises\\\/\"}]}<\/script>\n<!-- \/ Yoast SEO plugin. -->","yoast_head_json":{"title":"Desde adentro - Gente de B\u00e1squet","robots":{"index":"index","follow":"follow","max-snippet":"max-snippet:-1","max-image-preview":"max-image-preview:large","max-video-preview":"max-video-preview:-1"},"canonical":"http:\/\/gentedebasquet.com.ar\/sitio\/2016\/09\/22\/desde-adentro\/","og_locale":"es_ES","og_type":"article","og_title":"Desde adentro - Gente de B\u00e1squet","og_description":"Con destacada labor de sus internos, Villa Mitre derrot\u00f3 en el cl\u00e1sico a Olimpo 81-70","og_url":"http:\/\/gentedebasquet.com.ar\/sitio\/2016\/09\/22\/desde-adentro\/","og_site_name":"Gente de B\u00e1squet","article_published_time":"2016-09-23T02:48:01+00:00","og_image":[{"width":690,"height":319,"url":"http:\/\/gentedebasquet.com.ar\/sitio\/wp-content\/uploads\/2016\/09\/Pineda-Olimpo-Villa-Mitre.jpg","type":"image\/jpeg"}],"author":"Gente de B\u00e1squet","twitter_card":"summary_large_image","twitter_misc":{"Escrito por":"Gente de B\u00e1squet","Tiempo de lectura":"4 minutos"},"schema":{"@context":"https:\/\/schema.org","@graph":[{"@type":"Article","@id":"http:\/\/gentedebasquet.com.ar\/sitio\/2016\/09\/22\/desde-adentro\/#article","isPartOf":{"@id":"http:\/\/gentedebasquet.com.ar\/sitio\/2016\/09\/22\/desde-adentro\/"},"author":{"name":"Gente de B\u00e1squet","@id":"https:\/\/gentedebasquet.com.ar\/sitio\/#\/schema\/person\/ca0b63bbb977369988a7bbbdc519943a"},"headline":"Desde adentro","datePublished":"2016-09-23T02:48:01+00:00","mainEntityOfPage":{"@id":"http:\/\/gentedebasquet.com.ar\/sitio\/2016\/09\/22\/desde-adentro\/"},"wordCount":730,"image":{"@id":"http:\/\/gentedebasquet.com.ar\/sitio\/2016\/09\/22\/desde-adentro\/#primaryimage"},"thumbnailUrl":"http:\/\/gentedebasquet.com.ar\/sitio\/wp-content\/uploads\/2016\/09\/Pineda-Olimpo-Villa-Mitre.jpg","keywords":["Agust\u00edn S\u00e1nchez","David Pineda","Javier Bollo","Jorge Garc\u00eda","Juan Ignacio Reiner","Mat\u00edas Chaves","Ol\u00edmpo","Ramiro Heinrich","Valent\u00edn Bettiga","Villa Mitre"],"articleSection":["Primera","Slide"],"inLanguage":"es"},{"@type":"WebPage","@id":"http:\/\/gentedebasquet.com.ar\/sitio\/2016\/09\/22\/desde-adentro\/","url":"http:\/\/gentedebasquet.com.ar\/sitio\/2016\/09\/22\/desde-adentro\/","name":"Desde adentro - Gente de B\u00e1squet","isPartOf":{"@id":"https:\/\/gentedebasquet.com.ar\/sitio\/#website"},"primaryImageOfPage":{"@id":"http:\/\/gentedebasquet.com.ar\/sitio\/2016\/09\/22\/desde-adentro\/#primaryimage"},"image":{"@id":"http:\/\/gentedebasquet.com.ar\/sitio\/2016\/09\/22\/desde-adentro\/#primaryimage"},"thumbnailUrl":"http:\/\/gentedebasquet.com.ar\/sitio\/wp-content\/uploads\/2016\/09\/Pineda-Olimpo-Villa-Mitre.jpg","datePublished":"2016-09-23T02:48:01+00:00","author":{"@id":"https:\/\/gentedebasquet.com.ar\/sitio\/#\/schema\/person\/ca0b63bbb977369988a7bbbdc519943a"},"breadcrumb":{"@id":"http:\/\/gentedebasquet.com.ar\/sitio\/2016\/09\/22\/desde-adentro\/#breadcrumb"},"inLanguage":"es","potentialAction":[{"@type":"ReadAction","target":["http:\/\/gentedebasquet.com.ar\/sitio\/2016\/09\/22\/desde-adentro\/"]}]},{"@type":"ImageObject","inLanguage":"es","@id":"http:\/\/gentedebasquet.com.ar\/sitio\/2016\/09\/22\/desde-adentro\/#primaryimage","url":"http:\/\/gentedebasquet.com.ar\/sitio\/wp-content\/uploads\/2016\/09\/Pineda-Olimpo-Villa-Mitre.jpg","contentUrl":"http:\/\/gentedebasquet.com.ar\/sitio\/wp-content\/uploads\/2016\/09\/Pineda-Olimpo-Villa-Mitre.jpg","width":690,"height":319},{"@type":"BreadcrumbList","@id":"http:\/\/gentedebasquet.com.ar\/sitio\/2016\/09\/22\/desde-adentro\/#breadcrumb","itemListElement":[{"@type":"ListItem","position":1,"name":"Portada","item":"https:\/\/gentedebasquet.com.ar\/sitio\/"},{"@type":"ListItem","position":2,"name":"Desde adentro"}]},{"@type":"WebSite","@id":"https:\/\/gentedebasquet.com.ar\/sitio\/#website","url":"https:\/\/gentedebasquet.com.ar\/sitio\/","name":"Gente de B\u00e1squet","description":"La revista del basquet de Bah\u00eda Blanca","potentialAction":[{"@type":"SearchAction","target":{"@type":"EntryPoint","urlTemplate":"https:\/\/gentedebasquet.com.ar\/sitio\/?s={search_term_string}"},"query-input":{"@type":"PropertyValueSpecification","valueRequired":true,"valueName":"search_term_string"}}],"inLanguage":"es"},{"@type":"Person","@id":"https:\/\/gentedebasquet.com.ar\/sitio\/#\/schema\/person\/ca0b63bbb977369988a7bbbdc519943a","name":"Gente de B\u00e1squet","image":{"@type":"ImageObject","inLanguage":"es","@id":"https:\/\/secure.gravatar.com\/avatar\/7f2c48bdc33b30088f941fb6082e555f2874c98e20cb159d7b92b50eadfce793?s=96&d=mm&r=g","url":"https:\/\/secure.gravatar.com\/avatar\/7f2c48bdc33b30088f941fb6082e555f2874c98e20cb159d7b92b50eadfce793?s=96&d=mm&r=g","contentUrl":"https:\/\/secure.gravatar.com\/avatar\/7f2c48bdc33b30088f941fb6082e555f2874c98e20cb159d7b92b50eadfce793?s=96&d=mm&r=g","caption":"Gente de B\u00e1squet"},"sameAs":["http:\/\/gentedebasquet.com.ar\/sitio"],"url":"http:\/\/gentedebasquet.com.ar\/sitio\/author\/ulises\/"}]}},"_links":{"self":[{"href":"http:\/\/gentedebasquet.com.ar\/sitio\/wp-json\/wp\/v2\/posts\/64557","targetHints":{"allow":["GET"]}}],"collection":[{"href":"http:\/\/gentedebasquet.com.ar\/sitio\/wp-json\/wp\/v2\/posts"}],"about":[{"href":"http:\/\/gentedebasquet.com.ar\/sitio\/wp-json\/wp\/v2\/types\/post"}],"author":[{"embeddable":true,"href":"http:\/\/gentedebasquet.com.ar\/sitio\/wp-json\/wp\/v2\/users\/1"}],"replies":[{"embeddable":true,"href":"http:\/\/gentedebasquet.com.ar\/sitio\/wp-json\/wp\/v2\/comments?post=64557"}],"version-history":[{"count":0,"href":"http:\/\/gentedebasquet.com.ar\/sitio\/wp-json\/wp\/v2\/posts\/64557\/revisions"}],"wp:featuredmedia":[{"embeddable":true,"href":"http:\/\/gentedebasquet.com.ar\/sitio\/wp-json\/wp\/v2\/media\/64561"}],"wp:attachment":[{"href":"http:\/\/gentedebasquet.com.ar\/sitio\/wp-json\/wp\/v2\/media?parent=64557"}],"wp:term":[{"taxonomy":"category","embeddable":true,"href":"http:\/\/gentedebasquet.com.ar\/sitio\/wp-json\/wp\/v2\/categories?post=64557"},{"taxonomy":"post_tag","embeddable":true,"href":"http:\/\/gentedebasquet.com.ar\/sitio\/wp-json\/wp\/v2\/tags?post=64557"}],"curies":[{"name":"wp","href":"https:\/\/api.w.org\/{rel}","templated":true}]}}