{"id":64687,"date":"2016-09-27T23:29:29","date_gmt":"2016-09-28T02:29:29","guid":{"rendered":"http:\/\/www.gentedebasquet.com.ar\/?p=64687"},"modified":"2016-09-27T23:29:29","modified_gmt":"2016-09-28T02:29:29","slug":"9-de-julio-paseo-por-el-puerto","status":"publish","type":"post","link":"http:\/\/gentedebasquet.com.ar\/sitio\/2016\/09\/27\/9-de-julio-paseo-por-el-puerto\/","title":{"rendered":"9 de Julio pase\u00f3 por el Puerto"},"content":{"rendered":"<p><strong>La tremenda paliza de 9 de Julio sobre Whitense (104-49), la resolvi\u00f3 en un tiempo. Hubo altos rendimientos, sobresaliendo el juvenil Mauro Bl\u00e1zquez (29 puntos y 32 de valoraci\u00f3n). El albiazul volvi\u00f3 a ganar afuera despu\u00e9s de un mes. Aprovech\u00f3 las ca\u00eddas de Pac\u00edfico y Barracas, para pasar a <a href=\"http:\/\/www.gentedebasquet.com.ar\/segunda-oficial-posiciones-2\/\" target=\"_blank\" rel=\"noopener\">liderar la tabla general<\/a> al alcanzar al verde.<\/strong><\/p>\n<p>M\u00e1s que una paliza cosech\u00f3 9 de Julio, al superar a Whitense por 104 a 49 por la decimoquinta fecha del Oficial de Segunda.<\/p>\n<p>Es que hac\u00eda 39 d\u00edas que no sonre\u00eda como hu\u00e9sped, tras sufrir tres traspi\u00e9s a manos de Independiente, Velocidad y Barracas, respectivamente. Tambi\u00e9n, logr\u00f3 usufructuar las derrotas de Pac\u00edfico (a manos de Velocidad) y Barracas (contra Sportivo), alcanzando la vanguardia de la tabla general al empardar al verde en 52 puntos, pero ostentando la ventaja entre s\u00ed.<\/p>\n<p>S\u00f3lo en un per\u00edodo, el primero, hubo partido en los Aviones Azules. Incluso, con Whitense comandando (11-9).<\/p>\n<p>En lo sucesivo, la noche deriv\u00f3 en un mon\u00f3logo de 9 de Julio, aunque lo logr\u00f3 despu\u00e9s de que Iannamico efectu\u00f3 un multitudinario cambio de cuatro jugadores, entre los que comenz\u00f3 a desequilibrar el zurdito Mauro Bl\u00e1zquez, para que \u201c9\u201d se alejara paulatinamente: 25-19 y 36-22.<\/p>\n<blockquote><p>Andres (Iannamico) nos dijo que entremos con todo desde el principio, as\u00ed no se nos complicaba el partido, que de entrada salgamos a full. Ven\u00edamos perdiendo unos cuantos de visitantes, de mala racha, pero creo que el partidazo que le ganamos a Pac\u00edfico nos tir\u00f3 para arriba. No me di cuenta que hab\u00eda hecho 29, ni me lo esperaba. Se dio, porque hac\u00eda rato que no jugaba por una neumon\u00eda. Por suerte, pude aprovechar mis minutos (Mauro Bl\u00e1zquez)<\/p><\/blockquote>\n<p>Para colmo, Bonaguro se hizo notar y Agust\u00edn Pena se inspir\u00f3 en tres ataques consecutivos al despacharse con otros tantos triples, para que la visita se despegue definitivamente (49-25).<\/p>\n<p>Enfrente, Whitense dispuso solamente de siete elementos, ya que a la ya conocida baja de Juani De Pastena, ahora sum\u00f3 la definitiva de Alejandro Chotard, quien deber\u00e1 volver a operarse de un hernia inguinal. Con lo cual, al anfitri\u00f3n le cost\u00f3 y mucho, tanto adelante como atr\u00e1s, siendo Federico Congos (26 tantos) y Marco Olivero (13 pts+14 reb) los que salvaron la ropa.<\/p>\n<p>No obstante, el partido se quebr\u00f3 en la mitad inicial (29-53).<\/p>\n<p>Y, \u00a1qu\u00e9 decir!, despu\u00e9s del tercer lapso que 9 de Julio se adjudic\u00f3 por \u00a124-4! e ingres\u00f3 al segmento final 77-33 al frente. A esa altura, Guillermo Mallemaci ya hab\u00eda llenado todos los casilleros, Badano encest\u00f3 7 tantos seguidos, Lucas Lucchetti acompa\u00f1\u00f3, Hern\u00e1n Rava apareci\u00f3, Juli\u00e1n Turcato se anim\u00f3 y el DT Iannamico le dio participaci\u00f3n a todos, coron\u00e1ndolo con dos bombazos del cadete Manuel Costa.<\/p>\n<p>9 de Julio pas\u00f3 por el Puerto y pesc\u00f3 la punta del campeonato.<\/p>\n<p>&nbsp;<\/p>\n<p><strong>S\u00edntesis<\/strong>\u00a0| Segunda divisi\u00f3n \u2013 Oficial \u2013 Fecha #15<\/p>\n<p><strong>Whitense 49<\/strong>: Mauro Capurso 2, Federico Congos 26, Kendry Rijo 2, Walter Acebedo 4, Marco Olivero 13 (FI); Facundo Riob\u00f3 1 y Mat\u00edas Iturbide 1. DT: Silvio Montero.<\/p>\n<p><strong>9 de Julio 104:<\/strong>\u00a0 Agust\u00edn Pena 14, Lucas Lucchetti 10, Gonzalo Badano 11, Guillermo Mallemaci 4, Francisco Bonaguro 10 (FI); Juli\u00e1n Turcato 9, Ezequiel Pordomingo 0, Mauro Bl\u00e1zquez 29, Hern\u00e1n Rava 9, Manuel Costa 6 y Carlos Nador 2. DT: Andr\u00e9s Iannamico.<\/p>\n<p><strong>Parciales:<\/strong> 17-21, 29-53 (12-32), 33-77 (4-24) y 49-104 (16-27).<\/p>\n<p><strong>Arbitros:<\/strong> Marjorie Stuardo &#8211; Mauro Reyes.<\/p>\n<p><strong>Estadio:<\/strong> Aviones Azules (Whitense).<\/p>\n<p><a href=\"https:\/\/docs.google.com\/spreadsheets\/d\/13n4gFfijSL9SIPG8pYwgRE2nVgBkyphMERARjZn_vG4\/pubhtml\" target=\"_blank\" rel=\"noopener\">Ver planilla<\/a><\/p>\n","protected":false},"excerpt":{"rendered":"<p>Demoli\u00f3 a Whitense por 104-49, con 29 puntos del juvenil Mauro Bl\u00e1zquez<\/p>\n","protected":false},"author":51,"featured_media":64697,"comment_status":"closed","ping_status":"open","sticky":false,"template":"","format":"standard","meta":{"jnews-multi-image_gallery":[],"jnews_single_post":[],"jnews_primary_category":[],"footnotes":""},"categories":[25,101],"tags":[2,1141,8,359,327,360,1309,1128],"class_list":["post-64687","post","type-post","status-publish","format-standard","has-post-thumbnail","hentry","category-segunda","category-slide","tag-9dejulio","tag-agustin-pena","tag-deportivo-whitense","tag-federico-congos","tag-gonzalo-badano","tag-guillermo-mallemaci","tag-marco-olivero","tag-mauro-blazquez"],"yoast_head":"<!-- This site is optimized with the Yoast SEO plugin v27.5 - https:\/\/yoast.com\/product\/yoast-seo-wordpress\/ -->\n<title>9 de Julio pase\u00f3 por el Puerto - Gente de B\u00e1squet<\/title>\n<meta name=\"robots\" content=\"index, follow, max-snippet:-1, max-image-preview:large, max-video-preview:-1\" \/>\n<link rel=\"canonical\" href=\"http:\/\/gentedebasquet.com.ar\/sitio\/2016\/09\/27\/9-de-julio-paseo-por-el-puerto\/\" \/>\n<meta property=\"og:locale\" content=\"es_ES\" \/>\n<meta property=\"og:type\" content=\"article\" \/>\n<meta property=\"og:title\" content=\"9 de Julio pase\u00f3 por el Puerto - Gente de B\u00e1squet\" \/>\n<meta property=\"og:description\" content=\"Demoli\u00f3 a Whitense por 104-49, con 29 puntos del juvenil Mauro Bl\u00e1zquez\" \/>\n<meta property=\"og:url\" content=\"http:\/\/gentedebasquet.com.ar\/sitio\/2016\/09\/27\/9-de-julio-paseo-por-el-puerto\/\" \/>\n<meta property=\"og:site_name\" content=\"Gente de B\u00e1squet\" \/>\n<meta property=\"article:published_time\" content=\"2016-09-28T02:29:29+00:00\" \/>\n<meta property=\"og:image\" content=\"http:\/\/gentedebasquet.com.ar\/sitio\/wp-content\/uploads\/2016\/09\/Lucchetti-Whitense-9-de-Julio.jpg\" \/>\n\t<meta property=\"og:image:width\" content=\"690\" \/>\n\t<meta property=\"og:image:height\" content=\"319\" \/>\n\t<meta property=\"og:image:type\" content=\"image\/jpeg\" \/>\n<meta name=\"author\" content=\"Luciano Mutti\" \/>\n<meta name=\"twitter:card\" content=\"summary_large_image\" \/>\n<meta name=\"twitter:label1\" content=\"Escrito por\" \/>\n\t<meta name=\"twitter:data1\" content=\"Luciano Mutti\" \/>\n\t<meta name=\"twitter:label2\" content=\"Tiempo de lectura\" \/>\n\t<meta name=\"twitter:data2\" content=\"3 minutos\" \/>\n<script type=\"application\/ld+json\" class=\"yoast-schema-graph\">{\"@context\":\"https:\\\/\\\/schema.org\",\"@graph\":[{\"@type\":\"Article\",\"@id\":\"http:\\\/\\\/gentedebasquet.com.ar\\\/sitio\\\/2016\\\/09\\\/27\\\/9-de-julio-paseo-por-el-puerto\\\/#article\",\"isPartOf\":{\"@id\":\"http:\\\/\\\/gentedebasquet.com.ar\\\/sitio\\\/2016\\\/09\\\/27\\\/9-de-julio-paseo-por-el-puerto\\\/\"},\"author\":{\"name\":\"Luciano Mutti\",\"@id\":\"http:\\\/\\\/gentedebasquet.com.ar\\\/sitio\\\/#\\\/schema\\\/person\\\/f0396ea26034ae88f655b3d4792f5437\"},\"headline\":\"9 de Julio pase\u00f3 por el Puerto\",\"datePublished\":\"2016-09-28T02:29:29+00:00\",\"mainEntityOfPage\":{\"@id\":\"http:\\\/\\\/gentedebasquet.com.ar\\\/sitio\\\/2016\\\/09\\\/27\\\/9-de-julio-paseo-por-el-puerto\\\/\"},\"wordCount\":568,\"image\":{\"@id\":\"http:\\\/\\\/gentedebasquet.com.ar\\\/sitio\\\/2016\\\/09\\\/27\\\/9-de-julio-paseo-por-el-puerto\\\/#primaryimage\"},\"thumbnailUrl\":\"http:\\\/\\\/gentedebasquet.com.ar\\\/sitio\\\/wp-content\\\/uploads\\\/2016\\\/09\\\/Lucchetti-Whitense-9-de-Julio.jpg\",\"keywords\":[\"9 de Julio\",\"Agust\u00edn Pena\",\"Deportivo Whitense\",\"Federico Congos\",\"Gonzalo Badano\",\"Guillermo Mallemaci\",\"Marco Olivero\",\"Mauro Blazquez\"],\"articleSection\":[\"Segunda\",\"Slide\"],\"inLanguage\":\"es\"},{\"@type\":\"WebPage\",\"@id\":\"http:\\\/\\\/gentedebasquet.com.ar\\\/sitio\\\/2016\\\/09\\\/27\\\/9-de-julio-paseo-por-el-puerto\\\/\",\"url\":\"http:\\\/\\\/gentedebasquet.com.ar\\\/sitio\\\/2016\\\/09\\\/27\\\/9-de-julio-paseo-por-el-puerto\\\/\",\"name\":\"9 de Julio pase\u00f3 por el Puerto - Gente de B\u00e1squet\",\"isPartOf\":{\"@id\":\"http:\\\/\\\/gentedebasquet.com.ar\\\/sitio\\\/#website\"},\"primaryImageOfPage\":{\"@id\":\"http:\\\/\\\/gentedebasquet.com.ar\\\/sitio\\\/2016\\\/09\\\/27\\\/9-de-julio-paseo-por-el-puerto\\\/#primaryimage\"},\"image\":{\"@id\":\"http:\\\/\\\/gentedebasquet.com.ar\\\/sitio\\\/2016\\\/09\\\/27\\\/9-de-julio-paseo-por-el-puerto\\\/#primaryimage\"},\"thumbnailUrl\":\"http:\\\/\\\/gentedebasquet.com.ar\\\/sitio\\\/wp-content\\\/uploads\\\/2016\\\/09\\\/Lucchetti-Whitense-9-de-Julio.jpg\",\"datePublished\":\"2016-09-28T02:29:29+00:00\",\"author\":{\"@id\":\"http:\\\/\\\/gentedebasquet.com.ar\\\/sitio\\\/#\\\/schema\\\/person\\\/f0396ea26034ae88f655b3d4792f5437\"},\"breadcrumb\":{\"@id\":\"http:\\\/\\\/gentedebasquet.com.ar\\\/sitio\\\/2016\\\/09\\\/27\\\/9-de-julio-paseo-por-el-puerto\\\/#breadcrumb\"},\"inLanguage\":\"es\",\"potentialAction\":[{\"@type\":\"ReadAction\",\"target\":[\"http:\\\/\\\/gentedebasquet.com.ar\\\/sitio\\\/2016\\\/09\\\/27\\\/9-de-julio-paseo-por-el-puerto\\\/\"]}]},{\"@type\":\"ImageObject\",\"inLanguage\":\"es\",\"@id\":\"http:\\\/\\\/gentedebasquet.com.ar\\\/sitio\\\/2016\\\/09\\\/27\\\/9-de-julio-paseo-por-el-puerto\\\/#primaryimage\",\"url\":\"http:\\\/\\\/gentedebasquet.com.ar\\\/sitio\\\/wp-content\\\/uploads\\\/2016\\\/09\\\/Lucchetti-Whitense-9-de-Julio.jpg\",\"contentUrl\":\"http:\\\/\\\/gentedebasquet.com.ar\\\/sitio\\\/wp-content\\\/uploads\\\/2016\\\/09\\\/Lucchetti-Whitense-9-de-Julio.jpg\",\"width\":690,\"height\":319},{\"@type\":\"BreadcrumbList\",\"@id\":\"http:\\\/\\\/gentedebasquet.com.ar\\\/sitio\\\/2016\\\/09\\\/27\\\/9-de-julio-paseo-por-el-puerto\\\/#breadcrumb\",\"itemListElement\":[{\"@type\":\"ListItem\",\"position\":1,\"name\":\"Portada\",\"item\":\"http:\\\/\\\/gentedebasquet.com.ar\\\/sitio\\\/\"},{\"@type\":\"ListItem\",\"position\":2,\"name\":\"9 de Julio pase\u00f3 por el Puerto\"}]},{\"@type\":\"WebSite\",\"@id\":\"http:\\\/\\\/gentedebasquet.com.ar\\\/sitio\\\/#website\",\"url\":\"http:\\\/\\\/gentedebasquet.com.ar\\\/sitio\\\/\",\"name\":\"Gente de B\u00e1squet\",\"description\":\"La revista del basquet de Bah\u00eda Blanca\",\"potentialAction\":[{\"@type\":\"SearchAction\",\"target\":{\"@type\":\"EntryPoint\",\"urlTemplate\":\"http:\\\/\\\/gentedebasquet.com.ar\\\/sitio\\\/?s={search_term_string}\"},\"query-input\":{\"@type\":\"PropertyValueSpecification\",\"valueRequired\":true,\"valueName\":\"search_term_string\"}}],\"inLanguage\":\"es\"},{\"@type\":\"Person\",\"@id\":\"http:\\\/\\\/gentedebasquet.com.ar\\\/sitio\\\/#\\\/schema\\\/person\\\/f0396ea26034ae88f655b3d4792f5437\",\"name\":\"Luciano Mutti\",\"image\":{\"@type\":\"ImageObject\",\"inLanguage\":\"es\",\"@id\":\"https:\\\/\\\/secure.gravatar.com\\\/avatar\\\/848a57ae19cdeca5b0b8a1b4daba98abd3b95ef1add01cc5b02ce331e4ea8fd5?s=96&d=mm&r=g\",\"url\":\"https:\\\/\\\/secure.gravatar.com\\\/avatar\\\/848a57ae19cdeca5b0b8a1b4daba98abd3b95ef1add01cc5b02ce331e4ea8fd5?s=96&d=mm&r=g\",\"contentUrl\":\"https:\\\/\\\/secure.gravatar.com\\\/avatar\\\/848a57ae19cdeca5b0b8a1b4daba98abd3b95ef1add01cc5b02ce331e4ea8fd5?s=96&d=mm&r=g\",\"caption\":\"Luciano Mutti\"},\"url\":\"http:\\\/\\\/gentedebasquet.com.ar\\\/sitio\\\/author\\\/luciano-mutti\\\/\"}]}<\/script>\n<!-- \/ Yoast SEO plugin. -->","yoast_head_json":{"title":"9 de Julio pase\u00f3 por el Puerto - Gente de B\u00e1squet","robots":{"index":"index","follow":"follow","max-snippet":"max-snippet:-1","max-image-preview":"max-image-preview:large","max-video-preview":"max-video-preview:-1"},"canonical":"http:\/\/gentedebasquet.com.ar\/sitio\/2016\/09\/27\/9-de-julio-paseo-por-el-puerto\/","og_locale":"es_ES","og_type":"article","og_title":"9 de Julio pase\u00f3 por el Puerto - Gente de B\u00e1squet","og_description":"Demoli\u00f3 a Whitense por 104-49, con 29 puntos del juvenil Mauro Bl\u00e1zquez","og_url":"http:\/\/gentedebasquet.com.ar\/sitio\/2016\/09\/27\/9-de-julio-paseo-por-el-puerto\/","og_site_name":"Gente de B\u00e1squet","article_published_time":"2016-09-28T02:29:29+00:00","og_image":[{"width":690,"height":319,"url":"http:\/\/gentedebasquet.com.ar\/sitio\/wp-content\/uploads\/2016\/09\/Lucchetti-Whitense-9-de-Julio.jpg","type":"image\/jpeg"}],"author":"Luciano Mutti","twitter_card":"summary_large_image","twitter_misc":{"Escrito por":"Luciano Mutti","Tiempo de lectura":"3 minutos"},"schema":{"@context":"https:\/\/schema.org","@graph":[{"@type":"Article","@id":"http:\/\/gentedebasquet.com.ar\/sitio\/2016\/09\/27\/9-de-julio-paseo-por-el-puerto\/#article","isPartOf":{"@id":"http:\/\/gentedebasquet.com.ar\/sitio\/2016\/09\/27\/9-de-julio-paseo-por-el-puerto\/"},"author":{"name":"Luciano Mutti","@id":"http:\/\/gentedebasquet.com.ar\/sitio\/#\/schema\/person\/f0396ea26034ae88f655b3d4792f5437"},"headline":"9 de Julio pase\u00f3 por el Puerto","datePublished":"2016-09-28T02:29:29+00:00","mainEntityOfPage":{"@id":"http:\/\/gentedebasquet.com.ar\/sitio\/2016\/09\/27\/9-de-julio-paseo-por-el-puerto\/"},"wordCount":568,"image":{"@id":"http:\/\/gentedebasquet.com.ar\/sitio\/2016\/09\/27\/9-de-julio-paseo-por-el-puerto\/#primaryimage"},"thumbnailUrl":"http:\/\/gentedebasquet.com.ar\/sitio\/wp-content\/uploads\/2016\/09\/Lucchetti-Whitense-9-de-Julio.jpg","keywords":["9 de Julio","Agust\u00edn Pena","Deportivo Whitense","Federico Congos","Gonzalo Badano","Guillermo Mallemaci","Marco Olivero","Mauro Blazquez"],"articleSection":["Segunda","Slide"],"inLanguage":"es"},{"@type":"WebPage","@id":"http:\/\/gentedebasquet.com.ar\/sitio\/2016\/09\/27\/9-de-julio-paseo-por-el-puerto\/","url":"http:\/\/gentedebasquet.com.ar\/sitio\/2016\/09\/27\/9-de-julio-paseo-por-el-puerto\/","name":"9 de Julio pase\u00f3 por el Puerto - Gente de B\u00e1squet","isPartOf":{"@id":"http:\/\/gentedebasquet.com.ar\/sitio\/#website"},"primaryImageOfPage":{"@id":"http:\/\/gentedebasquet.com.ar\/sitio\/2016\/09\/27\/9-de-julio-paseo-por-el-puerto\/#primaryimage"},"image":{"@id":"http:\/\/gentedebasquet.com.ar\/sitio\/2016\/09\/27\/9-de-julio-paseo-por-el-puerto\/#primaryimage"},"thumbnailUrl":"http:\/\/gentedebasquet.com.ar\/sitio\/wp-content\/uploads\/2016\/09\/Lucchetti-Whitense-9-de-Julio.jpg","datePublished":"2016-09-28T02:29:29+00:00","author":{"@id":"http:\/\/gentedebasquet.com.ar\/sitio\/#\/schema\/person\/f0396ea26034ae88f655b3d4792f5437"},"breadcrumb":{"@id":"http:\/\/gentedebasquet.com.ar\/sitio\/2016\/09\/27\/9-de-julio-paseo-por-el-puerto\/#breadcrumb"},"inLanguage":"es","potentialAction":[{"@type":"ReadAction","target":["http:\/\/gentedebasquet.com.ar\/sitio\/2016\/09\/27\/9-de-julio-paseo-por-el-puerto\/"]}]},{"@type":"ImageObject","inLanguage":"es","@id":"http:\/\/gentedebasquet.com.ar\/sitio\/2016\/09\/27\/9-de-julio-paseo-por-el-puerto\/#primaryimage","url":"http:\/\/gentedebasquet.com.ar\/sitio\/wp-content\/uploads\/2016\/09\/Lucchetti-Whitense-9-de-Julio.jpg","contentUrl":"http:\/\/gentedebasquet.com.ar\/sitio\/wp-content\/uploads\/2016\/09\/Lucchetti-Whitense-9-de-Julio.jpg","width":690,"height":319},{"@type":"BreadcrumbList","@id":"http:\/\/gentedebasquet.com.ar\/sitio\/2016\/09\/27\/9-de-julio-paseo-por-el-puerto\/#breadcrumb","itemListElement":[{"@type":"ListItem","position":1,"name":"Portada","item":"http:\/\/gentedebasquet.com.ar\/sitio\/"},{"@type":"ListItem","position":2,"name":"9 de Julio pase\u00f3 por el Puerto"}]},{"@type":"WebSite","@id":"http:\/\/gentedebasquet.com.ar\/sitio\/#website","url":"http:\/\/gentedebasquet.com.ar\/sitio\/","name":"Gente de B\u00e1squet","description":"La revista del basquet de Bah\u00eda Blanca","potentialAction":[{"@type":"SearchAction","target":{"@type":"EntryPoint","urlTemplate":"http:\/\/gentedebasquet.com.ar\/sitio\/?s={search_term_string}"},"query-input":{"@type":"PropertyValueSpecification","valueRequired":true,"valueName":"search_term_string"}}],"inLanguage":"es"},{"@type":"Person","@id":"http:\/\/gentedebasquet.com.ar\/sitio\/#\/schema\/person\/f0396ea26034ae88f655b3d4792f5437","name":"Luciano Mutti","image":{"@type":"ImageObject","inLanguage":"es","@id":"https:\/\/secure.gravatar.com\/avatar\/848a57ae19cdeca5b0b8a1b4daba98abd3b95ef1add01cc5b02ce331e4ea8fd5?s=96&d=mm&r=g","url":"https:\/\/secure.gravatar.com\/avatar\/848a57ae19cdeca5b0b8a1b4daba98abd3b95ef1add01cc5b02ce331e4ea8fd5?s=96&d=mm&r=g","contentUrl":"https:\/\/secure.gravatar.com\/avatar\/848a57ae19cdeca5b0b8a1b4daba98abd3b95ef1add01cc5b02ce331e4ea8fd5?s=96&d=mm&r=g","caption":"Luciano Mutti"},"url":"http:\/\/gentedebasquet.com.ar\/sitio\/author\/luciano-mutti\/"}]}},"_links":{"self":[{"href":"http:\/\/gentedebasquet.com.ar\/sitio\/wp-json\/wp\/v2\/posts\/64687","targetHints":{"allow":["GET"]}}],"collection":[{"href":"http:\/\/gentedebasquet.com.ar\/sitio\/wp-json\/wp\/v2\/posts"}],"about":[{"href":"http:\/\/gentedebasquet.com.ar\/sitio\/wp-json\/wp\/v2\/types\/post"}],"author":[{"embeddable":true,"href":"http:\/\/gentedebasquet.com.ar\/sitio\/wp-json\/wp\/v2\/users\/51"}],"replies":[{"embeddable":true,"href":"http:\/\/gentedebasquet.com.ar\/sitio\/wp-json\/wp\/v2\/comments?post=64687"}],"version-history":[{"count":0,"href":"http:\/\/gentedebasquet.com.ar\/sitio\/wp-json\/wp\/v2\/posts\/64687\/revisions"}],"wp:featuredmedia":[{"embeddable":true,"href":"http:\/\/gentedebasquet.com.ar\/sitio\/wp-json\/wp\/v2\/media\/64697"}],"wp:attachment":[{"href":"http:\/\/gentedebasquet.com.ar\/sitio\/wp-json\/wp\/v2\/media?parent=64687"}],"wp:term":[{"taxonomy":"category","embeddable":true,"href":"http:\/\/gentedebasquet.com.ar\/sitio\/wp-json\/wp\/v2\/categories?post=64687"},{"taxonomy":"post_tag","embeddable":true,"href":"http:\/\/gentedebasquet.com.ar\/sitio\/wp-json\/wp\/v2\/tags?post=64687"}],"curies":[{"name":"wp","href":"https:\/\/api.w.org\/{rel}","templated":true}]}}