{"id":65693,"date":"2016-10-20T23:36:35","date_gmt":"2016-10-21T02:36:35","guid":{"rendered":"http:\/\/www.gentedebasquet.com.ar\/?p=65693"},"modified":"2016-10-20T23:36:35","modified_gmt":"2016-10-21T02:36:35","slug":"villa-mitre-y-una-noche-de-diez","status":"publish","type":"post","link":"http:\/\/gentedebasquet.com.ar\/sitio\/2016\/10\/20\/villa-mitre-y-una-noche-de-diez\/","title":{"rendered":"Villa Mitre y una noche de diez"},"content":{"rendered":"<p><strong>Por la 20\u00b0 fecha, Villa Mitre derrot\u00f3 ampliamente a Estudiantes por 96 a 64, en el Jos\u00e9 Mart\u00ednez. El tricolor administr\u00f3 la victoria a partir del segundo cuarto, donde\u00a0comenz\u00f3\u00a0a estirar su ventaja, con sus grandes porcentajes de tiro de campo (8\/19 42% t3, 29\/42 69% t2 y 14\/19 74% tl). Adem\u00e1s, el verde explot\u00f3 el extra pase con 20 asistencias\u00a0(6 \u00a0de Fernando Alfonso y Marcelo Berdini), mientras que el albo\u00a0cont\u00f3\u00a0con solo 8 y por \u00faltimo, domin\u00f3 la lucha\u00a0a\u00e9rea\u00a0(35 a 24). En Villa Mitre ingresaron todos sus jugadores del banco, quienes aportaron en la victoria de su equipo. La figura del partido fue David Pineda autor de 25 puntos (2\/5 t3, 7\/11 t2 y 5\/7 tl) y 8 rebotes, fue secundado por Jos\u00e9 Luis Mart\u00ednez con 14 (5\/8 \u00a0t2 y 4\/4 tl). En el visitante, se destac\u00f3 Leonel Alema\u00f1y con 13 y Nicol\u00e1s S\u00e1nchez 12.<\/strong><\/p>\n<p>Villa Mitre se puede ir tranquilo de viaje hacia Mar del Plata, donde hoy enfrentar\u00e1 a Uni\u00f3n de Mar del Plata por el Federal, ya que venci\u00f3 con una gran actuaci\u00f3n a Estudiantes, en el que adem\u00e1s, aprovech\u00f3 la diferencia para hacer descansar a sus jugadores habituales que participan del Federal. Luego de esto, en las ultimas dos fechas, se medir\u00e1 ante\u00a0Liniers y Bahiense del Norte, quienes se encuentran por encima de los tricolores, siendo as\u00ed \u00a0d\u00edas claves para el equipo de Ariel Ugolini.<\/p>\n<p>El arranque fue totalmente distinto a lo que luego se iba a ver en el desarrollo del partido. Una sorpresiva presi\u00f3n alta de Estudiantes, le conllev\u00f3 concretar 4 perdidas en 3 minutos al local, y as\u00ed establecer un parcial de 7 a 0, con 4 de Thorp en la zona pintada. La reacci\u00f3n de Villa Mitre no tard\u00f3 en llegar y de las\u00a0asistencias de Berdini para dos triples de Pineda, el verde emparej\u00f3 el tanteador. Un doble y falta de Mart\u00ednez (7 en el cuarto) coloc\u00f3 al local arriba por primera vez 11 a 9 a falta de 3 minutos. Lo que resto del cuarto, se vio un constante cambio de mando, cerr\u00e1ndose 17 a 16 a favor del local.<\/p>\n<p>El segundo cuarto inici\u00f3 con una alta efectividad por parte de ambos equipos (6:30 primer tiro errado de Mitoire), manteni\u00e9ndose 27 iguales. Desde all\u00ed, el verde mostr\u00f3 su superioridad en el partido, concretando un segmento de 10 a 0, que lo llev\u00f3 a estar arriba 37 a 27, con gran certeza de tiros de tres (Monteoliva \u00a0y Berdini 2\/2). Por su parte, el albo baj\u00f3 su intensidad en el juego y en sus\u00a0\u00a0porcentajes (3\/11 t2 y 1\/4 t3). Adem\u00e1s, sus jugadores se cargaron \u00a0r\u00e1pidamente de faltas, aprovechado por Pineda 5\/5 tl. Es por eso, que el primer tiempo finaliz\u00f3 con una \u00a0diferencia de + 11 para los locales.<\/p>\n<p>En un abrir y cerrar de ojos de dos minutos, el tricolor comenz\u00f3 a sentenciar la historia con un parcial de 10 a 0 (3\/3 t2 y 1\/1 t3), que puso la diferencia 53 a 32. El albo, por su parte, no encontr\u00f3 el ritmo que hab\u00eda mostrado en el primer cuarto, marcando tan solo 4 puntos en 7 minutos y abusando del tiro externo (0\/4 t3). \u00a0El equipo de Ugolini, con la diferencia impuesta, comenz\u00f3 a controlar el juego, que lo llev\u00f3\u00a0a tener ataques flu\u00eddos y a pasarse de gran manera el bal\u00f3n (8 asistencias). Repartiendo su goleo, el local sigui\u00f3 estirando la ventaja llegando a cerrar el cuarto 70 a 48, con 8 de Pineda y 7 de Heinrich.<\/p>\n<p>Ya con el partido liquidado, ambos equipos llevaron al rect\u00e1ngulo a sus juveniles. Sin embargo, el banco del local fue quien rindi\u00f3 mejor en sus ingresos (32 a 17), permitiendo seguir aumentando aun mas la ventaja, logrando una diferencia de 34 puntos (94 a 60). Adem\u00e1s, se vio un buen pasaje del t\u00e1ndem \u00a0Alfonso- Pineda, acompa\u00f1ado por las actuaciones de los chicos de Villa Mitre, cerr\u00e1ndolo 96 a 64.<\/p>\n<p>&nbsp;<\/p>\n<p>[youtube]https:\/\/www.youtube.com\/watch?v=5dx2Hw-KzPo[\/youtube]<\/p>\n<p>&nbsp;<\/p>\n<p><strong>S\u00edntesis |<\/strong>\u00a0Primera Divisi\u00f3n \u2013 Oficial \u2013 Fecha #20<\/p>\n<p><strong>Villa Mitre 96:\u00a0<\/strong>Marcelo Berdini 8, Fernando Alfonso 11, Nicol\u00e1s Renzi 4, Jos\u00e9 Luis Mart\u00ednez 14 (x), David Pineda 25 (FI); Germ\u00e1n Andr\u00e9s 2, Mat\u00edas Monteoliva 8, Ramiro Heinrich 10, Ramiro Santiago 6, Leonardo Tard\u00edo 4 y Valent\u00edn Pet\u00f3n 4. DT: Ariel Ugolini.<\/p>\n<p><strong>Estudiantes 64:\u00a0<\/strong>Nicol\u00e1s S\u00e1nchez 12, Tom\u00e1s Scarpaci 12, Leonel Alema\u00f1y 13, Jonathan Thorp 8, Marcos Fernandez 0 (FI); Joaqu\u00edn S\u00e1nchez 6, Nehu\u00e9n Beron 6, Jer\u00f3nimo Mitoire 5, Jos\u00e9 Beleggia 0, Nahuel Ruiz 0, Luciano Polak 0 y M\u00e1ximo Tatanchelo 2. DT: Guillermo L\u00f3pez.<\/p>\n<p><strong>Parciales:\u00a0<\/strong>17-16, 43-32 (26- 16), 70-48 (27- 16) y 96-64 (26-16).<\/p>\n<p><b>\u00c1rbitros<\/b><strong>:\u00a0<\/strong>Jorge Scheffer &#8211; Mauro Reyes.<\/p>\n<p><strong>Estadio:\u00a0<\/strong>Jos\u00e9 Mart\u00ednez (Villa Mitre).<\/p>\n<p><b>Colaboraci\u00f3n<\/b><strong>:\u00a0<\/strong>Santiago Guerrero.<\/p>\n<p><a href=\"https:\/\/docs.google.com\/spreadsheets\/d\/1ud4VpGTVeLDASzDlYWu05iZo66dA_of5qsabTHkdrxg\/pubhtml? target=\" target=\"_blank\" rel=\"noopener\">Ver planilla<\/a><\/p>\n","protected":false},"excerpt":{"rendered":"<p>Todos los jugadores anotaron en el c\u00f3modo triunfo tricolor ante Estudiantes<\/p>\n","protected":false},"author":1,"featured_media":65727,"comment_status":"closed","ping_status":"open","sticky":false,"template":"","format":"standard","meta":{"jnews-multi-image_gallery":[],"jnews_single_post":[],"jnews_primary_category":[],"footnotes":""},"categories":[23,101],"tags":[228,11,285,289,484,22],"class_list":["post-65693","post","type-post","status-publish","format-standard","has-post-thumbnail","hentry","category-primera","category-slide","tag-david-pineda","tag-estudiantes","tag-jose-luis-martinez","tag-leonel-alemany","tag-nicolas-sanchez","tag-villa-mitre"],"yoast_head":"<!-- This site is optimized with the Yoast SEO plugin v27.5 - https:\/\/yoast.com\/product\/yoast-seo-wordpress\/ -->\n<title>Villa Mitre y una noche de diez - Gente de B\u00e1squet<\/title>\n<meta name=\"robots\" content=\"index, follow, max-snippet:-1, max-image-preview:large, max-video-preview:-1\" \/>\n<link rel=\"canonical\" href=\"http:\/\/gentedebasquet.com.ar\/sitio\/2016\/10\/20\/villa-mitre-y-una-noche-de-diez\/\" \/>\n<meta property=\"og:locale\" content=\"es_ES\" \/>\n<meta property=\"og:type\" content=\"article\" \/>\n<meta property=\"og:title\" content=\"Villa Mitre y una noche de diez - Gente de B\u00e1squet\" \/>\n<meta property=\"og:description\" content=\"Todos los jugadores anotaron en el c\u00f3modo triunfo tricolor ante Estudiantes\" \/>\n<meta property=\"og:url\" content=\"http:\/\/gentedebasquet.com.ar\/sitio\/2016\/10\/20\/villa-mitre-y-una-noche-de-diez\/\" \/>\n<meta property=\"og:site_name\" content=\"Gente de B\u00e1squet\" \/>\n<meta property=\"article:published_time\" content=\"2016-10-21T02:36:35+00:00\" \/>\n<meta property=\"og:image\" content=\"http:\/\/gentedebasquet.com.ar\/sitio\/wp-content\/uploads\/2016\/10\/Alfonso-v-Estudiantes.jpg\" \/>\n\t<meta property=\"og:image:width\" content=\"690\" \/>\n\t<meta property=\"og:image:height\" content=\"319\" \/>\n\t<meta property=\"og:image:type\" content=\"image\/jpeg\" \/>\n<meta name=\"author\" content=\"Gente de B\u00e1squet\" \/>\n<meta name=\"twitter:card\" content=\"summary_large_image\" \/>\n<meta name=\"twitter:label1\" content=\"Escrito por\" \/>\n\t<meta name=\"twitter:data1\" content=\"Gente de B\u00e1squet\" \/>\n\t<meta name=\"twitter:label2\" content=\"Tiempo de lectura\" \/>\n\t<meta name=\"twitter:data2\" content=\"4 minutos\" \/>\n<script type=\"application\/ld+json\" class=\"yoast-schema-graph\">{\"@context\":\"https:\\\/\\\/schema.org\",\"@graph\":[{\"@type\":\"Article\",\"@id\":\"http:\\\/\\\/gentedebasquet.com.ar\\\/sitio\\\/2016\\\/10\\\/20\\\/villa-mitre-y-una-noche-de-diez\\\/#article\",\"isPartOf\":{\"@id\":\"http:\\\/\\\/gentedebasquet.com.ar\\\/sitio\\\/2016\\\/10\\\/20\\\/villa-mitre-y-una-noche-de-diez\\\/\"},\"author\":{\"name\":\"Gente de B\u00e1squet\",\"@id\":\"http:\\\/\\\/gentedebasquet.com.ar\\\/sitio\\\/#\\\/schema\\\/person\\\/ca0b63bbb977369988a7bbbdc519943a\"},\"headline\":\"Villa Mitre y una noche de diez\",\"datePublished\":\"2016-10-21T02:36:35+00:00\",\"mainEntityOfPage\":{\"@id\":\"http:\\\/\\\/gentedebasquet.com.ar\\\/sitio\\\/2016\\\/10\\\/20\\\/villa-mitre-y-una-noche-de-diez\\\/\"},\"wordCount\":747,\"image\":{\"@id\":\"http:\\\/\\\/gentedebasquet.com.ar\\\/sitio\\\/2016\\\/10\\\/20\\\/villa-mitre-y-una-noche-de-diez\\\/#primaryimage\"},\"thumbnailUrl\":\"http:\\\/\\\/gentedebasquet.com.ar\\\/sitio\\\/wp-content\\\/uploads\\\/2016\\\/10\\\/Alfonso-v-Estudiantes.jpg\",\"keywords\":[\"David Pineda\",\"Estudiantes\",\"Jos\u00e9 Luis Mart\u00ednez\",\"Leonel Alema\u00f1y\",\"Nicol\u00e1s S\u00e1nchez\",\"Villa Mitre\"],\"articleSection\":[\"Primera\",\"Slide\"],\"inLanguage\":\"es\"},{\"@type\":\"WebPage\",\"@id\":\"http:\\\/\\\/gentedebasquet.com.ar\\\/sitio\\\/2016\\\/10\\\/20\\\/villa-mitre-y-una-noche-de-diez\\\/\",\"url\":\"http:\\\/\\\/gentedebasquet.com.ar\\\/sitio\\\/2016\\\/10\\\/20\\\/villa-mitre-y-una-noche-de-diez\\\/\",\"name\":\"Villa Mitre y una noche de diez - Gente de B\u00e1squet\",\"isPartOf\":{\"@id\":\"http:\\\/\\\/gentedebasquet.com.ar\\\/sitio\\\/#website\"},\"primaryImageOfPage\":{\"@id\":\"http:\\\/\\\/gentedebasquet.com.ar\\\/sitio\\\/2016\\\/10\\\/20\\\/villa-mitre-y-una-noche-de-diez\\\/#primaryimage\"},\"image\":{\"@id\":\"http:\\\/\\\/gentedebasquet.com.ar\\\/sitio\\\/2016\\\/10\\\/20\\\/villa-mitre-y-una-noche-de-diez\\\/#primaryimage\"},\"thumbnailUrl\":\"http:\\\/\\\/gentedebasquet.com.ar\\\/sitio\\\/wp-content\\\/uploads\\\/2016\\\/10\\\/Alfonso-v-Estudiantes.jpg\",\"datePublished\":\"2016-10-21T02:36:35+00:00\",\"author\":{\"@id\":\"http:\\\/\\\/gentedebasquet.com.ar\\\/sitio\\\/#\\\/schema\\\/person\\\/ca0b63bbb977369988a7bbbdc519943a\"},\"breadcrumb\":{\"@id\":\"http:\\\/\\\/gentedebasquet.com.ar\\\/sitio\\\/2016\\\/10\\\/20\\\/villa-mitre-y-una-noche-de-diez\\\/#breadcrumb\"},\"inLanguage\":\"es\",\"potentialAction\":[{\"@type\":\"ReadAction\",\"target\":[\"http:\\\/\\\/gentedebasquet.com.ar\\\/sitio\\\/2016\\\/10\\\/20\\\/villa-mitre-y-una-noche-de-diez\\\/\"]}]},{\"@type\":\"ImageObject\",\"inLanguage\":\"es\",\"@id\":\"http:\\\/\\\/gentedebasquet.com.ar\\\/sitio\\\/2016\\\/10\\\/20\\\/villa-mitre-y-una-noche-de-diez\\\/#primaryimage\",\"url\":\"http:\\\/\\\/gentedebasquet.com.ar\\\/sitio\\\/wp-content\\\/uploads\\\/2016\\\/10\\\/Alfonso-v-Estudiantes.jpg\",\"contentUrl\":\"http:\\\/\\\/gentedebasquet.com.ar\\\/sitio\\\/wp-content\\\/uploads\\\/2016\\\/10\\\/Alfonso-v-Estudiantes.jpg\",\"width\":690,\"height\":319},{\"@type\":\"BreadcrumbList\",\"@id\":\"http:\\\/\\\/gentedebasquet.com.ar\\\/sitio\\\/2016\\\/10\\\/20\\\/villa-mitre-y-una-noche-de-diez\\\/#breadcrumb\",\"itemListElement\":[{\"@type\":\"ListItem\",\"position\":1,\"name\":\"Portada\",\"item\":\"http:\\\/\\\/gentedebasquet.com.ar\\\/sitio\\\/\"},{\"@type\":\"ListItem\",\"position\":2,\"name\":\"Villa Mitre y una noche de diez\"}]},{\"@type\":\"WebSite\",\"@id\":\"http:\\\/\\\/gentedebasquet.com.ar\\\/sitio\\\/#website\",\"url\":\"http:\\\/\\\/gentedebasquet.com.ar\\\/sitio\\\/\",\"name\":\"Gente de B\u00e1squet\",\"description\":\"La revista del basquet de Bah\u00eda Blanca\",\"potentialAction\":[{\"@type\":\"SearchAction\",\"target\":{\"@type\":\"EntryPoint\",\"urlTemplate\":\"http:\\\/\\\/gentedebasquet.com.ar\\\/sitio\\\/?s={search_term_string}\"},\"query-input\":{\"@type\":\"PropertyValueSpecification\",\"valueRequired\":true,\"valueName\":\"search_term_string\"}}],\"inLanguage\":\"es\"},{\"@type\":\"Person\",\"@id\":\"http:\\\/\\\/gentedebasquet.com.ar\\\/sitio\\\/#\\\/schema\\\/person\\\/ca0b63bbb977369988a7bbbdc519943a\",\"name\":\"Gente de B\u00e1squet\",\"image\":{\"@type\":\"ImageObject\",\"inLanguage\":\"es\",\"@id\":\"https:\\\/\\\/secure.gravatar.com\\\/avatar\\\/7f2c48bdc33b30088f941fb6082e555f2874c98e20cb159d7b92b50eadfce793?s=96&d=mm&r=g\",\"url\":\"https:\\\/\\\/secure.gravatar.com\\\/avatar\\\/7f2c48bdc33b30088f941fb6082e555f2874c98e20cb159d7b92b50eadfce793?s=96&d=mm&r=g\",\"contentUrl\":\"https:\\\/\\\/secure.gravatar.com\\\/avatar\\\/7f2c48bdc33b30088f941fb6082e555f2874c98e20cb159d7b92b50eadfce793?s=96&d=mm&r=g\",\"caption\":\"Gente de B\u00e1squet\"},\"sameAs\":[\"http:\\\/\\\/gentedebasquet.com.ar\\\/sitio\"],\"url\":\"http:\\\/\\\/gentedebasquet.com.ar\\\/sitio\\\/author\\\/ulises\\\/\"}]}<\/script>\n<!-- \/ Yoast SEO plugin. -->","yoast_head_json":{"title":"Villa Mitre y una noche de diez - Gente de B\u00e1squet","robots":{"index":"index","follow":"follow","max-snippet":"max-snippet:-1","max-image-preview":"max-image-preview:large","max-video-preview":"max-video-preview:-1"},"canonical":"http:\/\/gentedebasquet.com.ar\/sitio\/2016\/10\/20\/villa-mitre-y-una-noche-de-diez\/","og_locale":"es_ES","og_type":"article","og_title":"Villa Mitre y una noche de diez - Gente de B\u00e1squet","og_description":"Todos los jugadores anotaron en el c\u00f3modo triunfo tricolor ante Estudiantes","og_url":"http:\/\/gentedebasquet.com.ar\/sitio\/2016\/10\/20\/villa-mitre-y-una-noche-de-diez\/","og_site_name":"Gente de B\u00e1squet","article_published_time":"2016-10-21T02:36:35+00:00","og_image":[{"width":690,"height":319,"url":"http:\/\/gentedebasquet.com.ar\/sitio\/wp-content\/uploads\/2016\/10\/Alfonso-v-Estudiantes.jpg","type":"image\/jpeg"}],"author":"Gente de B\u00e1squet","twitter_card":"summary_large_image","twitter_misc":{"Escrito por":"Gente de B\u00e1squet","Tiempo de lectura":"4 minutos"},"schema":{"@context":"https:\/\/schema.org","@graph":[{"@type":"Article","@id":"http:\/\/gentedebasquet.com.ar\/sitio\/2016\/10\/20\/villa-mitre-y-una-noche-de-diez\/#article","isPartOf":{"@id":"http:\/\/gentedebasquet.com.ar\/sitio\/2016\/10\/20\/villa-mitre-y-una-noche-de-diez\/"},"author":{"name":"Gente de B\u00e1squet","@id":"http:\/\/gentedebasquet.com.ar\/sitio\/#\/schema\/person\/ca0b63bbb977369988a7bbbdc519943a"},"headline":"Villa Mitre y una noche de diez","datePublished":"2016-10-21T02:36:35+00:00","mainEntityOfPage":{"@id":"http:\/\/gentedebasquet.com.ar\/sitio\/2016\/10\/20\/villa-mitre-y-una-noche-de-diez\/"},"wordCount":747,"image":{"@id":"http:\/\/gentedebasquet.com.ar\/sitio\/2016\/10\/20\/villa-mitre-y-una-noche-de-diez\/#primaryimage"},"thumbnailUrl":"http:\/\/gentedebasquet.com.ar\/sitio\/wp-content\/uploads\/2016\/10\/Alfonso-v-Estudiantes.jpg","keywords":["David Pineda","Estudiantes","Jos\u00e9 Luis Mart\u00ednez","Leonel Alema\u00f1y","Nicol\u00e1s S\u00e1nchez","Villa Mitre"],"articleSection":["Primera","Slide"],"inLanguage":"es"},{"@type":"WebPage","@id":"http:\/\/gentedebasquet.com.ar\/sitio\/2016\/10\/20\/villa-mitre-y-una-noche-de-diez\/","url":"http:\/\/gentedebasquet.com.ar\/sitio\/2016\/10\/20\/villa-mitre-y-una-noche-de-diez\/","name":"Villa Mitre y una noche de diez - Gente de B\u00e1squet","isPartOf":{"@id":"http:\/\/gentedebasquet.com.ar\/sitio\/#website"},"primaryImageOfPage":{"@id":"http:\/\/gentedebasquet.com.ar\/sitio\/2016\/10\/20\/villa-mitre-y-una-noche-de-diez\/#primaryimage"},"image":{"@id":"http:\/\/gentedebasquet.com.ar\/sitio\/2016\/10\/20\/villa-mitre-y-una-noche-de-diez\/#primaryimage"},"thumbnailUrl":"http:\/\/gentedebasquet.com.ar\/sitio\/wp-content\/uploads\/2016\/10\/Alfonso-v-Estudiantes.jpg","datePublished":"2016-10-21T02:36:35+00:00","author":{"@id":"http:\/\/gentedebasquet.com.ar\/sitio\/#\/schema\/person\/ca0b63bbb977369988a7bbbdc519943a"},"breadcrumb":{"@id":"http:\/\/gentedebasquet.com.ar\/sitio\/2016\/10\/20\/villa-mitre-y-una-noche-de-diez\/#breadcrumb"},"inLanguage":"es","potentialAction":[{"@type":"ReadAction","target":["http:\/\/gentedebasquet.com.ar\/sitio\/2016\/10\/20\/villa-mitre-y-una-noche-de-diez\/"]}]},{"@type":"ImageObject","inLanguage":"es","@id":"http:\/\/gentedebasquet.com.ar\/sitio\/2016\/10\/20\/villa-mitre-y-una-noche-de-diez\/#primaryimage","url":"http:\/\/gentedebasquet.com.ar\/sitio\/wp-content\/uploads\/2016\/10\/Alfonso-v-Estudiantes.jpg","contentUrl":"http:\/\/gentedebasquet.com.ar\/sitio\/wp-content\/uploads\/2016\/10\/Alfonso-v-Estudiantes.jpg","width":690,"height":319},{"@type":"BreadcrumbList","@id":"http:\/\/gentedebasquet.com.ar\/sitio\/2016\/10\/20\/villa-mitre-y-una-noche-de-diez\/#breadcrumb","itemListElement":[{"@type":"ListItem","position":1,"name":"Portada","item":"http:\/\/gentedebasquet.com.ar\/sitio\/"},{"@type":"ListItem","position":2,"name":"Villa Mitre y una noche de diez"}]},{"@type":"WebSite","@id":"http:\/\/gentedebasquet.com.ar\/sitio\/#website","url":"http:\/\/gentedebasquet.com.ar\/sitio\/","name":"Gente de B\u00e1squet","description":"La revista del basquet de Bah\u00eda Blanca","potentialAction":[{"@type":"SearchAction","target":{"@type":"EntryPoint","urlTemplate":"http:\/\/gentedebasquet.com.ar\/sitio\/?s={search_term_string}"},"query-input":{"@type":"PropertyValueSpecification","valueRequired":true,"valueName":"search_term_string"}}],"inLanguage":"es"},{"@type":"Person","@id":"http:\/\/gentedebasquet.com.ar\/sitio\/#\/schema\/person\/ca0b63bbb977369988a7bbbdc519943a","name":"Gente de B\u00e1squet","image":{"@type":"ImageObject","inLanguage":"es","@id":"https:\/\/secure.gravatar.com\/avatar\/7f2c48bdc33b30088f941fb6082e555f2874c98e20cb159d7b92b50eadfce793?s=96&d=mm&r=g","url":"https:\/\/secure.gravatar.com\/avatar\/7f2c48bdc33b30088f941fb6082e555f2874c98e20cb159d7b92b50eadfce793?s=96&d=mm&r=g","contentUrl":"https:\/\/secure.gravatar.com\/avatar\/7f2c48bdc33b30088f941fb6082e555f2874c98e20cb159d7b92b50eadfce793?s=96&d=mm&r=g","caption":"Gente de B\u00e1squet"},"sameAs":["http:\/\/gentedebasquet.com.ar\/sitio"],"url":"http:\/\/gentedebasquet.com.ar\/sitio\/author\/ulises\/"}]}},"_links":{"self":[{"href":"http:\/\/gentedebasquet.com.ar\/sitio\/wp-json\/wp\/v2\/posts\/65693","targetHints":{"allow":["GET"]}}],"collection":[{"href":"http:\/\/gentedebasquet.com.ar\/sitio\/wp-json\/wp\/v2\/posts"}],"about":[{"href":"http:\/\/gentedebasquet.com.ar\/sitio\/wp-json\/wp\/v2\/types\/post"}],"author":[{"embeddable":true,"href":"http:\/\/gentedebasquet.com.ar\/sitio\/wp-json\/wp\/v2\/users\/1"}],"replies":[{"embeddable":true,"href":"http:\/\/gentedebasquet.com.ar\/sitio\/wp-json\/wp\/v2\/comments?post=65693"}],"version-history":[{"count":0,"href":"http:\/\/gentedebasquet.com.ar\/sitio\/wp-json\/wp\/v2\/posts\/65693\/revisions"}],"wp:featuredmedia":[{"embeddable":true,"href":"http:\/\/gentedebasquet.com.ar\/sitio\/wp-json\/wp\/v2\/media\/65727"}],"wp:attachment":[{"href":"http:\/\/gentedebasquet.com.ar\/sitio\/wp-json\/wp\/v2\/media?parent=65693"}],"wp:term":[{"taxonomy":"category","embeddable":true,"href":"http:\/\/gentedebasquet.com.ar\/sitio\/wp-json\/wp\/v2\/categories?post=65693"},{"taxonomy":"post_tag","embeddable":true,"href":"http:\/\/gentedebasquet.com.ar\/sitio\/wp-json\/wp\/v2\/tags?post=65693"}],"curies":[{"name":"wp","href":"https:\/\/api.w.org\/{rel}","templated":true}]}}