{"id":65721,"date":"2016-10-20T23:20:51","date_gmt":"2016-10-21T02:20:51","guid":{"rendered":"http:\/\/www.gentedebasquet.com.ar\/?p=65721"},"modified":"2016-10-20T23:20:51","modified_gmt":"2016-10-21T02:20:51","slug":"con-el-ultimo-suspiro-8","status":"publish","type":"post","link":"http:\/\/gentedebasquet.com.ar\/sitio\/2016\/10\/20\/con-el-ultimo-suspiro-8\/","title":{"rendered":"Con el \u00faltimo suspiro"},"content":{"rendered":"<p><strong>Alem sigue prendido arriba en las posiciones al vencer a Napost\u00e1 89 a 87 con un rendimiento tan irregular como viene siendo su campa\u00f1a en el a\u00f1o. Juan Pablo Rotta (23, 5\/8 T3) fue el art\u00edfice de un triunfo trabajado, seguido por Herman Banegas (16 y 8 rebotes) y Fabricio Starc (16, 8\/12 T2); mientras que no alcanz\u00f3 para Napost\u00e1 su poder ofensivo con Federico Harina (28, 9\/18 TC), Nicol\u00e1s Quiroga (23, 10\/15 T2) y Federico El\u00edas (13, 3\/5 T3). Quiroga tuvo que ser sustituido a falta de 2m06s para el final por un dolor en su tobillo derecho y en el due\u00f1o de casa volvi\u00f3 a ser de la partida Dami\u00e1n Foulkes.<\/strong><\/p>\n<p>Con mucha intensidad en la pintura, merced a la presencia de Banegas (8), Alem inici\u00f3 mejor el encuentro, controlando adem\u00e1s el ritmo del mismo ya que logr\u00f3 correr seguido; mientras que cuando tuvo que trabajar la ofensiva, Rotta (7) se mostr\u00f3 muy enfocado y Starc (6, 3\/3 T2) colabor\u00f3 aprovechando los lanzamientos que otorg\u00f3 la preocupaci\u00f3n por el juego del \u201cFlaco\u201d abajo o el tiro de Juan Pablo afuera. Sin embargo a Quiroga (11) le llev\u00f3 dos ataques analizar a sus defensores para luego atacarlos constantemente para anotar o crear juego, el que redituaron Aguirre y Pallotti (9 entre ambos) para equilibrar las acciones.<\/p>\n<p>Rotta (2\/2 T3) continu\u00f3 encendido desde el per\u00edmetro, lo que permiti\u00f3 que Banegas (6) obtenga mayor preponderancia debajo de los cestos y as\u00ed creciera el juego del due\u00f1o de casa, que volvi\u00f3 a correr en el arranque del cuarto para esta vez tomar mayores distancias (38-27) con un parcial de 14-4. Pero cuando a Rotta le toc\u00f3 descansa, el equipo entr\u00f3 en una meseta muy evidente, la que sin dudarlo utiliz\u00f3 Napost\u00e1 a su favor para revertir el marcador. La dupla Harina (7) y Quiroga (6) funcion\u00f3 a la perfecci\u00f3n con un pick and roll sobre el eje de la cancha, creando situaciones claras para ellos o para el joven El\u00edas (7), quien pareci\u00f3 ser mayor por las buenas decisiones que tom\u00f3 cuando tuvo el bal\u00f3n en sus manos. En definitiva, \u201cNapo\u201d contrarrest\u00f3 con un parcial de 18-6 y cerr\u00f3 al frente la primera mitad.<\/p>\n<p>Luego del descanso largo Banegas (7) continu\u00f3 haciendo de las suyas en la pintura y por momentos se plante\u00f3 duelo personal con Quiroga. No obstante quien ten\u00eda la \u00faltima palabra era Harina (8) dado que tuvo su racha personal para volver a tomar el comando del marcador acompa\u00f1ado por el desenfado de El\u00edas en el per\u00edmetro. Alem pudo haberse escapado, aprovechando que el rival hab\u00eda quedado en penalizaci\u00f3n muy temprano; pero registr\u00f3 9\/14 T1 otorgando muchas ventajas para un partido tan equilibrado.<\/p>\n<p>Harina (10, tir\u00f3 para 14) se carg\u00f3 el equipo al hombro y se adue\u00f1\u00f3 tambi\u00e9n de la creaci\u00f3n de juego dado que al absorber tanta atenci\u00f3n liber\u00f3 a sus compa\u00f1eros para asistirlos constantemente. Gentili (5) y Eli\u00e1s colaboraron con bombazos oportunos para mantener su poder\u00edo ofensivo. Sin embargo cuando Alem se propuso a defender, obtuvo sus resultados en las 5 p\u00e9rdidas del rival, las que le permitieron correr el contraataque con Torre (5 asistencias) como el cerebro del equipo. Starc (8, 100% efectividad) produjo mucho en ataque y Rotta (2\/3 T3) una vez m\u00e1s dijo presente. De todas maneras y a pesar de algunos bombazos cruzados, comenz\u00f3 a definirse con la colaboraci\u00f3n de Foulkes y se puso el sello final desde la l\u00ednea cuando Harina malogr\u00f3 su \u00fanico lanzamiento libre.<\/p>\n<p>&nbsp;<\/p>\n<p>[vimeo]http:\/\/vimeo.com\/ 188249463 [\/vimeo]<\/p>\n<p><em>\u00a0<\/em><\/p>\n<p><strong>S\u00edntesis |\u00a0<\/strong>Primera Divisi\u00f3n \u2013 Oficial &#8211; Fecha #20<\/p>\n<p><strong>Alem 89<\/strong><strong>:<\/strong>\u00a0Santiago Torre 8, Walter Gigena 3, Juan Pablo Rotta 23, Fabricio Starc 16 y Herman Banegas 16 (F.I.); Augusto Priore 2, Juan Manuel Bicondoa 0, Juan Ignacio Diomedi 7, Genaro Priore 0 y Dami\u00e1n Foulkes 4. DT: Alejandro \u00c1lvarez.<\/p>\n<p><strong>Napost\u00e1 87:<\/strong> Bruno Pallotti 8, Ramiro Aguirre 5, Federico Harina 28, Nicol\u00e1s Quiroga 23 y Agust\u00edn Amore 2 (F.I.); Tom\u00e1s Taj\u00e1n 1, Federico El\u00edas 13 y Gustavo Gentili 7 (x). DT: Walter Romerniszyn.<\/p>\n<p><strong>Parciales:<\/strong>\u00a024-23, 44-45 (20-22), 62-63 (18-18) y 89-87 (27-24).<\/p>\n<p><strong>\u00c1rbitros:<\/strong>\u00a0Eduardo Ferreyra y Alejandro Go\u00f1i.<\/p>\n<p><strong>Estadio:<\/strong>\u00a0\u201cDaniel Lacunza\u201d (Alem).<\/p>\n<p><a class=\"modalf iframe\" title=\"Planilla\" href=\"https:\/\/docs.google.com\/spreadsheets\/d\/1MbN6PhPeUtYWnSHFHnMxWSdX3yqi0dZnO0D2cRXHGaE\/pubhtml\" target=\"_blank\" rel=\"noopener\">Ver Planilla<\/a><\/p>\n","protected":false},"excerpt":{"rendered":"<p>Alem tuvo que esperar hasta el final para vencer a Napost\u00e1 89-87<\/p>\n","protected":false},"author":1,"featured_media":65722,"comment_status":"closed","ping_status":"open","sticky":false,"template":"","format":"standard","meta":{"jnews-multi-image_gallery":[],"jnews_single_post":[],"jnews_primary_category":[],"footnotes":""},"categories":[23,101],"tags":[3,242,1085,209,230,48,15,283],"class_list":["post-65721","post","type-post","status-publish","format-standard","has-post-thumbnail","hentry","category-primera","category-slide","tag-alem","tag-fabricio-starc","tag-federico-elias","tag-federico-harina","tag-herman-banegas","tag-juan-pablo-rotta","tag-naposta","tag-nicolas-quiroga"],"yoast_head":"<!-- This site is optimized with the Yoast SEO plugin v27.5 - https:\/\/yoast.com\/product\/yoast-seo-wordpress\/ -->\n<title>Con el \u00faltimo suspiro - Gente de B\u00e1squet<\/title>\n<meta name=\"robots\" content=\"index, follow, max-snippet:-1, max-image-preview:large, max-video-preview:-1\" \/>\n<link rel=\"canonical\" href=\"http:\/\/gentedebasquet.com.ar\/sitio\/2016\/10\/20\/con-el-ultimo-suspiro-8\/\" \/>\n<meta property=\"og:locale\" content=\"es_ES\" \/>\n<meta property=\"og:type\" content=\"article\" \/>\n<meta property=\"og:title\" content=\"Con el \u00faltimo suspiro - Gente de B\u00e1squet\" \/>\n<meta property=\"og:description\" content=\"Alem tuvo que esperar hasta el final para vencer a Napost\u00e1 89-87\" \/>\n<meta property=\"og:url\" content=\"http:\/\/gentedebasquet.com.ar\/sitio\/2016\/10\/20\/con-el-ultimo-suspiro-8\/\" \/>\n<meta property=\"og:site_name\" content=\"Gente de B\u00e1squet\" \/>\n<meta property=\"article:published_time\" content=\"2016-10-21T02:20:51+00:00\" \/>\n<meta property=\"og:image\" content=\"http:\/\/gentedebasquet.com.ar\/sitio\/wp-content\/uploads\/2016\/10\/Alem-Naposta.jpg\" \/>\n\t<meta property=\"og:image:width\" content=\"690\" \/>\n\t<meta property=\"og:image:height\" content=\"319\" \/>\n\t<meta property=\"og:image:type\" content=\"image\/jpeg\" \/>\n<meta name=\"author\" content=\"Gente de B\u00e1squet\" \/>\n<meta name=\"twitter:card\" content=\"summary_large_image\" \/>\n<meta name=\"twitter:label1\" content=\"Escrito por\" \/>\n\t<meta name=\"twitter:data1\" content=\"Gente de B\u00e1squet\" \/>\n\t<meta name=\"twitter:label2\" content=\"Tiempo de lectura\" \/>\n\t<meta name=\"twitter:data2\" content=\"3 minutos\" \/>\n<script type=\"application\/ld+json\" class=\"yoast-schema-graph\">{\"@context\":\"https:\\\/\\\/schema.org\",\"@graph\":[{\"@type\":\"Article\",\"@id\":\"http:\\\/\\\/gentedebasquet.com.ar\\\/sitio\\\/2016\\\/10\\\/20\\\/con-el-ultimo-suspiro-8\\\/#article\",\"isPartOf\":{\"@id\":\"http:\\\/\\\/gentedebasquet.com.ar\\\/sitio\\\/2016\\\/10\\\/20\\\/con-el-ultimo-suspiro-8\\\/\"},\"author\":{\"name\":\"Gente de B\u00e1squet\",\"@id\":\"https:\\\/\\\/gentedebasquet.com.ar\\\/sitio\\\/#\\\/schema\\\/person\\\/ca0b63bbb977369988a7bbbdc519943a\"},\"headline\":\"Con el \u00faltimo suspiro\",\"datePublished\":\"2016-10-21T02:20:51+00:00\",\"mainEntityOfPage\":{\"@id\":\"http:\\\/\\\/gentedebasquet.com.ar\\\/sitio\\\/2016\\\/10\\\/20\\\/con-el-ultimo-suspiro-8\\\/\"},\"wordCount\":671,\"image\":{\"@id\":\"http:\\\/\\\/gentedebasquet.com.ar\\\/sitio\\\/2016\\\/10\\\/20\\\/con-el-ultimo-suspiro-8\\\/#primaryimage\"},\"thumbnailUrl\":\"http:\\\/\\\/gentedebasquet.com.ar\\\/sitio\\\/wp-content\\\/uploads\\\/2016\\\/10\\\/Alem-Naposta.jpg\",\"keywords\":[\"Alem\",\"Fabricio Starc\",\"Federico El\u00edas\",\"Federico Harina\",\"Herman Banegas\",\"Juan Pablo Rotta\",\"Naposta\",\"Nicol\u00e1s Quiroga\"],\"articleSection\":[\"Primera\",\"Slide\"],\"inLanguage\":\"es\"},{\"@type\":\"WebPage\",\"@id\":\"http:\\\/\\\/gentedebasquet.com.ar\\\/sitio\\\/2016\\\/10\\\/20\\\/con-el-ultimo-suspiro-8\\\/\",\"url\":\"http:\\\/\\\/gentedebasquet.com.ar\\\/sitio\\\/2016\\\/10\\\/20\\\/con-el-ultimo-suspiro-8\\\/\",\"name\":\"Con el \u00faltimo suspiro - Gente de B\u00e1squet\",\"isPartOf\":{\"@id\":\"https:\\\/\\\/gentedebasquet.com.ar\\\/sitio\\\/#website\"},\"primaryImageOfPage\":{\"@id\":\"http:\\\/\\\/gentedebasquet.com.ar\\\/sitio\\\/2016\\\/10\\\/20\\\/con-el-ultimo-suspiro-8\\\/#primaryimage\"},\"image\":{\"@id\":\"http:\\\/\\\/gentedebasquet.com.ar\\\/sitio\\\/2016\\\/10\\\/20\\\/con-el-ultimo-suspiro-8\\\/#primaryimage\"},\"thumbnailUrl\":\"http:\\\/\\\/gentedebasquet.com.ar\\\/sitio\\\/wp-content\\\/uploads\\\/2016\\\/10\\\/Alem-Naposta.jpg\",\"datePublished\":\"2016-10-21T02:20:51+00:00\",\"author\":{\"@id\":\"https:\\\/\\\/gentedebasquet.com.ar\\\/sitio\\\/#\\\/schema\\\/person\\\/ca0b63bbb977369988a7bbbdc519943a\"},\"breadcrumb\":{\"@id\":\"http:\\\/\\\/gentedebasquet.com.ar\\\/sitio\\\/2016\\\/10\\\/20\\\/con-el-ultimo-suspiro-8\\\/#breadcrumb\"},\"inLanguage\":\"es\",\"potentialAction\":[{\"@type\":\"ReadAction\",\"target\":[\"http:\\\/\\\/gentedebasquet.com.ar\\\/sitio\\\/2016\\\/10\\\/20\\\/con-el-ultimo-suspiro-8\\\/\"]}]},{\"@type\":\"ImageObject\",\"inLanguage\":\"es\",\"@id\":\"http:\\\/\\\/gentedebasquet.com.ar\\\/sitio\\\/2016\\\/10\\\/20\\\/con-el-ultimo-suspiro-8\\\/#primaryimage\",\"url\":\"http:\\\/\\\/gentedebasquet.com.ar\\\/sitio\\\/wp-content\\\/uploads\\\/2016\\\/10\\\/Alem-Naposta.jpg\",\"contentUrl\":\"http:\\\/\\\/gentedebasquet.com.ar\\\/sitio\\\/wp-content\\\/uploads\\\/2016\\\/10\\\/Alem-Naposta.jpg\",\"width\":690,\"height\":319},{\"@type\":\"BreadcrumbList\",\"@id\":\"http:\\\/\\\/gentedebasquet.com.ar\\\/sitio\\\/2016\\\/10\\\/20\\\/con-el-ultimo-suspiro-8\\\/#breadcrumb\",\"itemListElement\":[{\"@type\":\"ListItem\",\"position\":1,\"name\":\"Portada\",\"item\":\"https:\\\/\\\/gentedebasquet.com.ar\\\/sitio\\\/\"},{\"@type\":\"ListItem\",\"position\":2,\"name\":\"Con el \u00faltimo suspiro\"}]},{\"@type\":\"WebSite\",\"@id\":\"https:\\\/\\\/gentedebasquet.com.ar\\\/sitio\\\/#website\",\"url\":\"https:\\\/\\\/gentedebasquet.com.ar\\\/sitio\\\/\",\"name\":\"Gente de B\u00e1squet\",\"description\":\"La revista del basquet de Bah\u00eda Blanca\",\"potentialAction\":[{\"@type\":\"SearchAction\",\"target\":{\"@type\":\"EntryPoint\",\"urlTemplate\":\"https:\\\/\\\/gentedebasquet.com.ar\\\/sitio\\\/?s={search_term_string}\"},\"query-input\":{\"@type\":\"PropertyValueSpecification\",\"valueRequired\":true,\"valueName\":\"search_term_string\"}}],\"inLanguage\":\"es\"},{\"@type\":\"Person\",\"@id\":\"https:\\\/\\\/gentedebasquet.com.ar\\\/sitio\\\/#\\\/schema\\\/person\\\/ca0b63bbb977369988a7bbbdc519943a\",\"name\":\"Gente de B\u00e1squet\",\"image\":{\"@type\":\"ImageObject\",\"inLanguage\":\"es\",\"@id\":\"https:\\\/\\\/secure.gravatar.com\\\/avatar\\\/7f2c48bdc33b30088f941fb6082e555f2874c98e20cb159d7b92b50eadfce793?s=96&d=mm&r=g\",\"url\":\"https:\\\/\\\/secure.gravatar.com\\\/avatar\\\/7f2c48bdc33b30088f941fb6082e555f2874c98e20cb159d7b92b50eadfce793?s=96&d=mm&r=g\",\"contentUrl\":\"https:\\\/\\\/secure.gravatar.com\\\/avatar\\\/7f2c48bdc33b30088f941fb6082e555f2874c98e20cb159d7b92b50eadfce793?s=96&d=mm&r=g\",\"caption\":\"Gente de B\u00e1squet\"},\"sameAs\":[\"http:\\\/\\\/gentedebasquet.com.ar\\\/sitio\"],\"url\":\"http:\\\/\\\/gentedebasquet.com.ar\\\/sitio\\\/author\\\/ulises\\\/\"}]}<\/script>\n<!-- \/ Yoast SEO plugin. -->","yoast_head_json":{"title":"Con el \u00faltimo suspiro - Gente de B\u00e1squet","robots":{"index":"index","follow":"follow","max-snippet":"max-snippet:-1","max-image-preview":"max-image-preview:large","max-video-preview":"max-video-preview:-1"},"canonical":"http:\/\/gentedebasquet.com.ar\/sitio\/2016\/10\/20\/con-el-ultimo-suspiro-8\/","og_locale":"es_ES","og_type":"article","og_title":"Con el \u00faltimo suspiro - Gente de B\u00e1squet","og_description":"Alem tuvo que esperar hasta el final para vencer a Napost\u00e1 89-87","og_url":"http:\/\/gentedebasquet.com.ar\/sitio\/2016\/10\/20\/con-el-ultimo-suspiro-8\/","og_site_name":"Gente de B\u00e1squet","article_published_time":"2016-10-21T02:20:51+00:00","og_image":[{"width":690,"height":319,"url":"http:\/\/gentedebasquet.com.ar\/sitio\/wp-content\/uploads\/2016\/10\/Alem-Naposta.jpg","type":"image\/jpeg"}],"author":"Gente de B\u00e1squet","twitter_card":"summary_large_image","twitter_misc":{"Escrito por":"Gente de B\u00e1squet","Tiempo de lectura":"3 minutos"},"schema":{"@context":"https:\/\/schema.org","@graph":[{"@type":"Article","@id":"http:\/\/gentedebasquet.com.ar\/sitio\/2016\/10\/20\/con-el-ultimo-suspiro-8\/#article","isPartOf":{"@id":"http:\/\/gentedebasquet.com.ar\/sitio\/2016\/10\/20\/con-el-ultimo-suspiro-8\/"},"author":{"name":"Gente de B\u00e1squet","@id":"https:\/\/gentedebasquet.com.ar\/sitio\/#\/schema\/person\/ca0b63bbb977369988a7bbbdc519943a"},"headline":"Con el \u00faltimo suspiro","datePublished":"2016-10-21T02:20:51+00:00","mainEntityOfPage":{"@id":"http:\/\/gentedebasquet.com.ar\/sitio\/2016\/10\/20\/con-el-ultimo-suspiro-8\/"},"wordCount":671,"image":{"@id":"http:\/\/gentedebasquet.com.ar\/sitio\/2016\/10\/20\/con-el-ultimo-suspiro-8\/#primaryimage"},"thumbnailUrl":"http:\/\/gentedebasquet.com.ar\/sitio\/wp-content\/uploads\/2016\/10\/Alem-Naposta.jpg","keywords":["Alem","Fabricio Starc","Federico El\u00edas","Federico Harina","Herman Banegas","Juan Pablo Rotta","Naposta","Nicol\u00e1s Quiroga"],"articleSection":["Primera","Slide"],"inLanguage":"es"},{"@type":"WebPage","@id":"http:\/\/gentedebasquet.com.ar\/sitio\/2016\/10\/20\/con-el-ultimo-suspiro-8\/","url":"http:\/\/gentedebasquet.com.ar\/sitio\/2016\/10\/20\/con-el-ultimo-suspiro-8\/","name":"Con el \u00faltimo suspiro - Gente de B\u00e1squet","isPartOf":{"@id":"https:\/\/gentedebasquet.com.ar\/sitio\/#website"},"primaryImageOfPage":{"@id":"http:\/\/gentedebasquet.com.ar\/sitio\/2016\/10\/20\/con-el-ultimo-suspiro-8\/#primaryimage"},"image":{"@id":"http:\/\/gentedebasquet.com.ar\/sitio\/2016\/10\/20\/con-el-ultimo-suspiro-8\/#primaryimage"},"thumbnailUrl":"http:\/\/gentedebasquet.com.ar\/sitio\/wp-content\/uploads\/2016\/10\/Alem-Naposta.jpg","datePublished":"2016-10-21T02:20:51+00:00","author":{"@id":"https:\/\/gentedebasquet.com.ar\/sitio\/#\/schema\/person\/ca0b63bbb977369988a7bbbdc519943a"},"breadcrumb":{"@id":"http:\/\/gentedebasquet.com.ar\/sitio\/2016\/10\/20\/con-el-ultimo-suspiro-8\/#breadcrumb"},"inLanguage":"es","potentialAction":[{"@type":"ReadAction","target":["http:\/\/gentedebasquet.com.ar\/sitio\/2016\/10\/20\/con-el-ultimo-suspiro-8\/"]}]},{"@type":"ImageObject","inLanguage":"es","@id":"http:\/\/gentedebasquet.com.ar\/sitio\/2016\/10\/20\/con-el-ultimo-suspiro-8\/#primaryimage","url":"http:\/\/gentedebasquet.com.ar\/sitio\/wp-content\/uploads\/2016\/10\/Alem-Naposta.jpg","contentUrl":"http:\/\/gentedebasquet.com.ar\/sitio\/wp-content\/uploads\/2016\/10\/Alem-Naposta.jpg","width":690,"height":319},{"@type":"BreadcrumbList","@id":"http:\/\/gentedebasquet.com.ar\/sitio\/2016\/10\/20\/con-el-ultimo-suspiro-8\/#breadcrumb","itemListElement":[{"@type":"ListItem","position":1,"name":"Portada","item":"https:\/\/gentedebasquet.com.ar\/sitio\/"},{"@type":"ListItem","position":2,"name":"Con el \u00faltimo suspiro"}]},{"@type":"WebSite","@id":"https:\/\/gentedebasquet.com.ar\/sitio\/#website","url":"https:\/\/gentedebasquet.com.ar\/sitio\/","name":"Gente de B\u00e1squet","description":"La revista del basquet de Bah\u00eda Blanca","potentialAction":[{"@type":"SearchAction","target":{"@type":"EntryPoint","urlTemplate":"https:\/\/gentedebasquet.com.ar\/sitio\/?s={search_term_string}"},"query-input":{"@type":"PropertyValueSpecification","valueRequired":true,"valueName":"search_term_string"}}],"inLanguage":"es"},{"@type":"Person","@id":"https:\/\/gentedebasquet.com.ar\/sitio\/#\/schema\/person\/ca0b63bbb977369988a7bbbdc519943a","name":"Gente de B\u00e1squet","image":{"@type":"ImageObject","inLanguage":"es","@id":"https:\/\/secure.gravatar.com\/avatar\/7f2c48bdc33b30088f941fb6082e555f2874c98e20cb159d7b92b50eadfce793?s=96&d=mm&r=g","url":"https:\/\/secure.gravatar.com\/avatar\/7f2c48bdc33b30088f941fb6082e555f2874c98e20cb159d7b92b50eadfce793?s=96&d=mm&r=g","contentUrl":"https:\/\/secure.gravatar.com\/avatar\/7f2c48bdc33b30088f941fb6082e555f2874c98e20cb159d7b92b50eadfce793?s=96&d=mm&r=g","caption":"Gente de B\u00e1squet"},"sameAs":["http:\/\/gentedebasquet.com.ar\/sitio"],"url":"http:\/\/gentedebasquet.com.ar\/sitio\/author\/ulises\/"}]}},"_links":{"self":[{"href":"http:\/\/gentedebasquet.com.ar\/sitio\/wp-json\/wp\/v2\/posts\/65721","targetHints":{"allow":["GET"]}}],"collection":[{"href":"http:\/\/gentedebasquet.com.ar\/sitio\/wp-json\/wp\/v2\/posts"}],"about":[{"href":"http:\/\/gentedebasquet.com.ar\/sitio\/wp-json\/wp\/v2\/types\/post"}],"author":[{"embeddable":true,"href":"http:\/\/gentedebasquet.com.ar\/sitio\/wp-json\/wp\/v2\/users\/1"}],"replies":[{"embeddable":true,"href":"http:\/\/gentedebasquet.com.ar\/sitio\/wp-json\/wp\/v2\/comments?post=65721"}],"version-history":[{"count":0,"href":"http:\/\/gentedebasquet.com.ar\/sitio\/wp-json\/wp\/v2\/posts\/65721\/revisions"}],"wp:featuredmedia":[{"embeddable":true,"href":"http:\/\/gentedebasquet.com.ar\/sitio\/wp-json\/wp\/v2\/media\/65722"}],"wp:attachment":[{"href":"http:\/\/gentedebasquet.com.ar\/sitio\/wp-json\/wp\/v2\/media?parent=65721"}],"wp:term":[{"taxonomy":"category","embeddable":true,"href":"http:\/\/gentedebasquet.com.ar\/sitio\/wp-json\/wp\/v2\/categories?post=65721"},{"taxonomy":"post_tag","embeddable":true,"href":"http:\/\/gentedebasquet.com.ar\/sitio\/wp-json\/wp\/v2\/tags?post=65721"}],"curies":[{"name":"wp","href":"https:\/\/api.w.org\/{rel}","templated":true}]}}