{"id":65994,"date":"2016-10-26T23:23:00","date_gmt":"2016-10-27T02:23:00","guid":{"rendered":"http:\/\/www.gentedebasquet.com.ar\/?p=65994"},"modified":"2016-10-26T23:23:00","modified_gmt":"2016-10-27T02:23:00","slug":"el-dueno-del-1","status":"publish","type":"post","link":"http:\/\/gentedebasquet.com.ar\/sitio\/2016\/10\/26\/el-dueno-del-1\/","title":{"rendered":"El due\u00f1o del \u00ab1\u00bb"},"content":{"rendered":"<p><strong>Bahiense del Norte cumpli\u00f3 con su tarea y tras vencer a Villa Mitre por 66-51 en el Manu Gin\u00f3bili, se adjudic\u00f3 el primer puesto en la fase regular de cara a los playoffs. Salvo en el inicio, en un partido de tr\u00e1mite deslucido, el conjunto de Alejandro Navallo estuvo siempre al frente y se termin\u00f3 quedando con el encuentro sin pasar sobresaltos. Franco Pennacchiotti (15 y 14 reb) fue el goleador en el Tricolor, que adem\u00e1s, tuvo buenas actuaciones en Andr\u00e9s Barbero (11), Luciano Fern\u00e1ndez (10) y An\u00edbal Buzzo (10). Mientras que en el Verde, que finaliz\u00f3 en la tercera posici\u00f3n, sobresali\u00f3 Marcelo Berdini (15). <\/strong><\/p>\n<p>Los primeros minutos de la noche tuvieron una leve inclinaci\u00f3n hacia Villa Mitre. Con Berdini (5) en la base, Heinrich (4) cerca de los tableros y una bomba esquinada de Pineda, el Verde se adelant\u00f3 10-6 a 4m16s del cierre del 1C. Aunque luego la visita se nubl\u00f3, abus\u00f3 del tiro externo (2\/8 T3) y el due\u00f1o de casa mejor\u00f3. El Tricolor reparti\u00f3 bien sus puntos en los cinco iniciales, apoy\u00e1ndose m\u00e1s que nada en Pennacchiotti (5), Barbero (5) y Silva (4) para establecer un parcial de 13-4 e irse al frente al primer descanso (19-14).<\/p>\n<p>Restaban 6m11s por jugar del 2C, cuando Villa Mitre se puso a tiro nuevamente (22-20). Sin embargo, a partir de ah\u00ed los de Ugolini se secaron y solo convirtieron 3 unidades hasta el final del segmento (1\/4 T3 \u2013 1\/10 T2). Bahiense, que por momentos prob\u00f3 mucho a distancia (2\/8), encontr\u00f3 soluciones en el banco con los ingresos de Fern\u00e1ndez (7) y Zambrano (3) para irse al descanso m\u00e1s largo ocho adelante (31-22).<\/p>\n<blockquote><p>Villa Mitre es un equipo duro y sab\u00edamos que iba a estar complicado, m\u00e1s all\u00e1 de que si mirabas la tabla ve\u00edas que ellos no ten\u00edan tanta motivaci\u00f3n para hoy. Ten\u00edamos claro que igualmente no nos pod\u00edamos relajar, salimos duros atr\u00e1s y suplimos la falta de ataque que tuvimos. Por suerte este \u00faltimo tiempo se nos dieron varios resultados, hoy pudimos rectificar todo eso y nos quedamos con el 1, pero ahora hay que seguir manteniendo el nivel. El rival que nos toque va a ser dur\u00edsimo, como en todo el a\u00f1o, ning\u00fan partido fue sencillo (Franco Pennacchiotti).<\/p><\/blockquote>\n<p>A la vuelta de los vestuarios, el partido se torn\u00f3 de rachas. Una acci\u00f3n de Silva le permiti\u00f3 al Tricolor encontrar once de luz (34-23) cuando reci\u00e9n comenzaba el 3C. Con Berdini (8) como bandera ofensiva y Pineda (4) secund\u00e1ndolo de buena forma, Villa Mitre respondi\u00f3 y se lleg\u00f3 a poner a tan solo dos unidades (39-37) con 4m15s en el reloj. Aunque el Tricolor reaccion\u00f3 r\u00e1pidamente con los triples de Fern\u00e1ndez y Buzzo, m\u00e1s la efectividad de Barbero (4\/4 TL) que se gan\u00f3 los puntos desde la l\u00ednea. El local entr\u00f3 nueve arriba (48-39) al \u00faltimo periodo.<\/p>\n<p>Ya en el 4C, Villa Mitre intent\u00f3 con el empuje de Heinrich (4) y Mart\u00ednez (4). Aunque en el otro lado, Pennacchiotti (6) volvi\u00f3 a ser determinante en la pintura, Buzzo (5) aport\u00f3 puntos claves y con una bomba de Mor\u00e1n a 1m10 del final (64-51) Bahiense le baj\u00f3 el tel\u00f3n al encuentro. As\u00ed los de Navallo cumplieron, se aseguraron el \u201c1\u201d de la fase regular y no solo tendr\u00e1n ventaja de localia en los playoffs del Oficial sino tambi\u00e9n en las finales extras, si es que las hay.<\/p>\n<p>&nbsp;<\/p>\n<p>[youtube]https:\/\/youtu.be\/sE57COxqc4Q[\/youtube]<\/p>\n<p>&nbsp;<\/p>\n<p><strong>S\u00edntesis |<\/strong>\u00a0Primera Divisi\u00f3n \u2013 Oficial \u2013 Fecha #22<\/p>\n<p><strong>Bahiense del Norte 66:<\/strong>\u00a0Juan Pablo Mor\u00e1n 9, Andr\u00e9s Barbero 11, Esteban Silva 8, Anibal Buzzo 10, Franco Pennacchiotti 15 (Fi); Luciano Fern\u00e1ndez 10 (x), Kevin Zambrano 3 y Gonzalo Nolt 0. DT: Alejandro Navallo.<\/p>\n<p><strong>Villa Mitre 51:<\/strong>\u00a0Marcelo Berdini 15, Fernando Alfonso 2, Nicol\u00e1s Renzi 5, David Pineda 9, Ramiro Heinrich 8 (Fi); Jos\u00e9 Luis Mart\u00ednez 9, Mat\u00edas Monteoliva 0 y Germ\u00e1n Andr\u00e9s 3. DT: Ariel Ugolini.<\/p>\n<p><strong>Parciales:<\/strong>\u00a019-14, 31-23 (12-9), 48-39 (17-16) y 66-51 (18-12).<\/p>\n<p><strong>\u00c1rbitros:<\/strong>\u00a0Emanuel S\u00e1nchez \u2013 Sebasti\u00e1n Giannino.<\/p>\n<p><strong>Estadio:<\/strong>\u00a0Manu Gin\u00f3bili (Bahiense del Norte).<\/p>\n<p><a class=\"modalf iframe\" title=\"Planilla\" href=\"https:\/\/docs.google.com\/spreadsheets\/d\/1QeAVQZPzz5TFZiSCmqvtpW8CXS6kwJ20OxN5uBz3g3k\/pubhtml?gid=2139099040&amp;single=true\" target=\"_blank\" rel=\"noopener\">Ver Planilla<\/a><\/p>\n","protected":false},"excerpt":{"rendered":"<p>Bahiense super\u00f3 a Villa Mitre por 66-51 y termin\u00f3 la fase regular en lo m\u00e1s alto<\/p>\n","protected":false},"author":1,"featured_media":65995,"comment_status":"closed","ping_status":"open","sticky":false,"template":"","format":"standard","meta":{"jnews-multi-image_gallery":[],"jnews_single_post":[],"jnews_primary_category":[],"footnotes":""},"categories":[23,101],"tags":[172,597,5,87,224,321,22],"class_list":["post-65994","post","type-post","status-publish","format-standard","has-post-thumbnail","hentry","category-primera","category-slide","tag-andres-barbero","tag-anibal-buzzo","tag-bahiense-del-norte","tag-franco-pennacchiotti","tag-luciano-fernandez","tag-marcelo-berdini","tag-villa-mitre"],"yoast_head":"<!-- This site is optimized with the Yoast SEO plugin v27.5 - https:\/\/yoast.com\/product\/yoast-seo-wordpress\/ -->\n<title>El due\u00f1o del &quot;1&quot; - Gente de B\u00e1squet<\/title>\n<meta name=\"robots\" content=\"index, follow, max-snippet:-1, max-image-preview:large, max-video-preview:-1\" \/>\n<link rel=\"canonical\" href=\"http:\/\/gentedebasquet.com.ar\/sitio\/2016\/10\/26\/el-dueno-del-1\/\" \/>\n<meta property=\"og:locale\" content=\"es_ES\" \/>\n<meta property=\"og:type\" content=\"article\" \/>\n<meta property=\"og:title\" content=\"El due\u00f1o del &quot;1&quot; - Gente de B\u00e1squet\" \/>\n<meta property=\"og:description\" content=\"Bahiense super\u00f3 a Villa Mitre por 66-51 y termin\u00f3 la fase regular en lo m\u00e1s alto\" \/>\n<meta property=\"og:url\" content=\"http:\/\/gentedebasquet.com.ar\/sitio\/2016\/10\/26\/el-dueno-del-1\/\" \/>\n<meta property=\"og:site_name\" content=\"Gente de B\u00e1squet\" \/>\n<meta property=\"article:published_time\" content=\"2016-10-27T02:23:00+00:00\" \/>\n<meta property=\"og:image\" content=\"http:\/\/gentedebasquet.com.ar\/sitio\/wp-content\/uploads\/2016\/10\/DSC_0045.jpg\" \/>\n\t<meta property=\"og:image:width\" content=\"690\" \/>\n\t<meta property=\"og:image:height\" content=\"319\" \/>\n\t<meta property=\"og:image:type\" content=\"image\/jpeg\" \/>\n<meta name=\"author\" content=\"Gente de B\u00e1squet\" \/>\n<meta name=\"twitter:card\" content=\"summary_large_image\" \/>\n<meta name=\"twitter:label1\" content=\"Escrito por\" \/>\n\t<meta name=\"twitter:data1\" content=\"Gente de B\u00e1squet\" \/>\n\t<meta name=\"twitter:label2\" content=\"Tiempo de lectura\" \/>\n\t<meta name=\"twitter:data2\" content=\"3 minutos\" \/>\n<script type=\"application\/ld+json\" class=\"yoast-schema-graph\">{\"@context\":\"https:\\\/\\\/schema.org\",\"@graph\":[{\"@type\":\"Article\",\"@id\":\"http:\\\/\\\/gentedebasquet.com.ar\\\/sitio\\\/2016\\\/10\\\/26\\\/el-dueno-del-1\\\/#article\",\"isPartOf\":{\"@id\":\"http:\\\/\\\/gentedebasquet.com.ar\\\/sitio\\\/2016\\\/10\\\/26\\\/el-dueno-del-1\\\/\"},\"author\":{\"name\":\"Gente de B\u00e1squet\",\"@id\":\"http:\\\/\\\/gentedebasquet.com.ar\\\/sitio\\\/#\\\/schema\\\/person\\\/ca0b63bbb977369988a7bbbdc519943a\"},\"headline\":\"El due\u00f1o del \u00ab1\u00bb\",\"datePublished\":\"2016-10-27T02:23:00+00:00\",\"mainEntityOfPage\":{\"@id\":\"http:\\\/\\\/gentedebasquet.com.ar\\\/sitio\\\/2016\\\/10\\\/26\\\/el-dueno-del-1\\\/\"},\"wordCount\":674,\"image\":{\"@id\":\"http:\\\/\\\/gentedebasquet.com.ar\\\/sitio\\\/2016\\\/10\\\/26\\\/el-dueno-del-1\\\/#primaryimage\"},\"thumbnailUrl\":\"http:\\\/\\\/gentedebasquet.com.ar\\\/sitio\\\/wp-content\\\/uploads\\\/2016\\\/10\\\/DSC_0045.jpg\",\"keywords\":[\"Andr\u00e9s Barbero\",\"An\u00edbal Buzzo\",\"Bahiense Del Norte\",\"Franco Pennacchiotti\",\"luciano fernandez\",\"Marcelo Berdini\",\"Villa Mitre\"],\"articleSection\":[\"Primera\",\"Slide\"],\"inLanguage\":\"es\"},{\"@type\":\"WebPage\",\"@id\":\"http:\\\/\\\/gentedebasquet.com.ar\\\/sitio\\\/2016\\\/10\\\/26\\\/el-dueno-del-1\\\/\",\"url\":\"http:\\\/\\\/gentedebasquet.com.ar\\\/sitio\\\/2016\\\/10\\\/26\\\/el-dueno-del-1\\\/\",\"name\":\"El due\u00f1o del \\\"1\\\" - Gente de B\u00e1squet\",\"isPartOf\":{\"@id\":\"http:\\\/\\\/gentedebasquet.com.ar\\\/sitio\\\/#website\"},\"primaryImageOfPage\":{\"@id\":\"http:\\\/\\\/gentedebasquet.com.ar\\\/sitio\\\/2016\\\/10\\\/26\\\/el-dueno-del-1\\\/#primaryimage\"},\"image\":{\"@id\":\"http:\\\/\\\/gentedebasquet.com.ar\\\/sitio\\\/2016\\\/10\\\/26\\\/el-dueno-del-1\\\/#primaryimage\"},\"thumbnailUrl\":\"http:\\\/\\\/gentedebasquet.com.ar\\\/sitio\\\/wp-content\\\/uploads\\\/2016\\\/10\\\/DSC_0045.jpg\",\"datePublished\":\"2016-10-27T02:23:00+00:00\",\"author\":{\"@id\":\"http:\\\/\\\/gentedebasquet.com.ar\\\/sitio\\\/#\\\/schema\\\/person\\\/ca0b63bbb977369988a7bbbdc519943a\"},\"breadcrumb\":{\"@id\":\"http:\\\/\\\/gentedebasquet.com.ar\\\/sitio\\\/2016\\\/10\\\/26\\\/el-dueno-del-1\\\/#breadcrumb\"},\"inLanguage\":\"es\",\"potentialAction\":[{\"@type\":\"ReadAction\",\"target\":[\"http:\\\/\\\/gentedebasquet.com.ar\\\/sitio\\\/2016\\\/10\\\/26\\\/el-dueno-del-1\\\/\"]}]},{\"@type\":\"ImageObject\",\"inLanguage\":\"es\",\"@id\":\"http:\\\/\\\/gentedebasquet.com.ar\\\/sitio\\\/2016\\\/10\\\/26\\\/el-dueno-del-1\\\/#primaryimage\",\"url\":\"http:\\\/\\\/gentedebasquet.com.ar\\\/sitio\\\/wp-content\\\/uploads\\\/2016\\\/10\\\/DSC_0045.jpg\",\"contentUrl\":\"http:\\\/\\\/gentedebasquet.com.ar\\\/sitio\\\/wp-content\\\/uploads\\\/2016\\\/10\\\/DSC_0045.jpg\",\"width\":690,\"height\":319},{\"@type\":\"BreadcrumbList\",\"@id\":\"http:\\\/\\\/gentedebasquet.com.ar\\\/sitio\\\/2016\\\/10\\\/26\\\/el-dueno-del-1\\\/#breadcrumb\",\"itemListElement\":[{\"@type\":\"ListItem\",\"position\":1,\"name\":\"Portada\",\"item\":\"http:\\\/\\\/gentedebasquet.com.ar\\\/sitio\\\/\"},{\"@type\":\"ListItem\",\"position\":2,\"name\":\"El due\u00f1o del \u00ab1\u00bb\"}]},{\"@type\":\"WebSite\",\"@id\":\"http:\\\/\\\/gentedebasquet.com.ar\\\/sitio\\\/#website\",\"url\":\"http:\\\/\\\/gentedebasquet.com.ar\\\/sitio\\\/\",\"name\":\"Gente de B\u00e1squet\",\"description\":\"La revista del basquet de Bah\u00eda Blanca\",\"potentialAction\":[{\"@type\":\"SearchAction\",\"target\":{\"@type\":\"EntryPoint\",\"urlTemplate\":\"http:\\\/\\\/gentedebasquet.com.ar\\\/sitio\\\/?s={search_term_string}\"},\"query-input\":{\"@type\":\"PropertyValueSpecification\",\"valueRequired\":true,\"valueName\":\"search_term_string\"}}],\"inLanguage\":\"es\"},{\"@type\":\"Person\",\"@id\":\"http:\\\/\\\/gentedebasquet.com.ar\\\/sitio\\\/#\\\/schema\\\/person\\\/ca0b63bbb977369988a7bbbdc519943a\",\"name\":\"Gente de B\u00e1squet\",\"image\":{\"@type\":\"ImageObject\",\"inLanguage\":\"es\",\"@id\":\"https:\\\/\\\/secure.gravatar.com\\\/avatar\\\/7f2c48bdc33b30088f941fb6082e555f2874c98e20cb159d7b92b50eadfce793?s=96&d=mm&r=g\",\"url\":\"https:\\\/\\\/secure.gravatar.com\\\/avatar\\\/7f2c48bdc33b30088f941fb6082e555f2874c98e20cb159d7b92b50eadfce793?s=96&d=mm&r=g\",\"contentUrl\":\"https:\\\/\\\/secure.gravatar.com\\\/avatar\\\/7f2c48bdc33b30088f941fb6082e555f2874c98e20cb159d7b92b50eadfce793?s=96&d=mm&r=g\",\"caption\":\"Gente de B\u00e1squet\"},\"sameAs\":[\"http:\\\/\\\/gentedebasquet.com.ar\\\/sitio\"],\"url\":\"http:\\\/\\\/gentedebasquet.com.ar\\\/sitio\\\/author\\\/ulises\\\/\"}]}<\/script>\n<!-- \/ Yoast SEO plugin. -->","yoast_head_json":{"title":"El due\u00f1o del \"1\" - Gente de B\u00e1squet","robots":{"index":"index","follow":"follow","max-snippet":"max-snippet:-1","max-image-preview":"max-image-preview:large","max-video-preview":"max-video-preview:-1"},"canonical":"http:\/\/gentedebasquet.com.ar\/sitio\/2016\/10\/26\/el-dueno-del-1\/","og_locale":"es_ES","og_type":"article","og_title":"El due\u00f1o del \"1\" - Gente de B\u00e1squet","og_description":"Bahiense super\u00f3 a Villa Mitre por 66-51 y termin\u00f3 la fase regular en lo m\u00e1s alto","og_url":"http:\/\/gentedebasquet.com.ar\/sitio\/2016\/10\/26\/el-dueno-del-1\/","og_site_name":"Gente de B\u00e1squet","article_published_time":"2016-10-27T02:23:00+00:00","og_image":[{"width":690,"height":319,"url":"http:\/\/gentedebasquet.com.ar\/sitio\/wp-content\/uploads\/2016\/10\/DSC_0045.jpg","type":"image\/jpeg"}],"author":"Gente de B\u00e1squet","twitter_card":"summary_large_image","twitter_misc":{"Escrito por":"Gente de B\u00e1squet","Tiempo de lectura":"3 minutos"},"schema":{"@context":"https:\/\/schema.org","@graph":[{"@type":"Article","@id":"http:\/\/gentedebasquet.com.ar\/sitio\/2016\/10\/26\/el-dueno-del-1\/#article","isPartOf":{"@id":"http:\/\/gentedebasquet.com.ar\/sitio\/2016\/10\/26\/el-dueno-del-1\/"},"author":{"name":"Gente de B\u00e1squet","@id":"http:\/\/gentedebasquet.com.ar\/sitio\/#\/schema\/person\/ca0b63bbb977369988a7bbbdc519943a"},"headline":"El due\u00f1o del \u00ab1\u00bb","datePublished":"2016-10-27T02:23:00+00:00","mainEntityOfPage":{"@id":"http:\/\/gentedebasquet.com.ar\/sitio\/2016\/10\/26\/el-dueno-del-1\/"},"wordCount":674,"image":{"@id":"http:\/\/gentedebasquet.com.ar\/sitio\/2016\/10\/26\/el-dueno-del-1\/#primaryimage"},"thumbnailUrl":"http:\/\/gentedebasquet.com.ar\/sitio\/wp-content\/uploads\/2016\/10\/DSC_0045.jpg","keywords":["Andr\u00e9s Barbero","An\u00edbal Buzzo","Bahiense Del Norte","Franco Pennacchiotti","luciano fernandez","Marcelo Berdini","Villa Mitre"],"articleSection":["Primera","Slide"],"inLanguage":"es"},{"@type":"WebPage","@id":"http:\/\/gentedebasquet.com.ar\/sitio\/2016\/10\/26\/el-dueno-del-1\/","url":"http:\/\/gentedebasquet.com.ar\/sitio\/2016\/10\/26\/el-dueno-del-1\/","name":"El due\u00f1o del \"1\" - Gente de B\u00e1squet","isPartOf":{"@id":"http:\/\/gentedebasquet.com.ar\/sitio\/#website"},"primaryImageOfPage":{"@id":"http:\/\/gentedebasquet.com.ar\/sitio\/2016\/10\/26\/el-dueno-del-1\/#primaryimage"},"image":{"@id":"http:\/\/gentedebasquet.com.ar\/sitio\/2016\/10\/26\/el-dueno-del-1\/#primaryimage"},"thumbnailUrl":"http:\/\/gentedebasquet.com.ar\/sitio\/wp-content\/uploads\/2016\/10\/DSC_0045.jpg","datePublished":"2016-10-27T02:23:00+00:00","author":{"@id":"http:\/\/gentedebasquet.com.ar\/sitio\/#\/schema\/person\/ca0b63bbb977369988a7bbbdc519943a"},"breadcrumb":{"@id":"http:\/\/gentedebasquet.com.ar\/sitio\/2016\/10\/26\/el-dueno-del-1\/#breadcrumb"},"inLanguage":"es","potentialAction":[{"@type":"ReadAction","target":["http:\/\/gentedebasquet.com.ar\/sitio\/2016\/10\/26\/el-dueno-del-1\/"]}]},{"@type":"ImageObject","inLanguage":"es","@id":"http:\/\/gentedebasquet.com.ar\/sitio\/2016\/10\/26\/el-dueno-del-1\/#primaryimage","url":"http:\/\/gentedebasquet.com.ar\/sitio\/wp-content\/uploads\/2016\/10\/DSC_0045.jpg","contentUrl":"http:\/\/gentedebasquet.com.ar\/sitio\/wp-content\/uploads\/2016\/10\/DSC_0045.jpg","width":690,"height":319},{"@type":"BreadcrumbList","@id":"http:\/\/gentedebasquet.com.ar\/sitio\/2016\/10\/26\/el-dueno-del-1\/#breadcrumb","itemListElement":[{"@type":"ListItem","position":1,"name":"Portada","item":"http:\/\/gentedebasquet.com.ar\/sitio\/"},{"@type":"ListItem","position":2,"name":"El due\u00f1o del \u00ab1\u00bb"}]},{"@type":"WebSite","@id":"http:\/\/gentedebasquet.com.ar\/sitio\/#website","url":"http:\/\/gentedebasquet.com.ar\/sitio\/","name":"Gente de B\u00e1squet","description":"La revista del basquet de Bah\u00eda Blanca","potentialAction":[{"@type":"SearchAction","target":{"@type":"EntryPoint","urlTemplate":"http:\/\/gentedebasquet.com.ar\/sitio\/?s={search_term_string}"},"query-input":{"@type":"PropertyValueSpecification","valueRequired":true,"valueName":"search_term_string"}}],"inLanguage":"es"},{"@type":"Person","@id":"http:\/\/gentedebasquet.com.ar\/sitio\/#\/schema\/person\/ca0b63bbb977369988a7bbbdc519943a","name":"Gente de B\u00e1squet","image":{"@type":"ImageObject","inLanguage":"es","@id":"https:\/\/secure.gravatar.com\/avatar\/7f2c48bdc33b30088f941fb6082e555f2874c98e20cb159d7b92b50eadfce793?s=96&d=mm&r=g","url":"https:\/\/secure.gravatar.com\/avatar\/7f2c48bdc33b30088f941fb6082e555f2874c98e20cb159d7b92b50eadfce793?s=96&d=mm&r=g","contentUrl":"https:\/\/secure.gravatar.com\/avatar\/7f2c48bdc33b30088f941fb6082e555f2874c98e20cb159d7b92b50eadfce793?s=96&d=mm&r=g","caption":"Gente de B\u00e1squet"},"sameAs":["http:\/\/gentedebasquet.com.ar\/sitio"],"url":"http:\/\/gentedebasquet.com.ar\/sitio\/author\/ulises\/"}]}},"_links":{"self":[{"href":"http:\/\/gentedebasquet.com.ar\/sitio\/wp-json\/wp\/v2\/posts\/65994","targetHints":{"allow":["GET"]}}],"collection":[{"href":"http:\/\/gentedebasquet.com.ar\/sitio\/wp-json\/wp\/v2\/posts"}],"about":[{"href":"http:\/\/gentedebasquet.com.ar\/sitio\/wp-json\/wp\/v2\/types\/post"}],"author":[{"embeddable":true,"href":"http:\/\/gentedebasquet.com.ar\/sitio\/wp-json\/wp\/v2\/users\/1"}],"replies":[{"embeddable":true,"href":"http:\/\/gentedebasquet.com.ar\/sitio\/wp-json\/wp\/v2\/comments?post=65994"}],"version-history":[{"count":0,"href":"http:\/\/gentedebasquet.com.ar\/sitio\/wp-json\/wp\/v2\/posts\/65994\/revisions"}],"wp:featuredmedia":[{"embeddable":true,"href":"http:\/\/gentedebasquet.com.ar\/sitio\/wp-json\/wp\/v2\/media\/65995"}],"wp:attachment":[{"href":"http:\/\/gentedebasquet.com.ar\/sitio\/wp-json\/wp\/v2\/media?parent=65994"}],"wp:term":[{"taxonomy":"category","embeddable":true,"href":"http:\/\/gentedebasquet.com.ar\/sitio\/wp-json\/wp\/v2\/categories?post=65994"},{"taxonomy":"post_tag","embeddable":true,"href":"http:\/\/gentedebasquet.com.ar\/sitio\/wp-json\/wp\/v2\/tags?post=65994"}],"curies":[{"name":"wp","href":"https:\/\/api.w.org\/{rel}","templated":true}]}}