{"id":66315,"date":"2016-11-01T23:18:23","date_gmt":"2016-11-02T02:18:23","guid":{"rendered":"http:\/\/www.gentedebasquet.com.ar\/?p=66315"},"modified":"2016-11-01T23:18:23","modified_gmt":"2016-11-02T02:18:23","slug":"lo-cumplio-feliz","status":"publish","type":"post","link":"http:\/\/gentedebasquet.com.ar\/sitio\/2016\/11\/01\/lo-cumplio-feliz\/","title":{"rendered":"Lo cumpli\u00f3 feliz"},"content":{"rendered":"<p><strong>Pac\u00edfico complet\u00f3 una jornada redonda, el vencer a Barracas Central 74-63 en el d\u00eda de su 120\u00ba aniversario. De esta manera, el Verde se adelant\u00f3 1-0 en una de las llaves de semifinales del Oficial de Segunda. Un efectivo 1C le permiti\u00f3 controlar el juego de principio a fin al due\u00f1o de casa, que fue muy bien guiado por Meneses (22, 13 rebotes y 5 asistencias). Carci (28) fue quien m\u00e1s la meti\u00f3 en la visita, que arrim\u00f3 un pobre 3\/31 a distancia y no cont\u00f3 con Seba Mart\u00ednez (contractura).\u00a0<\/strong><\/p>\n<p>Envalentonado por el clima que se viv\u00eda fuera del rect\u00e1ngulo de juego, Pac\u00edfico se mantuvo activo durante los primeros minutos del duelo con Barracas. Esa energ\u00eda le permiti\u00f3 escapar 13-6 en apenas 3m33, gracias a tres bombazos: Meneses, Bonino y Marini. La visita, por su parte, carg\u00f3 la pintura con Massa, quien se mostr\u00f3 como opci\u00f3n de escape en cada ofensiva.<\/p>\n<p>No obstante, a Barracas\u00a0se le hizo cuesta arriba sostener el ritmo local, hasta que Carci tom\u00f3 la posta y lleg\u00f3 a poner a su equipo a solo cuatro puntos (33-29) a 4m27 del ET. El local retom\u00f3 el control del juego y, de no haber sido por el mal porcentaje en la l\u00ednea, hubiese marcado un quiebre en el juego. Porque con un triple de Mauricio Gonz\u00e1lez sac\u00f3 12 de luz en el amanecer del 3C (45-33).<\/p>\n<blockquote><p>El \u00fanico error que cometimos hoy fue dejarle vida a un equipo que no se va a rendir, que tiene mucha experiencia y que sabemos que en los momentos decisivos saca un plus.\u00a0Llegar al cierre con ventaja nos dio tranquilidad. Ahora nos toca de visitante y la idea va a ser la misma: mucha intensidad, que es lo que nos favorece. Vamos a ir a robarle el segundo all\u00e1 porque ir a un tercero nos puede complicar (Ezequiel Meneses)<\/p><\/blockquote>\n<p>La dupla Carci-Massa, sumado a un buen pasaje de Cancellarich, se mostr\u00f3 como la \u00fanica alternativa para mantener al conjunto de Palumbo con vida. Sin embargo,\u00a0la mala punter\u00eda a distancia le quit\u00f3 \u00e1nimo para ponerse en juego. Barracas lanz\u00f3 3\/31 en triples, con Gendana (0\/8), Massa (0\/4) y Trellini (0\/9) al \u00abmando\u00bb. Fue mucha ventaja, el Verde lo aprovech\u00f3 y con un par de contra ataques -fiel a su estilo- le puso el mo\u00f1o a una noche perfecta.<\/p>\n<p>&nbsp;<\/p>\n<p>[vimeo]http:\/\/vimeo.com\/189947375[\/vimeo]<\/p>\n<p>&nbsp;<\/p>\n<p><strong>S\u00edntesis |<\/strong> Segunda Divisi\u00f3n &#8211; Oficial &#8211; Semifinales &#8211; Juego #1<\/p>\n<p><strong>Pac\u00edfico 74:<\/strong> Ezequiel Meneses 22, Juan Cruz Marini 9, Fernando Bonino 10, Mauricio Gonz\u00e1lez 9, Joaqu\u00edn Larrandart 9 (Fi); Nicol\u00e1s Vera 2, Juan Franco Di Meglio 11, Facundo Wattson 0, Mauro Richotti 0 y Branco Salvatori 2. DT: Mart\u00edn Luis.<\/p>\n<p><strong>Barracas 63:<\/strong> Dami\u00e1n Carci 28, Fabi\u00e1n Gendana 4, Mariano Trellini 6, C\u00e9sar Massa 15, Mariano N\u00fa\u00f1ez 4 (FI); Mauro Montanaro 0 y Octavio Cancellarich 6. DT: Juan S. Palumbo.<\/p>\n<p><strong>Parciales:<\/strong> 23-15, 42-33 (19-18), 57-52 (15-19) y 74-63 (17-11).<\/p>\n<p><strong>\u00c1rbitros:<\/strong>\u00a0Jorge Scheffer &#8211; Sebasti\u00e1n Giannino.<\/p>\n<p><strong>Estadio:<\/strong> William Harding Green (Pac\u00edfico).<\/p>\n<p><a class=\"modalf iframe\" title=\"Planilla\" href=\"https:\/\/docs.google.com\/spreadsheets\/d\/1h4BQZuOsO0MMzSkHN8EalCQLE4-gWJMeEErwXXpYm9k\/pubhtml\" target=\"_blank\" rel=\"noopener\">Ver Planilla<\/a><\/p>\n<p><strong>Serie:<\/strong> Pac\u00edfico, 1-0.<\/p>\n<p>&nbsp;<\/p>\n<figure id=\"attachment_66329\" aria-describedby=\"caption-attachment-66329\" style=\"width: 640px\" class=\"wp-caption aligncenter\"><img decoding=\"async\" class=\"wp-image-66329 size-full\" src=\"http:\/\/www.gentedebasquet.com.ar\/wp-content\/uploads\/2016\/11\/Pac.jpg\" alt=\"Pac\u00edfico\" width=\"640\" height=\"366\" srcset=\"http:\/\/gentedebasquet.com.ar\/sitio\/wp-content\/uploads\/2016\/11\/Pac.jpg 640w, http:\/\/gentedebasquet.com.ar\/sitio\/wp-content\/uploads\/2016\/11\/Pac-300x172.jpg 300w\" sizes=\"(max-width: 640px) 100vw, 640px\" \/><figcaption id=\"caption-attachment-66329\" class=\"wp-caption-text\">Un gran marco de p\u00fablico tuvo el William Harding Green para celebrar los 120 a\u00f1os del Verde.<\/figcaption><\/figure>\n","protected":false},"excerpt":{"rendered":"<p>Pac\u00edfico celebr\u00f3 su 120\u00ba aniversario venciendo a Barracas 74-63 en la semi<\/p>\n","protected":false},"author":1,"featured_media":66319,"comment_status":"closed","ping_status":"open","sticky":false,"template":"","format":"standard","meta":{"jnews-multi-image_gallery":[],"jnews_single_post":[],"jnews_primary_category":[],"footnotes":""},"categories":[25,101],"tags":[6,527,607,17],"class_list":["post-66315","post","type-post","status-publish","format-standard","has-post-thumbnail","hentry","category-segunda","category-slide","tag-barracas-central","tag-damian-carci","tag-ezequiel-meneses","tag-pacifico"],"yoast_head":"<!-- This site is optimized with the Yoast SEO plugin v27.5 - https:\/\/yoast.com\/product\/yoast-seo-wordpress\/ -->\n<title>Lo cumpli\u00f3 feliz - Gente de B\u00e1squet<\/title>\n<meta name=\"robots\" content=\"index, follow, max-snippet:-1, max-image-preview:large, max-video-preview:-1\" \/>\n<link rel=\"canonical\" href=\"http:\/\/gentedebasquet.com.ar\/sitio\/2016\/11\/01\/lo-cumplio-feliz\/\" \/>\n<meta property=\"og:locale\" content=\"es_ES\" \/>\n<meta property=\"og:type\" content=\"article\" \/>\n<meta property=\"og:title\" content=\"Lo cumpli\u00f3 feliz - Gente de B\u00e1squet\" \/>\n<meta property=\"og:description\" content=\"Pac\u00edfico celebr\u00f3 su 120\u00ba aniversario venciendo a Barracas 74-63 en la semi\" \/>\n<meta property=\"og:url\" content=\"http:\/\/gentedebasquet.com.ar\/sitio\/2016\/11\/01\/lo-cumplio-feliz\/\" \/>\n<meta property=\"og:site_name\" content=\"Gente de B\u00e1squet\" \/>\n<meta property=\"article:published_time\" content=\"2016-11-02T02:18:23+00:00\" \/>\n<meta property=\"og:image\" content=\"http:\/\/gentedebasquet.com.ar\/sitio\/wp-content\/uploads\/2016\/11\/Pacifico-Meneses-Barracas.jpg\" \/>\n\t<meta property=\"og:image:width\" content=\"690\" \/>\n\t<meta property=\"og:image:height\" content=\"319\" \/>\n\t<meta property=\"og:image:type\" content=\"image\/jpeg\" \/>\n<meta name=\"author\" content=\"Gente de B\u00e1squet\" \/>\n<meta name=\"twitter:card\" content=\"summary_large_image\" \/>\n<meta name=\"twitter:label1\" content=\"Escrito por\" \/>\n\t<meta name=\"twitter:data1\" content=\"Gente de B\u00e1squet\" \/>\n\t<meta name=\"twitter:label2\" content=\"Tiempo de lectura\" \/>\n\t<meta name=\"twitter:data2\" content=\"3 minutos\" \/>\n<script type=\"application\/ld+json\" class=\"yoast-schema-graph\">{\"@context\":\"https:\\\/\\\/schema.org\",\"@graph\":[{\"@type\":\"Article\",\"@id\":\"http:\\\/\\\/gentedebasquet.com.ar\\\/sitio\\\/2016\\\/11\\\/01\\\/lo-cumplio-feliz\\\/#article\",\"isPartOf\":{\"@id\":\"http:\\\/\\\/gentedebasquet.com.ar\\\/sitio\\\/2016\\\/11\\\/01\\\/lo-cumplio-feliz\\\/\"},\"author\":{\"name\":\"Gente de B\u00e1squet\",\"@id\":\"https:\\\/\\\/gentedebasquet.com.ar\\\/sitio\\\/#\\\/schema\\\/person\\\/ca0b63bbb977369988a7bbbdc519943a\"},\"headline\":\"Lo cumpli\u00f3 feliz\",\"datePublished\":\"2016-11-02T02:18:23+00:00\",\"mainEntityOfPage\":{\"@id\":\"http:\\\/\\\/gentedebasquet.com.ar\\\/sitio\\\/2016\\\/11\\\/01\\\/lo-cumplio-feliz\\\/\"},\"wordCount\":525,\"image\":{\"@id\":\"http:\\\/\\\/gentedebasquet.com.ar\\\/sitio\\\/2016\\\/11\\\/01\\\/lo-cumplio-feliz\\\/#primaryimage\"},\"thumbnailUrl\":\"http:\\\/\\\/gentedebasquet.com.ar\\\/sitio\\\/wp-content\\\/uploads\\\/2016\\\/11\\\/Pacifico-Meneses-Barracas.jpg\",\"keywords\":[\"Barracas Central\",\"Dami\u00e1n Carci\",\"Ezequiel Meneses\",\"Pacifico\"],\"articleSection\":[\"Segunda\",\"Slide\"],\"inLanguage\":\"es\"},{\"@type\":\"WebPage\",\"@id\":\"http:\\\/\\\/gentedebasquet.com.ar\\\/sitio\\\/2016\\\/11\\\/01\\\/lo-cumplio-feliz\\\/\",\"url\":\"http:\\\/\\\/gentedebasquet.com.ar\\\/sitio\\\/2016\\\/11\\\/01\\\/lo-cumplio-feliz\\\/\",\"name\":\"Lo cumpli\u00f3 feliz - Gente de B\u00e1squet\",\"isPartOf\":{\"@id\":\"https:\\\/\\\/gentedebasquet.com.ar\\\/sitio\\\/#website\"},\"primaryImageOfPage\":{\"@id\":\"http:\\\/\\\/gentedebasquet.com.ar\\\/sitio\\\/2016\\\/11\\\/01\\\/lo-cumplio-feliz\\\/#primaryimage\"},\"image\":{\"@id\":\"http:\\\/\\\/gentedebasquet.com.ar\\\/sitio\\\/2016\\\/11\\\/01\\\/lo-cumplio-feliz\\\/#primaryimage\"},\"thumbnailUrl\":\"http:\\\/\\\/gentedebasquet.com.ar\\\/sitio\\\/wp-content\\\/uploads\\\/2016\\\/11\\\/Pacifico-Meneses-Barracas.jpg\",\"datePublished\":\"2016-11-02T02:18:23+00:00\",\"author\":{\"@id\":\"https:\\\/\\\/gentedebasquet.com.ar\\\/sitio\\\/#\\\/schema\\\/person\\\/ca0b63bbb977369988a7bbbdc519943a\"},\"breadcrumb\":{\"@id\":\"http:\\\/\\\/gentedebasquet.com.ar\\\/sitio\\\/2016\\\/11\\\/01\\\/lo-cumplio-feliz\\\/#breadcrumb\"},\"inLanguage\":\"es\",\"potentialAction\":[{\"@type\":\"ReadAction\",\"target\":[\"http:\\\/\\\/gentedebasquet.com.ar\\\/sitio\\\/2016\\\/11\\\/01\\\/lo-cumplio-feliz\\\/\"]}]},{\"@type\":\"ImageObject\",\"inLanguage\":\"es\",\"@id\":\"http:\\\/\\\/gentedebasquet.com.ar\\\/sitio\\\/2016\\\/11\\\/01\\\/lo-cumplio-feliz\\\/#primaryimage\",\"url\":\"http:\\\/\\\/gentedebasquet.com.ar\\\/sitio\\\/wp-content\\\/uploads\\\/2016\\\/11\\\/Pacifico-Meneses-Barracas.jpg\",\"contentUrl\":\"http:\\\/\\\/gentedebasquet.com.ar\\\/sitio\\\/wp-content\\\/uploads\\\/2016\\\/11\\\/Pacifico-Meneses-Barracas.jpg\",\"width\":690,\"height\":319},{\"@type\":\"BreadcrumbList\",\"@id\":\"http:\\\/\\\/gentedebasquet.com.ar\\\/sitio\\\/2016\\\/11\\\/01\\\/lo-cumplio-feliz\\\/#breadcrumb\",\"itemListElement\":[{\"@type\":\"ListItem\",\"position\":1,\"name\":\"Portada\",\"item\":\"https:\\\/\\\/gentedebasquet.com.ar\\\/sitio\\\/\"},{\"@type\":\"ListItem\",\"position\":2,\"name\":\"Lo cumpli\u00f3 feliz\"}]},{\"@type\":\"WebSite\",\"@id\":\"https:\\\/\\\/gentedebasquet.com.ar\\\/sitio\\\/#website\",\"url\":\"https:\\\/\\\/gentedebasquet.com.ar\\\/sitio\\\/\",\"name\":\"Gente de B\u00e1squet\",\"description\":\"La revista del basquet de Bah\u00eda Blanca\",\"potentialAction\":[{\"@type\":\"SearchAction\",\"target\":{\"@type\":\"EntryPoint\",\"urlTemplate\":\"https:\\\/\\\/gentedebasquet.com.ar\\\/sitio\\\/?s={search_term_string}\"},\"query-input\":{\"@type\":\"PropertyValueSpecification\",\"valueRequired\":true,\"valueName\":\"search_term_string\"}}],\"inLanguage\":\"es\"},{\"@type\":\"Person\",\"@id\":\"https:\\\/\\\/gentedebasquet.com.ar\\\/sitio\\\/#\\\/schema\\\/person\\\/ca0b63bbb977369988a7bbbdc519943a\",\"name\":\"Gente de B\u00e1squet\",\"image\":{\"@type\":\"ImageObject\",\"inLanguage\":\"es\",\"@id\":\"https:\\\/\\\/secure.gravatar.com\\\/avatar\\\/7f2c48bdc33b30088f941fb6082e555f2874c98e20cb159d7b92b50eadfce793?s=96&d=mm&r=g\",\"url\":\"https:\\\/\\\/secure.gravatar.com\\\/avatar\\\/7f2c48bdc33b30088f941fb6082e555f2874c98e20cb159d7b92b50eadfce793?s=96&d=mm&r=g\",\"contentUrl\":\"https:\\\/\\\/secure.gravatar.com\\\/avatar\\\/7f2c48bdc33b30088f941fb6082e555f2874c98e20cb159d7b92b50eadfce793?s=96&d=mm&r=g\",\"caption\":\"Gente de B\u00e1squet\"},\"sameAs\":[\"http:\\\/\\\/gentedebasquet.com.ar\\\/sitio\"],\"url\":\"http:\\\/\\\/gentedebasquet.com.ar\\\/sitio\\\/author\\\/ulises\\\/\"}]}<\/script>\n<!-- \/ Yoast SEO plugin. -->","yoast_head_json":{"title":"Lo cumpli\u00f3 feliz - Gente de B\u00e1squet","robots":{"index":"index","follow":"follow","max-snippet":"max-snippet:-1","max-image-preview":"max-image-preview:large","max-video-preview":"max-video-preview:-1"},"canonical":"http:\/\/gentedebasquet.com.ar\/sitio\/2016\/11\/01\/lo-cumplio-feliz\/","og_locale":"es_ES","og_type":"article","og_title":"Lo cumpli\u00f3 feliz - Gente de B\u00e1squet","og_description":"Pac\u00edfico celebr\u00f3 su 120\u00ba aniversario venciendo a Barracas 74-63 en la semi","og_url":"http:\/\/gentedebasquet.com.ar\/sitio\/2016\/11\/01\/lo-cumplio-feliz\/","og_site_name":"Gente de B\u00e1squet","article_published_time":"2016-11-02T02:18:23+00:00","og_image":[{"width":690,"height":319,"url":"http:\/\/gentedebasquet.com.ar\/sitio\/wp-content\/uploads\/2016\/11\/Pacifico-Meneses-Barracas.jpg","type":"image\/jpeg"}],"author":"Gente de B\u00e1squet","twitter_card":"summary_large_image","twitter_misc":{"Escrito por":"Gente de B\u00e1squet","Tiempo de lectura":"3 minutos"},"schema":{"@context":"https:\/\/schema.org","@graph":[{"@type":"Article","@id":"http:\/\/gentedebasquet.com.ar\/sitio\/2016\/11\/01\/lo-cumplio-feliz\/#article","isPartOf":{"@id":"http:\/\/gentedebasquet.com.ar\/sitio\/2016\/11\/01\/lo-cumplio-feliz\/"},"author":{"name":"Gente de B\u00e1squet","@id":"https:\/\/gentedebasquet.com.ar\/sitio\/#\/schema\/person\/ca0b63bbb977369988a7bbbdc519943a"},"headline":"Lo cumpli\u00f3 feliz","datePublished":"2016-11-02T02:18:23+00:00","mainEntityOfPage":{"@id":"http:\/\/gentedebasquet.com.ar\/sitio\/2016\/11\/01\/lo-cumplio-feliz\/"},"wordCount":525,"image":{"@id":"http:\/\/gentedebasquet.com.ar\/sitio\/2016\/11\/01\/lo-cumplio-feliz\/#primaryimage"},"thumbnailUrl":"http:\/\/gentedebasquet.com.ar\/sitio\/wp-content\/uploads\/2016\/11\/Pacifico-Meneses-Barracas.jpg","keywords":["Barracas Central","Dami\u00e1n Carci","Ezequiel Meneses","Pacifico"],"articleSection":["Segunda","Slide"],"inLanguage":"es"},{"@type":"WebPage","@id":"http:\/\/gentedebasquet.com.ar\/sitio\/2016\/11\/01\/lo-cumplio-feliz\/","url":"http:\/\/gentedebasquet.com.ar\/sitio\/2016\/11\/01\/lo-cumplio-feliz\/","name":"Lo cumpli\u00f3 feliz - Gente de B\u00e1squet","isPartOf":{"@id":"https:\/\/gentedebasquet.com.ar\/sitio\/#website"},"primaryImageOfPage":{"@id":"http:\/\/gentedebasquet.com.ar\/sitio\/2016\/11\/01\/lo-cumplio-feliz\/#primaryimage"},"image":{"@id":"http:\/\/gentedebasquet.com.ar\/sitio\/2016\/11\/01\/lo-cumplio-feliz\/#primaryimage"},"thumbnailUrl":"http:\/\/gentedebasquet.com.ar\/sitio\/wp-content\/uploads\/2016\/11\/Pacifico-Meneses-Barracas.jpg","datePublished":"2016-11-02T02:18:23+00:00","author":{"@id":"https:\/\/gentedebasquet.com.ar\/sitio\/#\/schema\/person\/ca0b63bbb977369988a7bbbdc519943a"},"breadcrumb":{"@id":"http:\/\/gentedebasquet.com.ar\/sitio\/2016\/11\/01\/lo-cumplio-feliz\/#breadcrumb"},"inLanguage":"es","potentialAction":[{"@type":"ReadAction","target":["http:\/\/gentedebasquet.com.ar\/sitio\/2016\/11\/01\/lo-cumplio-feliz\/"]}]},{"@type":"ImageObject","inLanguage":"es","@id":"http:\/\/gentedebasquet.com.ar\/sitio\/2016\/11\/01\/lo-cumplio-feliz\/#primaryimage","url":"http:\/\/gentedebasquet.com.ar\/sitio\/wp-content\/uploads\/2016\/11\/Pacifico-Meneses-Barracas.jpg","contentUrl":"http:\/\/gentedebasquet.com.ar\/sitio\/wp-content\/uploads\/2016\/11\/Pacifico-Meneses-Barracas.jpg","width":690,"height":319},{"@type":"BreadcrumbList","@id":"http:\/\/gentedebasquet.com.ar\/sitio\/2016\/11\/01\/lo-cumplio-feliz\/#breadcrumb","itemListElement":[{"@type":"ListItem","position":1,"name":"Portada","item":"https:\/\/gentedebasquet.com.ar\/sitio\/"},{"@type":"ListItem","position":2,"name":"Lo cumpli\u00f3 feliz"}]},{"@type":"WebSite","@id":"https:\/\/gentedebasquet.com.ar\/sitio\/#website","url":"https:\/\/gentedebasquet.com.ar\/sitio\/","name":"Gente de B\u00e1squet","description":"La revista del basquet de Bah\u00eda Blanca","potentialAction":[{"@type":"SearchAction","target":{"@type":"EntryPoint","urlTemplate":"https:\/\/gentedebasquet.com.ar\/sitio\/?s={search_term_string}"},"query-input":{"@type":"PropertyValueSpecification","valueRequired":true,"valueName":"search_term_string"}}],"inLanguage":"es"},{"@type":"Person","@id":"https:\/\/gentedebasquet.com.ar\/sitio\/#\/schema\/person\/ca0b63bbb977369988a7bbbdc519943a","name":"Gente de B\u00e1squet","image":{"@type":"ImageObject","inLanguage":"es","@id":"https:\/\/secure.gravatar.com\/avatar\/7f2c48bdc33b30088f941fb6082e555f2874c98e20cb159d7b92b50eadfce793?s=96&d=mm&r=g","url":"https:\/\/secure.gravatar.com\/avatar\/7f2c48bdc33b30088f941fb6082e555f2874c98e20cb159d7b92b50eadfce793?s=96&d=mm&r=g","contentUrl":"https:\/\/secure.gravatar.com\/avatar\/7f2c48bdc33b30088f941fb6082e555f2874c98e20cb159d7b92b50eadfce793?s=96&d=mm&r=g","caption":"Gente de B\u00e1squet"},"sameAs":["http:\/\/gentedebasquet.com.ar\/sitio"],"url":"http:\/\/gentedebasquet.com.ar\/sitio\/author\/ulises\/"}]}},"_links":{"self":[{"href":"http:\/\/gentedebasquet.com.ar\/sitio\/wp-json\/wp\/v2\/posts\/66315","targetHints":{"allow":["GET"]}}],"collection":[{"href":"http:\/\/gentedebasquet.com.ar\/sitio\/wp-json\/wp\/v2\/posts"}],"about":[{"href":"http:\/\/gentedebasquet.com.ar\/sitio\/wp-json\/wp\/v2\/types\/post"}],"author":[{"embeddable":true,"href":"http:\/\/gentedebasquet.com.ar\/sitio\/wp-json\/wp\/v2\/users\/1"}],"replies":[{"embeddable":true,"href":"http:\/\/gentedebasquet.com.ar\/sitio\/wp-json\/wp\/v2\/comments?post=66315"}],"version-history":[{"count":0,"href":"http:\/\/gentedebasquet.com.ar\/sitio\/wp-json\/wp\/v2\/posts\/66315\/revisions"}],"wp:featuredmedia":[{"embeddable":true,"href":"http:\/\/gentedebasquet.com.ar\/sitio\/wp-json\/wp\/v2\/media\/66319"}],"wp:attachment":[{"href":"http:\/\/gentedebasquet.com.ar\/sitio\/wp-json\/wp\/v2\/media?parent=66315"}],"wp:term":[{"taxonomy":"category","embeddable":true,"href":"http:\/\/gentedebasquet.com.ar\/sitio\/wp-json\/wp\/v2\/categories?post=66315"},{"taxonomy":"post_tag","embeddable":true,"href":"http:\/\/gentedebasquet.com.ar\/sitio\/wp-json\/wp\/v2\/tags?post=66315"}],"curies":[{"name":"wp","href":"https:\/\/api.w.org\/{rel}","templated":true}]}}