{"id":6649,"date":"2012-09-19T02:38:55","date_gmt":"2012-09-19T02:38:55","guid":{"rendered":"http:\/\/www.gentedebasquet.com.ar\/?p=6649"},"modified":"2012-09-19T02:38:55","modified_gmt":"2012-09-19T02:38:55","slug":"falta-y-resto","status":"publish","type":"post","link":"http:\/\/gentedebasquet.com.ar\/sitio\/2012\/09\/19\/falta-y-resto\/","title":{"rendered":"Falta y resto"},"content":{"rendered":"<p><strong><em><a href=\"http:\/\/www.gentedebasquet.com.ar\/wp-content\/uploads\/2012\/09\/Gonzalo-Etchepare1.jpg\"><img decoding=\"async\" class=\"alignnone size-full wp-image-6650\" title=\"Gonzalo Etchepare\" src=\"http:\/\/www.gentedebasquet.com.ar\/wp-content\/uploads\/2012\/09\/Gonzalo-Etchepare1.jpg\" alt=\"\" width=\"448\" height=\"334\" \/><\/a>Alem destrab\u00f3 un parejo partido reci\u00e9n en el \u00faltimo cuarto, tras dos triples de Etchepare y un buen reingreso de Foulkes. As\u00ed, derrot\u00f3 a Barracas por 64 a 53 en su estadio. En el local, que reparti\u00f3 bien el goleo, sobresalieron su base y Mussini con 13 puntos y el buen aporte de Bisterfeld con 7 unidades y 10 rebotes; mientras que Mariano Trellini sum\u00f3 14 en el visitante. La acumulaci\u00f3n de faltas de Sella y Foulkes en el primer cuarto cambi\u00f3 el rumbo natural del juego. \u00a0\u00a0<!--more--><\/em><\/strong><\/p>\n<p>Los primeros 32 minutos de juego pod\u00edan hacer suponer que un tiempo suplementario no era descabellado para definir el duelo entre Alem y Barracas. Mucha paridad, producto en gran parte de la baja efectividad, provoc\u00f3 9 cambios de liderazgo y el resultado igualado en otras cuatro ocasiones (6-6, 30-30, 33-33 y 38-38). Finalmente, dos triples de Etchepare y un buen segmento de Foulkes, de regreso a la cancha tras estar afuera desde el primer cuarto por acumulaci\u00f3n de faltas, inclin\u00f3 la balanza para Alem, que termin\u00f3 gan\u00e1ndole a Barracas 64-53.<\/p>\n<p>Firpo y Ferreyra fueron rigurosos desde el inicio y esto provoc\u00f3 que Sella llegue a la \u00a1cuarta falta personal! en el primer parcial; m\u00e1s all\u00e1 de la decisi\u00f3n de que contin\u00fae en cancha con 2\/3 infracciones. Algo parecido se vio en el conjunto local, donde Foulkes sum\u00f3 3 personales (una t\u00e9cnica), aunque el \u201ccambio\u201d de alguna manera lo favoreci\u00f3 porque ingres\u00f3 Bisterfeld en su lugar y tuvo una destacada actuaci\u00f3n, con 7 puntos y 10 rebotes (\u00fanico con doble d\u00edgito en ese rubro).<\/p>\n<p>Con todo, la paridad continuaba. Alem sac\u00f3 6 de luz en el cierre del primer cuarto pero Barracas descont\u00f3 r\u00e1pidamente aprovechando la potencia de Casale en la pintura. As\u00ed, el marcador estaba 46-45 para el local a falta de 8 minutos para el cierre del partido. All\u00ed, Etchepare anot\u00f3 su segundo triple del juego (2\/5) aunque una falta ofensiva de Leguizam\u00f3n e Iturralde hab\u00edan puesto a Barracas a tres puntos, por lo que el base se anot\u00f3 con otra bomba (54-48).<\/p>\n<p>Esa peque\u00f1a ventaja le dio confianza a Alem, Romerniszyn puso de nuevo en cancha a Foulkes y este, descansado, le cambi\u00f3 la cara a las ofensivas verdirrojas provocando dos jugadas de doble y falta que cerraron el partido. La confusi\u00f3n en los \u00faltimos 2\/3 minutos, con varias pelotas perdidas y otras mal jugadas, hizo que Barracas no tenga la oportunidad clara de acercarse y la victoria para el local se termin\u00f3 consumando.<\/p>\n<p>&nbsp;<\/p>\n<p><strong><em><span style=\"text-decoration: underline;\">S\u00edntesis: <\/span><\/em><\/strong><\/p>\n<p><strong>Alem 64: <\/strong><br \/>\nIniciales: Gonzalo Etchepare (13), Nicol\u00e1s Leguizam\u00f3n (11), Joaqu\u00edn Gonz\u00e1lez (11), Dami\u00e1n Foulkes (9) y Luciano Mussini (13).<br \/>\nIngresaron: Cristian Bisterfeld (7), Leandro Marzullo (0), Mat\u00edas Gonz\u00e1lez (0) y Diego Torre (0).<br \/>\nDT: Walter Romerniszyn.<\/p>\n<p><strong>Barracas 53:<\/strong><br \/>\nIniciales: Gast\u00f3n Diomedi (8), Ignacio Sella (0), Mariano Trellini (14), Santiago Marco (10) y Paolo Casale (10).<br \/>\nIngresaron: Cristian Fiore (5) y Juan Iturralde (6).<br \/>\nDT: Marcelo Allende.<\/p>\n<p><strong>Cuartos: <\/strong>Alem 21-15, 32-33 (11-18), 44-43 (12-10), 64-53 (20-10).<\/p>\n<p><strong>5 Faltas:<\/strong> Ignacio Sella (B).<br \/>\n<strong>\u00c1rbitros:<\/strong> Miguel Firpo y Eduardo Ferreyra.<\/p>\n<p><strong>Otros resultados: <\/strong>(Hexagonal) Independiente 93 \u2013 83 Comercial y Olimpo 81 \u2013 74 Pueyrred\u00f3n; (Reclasificaci\u00f3n) Sportivo 84 \u2013 52 Whitense y Velocidad 64 \u2013 71 La Falda.<\/p>\n<p><a class=\"modalf iframe\" title=\"Planilla\" href=\"https:\/\/docs.google.com\/spreadsheet\/pub?key=0AhWH6MgjN9X5dHE1UnVVSjNwejVvbGczQXNONFlVRUE&amp;single=true&amp;gid=0&amp;output=html\">Ver Planilla<\/a><\/p>\n<p><a href=\"http:\/\/www.gentedebasquet.com.ar\/wp-content\/uploads\/2012\/09\/Minuto-de-silencio1.jpg\"><img decoding=\"async\" class=\"alignnone size-full wp-image-6679\" title=\"Minuto de silencio\" src=\"http:\/\/www.gentedebasquet.com.ar\/wp-content\/uploads\/2012\/09\/Minuto-de-silencio1.jpg\" alt=\"\" width=\"448\" height=\"336\" \/><\/a>Como en todas las canchas, previo al juego se realiz\u00f3 un minuto de silencio debido al fallecimiento de la madre del \u00e1rbitro Alejandro Go\u00f1i.<\/p>\n","protected":false},"excerpt":{"rendered":"<p>Alem destrab\u00f3 un parejo partido reci\u00e9n en el \u00faltimo cuarto, tras dos triples de Etchepare y un buen reingreso de Foulkes. As\u00ed, derrot\u00f3 a Barracas por 64 a 53 en su estadio. En el local, que reparti\u00f3 bien el goleo, sobresalieron su base y Mussini con 13 puntos y el buen aporte de Bisterfeld con [&hellip;]<\/p>\n","protected":false},"author":1,"featured_media":0,"comment_status":"open","ping_status":"open","sticky":false,"template":"","format":"standard","meta":{"jnews-multi-image_gallery":[],"jnews_single_post":[],"jnews_primary_category":[],"footnotes":""},"categories":[25],"tags":[3,6],"class_list":["post-6649","post","type-post","status-publish","format-standard","hentry","category-segunda","tag-alem","tag-barracas-central"],"yoast_head":"<!-- This site is optimized with the Yoast SEO plugin v27.5 - https:\/\/yoast.com\/product\/yoast-seo-wordpress\/ -->\n<title>Falta y resto - Gente de B\u00e1squet<\/title>\n<meta name=\"robots\" content=\"index, follow, max-snippet:-1, max-image-preview:large, max-video-preview:-1\" \/>\n<link rel=\"canonical\" href=\"https:\/\/gentedebasquet.com.ar\/sitio\/2012\/09\/19\/falta-y-resto\/\" \/>\n<meta property=\"og:locale\" content=\"es_ES\" \/>\n<meta property=\"og:type\" content=\"article\" \/>\n<meta property=\"og:title\" content=\"Falta y resto - Gente de B\u00e1squet\" \/>\n<meta property=\"og:description\" content=\"Alem destrab\u00f3 un parejo partido reci\u00e9n en el \u00faltimo cuarto, tras dos triples de Etchepare y un buen reingreso de Foulkes. As\u00ed, derrot\u00f3 a Barracas por 64 a 53 en su estadio. En el local, que reparti\u00f3 bien el goleo, sobresalieron su base y Mussini con 13 puntos y el buen aporte de Bisterfeld con [&hellip;]\" \/>\n<meta property=\"og:url\" content=\"https:\/\/gentedebasquet.com.ar\/sitio\/2012\/09\/19\/falta-y-resto\/\" \/>\n<meta property=\"og:site_name\" content=\"Gente de B\u00e1squet\" \/>\n<meta property=\"article:published_time\" content=\"2012-09-19T02:38:55+00:00\" \/>\n<meta property=\"og:image\" content=\"http:\/\/www.gentedebasquet.com.ar\/wp-content\/uploads\/2012\/09\/Gonzalo-Etchepare1.jpg\" \/>\n<meta name=\"author\" content=\"Gente de B\u00e1squet\" \/>\n<meta name=\"twitter:card\" content=\"summary_large_image\" \/>\n<meta name=\"twitter:label1\" content=\"Escrito por\" \/>\n\t<meta name=\"twitter:data1\" content=\"Gente de B\u00e1squet\" \/>\n\t<meta name=\"twitter:label2\" content=\"Tiempo de lectura\" \/>\n\t<meta name=\"twitter:data2\" content=\"3 minutos\" \/>\n<script type=\"application\/ld+json\" class=\"yoast-schema-graph\">{\"@context\":\"https:\\\/\\\/schema.org\",\"@graph\":[{\"@type\":\"Article\",\"@id\":\"https:\\\/\\\/gentedebasquet.com.ar\\\/sitio\\\/2012\\\/09\\\/19\\\/falta-y-resto\\\/#article\",\"isPartOf\":{\"@id\":\"https:\\\/\\\/gentedebasquet.com.ar\\\/sitio\\\/2012\\\/09\\\/19\\\/falta-y-resto\\\/\"},\"author\":{\"name\":\"Gente de B\u00e1squet\",\"@id\":\"https:\\\/\\\/gentedebasquet.com.ar\\\/sitio\\\/#\\\/schema\\\/person\\\/ca0b63bbb977369988a7bbbdc519943a\"},\"headline\":\"Falta y resto\",\"datePublished\":\"2012-09-19T02:38:55+00:00\",\"mainEntityOfPage\":{\"@id\":\"https:\\\/\\\/gentedebasquet.com.ar\\\/sitio\\\/2012\\\/09\\\/19\\\/falta-y-resto\\\/\"},\"wordCount\":538,\"commentCount\":0,\"image\":{\"@id\":\"https:\\\/\\\/gentedebasquet.com.ar\\\/sitio\\\/2012\\\/09\\\/19\\\/falta-y-resto\\\/#primaryimage\"},\"thumbnailUrl\":\"http:\\\/\\\/www.gentedebasquet.com.ar\\\/wp-content\\\/uploads\\\/2012\\\/09\\\/Gonzalo-Etchepare1.jpg\",\"keywords\":[\"Alem\",\"Barracas Central\"],\"articleSection\":[\"Segunda\"],\"inLanguage\":\"es\",\"potentialAction\":[{\"@type\":\"CommentAction\",\"name\":\"Comment\",\"target\":[\"https:\\\/\\\/gentedebasquet.com.ar\\\/sitio\\\/2012\\\/09\\\/19\\\/falta-y-resto\\\/#respond\"]}]},{\"@type\":\"WebPage\",\"@id\":\"https:\\\/\\\/gentedebasquet.com.ar\\\/sitio\\\/2012\\\/09\\\/19\\\/falta-y-resto\\\/\",\"url\":\"https:\\\/\\\/gentedebasquet.com.ar\\\/sitio\\\/2012\\\/09\\\/19\\\/falta-y-resto\\\/\",\"name\":\"Falta y resto - Gente de B\u00e1squet\",\"isPartOf\":{\"@id\":\"https:\\\/\\\/gentedebasquet.com.ar\\\/sitio\\\/#website\"},\"primaryImageOfPage\":{\"@id\":\"https:\\\/\\\/gentedebasquet.com.ar\\\/sitio\\\/2012\\\/09\\\/19\\\/falta-y-resto\\\/#primaryimage\"},\"image\":{\"@id\":\"https:\\\/\\\/gentedebasquet.com.ar\\\/sitio\\\/2012\\\/09\\\/19\\\/falta-y-resto\\\/#primaryimage\"},\"thumbnailUrl\":\"http:\\\/\\\/www.gentedebasquet.com.ar\\\/wp-content\\\/uploads\\\/2012\\\/09\\\/Gonzalo-Etchepare1.jpg\",\"datePublished\":\"2012-09-19T02:38:55+00:00\",\"author\":{\"@id\":\"https:\\\/\\\/gentedebasquet.com.ar\\\/sitio\\\/#\\\/schema\\\/person\\\/ca0b63bbb977369988a7bbbdc519943a\"},\"breadcrumb\":{\"@id\":\"https:\\\/\\\/gentedebasquet.com.ar\\\/sitio\\\/2012\\\/09\\\/19\\\/falta-y-resto\\\/#breadcrumb\"},\"inLanguage\":\"es\",\"potentialAction\":[{\"@type\":\"ReadAction\",\"target\":[\"https:\\\/\\\/gentedebasquet.com.ar\\\/sitio\\\/2012\\\/09\\\/19\\\/falta-y-resto\\\/\"]}]},{\"@type\":\"ImageObject\",\"inLanguage\":\"es\",\"@id\":\"https:\\\/\\\/gentedebasquet.com.ar\\\/sitio\\\/2012\\\/09\\\/19\\\/falta-y-resto\\\/#primaryimage\",\"url\":\"http:\\\/\\\/www.gentedebasquet.com.ar\\\/wp-content\\\/uploads\\\/2012\\\/09\\\/Gonzalo-Etchepare1.jpg\",\"contentUrl\":\"http:\\\/\\\/www.gentedebasquet.com.ar\\\/wp-content\\\/uploads\\\/2012\\\/09\\\/Gonzalo-Etchepare1.jpg\"},{\"@type\":\"BreadcrumbList\",\"@id\":\"https:\\\/\\\/gentedebasquet.com.ar\\\/sitio\\\/2012\\\/09\\\/19\\\/falta-y-resto\\\/#breadcrumb\",\"itemListElement\":[{\"@type\":\"ListItem\",\"position\":1,\"name\":\"Portada\",\"item\":\"https:\\\/\\\/gentedebasquet.com.ar\\\/sitio\\\/\"},{\"@type\":\"ListItem\",\"position\":2,\"name\":\"Falta y resto\"}]},{\"@type\":\"WebSite\",\"@id\":\"https:\\\/\\\/gentedebasquet.com.ar\\\/sitio\\\/#website\",\"url\":\"https:\\\/\\\/gentedebasquet.com.ar\\\/sitio\\\/\",\"name\":\"Gente de B\u00e1squet\",\"description\":\"La revista del basquet de Bah\u00eda Blanca\",\"potentialAction\":[{\"@type\":\"SearchAction\",\"target\":{\"@type\":\"EntryPoint\",\"urlTemplate\":\"https:\\\/\\\/gentedebasquet.com.ar\\\/sitio\\\/?s={search_term_string}\"},\"query-input\":{\"@type\":\"PropertyValueSpecification\",\"valueRequired\":true,\"valueName\":\"search_term_string\"}}],\"inLanguage\":\"es\"},{\"@type\":\"Person\",\"@id\":\"https:\\\/\\\/gentedebasquet.com.ar\\\/sitio\\\/#\\\/schema\\\/person\\\/ca0b63bbb977369988a7bbbdc519943a\",\"name\":\"Gente de B\u00e1squet\",\"image\":{\"@type\":\"ImageObject\",\"inLanguage\":\"es\",\"@id\":\"https:\\\/\\\/secure.gravatar.com\\\/avatar\\\/7f2c48bdc33b30088f941fb6082e555f2874c98e20cb159d7b92b50eadfce793?s=96&d=mm&r=g\",\"url\":\"https:\\\/\\\/secure.gravatar.com\\\/avatar\\\/7f2c48bdc33b30088f941fb6082e555f2874c98e20cb159d7b92b50eadfce793?s=96&d=mm&r=g\",\"contentUrl\":\"https:\\\/\\\/secure.gravatar.com\\\/avatar\\\/7f2c48bdc33b30088f941fb6082e555f2874c98e20cb159d7b92b50eadfce793?s=96&d=mm&r=g\",\"caption\":\"Gente de B\u00e1squet\"},\"sameAs\":[\"http:\\\/\\\/gentedebasquet.com.ar\\\/sitio\"],\"url\":\"http:\\\/\\\/gentedebasquet.com.ar\\\/sitio\\\/author\\\/ulises\\\/\"}]}<\/script>\n<!-- \/ Yoast SEO plugin. -->","yoast_head_json":{"title":"Falta y resto - Gente de B\u00e1squet","robots":{"index":"index","follow":"follow","max-snippet":"max-snippet:-1","max-image-preview":"max-image-preview:large","max-video-preview":"max-video-preview:-1"},"canonical":"https:\/\/gentedebasquet.com.ar\/sitio\/2012\/09\/19\/falta-y-resto\/","og_locale":"es_ES","og_type":"article","og_title":"Falta y resto - Gente de B\u00e1squet","og_description":"Alem destrab\u00f3 un parejo partido reci\u00e9n en el \u00faltimo cuarto, tras dos triples de Etchepare y un buen reingreso de Foulkes. As\u00ed, derrot\u00f3 a Barracas por 64 a 53 en su estadio. En el local, que reparti\u00f3 bien el goleo, sobresalieron su base y Mussini con 13 puntos y el buen aporte de Bisterfeld con [&hellip;]","og_url":"https:\/\/gentedebasquet.com.ar\/sitio\/2012\/09\/19\/falta-y-resto\/","og_site_name":"Gente de B\u00e1squet","article_published_time":"2012-09-19T02:38:55+00:00","og_image":[{"url":"http:\/\/www.gentedebasquet.com.ar\/wp-content\/uploads\/2012\/09\/Gonzalo-Etchepare1.jpg","type":"","width":"","height":""}],"author":"Gente de B\u00e1squet","twitter_card":"summary_large_image","twitter_misc":{"Escrito por":"Gente de B\u00e1squet","Tiempo de lectura":"3 minutos"},"schema":{"@context":"https:\/\/schema.org","@graph":[{"@type":"Article","@id":"https:\/\/gentedebasquet.com.ar\/sitio\/2012\/09\/19\/falta-y-resto\/#article","isPartOf":{"@id":"https:\/\/gentedebasquet.com.ar\/sitio\/2012\/09\/19\/falta-y-resto\/"},"author":{"name":"Gente de B\u00e1squet","@id":"https:\/\/gentedebasquet.com.ar\/sitio\/#\/schema\/person\/ca0b63bbb977369988a7bbbdc519943a"},"headline":"Falta y resto","datePublished":"2012-09-19T02:38:55+00:00","mainEntityOfPage":{"@id":"https:\/\/gentedebasquet.com.ar\/sitio\/2012\/09\/19\/falta-y-resto\/"},"wordCount":538,"commentCount":0,"image":{"@id":"https:\/\/gentedebasquet.com.ar\/sitio\/2012\/09\/19\/falta-y-resto\/#primaryimage"},"thumbnailUrl":"http:\/\/www.gentedebasquet.com.ar\/wp-content\/uploads\/2012\/09\/Gonzalo-Etchepare1.jpg","keywords":["Alem","Barracas Central"],"articleSection":["Segunda"],"inLanguage":"es","potentialAction":[{"@type":"CommentAction","name":"Comment","target":["https:\/\/gentedebasquet.com.ar\/sitio\/2012\/09\/19\/falta-y-resto\/#respond"]}]},{"@type":"WebPage","@id":"https:\/\/gentedebasquet.com.ar\/sitio\/2012\/09\/19\/falta-y-resto\/","url":"https:\/\/gentedebasquet.com.ar\/sitio\/2012\/09\/19\/falta-y-resto\/","name":"Falta y resto - Gente de B\u00e1squet","isPartOf":{"@id":"https:\/\/gentedebasquet.com.ar\/sitio\/#website"},"primaryImageOfPage":{"@id":"https:\/\/gentedebasquet.com.ar\/sitio\/2012\/09\/19\/falta-y-resto\/#primaryimage"},"image":{"@id":"https:\/\/gentedebasquet.com.ar\/sitio\/2012\/09\/19\/falta-y-resto\/#primaryimage"},"thumbnailUrl":"http:\/\/www.gentedebasquet.com.ar\/wp-content\/uploads\/2012\/09\/Gonzalo-Etchepare1.jpg","datePublished":"2012-09-19T02:38:55+00:00","author":{"@id":"https:\/\/gentedebasquet.com.ar\/sitio\/#\/schema\/person\/ca0b63bbb977369988a7bbbdc519943a"},"breadcrumb":{"@id":"https:\/\/gentedebasquet.com.ar\/sitio\/2012\/09\/19\/falta-y-resto\/#breadcrumb"},"inLanguage":"es","potentialAction":[{"@type":"ReadAction","target":["https:\/\/gentedebasquet.com.ar\/sitio\/2012\/09\/19\/falta-y-resto\/"]}]},{"@type":"ImageObject","inLanguage":"es","@id":"https:\/\/gentedebasquet.com.ar\/sitio\/2012\/09\/19\/falta-y-resto\/#primaryimage","url":"http:\/\/www.gentedebasquet.com.ar\/wp-content\/uploads\/2012\/09\/Gonzalo-Etchepare1.jpg","contentUrl":"http:\/\/www.gentedebasquet.com.ar\/wp-content\/uploads\/2012\/09\/Gonzalo-Etchepare1.jpg"},{"@type":"BreadcrumbList","@id":"https:\/\/gentedebasquet.com.ar\/sitio\/2012\/09\/19\/falta-y-resto\/#breadcrumb","itemListElement":[{"@type":"ListItem","position":1,"name":"Portada","item":"https:\/\/gentedebasquet.com.ar\/sitio\/"},{"@type":"ListItem","position":2,"name":"Falta y resto"}]},{"@type":"WebSite","@id":"https:\/\/gentedebasquet.com.ar\/sitio\/#website","url":"https:\/\/gentedebasquet.com.ar\/sitio\/","name":"Gente de B\u00e1squet","description":"La revista del basquet de Bah\u00eda Blanca","potentialAction":[{"@type":"SearchAction","target":{"@type":"EntryPoint","urlTemplate":"https:\/\/gentedebasquet.com.ar\/sitio\/?s={search_term_string}"},"query-input":{"@type":"PropertyValueSpecification","valueRequired":true,"valueName":"search_term_string"}}],"inLanguage":"es"},{"@type":"Person","@id":"https:\/\/gentedebasquet.com.ar\/sitio\/#\/schema\/person\/ca0b63bbb977369988a7bbbdc519943a","name":"Gente de B\u00e1squet","image":{"@type":"ImageObject","inLanguage":"es","@id":"https:\/\/secure.gravatar.com\/avatar\/7f2c48bdc33b30088f941fb6082e555f2874c98e20cb159d7b92b50eadfce793?s=96&d=mm&r=g","url":"https:\/\/secure.gravatar.com\/avatar\/7f2c48bdc33b30088f941fb6082e555f2874c98e20cb159d7b92b50eadfce793?s=96&d=mm&r=g","contentUrl":"https:\/\/secure.gravatar.com\/avatar\/7f2c48bdc33b30088f941fb6082e555f2874c98e20cb159d7b92b50eadfce793?s=96&d=mm&r=g","caption":"Gente de B\u00e1squet"},"sameAs":["http:\/\/gentedebasquet.com.ar\/sitio"],"url":"http:\/\/gentedebasquet.com.ar\/sitio\/author\/ulises\/"}]}},"_links":{"self":[{"href":"http:\/\/gentedebasquet.com.ar\/sitio\/wp-json\/wp\/v2\/posts\/6649","targetHints":{"allow":["GET"]}}],"collection":[{"href":"http:\/\/gentedebasquet.com.ar\/sitio\/wp-json\/wp\/v2\/posts"}],"about":[{"href":"http:\/\/gentedebasquet.com.ar\/sitio\/wp-json\/wp\/v2\/types\/post"}],"author":[{"embeddable":true,"href":"http:\/\/gentedebasquet.com.ar\/sitio\/wp-json\/wp\/v2\/users\/1"}],"replies":[{"embeddable":true,"href":"http:\/\/gentedebasquet.com.ar\/sitio\/wp-json\/wp\/v2\/comments?post=6649"}],"version-history":[{"count":0,"href":"http:\/\/gentedebasquet.com.ar\/sitio\/wp-json\/wp\/v2\/posts\/6649\/revisions"}],"wp:attachment":[{"href":"http:\/\/gentedebasquet.com.ar\/sitio\/wp-json\/wp\/v2\/media?parent=6649"}],"wp:term":[{"taxonomy":"category","embeddable":true,"href":"http:\/\/gentedebasquet.com.ar\/sitio\/wp-json\/wp\/v2\/categories?post=6649"},{"taxonomy":"post_tag","embeddable":true,"href":"http:\/\/gentedebasquet.com.ar\/sitio\/wp-json\/wp\/v2\/tags?post=6649"}],"curies":[{"name":"wp","href":"https:\/\/api.w.org\/{rel}","templated":true}]}}