{"id":66625,"date":"2016-11-07T23:18:30","date_gmt":"2016-11-08T02:18:30","guid":{"rendered":"http:\/\/www.gentedebasquet.com.ar\/?p=66625"},"modified":"2016-11-07T23:18:30","modified_gmt":"2016-11-08T02:18:30","slug":"estrella-de-primera-no-se-va","status":"publish","type":"post","link":"http:\/\/gentedebasquet.com.ar\/sitio\/2016\/11\/07\/estrella-de-primera-no-se-va\/","title":{"rendered":"Estrella, de Primera no se va"},"content":{"rendered":"<p><strong>Misi\u00f3n cumplida para el auriazul: fue la victoria m\u00e1s festejada del a\u00f1o la conseguida frente a Napost\u00e1 (78-72). Es que con ese logro rubric\u00f3, nada m\u00e1s y nada menos, que su permanencia en el c\u00edrculo m\u00e1ximo del \u00e1mbito local a\u00fan restando tres compromisos. Con 24 puntos y 13 rebotes, m\u00e1s 30 de valoraci\u00f3n, Nahuel C\u00e1mara volvi\u00f3 a iluminarse en Estrella.<\/strong><\/p>\n<p>Desde el vamos, el aire que se respiraba en la atm\u00f3sfera del Luis Alvarez no estaba cargado, sino que predominaba la\u00a0tranquilidad.<\/p>\n<p>Es que, si bien para Estrella pod\u00eda significar \u00abla\u00bb noche del a\u00f1o, habida cuenta de que adjudic\u00e1ndose el triunfo autom\u00e1ticamente aseguraba su participaci\u00f3n en el torneo de primera divisi\u00f3n de 2017, tampoco se trataba de su \u00faltima chance.<\/p>\n<p>Y, enfrente, Napost\u00e1 era pura serenidad, debido a que su futuro deportivo est\u00e1 confirmado con antelaci\u00f3n a este cuadrangular permanencia, ratificando seguir en el c\u00edrculo m\u00e1ximo del campeonato dom\u00e9stico.<\/p>\n<p>Como un ejemplo de c\u00f3mo transcurri\u00f3 el pleito, podr\u00eda citarse que se extendi\u00f3 por espacio de una hora y 20 minutos y en la primera mitad solamente se pitaron 6 infracciones (dos para el local y cuatro para el visitante).<\/p>\n<p>As\u00ed las cosas, durante el equilibrado primer segmento, solamente en una ocasi\u00f3n cada elenco pudo sacar 3 de luz: Estrella con 5 puntos en fila de Le\u00f3n Beresovsky (14-11) y Napost\u00e1 tras doble de Soriano (19-16).<\/p>\n<p>Ya para el 2C, el que capt\u00f3 el rol protag\u00f3nico fue Federico Harina.<\/p>\n<p>El reginense calent\u00f3 la mu\u00f1eca y aplic\u00f3 13 tantos en ese lapso (1-1 t3 y 5-7 t2), permitiendo que Napo abrazara su m\u00e1xima de 9 (37-28), restando 2m03s.<\/p>\n<p>De todos modos, Estrella reaccion\u00f3 en ese breve lapso con bomba de Alan Pan, bandeja de Amilcar Andreanelli y 2+1 de Bruno Gigliotti, plasmando un \u00a111-0! y y\u00e9ndose ganancioso al entretiempo: 39-37.<\/p>\n<p>En la reanudaci\u00f3n siguieron prevaleciendo las ofensivas por sobre las defensas, manteni\u00e9ndose la t\u00f3nica de las escasas ventajas para uno y otro: Napost\u00e1 pas\u00f3 a ganar 45-42 con tiro corto de Ramiro Aguirre, Maxi Sterz lo empat\u00f3 en 48 y a falta de 1m00s, Fede El\u00edas hizo 1-2 t1 para que el albiazul escape a 55-51.<\/p>\n<blockquote><p>Estamos muy contentos de lograr el objetivo y de mantenernos en Primera, que no es poca cosa. Mantuvimos, pr\u00e1cticamente, el mismo equipo que ascendi\u00f3, m\u00e1s all\u00e1 de cambiar alguna figurita. Quedamos muy conformes por lo que hicieron los chicos. Entrenaron mucho y se sacrificaron. Se merecen continuar en Primera. Afortunadamente, se gan\u00f3 hoy (por ayer), porque despu\u00e9s no sab\u00edamos qu\u00e9 pod\u00eda pasar con nosotros y Pueyrred\u00f3n, qued\u00e1ndonos solo uno m\u00e1s como locales. No hab\u00eda que dejarlo pasar (Claudio Queti)<\/p><\/blockquote>\n<p>Pero, nuevamente, Estrella respondi\u00f3 en las postrimer\u00edas del pen\u00faltimo segmento d\u00e1ndolo vuelta e ingresando al 4C arriba por 56-55.<\/p>\n<p>Otro cambio de rumbo produjo el desarrollo en los primeros 2m33s, cuando otro lanzamiento lejano de Harina le dio aire a Napo: 62-57.<\/p>\n<p>En lo sucesivo, todo resultar\u00eda azul y amarillo.<\/p>\n<p>Porque Specogna y Sterz lucharon todas, Estrella lo revirti\u00f3 (63-62) quedando 5m23s. Despu\u00e9s, C\u00e1mara sigui\u00f3 siendo soluci\u00f3n adelante, sumando como lugarteniente a Sebasti\u00e1n Ranieri, que en dos acciones continuadas combin\u00f3 triple+doble, produciendo el 70-66 para Estrella a 3m28s del ep\u00edlogo.<\/p>\n<p>Napost\u00e1 sinti\u00f3 el golpe. Qued\u00f3 groggy.<\/p>\n<p>Y Estrella, \u00abpeg\u00f3\u00bb otra vez: doble m\u00e1s adicional de C\u00e1mara y bombazo lejano de Pan, escapando a 76-68, con 2m25s en el reloj.<\/p>\n<p>A 1m10s, con Harina en contraataque (70-76), Napost\u00e1 intent\u00f3 resucitar&#8230;<\/p>\n<p>Aunque, claro, ya era tarde.<\/p>\n<p>Nada la quitar\u00eda a Estrella la oportunidad de cumplirle el sue\u00f1o a su gente, a todo un barrio.<\/p>\n<p>Estrella es de Primera. Y de Primera no se va.<\/p>\n<p>&nbsp;<\/p>\n<p><strong>S\u00edntesis<\/strong>|\u00a0Primera Divisi\u00f3n \u2013 Cuadrangular Permanencia \u2013 Fecha #3<\/p>\n<p><strong>Estrella 78:<\/strong> Alan Pan 10, Mat\u00edas Specogna 4, Andr\u00e9s Almir\u00f3n 5, Le\u00f3n Beresovsky 7, Nahuel C\u00e1mara 24, (FI), Amilcar Andreanelli 4, Sebasti\u00e1n Ranieri 15, Bruno Gigliotti 3 y Maximiliano Sterz 6.<strong> DT:<\/strong> Claudio Queti.<\/p>\n<p><strong>Napost\u00e1 72:<\/strong> Gustavo Gentili 6, Federico El\u00edas 12, Federico Harina 28, Agust\u00edn Amore 12, Nicol\u00e1s Quiroga 2, (FI), Santiago Soriano 2, Ramiro Aguirre 8, Augusto Meneses 2 y Mateo Fern\u00e1ndez Solari 0. <strong>DT:<\/strong> Walter Romerniszyn.<\/p>\n<p><strong>Parciales:<\/strong> 18-19, 39-37 (21-18), 56-55 (17-18) y 78-72 (22-17).<\/p>\n<p><strong>Arbitros:<\/strong> Miguel Firpo &#8211; Alejandro Go\u00f1i.<\/p>\n<p><strong>Estadio:<\/strong> Luis Alvarez (club Estrella).<\/p>\n<p><a class=\"modalf iframe\" title=\"Planilla\" href=\"https:\/\/docs.google.com\/spreadsheets\/d\/1j0K2dcyDWu0GnuDfSbBr6j9QYNUi4-rwqOpbWhE0Wg0\/pubhtml\" target=\"_blank\" rel=\"noopener\">Ver Planilla<\/a><\/p>\n","protected":false},"excerpt":{"rendered":"<p>Todo un barrio festej\u00f3 el \u00e9xito por 78 a 72 ante Napost\u00e1 que ratific\u00f3 su sitial<\/p>\n","protected":false},"author":51,"featured_media":66626,"comment_status":"closed","ping_status":"open","sticky":false,"template":"","format":"standard","meta":{"jnews-multi-image_gallery":[],"jnews_single_post":[],"jnews_primary_category":[],"footnotes":""},"categories":[23,101],"tags":[201,298,1145,10,209,270,15,203],"class_list":["post-66625","post","type-post","status-publish","format-standard","has-post-thumbnail","hentry","category-primera","category-slide","tag-agustin-amore","tag-alan-pan","tag-claudio-queti","tag-estrella","tag-federico-harina","tag-nahuel-camara","tag-naposta","tag-sebastian-ranieri"],"yoast_head":"<!-- This site is optimized with the Yoast SEO plugin v27.5 - https:\/\/yoast.com\/product\/yoast-seo-wordpress\/ -->\n<title>Estrella, de Primera no se va - Gente de B\u00e1squet<\/title>\n<meta name=\"robots\" content=\"index, follow, max-snippet:-1, max-image-preview:large, max-video-preview:-1\" \/>\n<link rel=\"canonical\" href=\"http:\/\/gentedebasquet.com.ar\/sitio\/2016\/11\/07\/estrella-de-primera-no-se-va\/\" \/>\n<meta property=\"og:locale\" content=\"es_ES\" \/>\n<meta property=\"og:type\" content=\"article\" \/>\n<meta property=\"og:title\" content=\"Estrella, de Primera no se va - Gente de B\u00e1squet\" \/>\n<meta property=\"og:description\" content=\"Todo un barrio festej\u00f3 el \u00e9xito por 78 a 72 ante Napost\u00e1 que ratific\u00f3 su sitial\" \/>\n<meta property=\"og:url\" content=\"http:\/\/gentedebasquet.com.ar\/sitio\/2016\/11\/07\/estrella-de-primera-no-se-va\/\" \/>\n<meta property=\"og:site_name\" content=\"Gente de B\u00e1squet\" \/>\n<meta property=\"article:published_time\" content=\"2016-11-08T02:18:30+00:00\" \/>\n<meta property=\"og:image\" content=\"http:\/\/gentedebasquet.com.ar\/sitio\/wp-content\/uploads\/2016\/11\/Estrella-Naposta.jpg\" \/>\n\t<meta property=\"og:image:width\" content=\"690\" \/>\n\t<meta property=\"og:image:height\" content=\"319\" \/>\n\t<meta property=\"og:image:type\" content=\"image\/jpeg\" \/>\n<meta name=\"author\" content=\"Luciano Mutti\" \/>\n<meta name=\"twitter:card\" content=\"summary_large_image\" \/>\n<meta name=\"twitter:label1\" content=\"Escrito por\" \/>\n\t<meta name=\"twitter:data1\" content=\"Luciano Mutti\" \/>\n\t<meta name=\"twitter:label2\" content=\"Tiempo de lectura\" \/>\n\t<meta name=\"twitter:data2\" content=\"4 minutos\" \/>\n<script type=\"application\/ld+json\" class=\"yoast-schema-graph\">{\"@context\":\"https:\\\/\\\/schema.org\",\"@graph\":[{\"@type\":\"Article\",\"@id\":\"http:\\\/\\\/gentedebasquet.com.ar\\\/sitio\\\/2016\\\/11\\\/07\\\/estrella-de-primera-no-se-va\\\/#article\",\"isPartOf\":{\"@id\":\"http:\\\/\\\/gentedebasquet.com.ar\\\/sitio\\\/2016\\\/11\\\/07\\\/estrella-de-primera-no-se-va\\\/\"},\"author\":{\"name\":\"Luciano Mutti\",\"@id\":\"http:\\\/\\\/gentedebasquet.com.ar\\\/sitio\\\/#\\\/schema\\\/person\\\/f0396ea26034ae88f655b3d4792f5437\"},\"headline\":\"Estrella, de Primera no se va\",\"datePublished\":\"2016-11-08T02:18:30+00:00\",\"mainEntityOfPage\":{\"@id\":\"http:\\\/\\\/gentedebasquet.com.ar\\\/sitio\\\/2016\\\/11\\\/07\\\/estrella-de-primera-no-se-va\\\/\"},\"wordCount\":743,\"image\":{\"@id\":\"http:\\\/\\\/gentedebasquet.com.ar\\\/sitio\\\/2016\\\/11\\\/07\\\/estrella-de-primera-no-se-va\\\/#primaryimage\"},\"thumbnailUrl\":\"http:\\\/\\\/gentedebasquet.com.ar\\\/sitio\\\/wp-content\\\/uploads\\\/2016\\\/11\\\/Estrella-Naposta.jpg\",\"keywords\":[\"Agust\u00edn Amore\",\"Alan Pan\",\"Claudio Queti\",\"Estrella\",\"Federico Harina\",\"Nahuel C\u00e1mara\",\"Naposta\",\"Sebasti\u00e1n Ranieri\"],\"articleSection\":[\"Primera\",\"Slide\"],\"inLanguage\":\"es\"},{\"@type\":\"WebPage\",\"@id\":\"http:\\\/\\\/gentedebasquet.com.ar\\\/sitio\\\/2016\\\/11\\\/07\\\/estrella-de-primera-no-se-va\\\/\",\"url\":\"http:\\\/\\\/gentedebasquet.com.ar\\\/sitio\\\/2016\\\/11\\\/07\\\/estrella-de-primera-no-se-va\\\/\",\"name\":\"Estrella, de Primera no se va - Gente de B\u00e1squet\",\"isPartOf\":{\"@id\":\"http:\\\/\\\/gentedebasquet.com.ar\\\/sitio\\\/#website\"},\"primaryImageOfPage\":{\"@id\":\"http:\\\/\\\/gentedebasquet.com.ar\\\/sitio\\\/2016\\\/11\\\/07\\\/estrella-de-primera-no-se-va\\\/#primaryimage\"},\"image\":{\"@id\":\"http:\\\/\\\/gentedebasquet.com.ar\\\/sitio\\\/2016\\\/11\\\/07\\\/estrella-de-primera-no-se-va\\\/#primaryimage\"},\"thumbnailUrl\":\"http:\\\/\\\/gentedebasquet.com.ar\\\/sitio\\\/wp-content\\\/uploads\\\/2016\\\/11\\\/Estrella-Naposta.jpg\",\"datePublished\":\"2016-11-08T02:18:30+00:00\",\"author\":{\"@id\":\"http:\\\/\\\/gentedebasquet.com.ar\\\/sitio\\\/#\\\/schema\\\/person\\\/f0396ea26034ae88f655b3d4792f5437\"},\"breadcrumb\":{\"@id\":\"http:\\\/\\\/gentedebasquet.com.ar\\\/sitio\\\/2016\\\/11\\\/07\\\/estrella-de-primera-no-se-va\\\/#breadcrumb\"},\"inLanguage\":\"es\",\"potentialAction\":[{\"@type\":\"ReadAction\",\"target\":[\"http:\\\/\\\/gentedebasquet.com.ar\\\/sitio\\\/2016\\\/11\\\/07\\\/estrella-de-primera-no-se-va\\\/\"]}]},{\"@type\":\"ImageObject\",\"inLanguage\":\"es\",\"@id\":\"http:\\\/\\\/gentedebasquet.com.ar\\\/sitio\\\/2016\\\/11\\\/07\\\/estrella-de-primera-no-se-va\\\/#primaryimage\",\"url\":\"http:\\\/\\\/gentedebasquet.com.ar\\\/sitio\\\/wp-content\\\/uploads\\\/2016\\\/11\\\/Estrella-Naposta.jpg\",\"contentUrl\":\"http:\\\/\\\/gentedebasquet.com.ar\\\/sitio\\\/wp-content\\\/uploads\\\/2016\\\/11\\\/Estrella-Naposta.jpg\",\"width\":690,\"height\":319},{\"@type\":\"BreadcrumbList\",\"@id\":\"http:\\\/\\\/gentedebasquet.com.ar\\\/sitio\\\/2016\\\/11\\\/07\\\/estrella-de-primera-no-se-va\\\/#breadcrumb\",\"itemListElement\":[{\"@type\":\"ListItem\",\"position\":1,\"name\":\"Portada\",\"item\":\"http:\\\/\\\/gentedebasquet.com.ar\\\/sitio\\\/\"},{\"@type\":\"ListItem\",\"position\":2,\"name\":\"Estrella, de Primera no se va\"}]},{\"@type\":\"WebSite\",\"@id\":\"http:\\\/\\\/gentedebasquet.com.ar\\\/sitio\\\/#website\",\"url\":\"http:\\\/\\\/gentedebasquet.com.ar\\\/sitio\\\/\",\"name\":\"Gente de B\u00e1squet\",\"description\":\"La revista del basquet de Bah\u00eda Blanca\",\"potentialAction\":[{\"@type\":\"SearchAction\",\"target\":{\"@type\":\"EntryPoint\",\"urlTemplate\":\"http:\\\/\\\/gentedebasquet.com.ar\\\/sitio\\\/?s={search_term_string}\"},\"query-input\":{\"@type\":\"PropertyValueSpecification\",\"valueRequired\":true,\"valueName\":\"search_term_string\"}}],\"inLanguage\":\"es\"},{\"@type\":\"Person\",\"@id\":\"http:\\\/\\\/gentedebasquet.com.ar\\\/sitio\\\/#\\\/schema\\\/person\\\/f0396ea26034ae88f655b3d4792f5437\",\"name\":\"Luciano Mutti\",\"image\":{\"@type\":\"ImageObject\",\"inLanguage\":\"es\",\"@id\":\"https:\\\/\\\/secure.gravatar.com\\\/avatar\\\/848a57ae19cdeca5b0b8a1b4daba98abd3b95ef1add01cc5b02ce331e4ea8fd5?s=96&d=mm&r=g\",\"url\":\"https:\\\/\\\/secure.gravatar.com\\\/avatar\\\/848a57ae19cdeca5b0b8a1b4daba98abd3b95ef1add01cc5b02ce331e4ea8fd5?s=96&d=mm&r=g\",\"contentUrl\":\"https:\\\/\\\/secure.gravatar.com\\\/avatar\\\/848a57ae19cdeca5b0b8a1b4daba98abd3b95ef1add01cc5b02ce331e4ea8fd5?s=96&d=mm&r=g\",\"caption\":\"Luciano Mutti\"},\"url\":\"http:\\\/\\\/gentedebasquet.com.ar\\\/sitio\\\/author\\\/luciano-mutti\\\/\"}]}<\/script>\n<!-- \/ Yoast SEO plugin. -->","yoast_head_json":{"title":"Estrella, de Primera no se va - Gente de B\u00e1squet","robots":{"index":"index","follow":"follow","max-snippet":"max-snippet:-1","max-image-preview":"max-image-preview:large","max-video-preview":"max-video-preview:-1"},"canonical":"http:\/\/gentedebasquet.com.ar\/sitio\/2016\/11\/07\/estrella-de-primera-no-se-va\/","og_locale":"es_ES","og_type":"article","og_title":"Estrella, de Primera no se va - Gente de B\u00e1squet","og_description":"Todo un barrio festej\u00f3 el \u00e9xito por 78 a 72 ante Napost\u00e1 que ratific\u00f3 su sitial","og_url":"http:\/\/gentedebasquet.com.ar\/sitio\/2016\/11\/07\/estrella-de-primera-no-se-va\/","og_site_name":"Gente de B\u00e1squet","article_published_time":"2016-11-08T02:18:30+00:00","og_image":[{"width":690,"height":319,"url":"http:\/\/gentedebasquet.com.ar\/sitio\/wp-content\/uploads\/2016\/11\/Estrella-Naposta.jpg","type":"image\/jpeg"}],"author":"Luciano Mutti","twitter_card":"summary_large_image","twitter_misc":{"Escrito por":"Luciano Mutti","Tiempo de lectura":"4 minutos"},"schema":{"@context":"https:\/\/schema.org","@graph":[{"@type":"Article","@id":"http:\/\/gentedebasquet.com.ar\/sitio\/2016\/11\/07\/estrella-de-primera-no-se-va\/#article","isPartOf":{"@id":"http:\/\/gentedebasquet.com.ar\/sitio\/2016\/11\/07\/estrella-de-primera-no-se-va\/"},"author":{"name":"Luciano Mutti","@id":"http:\/\/gentedebasquet.com.ar\/sitio\/#\/schema\/person\/f0396ea26034ae88f655b3d4792f5437"},"headline":"Estrella, de Primera no se va","datePublished":"2016-11-08T02:18:30+00:00","mainEntityOfPage":{"@id":"http:\/\/gentedebasquet.com.ar\/sitio\/2016\/11\/07\/estrella-de-primera-no-se-va\/"},"wordCount":743,"image":{"@id":"http:\/\/gentedebasquet.com.ar\/sitio\/2016\/11\/07\/estrella-de-primera-no-se-va\/#primaryimage"},"thumbnailUrl":"http:\/\/gentedebasquet.com.ar\/sitio\/wp-content\/uploads\/2016\/11\/Estrella-Naposta.jpg","keywords":["Agust\u00edn Amore","Alan Pan","Claudio Queti","Estrella","Federico Harina","Nahuel C\u00e1mara","Naposta","Sebasti\u00e1n Ranieri"],"articleSection":["Primera","Slide"],"inLanguage":"es"},{"@type":"WebPage","@id":"http:\/\/gentedebasquet.com.ar\/sitio\/2016\/11\/07\/estrella-de-primera-no-se-va\/","url":"http:\/\/gentedebasquet.com.ar\/sitio\/2016\/11\/07\/estrella-de-primera-no-se-va\/","name":"Estrella, de Primera no se va - Gente de B\u00e1squet","isPartOf":{"@id":"http:\/\/gentedebasquet.com.ar\/sitio\/#website"},"primaryImageOfPage":{"@id":"http:\/\/gentedebasquet.com.ar\/sitio\/2016\/11\/07\/estrella-de-primera-no-se-va\/#primaryimage"},"image":{"@id":"http:\/\/gentedebasquet.com.ar\/sitio\/2016\/11\/07\/estrella-de-primera-no-se-va\/#primaryimage"},"thumbnailUrl":"http:\/\/gentedebasquet.com.ar\/sitio\/wp-content\/uploads\/2016\/11\/Estrella-Naposta.jpg","datePublished":"2016-11-08T02:18:30+00:00","author":{"@id":"http:\/\/gentedebasquet.com.ar\/sitio\/#\/schema\/person\/f0396ea26034ae88f655b3d4792f5437"},"breadcrumb":{"@id":"http:\/\/gentedebasquet.com.ar\/sitio\/2016\/11\/07\/estrella-de-primera-no-se-va\/#breadcrumb"},"inLanguage":"es","potentialAction":[{"@type":"ReadAction","target":["http:\/\/gentedebasquet.com.ar\/sitio\/2016\/11\/07\/estrella-de-primera-no-se-va\/"]}]},{"@type":"ImageObject","inLanguage":"es","@id":"http:\/\/gentedebasquet.com.ar\/sitio\/2016\/11\/07\/estrella-de-primera-no-se-va\/#primaryimage","url":"http:\/\/gentedebasquet.com.ar\/sitio\/wp-content\/uploads\/2016\/11\/Estrella-Naposta.jpg","contentUrl":"http:\/\/gentedebasquet.com.ar\/sitio\/wp-content\/uploads\/2016\/11\/Estrella-Naposta.jpg","width":690,"height":319},{"@type":"BreadcrumbList","@id":"http:\/\/gentedebasquet.com.ar\/sitio\/2016\/11\/07\/estrella-de-primera-no-se-va\/#breadcrumb","itemListElement":[{"@type":"ListItem","position":1,"name":"Portada","item":"http:\/\/gentedebasquet.com.ar\/sitio\/"},{"@type":"ListItem","position":2,"name":"Estrella, de Primera no se va"}]},{"@type":"WebSite","@id":"http:\/\/gentedebasquet.com.ar\/sitio\/#website","url":"http:\/\/gentedebasquet.com.ar\/sitio\/","name":"Gente de B\u00e1squet","description":"La revista del basquet de Bah\u00eda Blanca","potentialAction":[{"@type":"SearchAction","target":{"@type":"EntryPoint","urlTemplate":"http:\/\/gentedebasquet.com.ar\/sitio\/?s={search_term_string}"},"query-input":{"@type":"PropertyValueSpecification","valueRequired":true,"valueName":"search_term_string"}}],"inLanguage":"es"},{"@type":"Person","@id":"http:\/\/gentedebasquet.com.ar\/sitio\/#\/schema\/person\/f0396ea26034ae88f655b3d4792f5437","name":"Luciano Mutti","image":{"@type":"ImageObject","inLanguage":"es","@id":"https:\/\/secure.gravatar.com\/avatar\/848a57ae19cdeca5b0b8a1b4daba98abd3b95ef1add01cc5b02ce331e4ea8fd5?s=96&d=mm&r=g","url":"https:\/\/secure.gravatar.com\/avatar\/848a57ae19cdeca5b0b8a1b4daba98abd3b95ef1add01cc5b02ce331e4ea8fd5?s=96&d=mm&r=g","contentUrl":"https:\/\/secure.gravatar.com\/avatar\/848a57ae19cdeca5b0b8a1b4daba98abd3b95ef1add01cc5b02ce331e4ea8fd5?s=96&d=mm&r=g","caption":"Luciano Mutti"},"url":"http:\/\/gentedebasquet.com.ar\/sitio\/author\/luciano-mutti\/"}]}},"_links":{"self":[{"href":"http:\/\/gentedebasquet.com.ar\/sitio\/wp-json\/wp\/v2\/posts\/66625","targetHints":{"allow":["GET"]}}],"collection":[{"href":"http:\/\/gentedebasquet.com.ar\/sitio\/wp-json\/wp\/v2\/posts"}],"about":[{"href":"http:\/\/gentedebasquet.com.ar\/sitio\/wp-json\/wp\/v2\/types\/post"}],"author":[{"embeddable":true,"href":"http:\/\/gentedebasquet.com.ar\/sitio\/wp-json\/wp\/v2\/users\/51"}],"replies":[{"embeddable":true,"href":"http:\/\/gentedebasquet.com.ar\/sitio\/wp-json\/wp\/v2\/comments?post=66625"}],"version-history":[{"count":0,"href":"http:\/\/gentedebasquet.com.ar\/sitio\/wp-json\/wp\/v2\/posts\/66625\/revisions"}],"wp:featuredmedia":[{"embeddable":true,"href":"http:\/\/gentedebasquet.com.ar\/sitio\/wp-json\/wp\/v2\/media\/66626"}],"wp:attachment":[{"href":"http:\/\/gentedebasquet.com.ar\/sitio\/wp-json\/wp\/v2\/media?parent=66625"}],"wp:term":[{"taxonomy":"category","embeddable":true,"href":"http:\/\/gentedebasquet.com.ar\/sitio\/wp-json\/wp\/v2\/categories?post=66625"},{"taxonomy":"post_tag","embeddable":true,"href":"http:\/\/gentedebasquet.com.ar\/sitio\/wp-json\/wp\/v2\/tags?post=66625"}],"curies":[{"name":"wp","href":"https:\/\/api.w.org\/{rel}","templated":true}]}}