{"id":66727,"date":"2016-11-10T23:26:18","date_gmt":"2016-11-11T02:26:18","guid":{"rendered":"http:\/\/www.gentedebasquet.com.ar\/?p=66727"},"modified":"2016-11-10T23:26:18","modified_gmt":"2016-11-11T02:26:18","slug":"el-tiro-del-final-2","status":"publish","type":"post","link":"http:\/\/gentedebasquet.com.ar\/sitio\/2016\/11\/10\/el-tiro-del-final-2\/","title":{"rendered":"El tiro del final"},"content":{"rendered":"<p><strong>Un doble ag\u00f3nico de Andr\u00e9s Barbero (25 \u2013 4\/7 T3, 4\/6 T2, 5\/6 TL) le dio el triunfo a Bahiense del Norte sobre Alem por 81-79 en el Manu Gin\u00f3bili, para arrancar las semifinales con el pie derecho. Yendo desde atr\u00e1s hacia adelante, mediante una zona 2-3, el Tricolor domin\u00f3 y lleg\u00f3 a estar 14 arriba (66-52) en el 3C. Sin embargo, el Verdirrojo reaccion\u00f3 y tuvo todo para ganar, pero la alegr\u00eda termin\u00f3 siendo Tricolor. En el ganador, que no tuvo a Kevin Zambrano (fractura mano derecha), tambi\u00e9n sobresali\u00f3 Franco Pennacchiotti (23 \u2013 19\/20 TL y 11 reb). Por la visita, hubo buenas actuaciones de Herm\u00e1n Banegas (20 y 12 reb) y Juan Pablo Rotta (18). <\/strong><\/p>\n<p>El inicio del partido fue de rachas. Alem escap\u00f3 primero 7-0 y se abasteci\u00f3 en ofensiva de lo hecho por Banegas (4) y las bombas de Rotta y Foulkes. Bahiense, que tard\u00f3 3m en anotar, encontr\u00f3 soluciones con Buzzo (6) yendo para adelante, aunque se carg\u00f3 de faltas tempranamente (3), y lleg\u00f3 a nivelar las acciones (11-11). A partir de ah\u00ed, el Tricolor se fue a una zona 2-3 en defensa y empez\u00f3 a complicar a su rival. Encima en ofensiva, Barbero (2\/2 T3) lastim\u00f3 con dos bombas y Pennacchiotti (8\/8 TL) se gan\u00f3 los puntos en la l\u00ednea para llegar a sacar ocho unidades (19-11). Un triple de Priore, cuando se mor\u00eda el segmento, achic\u00f3 la brecha para el Verdirrojo (26-22).<\/p>\n<p>Apelando al juego f\u00edsico y aprovechando dos t\u00e9cnicas consecutivas, Silva y Navallo respectivamente, Alem lleg\u00f3 a pasar al frente (30-32) cuando restaban 6m15s por jugar del 2C. Banegas (6) continu\u00f3 siendo referencia en la pintura y Priore (5) trajo oxigeno desde el banco. Aunque Bahiense siempre tuvo respuestas. El t\u00e1ndem Barbero (9) &#8211; Pennacchiotti (6) y su regularidad le dio vida en ofensiva al Tricolor. Gerbaudo (5, 1 asist, 1 rec) tuvo un gran ingreso llegando desde atr\u00e1s y tambi\u00e9n colabor\u00f3 para que su equipo saque ocho de luz (46-38) y se vaya 48-42 arriba al descanso m\u00e1s largo.<\/p>\n<blockquote><p>En un momento parec\u00eda que lo ten\u00edamos ganado, despu\u00e9s con los tiros libres para ellos en el final parec\u00eda perdido porque quedaba muy poco tiempo. En la \u00faltima jugada no se que pas\u00f3, corr\u00ed porque estaba solo, justo Nacho (Gerbaudo) me vi\u00f3 y la tir\u00f3 para arriba, despu\u00e9s no se que hice, pero me qued\u00f3 la pelota en las manos, la tir\u00e9 y por suerte entr\u00f3. Ganar ac\u00e1 era muy importante y sabemos que all\u00e1 en su cancha va a estar dur\u00edsimo, pero vamos a tratar de cerrar la serie y en todo caso, si no se nos da, sabemos que tenemos el tercer partido ac\u00e1 (Andr\u00e9s Barbero).<\/p><\/blockquote>\n<p>En la vuelta al juego, el Tricolor sigui\u00f3 en su zona 2-3 y si bien en ofensiva se excedi\u00f3 con los tiros externos (0\/6 T3), con paciencia fue encontrando gol en otras posiciones. La vuelta a la cancha de Buzzo (5), los puntos desde la l\u00ednea (11\/12 TL) y un doble largo de Fern\u00e1ndez le permitieron al conjunto de Navallo sacar la m\u00e1xima distancia de la noche (66-52) a 1m33s del cierre del 3C. Al Verdirrojo le cost\u00f3 encontrarle la vuelta, nuevamente, a la defensa rival, padeci\u00f3 con las perdidas (5) y la eficacia a larga distancia no lo acompa\u00f1\u00f3 (0\/6 T3). Solo cuando pudo poner la pelota abajo para Banegas (8) encontr\u00f3 puntos. Al \u00faltimo cuarto entr\u00f3 al frente el due\u00f1o de casa 67-58.<\/p>\n<p>Con un pasaje de 8-0, la visita abri\u00f3 el \u00faltimo cap\u00edtulo y qued\u00f3 tan solo abajo por la m\u00ednima (67-66). A partir de ah\u00ed fue todo de palo y palo hasta el final y en el medio se fueron por acumulaci\u00f3n de faltas Buzzo, Silva, Starc y Foulkes. Dos acciones consecutivas de Rotta yendo hacia adentro, nivelaron el resultado (77-77) a 35s del final, luego de que el local estuviera al frente por cuatro. Mor\u00e1n, tras un minuto, adelant\u00f3 nuevamente a los de Navallo (79-77) con 19s. Torre contest\u00f3 en el otro lado (79-79) con 11s en el reloj y tuvo la chance con un libre extra de poner al frente a su equipo aunque no pudo. En la misma acci\u00f3n, Banegas se qued\u00f3 con el rebote ofensivo y tambi\u00e9n fue a la l\u00ednea pero fall\u00f3 sus dos lanzamientos. Con 10s por jugar, Fern\u00e1ndez captur\u00f3 el rebote y se la entreg\u00f3 a Mor\u00e1n pero la jugada termin\u00f3 ensuci\u00e1ndose. La pelota finalmente termin\u00f3 cay\u00e9ndole en un costado a Gerbaudo, que no solo evit\u00f3 que se vaya afuera sino que tambi\u00e9n asisti\u00f3 a Barbero debajo del aro, para que con un tiro r\u00e1pido y en el aire termine ganando el partido. El tiro del final fue para Bahiense, que termin\u00f3 festejando y se puso 1-0 en la serie.<\/p>\n<p>&nbsp;<\/p>\n<p>[youtube]https:\/\/youtu.be\/fRZYI9352qA[\/youtube]<\/p>\n<p>&nbsp;<\/p>\n<p><strong>S\u00edntesis |<\/strong>\u00a0Primera Divisi\u00f3n \u2013 Oficial \u2013 Semifinales \u2013 Juego #1<\/p>\n<p><strong>Bahiense del Norte 81:<\/strong>\u00a0Juan Pablo Mor\u00e1n 10, Andr\u00e9s Barbero 25, Esteban Silva 0 (x), Anibal Buzzo 11 (x), Franco Pennacchiotti 23 (Fi); Luciano Fern\u00e1ndez 7, Ignacio Gerbaudo 5, Iv\u00e1n Catani 0, Mat\u00edas Pristupa 0, Gonzalo Nolt 0 y Manuel Peyronnet 0. DT: Alejandro Navallo.<\/p>\n<p><strong>Alem 79:<\/strong>\u00a0Santiago Torre 9, Walter Gigena 3, Dami\u00e1n Foulkes 3 (x), Fabricio Starc 10 (x), H\u00e9rman Banegas 20 (FI); Juan Ignacio Diomedi 6 (x), Juan Pablo Rotta 18, y Augusto Priore 10. DT: Alejandro \u00c1lvarez.<\/p>\n<p><strong>Parciales:<\/strong>\u00a026-22, 48-42 (22-20), 67-58 (19-16) y 81-79 (14-21).<\/p>\n<p><strong>\u00c1rbitros:<\/strong>\u00a0Horacio Sed\u00e1n \u2013 Eduardo Ferreyra \u2013 Sebasti\u00e1n Giannino.<\/p>\n<p><strong>Estadio:<\/strong>\u00a0Manu Gin\u00f3bili (Bahiense del Norte).<\/p>\n<p><a class=\"modalf iframe\" title=\"Planilla\" href=\"https:\/\/docs.google.com\/spreadsheets\/d\/1r6FSYo3x7pX--8y4uMhUvwo73DIjj39tMtKgI0wzo4c\/pubhtml?gid=1178995215&amp;single=true\" target=\"_blank\" rel=\"noopener\">Ver Planilla<\/a><\/p>\n","protected":false},"excerpt":{"rendered":"<p>Con un doble de Barbero, Bahiense festej\u00f3 sobre Alem en el inicio de las semis: 81-79<\/p>\n","protected":false},"author":1,"featured_media":66730,"comment_status":"closed","ping_status":"open","sticky":false,"template":"","format":"standard","meta":{"jnews-multi-image_gallery":[],"jnews_single_post":[],"jnews_primary_category":[],"footnotes":""},"categories":[23,101],"tags":[172,5,87,230,48,612],"class_list":["post-66727","post","type-post","status-publish","format-standard","has-post-thumbnail","hentry","category-primera","category-slide","tag-andres-barbero","tag-bahiense-del-norte","tag-franco-pennacchiotti","tag-herman-banegas","tag-juan-pablo-rotta","tag-leandro-n-alem"],"yoast_head":"<!-- This site is optimized with the Yoast SEO plugin v27.5 - https:\/\/yoast.com\/product\/yoast-seo-wordpress\/ -->\n<title>El tiro del final - Gente de B\u00e1squet<\/title>\n<meta name=\"robots\" content=\"index, follow, max-snippet:-1, max-image-preview:large, max-video-preview:-1\" \/>\n<link rel=\"canonical\" href=\"http:\/\/gentedebasquet.com.ar\/sitio\/2016\/11\/10\/el-tiro-del-final-2\/\" \/>\n<meta property=\"og:locale\" content=\"es_ES\" \/>\n<meta property=\"og:type\" content=\"article\" \/>\n<meta property=\"og:title\" content=\"El tiro del final - Gente de B\u00e1squet\" \/>\n<meta property=\"og:description\" content=\"Con un doble de Barbero, Bahiense festej\u00f3 sobre Alem en el inicio de las semis: 81-79\" \/>\n<meta property=\"og:url\" content=\"http:\/\/gentedebasquet.com.ar\/sitio\/2016\/11\/10\/el-tiro-del-final-2\/\" \/>\n<meta property=\"og:site_name\" content=\"Gente de B\u00e1squet\" \/>\n<meta property=\"article:published_time\" content=\"2016-11-11T02:26:18+00:00\" \/>\n<meta property=\"og:image\" content=\"http:\/\/gentedebasquet.com.ar\/sitio\/wp-content\/uploads\/2016\/11\/DSC_0032.jpg\" \/>\n\t<meta property=\"og:image:width\" content=\"690\" \/>\n\t<meta property=\"og:image:height\" content=\"319\" \/>\n\t<meta property=\"og:image:type\" content=\"image\/jpeg\" \/>\n<meta name=\"author\" content=\"Gente de B\u00e1squet\" \/>\n<meta name=\"twitter:card\" content=\"summary_large_image\" \/>\n<meta name=\"twitter:label1\" content=\"Escrito por\" \/>\n\t<meta name=\"twitter:data1\" content=\"Gente de B\u00e1squet\" \/>\n\t<meta name=\"twitter:label2\" content=\"Tiempo de lectura\" \/>\n\t<meta name=\"twitter:data2\" content=\"5 minutos\" \/>\n<script type=\"application\/ld+json\" class=\"yoast-schema-graph\">{\"@context\":\"https:\\\/\\\/schema.org\",\"@graph\":[{\"@type\":\"Article\",\"@id\":\"http:\\\/\\\/gentedebasquet.com.ar\\\/sitio\\\/2016\\\/11\\\/10\\\/el-tiro-del-final-2\\\/#article\",\"isPartOf\":{\"@id\":\"http:\\\/\\\/gentedebasquet.com.ar\\\/sitio\\\/2016\\\/11\\\/10\\\/el-tiro-del-final-2\\\/\"},\"author\":{\"name\":\"Gente de B\u00e1squet\",\"@id\":\"https:\\\/\\\/gentedebasquet.com.ar\\\/sitio\\\/#\\\/schema\\\/person\\\/ca0b63bbb977369988a7bbbdc519943a\"},\"headline\":\"El tiro del final\",\"datePublished\":\"2016-11-11T02:26:18+00:00\",\"mainEntityOfPage\":{\"@id\":\"http:\\\/\\\/gentedebasquet.com.ar\\\/sitio\\\/2016\\\/11\\\/10\\\/el-tiro-del-final-2\\\/\"},\"wordCount\":912,\"image\":{\"@id\":\"http:\\\/\\\/gentedebasquet.com.ar\\\/sitio\\\/2016\\\/11\\\/10\\\/el-tiro-del-final-2\\\/#primaryimage\"},\"thumbnailUrl\":\"http:\\\/\\\/gentedebasquet.com.ar\\\/sitio\\\/wp-content\\\/uploads\\\/2016\\\/11\\\/DSC_0032.jpg\",\"keywords\":[\"Andr\u00e9s Barbero\",\"Bahiense Del Norte\",\"Franco Pennacchiotti\",\"Herman Banegas\",\"Juan Pablo Rotta\",\"Leandro N. Alem\"],\"articleSection\":[\"Primera\",\"Slide\"],\"inLanguage\":\"es\"},{\"@type\":\"WebPage\",\"@id\":\"http:\\\/\\\/gentedebasquet.com.ar\\\/sitio\\\/2016\\\/11\\\/10\\\/el-tiro-del-final-2\\\/\",\"url\":\"http:\\\/\\\/gentedebasquet.com.ar\\\/sitio\\\/2016\\\/11\\\/10\\\/el-tiro-del-final-2\\\/\",\"name\":\"El tiro del final - Gente de B\u00e1squet\",\"isPartOf\":{\"@id\":\"https:\\\/\\\/gentedebasquet.com.ar\\\/sitio\\\/#website\"},\"primaryImageOfPage\":{\"@id\":\"http:\\\/\\\/gentedebasquet.com.ar\\\/sitio\\\/2016\\\/11\\\/10\\\/el-tiro-del-final-2\\\/#primaryimage\"},\"image\":{\"@id\":\"http:\\\/\\\/gentedebasquet.com.ar\\\/sitio\\\/2016\\\/11\\\/10\\\/el-tiro-del-final-2\\\/#primaryimage\"},\"thumbnailUrl\":\"http:\\\/\\\/gentedebasquet.com.ar\\\/sitio\\\/wp-content\\\/uploads\\\/2016\\\/11\\\/DSC_0032.jpg\",\"datePublished\":\"2016-11-11T02:26:18+00:00\",\"author\":{\"@id\":\"https:\\\/\\\/gentedebasquet.com.ar\\\/sitio\\\/#\\\/schema\\\/person\\\/ca0b63bbb977369988a7bbbdc519943a\"},\"breadcrumb\":{\"@id\":\"http:\\\/\\\/gentedebasquet.com.ar\\\/sitio\\\/2016\\\/11\\\/10\\\/el-tiro-del-final-2\\\/#breadcrumb\"},\"inLanguage\":\"es\",\"potentialAction\":[{\"@type\":\"ReadAction\",\"target\":[\"http:\\\/\\\/gentedebasquet.com.ar\\\/sitio\\\/2016\\\/11\\\/10\\\/el-tiro-del-final-2\\\/\"]}]},{\"@type\":\"ImageObject\",\"inLanguage\":\"es\",\"@id\":\"http:\\\/\\\/gentedebasquet.com.ar\\\/sitio\\\/2016\\\/11\\\/10\\\/el-tiro-del-final-2\\\/#primaryimage\",\"url\":\"http:\\\/\\\/gentedebasquet.com.ar\\\/sitio\\\/wp-content\\\/uploads\\\/2016\\\/11\\\/DSC_0032.jpg\",\"contentUrl\":\"http:\\\/\\\/gentedebasquet.com.ar\\\/sitio\\\/wp-content\\\/uploads\\\/2016\\\/11\\\/DSC_0032.jpg\",\"width\":690,\"height\":319},{\"@type\":\"BreadcrumbList\",\"@id\":\"http:\\\/\\\/gentedebasquet.com.ar\\\/sitio\\\/2016\\\/11\\\/10\\\/el-tiro-del-final-2\\\/#breadcrumb\",\"itemListElement\":[{\"@type\":\"ListItem\",\"position\":1,\"name\":\"Portada\",\"item\":\"https:\\\/\\\/gentedebasquet.com.ar\\\/sitio\\\/\"},{\"@type\":\"ListItem\",\"position\":2,\"name\":\"El tiro del final\"}]},{\"@type\":\"WebSite\",\"@id\":\"https:\\\/\\\/gentedebasquet.com.ar\\\/sitio\\\/#website\",\"url\":\"https:\\\/\\\/gentedebasquet.com.ar\\\/sitio\\\/\",\"name\":\"Gente de B\u00e1squet\",\"description\":\"La revista del basquet de Bah\u00eda Blanca\",\"potentialAction\":[{\"@type\":\"SearchAction\",\"target\":{\"@type\":\"EntryPoint\",\"urlTemplate\":\"https:\\\/\\\/gentedebasquet.com.ar\\\/sitio\\\/?s={search_term_string}\"},\"query-input\":{\"@type\":\"PropertyValueSpecification\",\"valueRequired\":true,\"valueName\":\"search_term_string\"}}],\"inLanguage\":\"es\"},{\"@type\":\"Person\",\"@id\":\"https:\\\/\\\/gentedebasquet.com.ar\\\/sitio\\\/#\\\/schema\\\/person\\\/ca0b63bbb977369988a7bbbdc519943a\",\"name\":\"Gente de B\u00e1squet\",\"image\":{\"@type\":\"ImageObject\",\"inLanguage\":\"es\",\"@id\":\"https:\\\/\\\/secure.gravatar.com\\\/avatar\\\/7f2c48bdc33b30088f941fb6082e555f2874c98e20cb159d7b92b50eadfce793?s=96&d=mm&r=g\",\"url\":\"https:\\\/\\\/secure.gravatar.com\\\/avatar\\\/7f2c48bdc33b30088f941fb6082e555f2874c98e20cb159d7b92b50eadfce793?s=96&d=mm&r=g\",\"contentUrl\":\"https:\\\/\\\/secure.gravatar.com\\\/avatar\\\/7f2c48bdc33b30088f941fb6082e555f2874c98e20cb159d7b92b50eadfce793?s=96&d=mm&r=g\",\"caption\":\"Gente de B\u00e1squet\"},\"sameAs\":[\"http:\\\/\\\/gentedebasquet.com.ar\\\/sitio\"],\"url\":\"http:\\\/\\\/gentedebasquet.com.ar\\\/sitio\\\/author\\\/ulises\\\/\"}]}<\/script>\n<!-- \/ Yoast SEO plugin. -->","yoast_head_json":{"title":"El tiro del final - Gente de B\u00e1squet","robots":{"index":"index","follow":"follow","max-snippet":"max-snippet:-1","max-image-preview":"max-image-preview:large","max-video-preview":"max-video-preview:-1"},"canonical":"http:\/\/gentedebasquet.com.ar\/sitio\/2016\/11\/10\/el-tiro-del-final-2\/","og_locale":"es_ES","og_type":"article","og_title":"El tiro del final - Gente de B\u00e1squet","og_description":"Con un doble de Barbero, Bahiense festej\u00f3 sobre Alem en el inicio de las semis: 81-79","og_url":"http:\/\/gentedebasquet.com.ar\/sitio\/2016\/11\/10\/el-tiro-del-final-2\/","og_site_name":"Gente de B\u00e1squet","article_published_time":"2016-11-11T02:26:18+00:00","og_image":[{"width":690,"height":319,"url":"http:\/\/gentedebasquet.com.ar\/sitio\/wp-content\/uploads\/2016\/11\/DSC_0032.jpg","type":"image\/jpeg"}],"author":"Gente de B\u00e1squet","twitter_card":"summary_large_image","twitter_misc":{"Escrito por":"Gente de B\u00e1squet","Tiempo de lectura":"5 minutos"},"schema":{"@context":"https:\/\/schema.org","@graph":[{"@type":"Article","@id":"http:\/\/gentedebasquet.com.ar\/sitio\/2016\/11\/10\/el-tiro-del-final-2\/#article","isPartOf":{"@id":"http:\/\/gentedebasquet.com.ar\/sitio\/2016\/11\/10\/el-tiro-del-final-2\/"},"author":{"name":"Gente de B\u00e1squet","@id":"https:\/\/gentedebasquet.com.ar\/sitio\/#\/schema\/person\/ca0b63bbb977369988a7bbbdc519943a"},"headline":"El tiro del final","datePublished":"2016-11-11T02:26:18+00:00","mainEntityOfPage":{"@id":"http:\/\/gentedebasquet.com.ar\/sitio\/2016\/11\/10\/el-tiro-del-final-2\/"},"wordCount":912,"image":{"@id":"http:\/\/gentedebasquet.com.ar\/sitio\/2016\/11\/10\/el-tiro-del-final-2\/#primaryimage"},"thumbnailUrl":"http:\/\/gentedebasquet.com.ar\/sitio\/wp-content\/uploads\/2016\/11\/DSC_0032.jpg","keywords":["Andr\u00e9s Barbero","Bahiense Del Norte","Franco Pennacchiotti","Herman Banegas","Juan Pablo Rotta","Leandro N. Alem"],"articleSection":["Primera","Slide"],"inLanguage":"es"},{"@type":"WebPage","@id":"http:\/\/gentedebasquet.com.ar\/sitio\/2016\/11\/10\/el-tiro-del-final-2\/","url":"http:\/\/gentedebasquet.com.ar\/sitio\/2016\/11\/10\/el-tiro-del-final-2\/","name":"El tiro del final - Gente de B\u00e1squet","isPartOf":{"@id":"https:\/\/gentedebasquet.com.ar\/sitio\/#website"},"primaryImageOfPage":{"@id":"http:\/\/gentedebasquet.com.ar\/sitio\/2016\/11\/10\/el-tiro-del-final-2\/#primaryimage"},"image":{"@id":"http:\/\/gentedebasquet.com.ar\/sitio\/2016\/11\/10\/el-tiro-del-final-2\/#primaryimage"},"thumbnailUrl":"http:\/\/gentedebasquet.com.ar\/sitio\/wp-content\/uploads\/2016\/11\/DSC_0032.jpg","datePublished":"2016-11-11T02:26:18+00:00","author":{"@id":"https:\/\/gentedebasquet.com.ar\/sitio\/#\/schema\/person\/ca0b63bbb977369988a7bbbdc519943a"},"breadcrumb":{"@id":"http:\/\/gentedebasquet.com.ar\/sitio\/2016\/11\/10\/el-tiro-del-final-2\/#breadcrumb"},"inLanguage":"es","potentialAction":[{"@type":"ReadAction","target":["http:\/\/gentedebasquet.com.ar\/sitio\/2016\/11\/10\/el-tiro-del-final-2\/"]}]},{"@type":"ImageObject","inLanguage":"es","@id":"http:\/\/gentedebasquet.com.ar\/sitio\/2016\/11\/10\/el-tiro-del-final-2\/#primaryimage","url":"http:\/\/gentedebasquet.com.ar\/sitio\/wp-content\/uploads\/2016\/11\/DSC_0032.jpg","contentUrl":"http:\/\/gentedebasquet.com.ar\/sitio\/wp-content\/uploads\/2016\/11\/DSC_0032.jpg","width":690,"height":319},{"@type":"BreadcrumbList","@id":"http:\/\/gentedebasquet.com.ar\/sitio\/2016\/11\/10\/el-tiro-del-final-2\/#breadcrumb","itemListElement":[{"@type":"ListItem","position":1,"name":"Portada","item":"https:\/\/gentedebasquet.com.ar\/sitio\/"},{"@type":"ListItem","position":2,"name":"El tiro del final"}]},{"@type":"WebSite","@id":"https:\/\/gentedebasquet.com.ar\/sitio\/#website","url":"https:\/\/gentedebasquet.com.ar\/sitio\/","name":"Gente de B\u00e1squet","description":"La revista del basquet de Bah\u00eda Blanca","potentialAction":[{"@type":"SearchAction","target":{"@type":"EntryPoint","urlTemplate":"https:\/\/gentedebasquet.com.ar\/sitio\/?s={search_term_string}"},"query-input":{"@type":"PropertyValueSpecification","valueRequired":true,"valueName":"search_term_string"}}],"inLanguage":"es"},{"@type":"Person","@id":"https:\/\/gentedebasquet.com.ar\/sitio\/#\/schema\/person\/ca0b63bbb977369988a7bbbdc519943a","name":"Gente de B\u00e1squet","image":{"@type":"ImageObject","inLanguage":"es","@id":"https:\/\/secure.gravatar.com\/avatar\/7f2c48bdc33b30088f941fb6082e555f2874c98e20cb159d7b92b50eadfce793?s=96&d=mm&r=g","url":"https:\/\/secure.gravatar.com\/avatar\/7f2c48bdc33b30088f941fb6082e555f2874c98e20cb159d7b92b50eadfce793?s=96&d=mm&r=g","contentUrl":"https:\/\/secure.gravatar.com\/avatar\/7f2c48bdc33b30088f941fb6082e555f2874c98e20cb159d7b92b50eadfce793?s=96&d=mm&r=g","caption":"Gente de B\u00e1squet"},"sameAs":["http:\/\/gentedebasquet.com.ar\/sitio"],"url":"http:\/\/gentedebasquet.com.ar\/sitio\/author\/ulises\/"}]}},"_links":{"self":[{"href":"http:\/\/gentedebasquet.com.ar\/sitio\/wp-json\/wp\/v2\/posts\/66727","targetHints":{"allow":["GET"]}}],"collection":[{"href":"http:\/\/gentedebasquet.com.ar\/sitio\/wp-json\/wp\/v2\/posts"}],"about":[{"href":"http:\/\/gentedebasquet.com.ar\/sitio\/wp-json\/wp\/v2\/types\/post"}],"author":[{"embeddable":true,"href":"http:\/\/gentedebasquet.com.ar\/sitio\/wp-json\/wp\/v2\/users\/1"}],"replies":[{"embeddable":true,"href":"http:\/\/gentedebasquet.com.ar\/sitio\/wp-json\/wp\/v2\/comments?post=66727"}],"version-history":[{"count":0,"href":"http:\/\/gentedebasquet.com.ar\/sitio\/wp-json\/wp\/v2\/posts\/66727\/revisions"}],"wp:featuredmedia":[{"embeddable":true,"href":"http:\/\/gentedebasquet.com.ar\/sitio\/wp-json\/wp\/v2\/media\/66730"}],"wp:attachment":[{"href":"http:\/\/gentedebasquet.com.ar\/sitio\/wp-json\/wp\/v2\/media?parent=66727"}],"wp:term":[{"taxonomy":"category","embeddable":true,"href":"http:\/\/gentedebasquet.com.ar\/sitio\/wp-json\/wp\/v2\/categories?post=66727"},{"taxonomy":"post_tag","embeddable":true,"href":"http:\/\/gentedebasquet.com.ar\/sitio\/wp-json\/wp\/v2\/tags?post=66727"}],"curies":[{"name":"wp","href":"https:\/\/api.w.org\/{rel}","templated":true}]}}