{"id":66917,"date":"2016-11-15T23:34:41","date_gmt":"2016-11-16T02:34:41","guid":{"rendered":"http:\/\/www.gentedebasquet.com.ar\/?p=66917"},"modified":"2016-11-15T23:34:41","modified_gmt":"2016-11-16T02:34:41","slug":"zona-de-impacto","status":"publish","type":"post","link":"http:\/\/gentedebasquet.com.ar\/sitio\/2016\/11\/15\/zona-de-impacto\/","title":{"rendered":"Zona de impacto"},"content":{"rendered":"<p><strong>Una muestra de personalidad dio Barracas Central, al derrotar a 9 de Julio 82 a 63, como visitante, luego de estar 16 tantos\u00a0abajo y por el primer punto de las finales de Segunda. Al equipo de Palumbo le cost\u00f3 entrar en juego, pero cuando comenz\u00f3 a defender en zona confundi\u00f3 al local y tom\u00f3 el control. Sobresalieron Carci (19, 7 rebotes y 5 asistencias), Massa (18 y 13 tableros), Sebasti\u00e1n Mart\u00ednez (15 y 7 recuperos) y Trellini (18). Mientras que Badano (18) fue el que menos desenton\u00f3 en 9 de Julio. El viernes, la revancha.<\/strong><\/p>\n<p>Toda la adrenalina que acumulaba 9 de Julio <a href=\"http:\/\/www.gentedebasquet.com.ar\/sonando-despierto\/\" target=\"_blank\" rel=\"noopener\">tras vencer a Pac\u00edfico en las finales del Oficial<\/a>, qued\u00f3 contrarrestada con la templanza, la paciencia y la experiencia de los hombres de Barracas, que <a href=\"http:\/\/www.gentedebasquet.com.ar\/la-revancha-oficial\/\" target=\"_blank\" rel=\"noopener\">no jugaban desde el 4 de noviembre<\/a>. El envi\u00f3n an\u00edmico puso al local al frente en los primeros minutos, con preponderancia de Badano afuera y Mallemaci abajo. As\u00ed, escap\u00f3 22-9 en el 1C y alcanz\u00f3 16 de luz en el amanecer del 2C, gracias a un doble y falta del interno puntaltense (27-11).<\/p>\n<p>No obstante, tres jugadas de tres puntos (triples de Massa y Seba Mart\u00ednez, m\u00e1s doble y foul de Trellini), le comenzaron a cambiar la cara a Barracas. Tendencia que se concret\u00f3 al dejar de defender hombre para ocupar los espacios en zona. Y que la visita tradujo en solidez ofensiva, con salidas r\u00e1pidas o cortes al cesto para amortizar el ataque estacionado. Ese combo explosivo le reditu\u00f3 al equipo de Palumbo un parcial de 19-2 que lo dej\u00f3 bien parado de cara al ST.<\/p>\n<blockquote><p>Ponernos en partido antes de irnos al entretiempo fue clave. Arrancamos el segundo muy enchufados, ellos no le encontraron la vuelta a la zona y los frustr\u00f3. Hab\u00eda que confundir un poco. M\u00e1s que nada fue un cambio porque est\u00e1bamos marcando hombre y 15 abajo; algo hab\u00eda que modificar.\u00a0Es dif\u00edcil para ellos, porque terminaron de jugar una final y al otro d\u00eda sin poder festejar ya ten\u00e9s que estar apto para entrenar y pensar en el rival de turno. Es para replantear porque no es justo ni para 9 de Julio ni para cualquiera que le toque. Ahora tenemos que aprovechar el juego en cancha nuestra, ellos van a tener la presi\u00f3n extra de que si no ganan se les escapa el torneo (C\u00e9sar Massa).<\/p><\/blockquote>\n<p>Todo lo que construy\u00f3 en la primera parte, Barracas lo goz\u00f3 en el complemento. Porque arranc\u00f3 con un 8-0 que lo dej\u00f3 definitivamente al frente (41-46) y por momentos se hizo invulnerable. Tan as\u00ed fue que 9 de Julio solo pudo anotar tres goles de campo en todo el segmento (dos fueron de Badano), englobando un 3\/12 que cal\u00f3 hondo. La visita se adue\u00f1\u00f3 del juego, Carci tom\u00f3 decisiones, Trellini y Mart\u00ednez aportaron puntos y Massa, experiencia. Fue suficiente.<\/p>\n<p>&nbsp;<\/p>\n<p>[vimeo]http:\/\/vimeo.com\/191742967[\/vimeo]<\/p>\n<p>&nbsp;<\/p>\n<p><strong>S\u00edntesis |<\/strong> Segunda Divisi\u00f3n &#8211; Finales &#8211; Juego #1<\/p>\n<p><strong>9 de Julio 63:<\/strong> Lucas Lucchetti 13, Gonzalo Badano 18, Hern\u00e1n Rava 5, Francisco Bonaguro 2 (x), Guillermo Mallemaci 13 (Fi); Mariano Ticozzi 2, Agust\u00edn Pena 0, Ezequiel Pordomingo 3, Mauro Bl\u00e1zquez 7, Juli\u00e1n Turcato 0 y Alan Prost 0. DT: Andr\u00e9s Iannamico.<\/p>\n<p><strong>Barracas Central 82:<\/strong> Dami\u00e1n Carci 19, Sebasti\u00e1n Mart\u00ednez 15, Mariano Trellini 18, Mauro Montanaro 4, Mariano N\u00fa\u00f1ez 2 (Fi); C\u00e9sar Massa 18, Octavio Cancellarich 0 y Fabi\u00e1n Gendana 6 (x). DT: Juan Sergio Palumbo.<\/p>\n<p><strong>Parciales:<\/strong> 22-9, 42-38 (19-29), 53-59 (22-21) y 63-82 (10-23).<\/p>\n<p><strong>\u00c1rbitros:<\/strong> Jorge Scheffer &#8211; Emanuel S\u00e1nchez &#8211; Sebasti\u00e1n Giannino.<\/p>\n<p><strong>Estadio:<\/strong> N\u00e9stor Damiani (9 de Julio).<\/p>\n<p><a class=\"modalf iframe\" title=\"Planilla\" href=\"https:\/\/docs.google.com\/spreadsheets\/d\/1nMrvgG3yTxZagsPp5S5oA19N4Ch_Edn3-kyKhvf0u-M\/pubhtml\" target=\"_blank\" rel=\"noopener\">Ver Planilla<\/a><\/p>\n<p><strong>Serie:<\/strong> Barracas, 1-0.<\/p>\n<p>&nbsp;<\/p>\n<h5><strong>\u00bfC\u00d3MO SIGUE?<\/strong><\/h5>\n<p>El segundo punto ir\u00e1 el viernes, en El Bosque. De ganar Barracas, ascender\u00e1 a Primera; caso contrario, el martes 22 (a confirmar) se ver\u00e1n las caras en el tercer y \u00faltimo partido, en el Damiani.<\/p>\n<p>El perdedor de las finales enfrentar\u00e1 a Pac\u00edfico (<a href=\"http:\/\/www.gentedebasquet.com.ar\/segunda-oficial-posiciones-2\/\" target=\"_blank\" rel=\"noopener\">el mejor equipo en la tabla anual<\/a>, exceptuando a 9 de Julio y Barracas) en una serie al mejor de tres juegos por un lugar en la Promoci\u00f3n. Quien salga victorioso <a href=\"http:\/\/www.gentedebasquet.com.ar\/promocion-asegurada\/\" target=\"_blank\" rel=\"noopener\">chocar\u00e1 con Pueyrred\u00f3n<\/a>, con desventaja de local\u00eda y tambi\u00e9n al mejor de tres.<\/p>\n<p>&nbsp;<\/p>\n<h5 style=\"text-align: center;\">9 DE JULIO<\/h5>\n<p><img decoding=\"async\" class=\"aligncenter size-full wp-image-66923\" src=\"http:\/\/www.gentedebasquet.com.ar\/wp-content\/uploads\/2016\/11\/Nueve-de-Julio.jpg\" alt=\"nueve-de-julio\" width=\"640\" height=\"427\" srcset=\"http:\/\/gentedebasquet.com.ar\/sitio\/wp-content\/uploads\/2016\/11\/Nueve-de-Julio.jpg 640w, http:\/\/gentedebasquet.com.ar\/sitio\/wp-content\/uploads\/2016\/11\/Nueve-de-Julio-300x200.jpg 300w\" sizes=\"(max-width: 640px) 100vw, 640px\" \/><\/p>\n<h5 style=\"text-align: center;\">BARRACAS CENTRAL<\/h5>\n<p><img decoding=\"async\" class=\"aligncenter size-full wp-image-66924\" src=\"http:\/\/www.gentedebasquet.com.ar\/wp-content\/uploads\/2016\/11\/Barracas.jpg\" alt=\"barracas\" width=\"640\" height=\"440\" srcset=\"http:\/\/gentedebasquet.com.ar\/sitio\/wp-content\/uploads\/2016\/11\/Barracas.jpg 640w, http:\/\/gentedebasquet.com.ar\/sitio\/wp-content\/uploads\/2016\/11\/Barracas-300x206.jpg 300w\" sizes=\"(max-width: 640px) 100vw, 640px\" \/><\/p>\n","protected":false},"excerpt":{"rendered":"<p>Barracas cambi\u00f3 a tiempo, venci\u00f3 a 9 de Julio 82-63 y quedo a un paso del ascenso<\/p>\n","protected":false},"author":1,"featured_media":66919,"comment_status":"closed","ping_status":"open","sticky":false,"template":"","format":"standard","meta":{"jnews-multi-image_gallery":[],"jnews_single_post":[],"jnews_primary_category":[],"footnotes":""},"categories":[25,101],"tags":[2,6,250,527,327,619,254],"class_list":["post-66917","post","type-post","status-publish","format-standard","has-post-thumbnail","hentry","category-segunda","category-slide","tag-9dejulio","tag-barracas-central","tag-cesar-massa","tag-damian-carci","tag-gonzalo-badano","tag-mariano-trellini","tag-sebastian-martinez"],"yoast_head":"<!-- This site is optimized with the Yoast SEO plugin v27.5 - https:\/\/yoast.com\/product\/yoast-seo-wordpress\/ -->\n<title>Zona de impacto - Gente de B\u00e1squet<\/title>\n<meta name=\"robots\" content=\"index, follow, max-snippet:-1, max-image-preview:large, max-video-preview:-1\" \/>\n<link rel=\"canonical\" href=\"http:\/\/gentedebasquet.com.ar\/sitio\/2016\/11\/15\/zona-de-impacto\/\" \/>\n<meta property=\"og:locale\" content=\"es_ES\" \/>\n<meta property=\"og:type\" content=\"article\" \/>\n<meta property=\"og:title\" content=\"Zona de impacto - Gente de B\u00e1squet\" \/>\n<meta property=\"og:description\" content=\"Barracas cambi\u00f3 a tiempo, venci\u00f3 a 9 de Julio 82-63 y quedo a un paso del ascenso\" \/>\n<meta property=\"og:url\" content=\"http:\/\/gentedebasquet.com.ar\/sitio\/2016\/11\/15\/zona-de-impacto\/\" \/>\n<meta property=\"og:site_name\" content=\"Gente de B\u00e1squet\" \/>\n<meta property=\"article:published_time\" content=\"2016-11-16T02:34:41+00:00\" \/>\n<meta property=\"og:image\" content=\"http:\/\/gentedebasquet.com.ar\/sitio\/wp-content\/uploads\/2016\/11\/Carci-Barracas-9-de-Julio.jpg\" \/>\n\t<meta property=\"og:image:width\" content=\"690\" \/>\n\t<meta property=\"og:image:height\" content=\"319\" \/>\n\t<meta property=\"og:image:type\" content=\"image\/jpeg\" \/>\n<meta name=\"author\" content=\"Gente de B\u00e1squet\" \/>\n<meta name=\"twitter:card\" content=\"summary_large_image\" \/>\n<meta name=\"twitter:label1\" content=\"Escrito por\" \/>\n\t<meta name=\"twitter:data1\" content=\"Gente de B\u00e1squet\" \/>\n\t<meta name=\"twitter:label2\" content=\"Tiempo de lectura\" \/>\n\t<meta name=\"twitter:data2\" content=\"3 minutos\" \/>\n<script type=\"application\/ld+json\" class=\"yoast-schema-graph\">{\"@context\":\"https:\\\/\\\/schema.org\",\"@graph\":[{\"@type\":\"Article\",\"@id\":\"http:\\\/\\\/gentedebasquet.com.ar\\\/sitio\\\/2016\\\/11\\\/15\\\/zona-de-impacto\\\/#article\",\"isPartOf\":{\"@id\":\"http:\\\/\\\/gentedebasquet.com.ar\\\/sitio\\\/2016\\\/11\\\/15\\\/zona-de-impacto\\\/\"},\"author\":{\"name\":\"Gente de B\u00e1squet\",\"@id\":\"https:\\\/\\\/gentedebasquet.com.ar\\\/sitio\\\/#\\\/schema\\\/person\\\/ca0b63bbb977369988a7bbbdc519943a\"},\"headline\":\"Zona de impacto\",\"datePublished\":\"2016-11-16T02:34:41+00:00\",\"mainEntityOfPage\":{\"@id\":\"http:\\\/\\\/gentedebasquet.com.ar\\\/sitio\\\/2016\\\/11\\\/15\\\/zona-de-impacto\\\/\"},\"wordCount\":684,\"image\":{\"@id\":\"http:\\\/\\\/gentedebasquet.com.ar\\\/sitio\\\/2016\\\/11\\\/15\\\/zona-de-impacto\\\/#primaryimage\"},\"thumbnailUrl\":\"http:\\\/\\\/gentedebasquet.com.ar\\\/sitio\\\/wp-content\\\/uploads\\\/2016\\\/11\\\/Carci-Barracas-9-de-Julio.jpg\",\"keywords\":[\"9 de Julio\",\"Barracas Central\",\"C\u00e9sar Massa\",\"Dami\u00e1n Carci\",\"Gonzalo Badano\",\"Mariano Trellini\",\"Sebasti\u00e1n Mart\u00ednez\"],\"articleSection\":[\"Segunda\",\"Slide\"],\"inLanguage\":\"es\"},{\"@type\":\"WebPage\",\"@id\":\"http:\\\/\\\/gentedebasquet.com.ar\\\/sitio\\\/2016\\\/11\\\/15\\\/zona-de-impacto\\\/\",\"url\":\"http:\\\/\\\/gentedebasquet.com.ar\\\/sitio\\\/2016\\\/11\\\/15\\\/zona-de-impacto\\\/\",\"name\":\"Zona de impacto - Gente de B\u00e1squet\",\"isPartOf\":{\"@id\":\"https:\\\/\\\/gentedebasquet.com.ar\\\/sitio\\\/#website\"},\"primaryImageOfPage\":{\"@id\":\"http:\\\/\\\/gentedebasquet.com.ar\\\/sitio\\\/2016\\\/11\\\/15\\\/zona-de-impacto\\\/#primaryimage\"},\"image\":{\"@id\":\"http:\\\/\\\/gentedebasquet.com.ar\\\/sitio\\\/2016\\\/11\\\/15\\\/zona-de-impacto\\\/#primaryimage\"},\"thumbnailUrl\":\"http:\\\/\\\/gentedebasquet.com.ar\\\/sitio\\\/wp-content\\\/uploads\\\/2016\\\/11\\\/Carci-Barracas-9-de-Julio.jpg\",\"datePublished\":\"2016-11-16T02:34:41+00:00\",\"author\":{\"@id\":\"https:\\\/\\\/gentedebasquet.com.ar\\\/sitio\\\/#\\\/schema\\\/person\\\/ca0b63bbb977369988a7bbbdc519943a\"},\"breadcrumb\":{\"@id\":\"http:\\\/\\\/gentedebasquet.com.ar\\\/sitio\\\/2016\\\/11\\\/15\\\/zona-de-impacto\\\/#breadcrumb\"},\"inLanguage\":\"es\",\"potentialAction\":[{\"@type\":\"ReadAction\",\"target\":[\"http:\\\/\\\/gentedebasquet.com.ar\\\/sitio\\\/2016\\\/11\\\/15\\\/zona-de-impacto\\\/\"]}]},{\"@type\":\"ImageObject\",\"inLanguage\":\"es\",\"@id\":\"http:\\\/\\\/gentedebasquet.com.ar\\\/sitio\\\/2016\\\/11\\\/15\\\/zona-de-impacto\\\/#primaryimage\",\"url\":\"http:\\\/\\\/gentedebasquet.com.ar\\\/sitio\\\/wp-content\\\/uploads\\\/2016\\\/11\\\/Carci-Barracas-9-de-Julio.jpg\",\"contentUrl\":\"http:\\\/\\\/gentedebasquet.com.ar\\\/sitio\\\/wp-content\\\/uploads\\\/2016\\\/11\\\/Carci-Barracas-9-de-Julio.jpg\",\"width\":690,\"height\":319},{\"@type\":\"BreadcrumbList\",\"@id\":\"http:\\\/\\\/gentedebasquet.com.ar\\\/sitio\\\/2016\\\/11\\\/15\\\/zona-de-impacto\\\/#breadcrumb\",\"itemListElement\":[{\"@type\":\"ListItem\",\"position\":1,\"name\":\"Portada\",\"item\":\"https:\\\/\\\/gentedebasquet.com.ar\\\/sitio\\\/\"},{\"@type\":\"ListItem\",\"position\":2,\"name\":\"Zona de impacto\"}]},{\"@type\":\"WebSite\",\"@id\":\"https:\\\/\\\/gentedebasquet.com.ar\\\/sitio\\\/#website\",\"url\":\"https:\\\/\\\/gentedebasquet.com.ar\\\/sitio\\\/\",\"name\":\"Gente de B\u00e1squet\",\"description\":\"La revista del basquet de Bah\u00eda Blanca\",\"potentialAction\":[{\"@type\":\"SearchAction\",\"target\":{\"@type\":\"EntryPoint\",\"urlTemplate\":\"https:\\\/\\\/gentedebasquet.com.ar\\\/sitio\\\/?s={search_term_string}\"},\"query-input\":{\"@type\":\"PropertyValueSpecification\",\"valueRequired\":true,\"valueName\":\"search_term_string\"}}],\"inLanguage\":\"es\"},{\"@type\":\"Person\",\"@id\":\"https:\\\/\\\/gentedebasquet.com.ar\\\/sitio\\\/#\\\/schema\\\/person\\\/ca0b63bbb977369988a7bbbdc519943a\",\"name\":\"Gente de B\u00e1squet\",\"image\":{\"@type\":\"ImageObject\",\"inLanguage\":\"es\",\"@id\":\"https:\\\/\\\/secure.gravatar.com\\\/avatar\\\/7f2c48bdc33b30088f941fb6082e555f2874c98e20cb159d7b92b50eadfce793?s=96&d=mm&r=g\",\"url\":\"https:\\\/\\\/secure.gravatar.com\\\/avatar\\\/7f2c48bdc33b30088f941fb6082e555f2874c98e20cb159d7b92b50eadfce793?s=96&d=mm&r=g\",\"contentUrl\":\"https:\\\/\\\/secure.gravatar.com\\\/avatar\\\/7f2c48bdc33b30088f941fb6082e555f2874c98e20cb159d7b92b50eadfce793?s=96&d=mm&r=g\",\"caption\":\"Gente de B\u00e1squet\"},\"sameAs\":[\"http:\\\/\\\/gentedebasquet.com.ar\\\/sitio\"],\"url\":\"http:\\\/\\\/gentedebasquet.com.ar\\\/sitio\\\/author\\\/ulises\\\/\"}]}<\/script>\n<!-- \/ Yoast SEO plugin. -->","yoast_head_json":{"title":"Zona de impacto - Gente de B\u00e1squet","robots":{"index":"index","follow":"follow","max-snippet":"max-snippet:-1","max-image-preview":"max-image-preview:large","max-video-preview":"max-video-preview:-1"},"canonical":"http:\/\/gentedebasquet.com.ar\/sitio\/2016\/11\/15\/zona-de-impacto\/","og_locale":"es_ES","og_type":"article","og_title":"Zona de impacto - Gente de B\u00e1squet","og_description":"Barracas cambi\u00f3 a tiempo, venci\u00f3 a 9 de Julio 82-63 y quedo a un paso del ascenso","og_url":"http:\/\/gentedebasquet.com.ar\/sitio\/2016\/11\/15\/zona-de-impacto\/","og_site_name":"Gente de B\u00e1squet","article_published_time":"2016-11-16T02:34:41+00:00","og_image":[{"width":690,"height":319,"url":"http:\/\/gentedebasquet.com.ar\/sitio\/wp-content\/uploads\/2016\/11\/Carci-Barracas-9-de-Julio.jpg","type":"image\/jpeg"}],"author":"Gente de B\u00e1squet","twitter_card":"summary_large_image","twitter_misc":{"Escrito por":"Gente de B\u00e1squet","Tiempo de lectura":"3 minutos"},"schema":{"@context":"https:\/\/schema.org","@graph":[{"@type":"Article","@id":"http:\/\/gentedebasquet.com.ar\/sitio\/2016\/11\/15\/zona-de-impacto\/#article","isPartOf":{"@id":"http:\/\/gentedebasquet.com.ar\/sitio\/2016\/11\/15\/zona-de-impacto\/"},"author":{"name":"Gente de B\u00e1squet","@id":"https:\/\/gentedebasquet.com.ar\/sitio\/#\/schema\/person\/ca0b63bbb977369988a7bbbdc519943a"},"headline":"Zona de impacto","datePublished":"2016-11-16T02:34:41+00:00","mainEntityOfPage":{"@id":"http:\/\/gentedebasquet.com.ar\/sitio\/2016\/11\/15\/zona-de-impacto\/"},"wordCount":684,"image":{"@id":"http:\/\/gentedebasquet.com.ar\/sitio\/2016\/11\/15\/zona-de-impacto\/#primaryimage"},"thumbnailUrl":"http:\/\/gentedebasquet.com.ar\/sitio\/wp-content\/uploads\/2016\/11\/Carci-Barracas-9-de-Julio.jpg","keywords":["9 de Julio","Barracas Central","C\u00e9sar Massa","Dami\u00e1n Carci","Gonzalo Badano","Mariano Trellini","Sebasti\u00e1n Mart\u00ednez"],"articleSection":["Segunda","Slide"],"inLanguage":"es"},{"@type":"WebPage","@id":"http:\/\/gentedebasquet.com.ar\/sitio\/2016\/11\/15\/zona-de-impacto\/","url":"http:\/\/gentedebasquet.com.ar\/sitio\/2016\/11\/15\/zona-de-impacto\/","name":"Zona de impacto - Gente de B\u00e1squet","isPartOf":{"@id":"https:\/\/gentedebasquet.com.ar\/sitio\/#website"},"primaryImageOfPage":{"@id":"http:\/\/gentedebasquet.com.ar\/sitio\/2016\/11\/15\/zona-de-impacto\/#primaryimage"},"image":{"@id":"http:\/\/gentedebasquet.com.ar\/sitio\/2016\/11\/15\/zona-de-impacto\/#primaryimage"},"thumbnailUrl":"http:\/\/gentedebasquet.com.ar\/sitio\/wp-content\/uploads\/2016\/11\/Carci-Barracas-9-de-Julio.jpg","datePublished":"2016-11-16T02:34:41+00:00","author":{"@id":"https:\/\/gentedebasquet.com.ar\/sitio\/#\/schema\/person\/ca0b63bbb977369988a7bbbdc519943a"},"breadcrumb":{"@id":"http:\/\/gentedebasquet.com.ar\/sitio\/2016\/11\/15\/zona-de-impacto\/#breadcrumb"},"inLanguage":"es","potentialAction":[{"@type":"ReadAction","target":["http:\/\/gentedebasquet.com.ar\/sitio\/2016\/11\/15\/zona-de-impacto\/"]}]},{"@type":"ImageObject","inLanguage":"es","@id":"http:\/\/gentedebasquet.com.ar\/sitio\/2016\/11\/15\/zona-de-impacto\/#primaryimage","url":"http:\/\/gentedebasquet.com.ar\/sitio\/wp-content\/uploads\/2016\/11\/Carci-Barracas-9-de-Julio.jpg","contentUrl":"http:\/\/gentedebasquet.com.ar\/sitio\/wp-content\/uploads\/2016\/11\/Carci-Barracas-9-de-Julio.jpg","width":690,"height":319},{"@type":"BreadcrumbList","@id":"http:\/\/gentedebasquet.com.ar\/sitio\/2016\/11\/15\/zona-de-impacto\/#breadcrumb","itemListElement":[{"@type":"ListItem","position":1,"name":"Portada","item":"https:\/\/gentedebasquet.com.ar\/sitio\/"},{"@type":"ListItem","position":2,"name":"Zona de impacto"}]},{"@type":"WebSite","@id":"https:\/\/gentedebasquet.com.ar\/sitio\/#website","url":"https:\/\/gentedebasquet.com.ar\/sitio\/","name":"Gente de B\u00e1squet","description":"La revista del basquet de Bah\u00eda Blanca","potentialAction":[{"@type":"SearchAction","target":{"@type":"EntryPoint","urlTemplate":"https:\/\/gentedebasquet.com.ar\/sitio\/?s={search_term_string}"},"query-input":{"@type":"PropertyValueSpecification","valueRequired":true,"valueName":"search_term_string"}}],"inLanguage":"es"},{"@type":"Person","@id":"https:\/\/gentedebasquet.com.ar\/sitio\/#\/schema\/person\/ca0b63bbb977369988a7bbbdc519943a","name":"Gente de B\u00e1squet","image":{"@type":"ImageObject","inLanguage":"es","@id":"https:\/\/secure.gravatar.com\/avatar\/7f2c48bdc33b30088f941fb6082e555f2874c98e20cb159d7b92b50eadfce793?s=96&d=mm&r=g","url":"https:\/\/secure.gravatar.com\/avatar\/7f2c48bdc33b30088f941fb6082e555f2874c98e20cb159d7b92b50eadfce793?s=96&d=mm&r=g","contentUrl":"https:\/\/secure.gravatar.com\/avatar\/7f2c48bdc33b30088f941fb6082e555f2874c98e20cb159d7b92b50eadfce793?s=96&d=mm&r=g","caption":"Gente de B\u00e1squet"},"sameAs":["http:\/\/gentedebasquet.com.ar\/sitio"],"url":"http:\/\/gentedebasquet.com.ar\/sitio\/author\/ulises\/"}]}},"_links":{"self":[{"href":"http:\/\/gentedebasquet.com.ar\/sitio\/wp-json\/wp\/v2\/posts\/66917","targetHints":{"allow":["GET"]}}],"collection":[{"href":"http:\/\/gentedebasquet.com.ar\/sitio\/wp-json\/wp\/v2\/posts"}],"about":[{"href":"http:\/\/gentedebasquet.com.ar\/sitio\/wp-json\/wp\/v2\/types\/post"}],"author":[{"embeddable":true,"href":"http:\/\/gentedebasquet.com.ar\/sitio\/wp-json\/wp\/v2\/users\/1"}],"replies":[{"embeddable":true,"href":"http:\/\/gentedebasquet.com.ar\/sitio\/wp-json\/wp\/v2\/comments?post=66917"}],"version-history":[{"count":0,"href":"http:\/\/gentedebasquet.com.ar\/sitio\/wp-json\/wp\/v2\/posts\/66917\/revisions"}],"wp:featuredmedia":[{"embeddable":true,"href":"http:\/\/gentedebasquet.com.ar\/sitio\/wp-json\/wp\/v2\/media\/66919"}],"wp:attachment":[{"href":"http:\/\/gentedebasquet.com.ar\/sitio\/wp-json\/wp\/v2\/media?parent=66917"}],"wp:term":[{"taxonomy":"category","embeddable":true,"href":"http:\/\/gentedebasquet.com.ar\/sitio\/wp-json\/wp\/v2\/categories?post=66917"},{"taxonomy":"post_tag","embeddable":true,"href":"http:\/\/gentedebasquet.com.ar\/sitio\/wp-json\/wp\/v2\/tags?post=66917"}],"curies":[{"name":"wp","href":"https:\/\/api.w.org\/{rel}","templated":true}]}}