{"id":6699,"date":"2012-09-22T02:08:11","date_gmt":"2012-09-22T02:08:11","guid":{"rendered":"http:\/\/www.gentedebasquet.com.ar\/?p=6699"},"modified":"2012-09-22T02:08:11","modified_gmt":"2012-09-22T02:08:11","slug":"penarol-fue-mas-que-bahiense","status":"publish","type":"post","link":"http:\/\/gentedebasquet.com.ar\/sitio\/2012\/09\/22\/penarol-fue-mas-que-bahiense\/","title":{"rendered":"Pe\u00f1arol fue m\u00e1s que Bahiense"},"content":{"rendered":"<p><strong><em><a href=\"http:\/\/www.gentedebasquet.com.ar\/wp-content\/uploads\/2012\/09\/100_2878.jpg\"><img decoding=\"async\" class=\"alignnone size-full wp-image-6700\" src=\"http:\/\/www.gentedebasquet.com.ar\/wp-content\/uploads\/2012\/09\/100_2878.jpg\" alt=\"\" width=\"448\" height=\"336\" \/><\/a>Pe\u00f1arol de Mar del Plata derrot\u00f3 en el \u201cManu\u201d Gin\u00f3bili a Bahiense del Norte por 75 a 54 en el comienzo del cuadrangular por el Torneo Argentino Sub 19. El goleador del partido fue Andr\u00e9s Mateo con 21 puntos y 10 rebotes, seguido por Pablo Alderete con 18 y 16 recobres. En el local no alcanzaron los 19 tantos de Joaqu\u00edn Bu\u00f1o. En primer turno Boca derrot\u00f3 a Lan\u00fas 84-74.<\/em><\/strong><\/p>\n<p><!--more--><\/p>\n<p>El primer cuarto comenz\u00f3 con Bahiense anotando un r\u00e1pido parcial de 6-2 con dos triples de Mat\u00edas Jaimes. Pe\u00f1arol se recuper\u00f3 y empat\u00f3 pero un nuevo parcial de 7-2 en favor de los de Navallo, ampli\u00f3 la ventaja. Pe\u00f1arol se acerc\u00f3 a tres puntos pero Bahiense mantuvo la ventaja que lo llevar\u00eda a cerrar el per\u00edodo, ganado 17 a 14.<\/p>\n<p>En el segundo cuarto, Pe\u00f1arol sali\u00f3 decidido a ganar. Lo empat\u00f3 a trav\u00e9s de un tiro libre de Alderete y un doble de Gim\u00e9nez y lo pas\u00f3 a ganar por 7 con un triple de Giorgetti incluido para cerrar un parcial de 10-1. Bahiense intent\u00f3 recuperarse y se puso a tres logrando empatarlo con un triple clave de Spikerman. Bu\u00f1o coloc\u00f3 al local en ventaja con dos tiros desde la l\u00ednea y Bahiense fue al press en toda la cancha. Sin embargo, Alderete volvi\u00f3 a convertir y y puso uno arriba a la visita, ventaja que Morales ampliar\u00eda con un triple. As\u00ed, si bien Bahiense intent\u00f3 acercarse, no logr\u00f3 hacerlo y Alderete cerr\u00f3 el cuarto 38 a 31 en favor de los marplatenses.<\/p>\n<p>El tercer cuarto comenz\u00f3 con un nuevo triple de Morales que estir\u00f3 la ventaja a diez. Gim\u00e9nez consigui\u00f3 el doble y la falta y puso el marcador 31-44. Bahiense se acerc\u00f3 y baj\u00f3 la diferencia a nueve. Sin embargo, la visita se hizo fuerte y volvi\u00f3 a mantener los 10 de ventaja que solo ser\u00edan contrarrestados por dos dobles de Bu\u00f1o que de nada alcanzar\u00eda cuando Alderete cerrara el per\u00edodo 53 a 43 favorable a Pe\u00f1arol.<\/p>\n<p>El \u00faltimo cuarto fue de relleno. Bahiense se desorden\u00f3 y Pe\u00f1arol jug\u00f3 como quiso. Estableci\u00f3 un r\u00e1pido parcial de 6-0 para que el marcador fuera 43-59. Eidelson descont\u00f3 con un triple pero la diferencia no se mover\u00eda, sino que por el contrario, se ampliar\u00eda. Con Mateo, Alderete y Ciganek, Pe\u00f1arol se hizo fuerte en el poste bajo y desde la l\u00ednea. Solamente Jaimes y Bu\u00f1o intentaron descontar pero ya no cambiar\u00edan el resultado que indic\u00f3 la victoria en el debut de Pe\u00f1arol por sobre Bahiense del Norte por 75 a 54.<\/p>\n<p><span style=\"text-decoration: underline;\"><strong><em>S\u00edntesis:<\/em><\/strong><\/span><\/p>\n<p><strong>Bahiense del Norte (54)<\/strong>:<\/p>\n<p>Iniciales: Jaimes, Mat\u00edas (10); Fern\u00e1ndez, Luciano (0); Eidelson, Danilo (10); Spikerman, Gonzalo (12); Bu\u00f1o, Joaqu\u00edn (19).<\/p>\n<p>Ingresaron: Bazani, Franco (2); De Pastena, Juan Ignacio (0); Barbero, Andr\u00e9s (0); Dubanced, Juan (1); Svetliza, Kevin (0); Silva, Esteban (0).<\/p>\n<p>DT: Navallo, Alejandro<\/p>\n<p><strong>Pe\u00f1arol (75)<\/strong>:<\/p>\n<p>Iniciales: Castellani, Lucio (0); Mateo, Andr\u00e9s (21); Alderete, Pablo (18); Ciganek, Ramiro (9); Gim\u00e9nez, Nicol\u00e1s (11)<\/p>\n<p>Ingresaron: Giorgetti, Santiago (5); Morales, Juli\u00e1n (9); Monacchi, Pedro (2)<\/p>\n<p>DT: Bonfiglio, Jos\u00e9<\/p>\n<p><strong>Parciales<\/strong>: 17-14; 31-38; 43-53<\/p>\n<p><strong>Doble antideportiva:<\/strong> Bazani, Franco (Bahiense)<\/p>\n<p><strong>\u00c1rbitros<\/strong>: Boelaert, Federico (San Nicol\u00e1s) \u2013 Barbich, Ariel (Rosario)<\/p>\n<p><strong>Estadio:<\/strong> \u00abManu\u00bb Gin\u00f3bili.<\/p>\n<p><a class=\"modalf iframe\" title=\"Planilla\" href=\"https:\/\/docs.google.com\/spreadsheet\/pub?key=0AmQ4w9i2HKVQdEFWWURTZkhjVW1DUzZaX3BodU1Ua3c&amp;single=true&amp;gid=0&amp;output=html\">Ver Planilla<\/a><\/p>\n<p>&nbsp;<\/p>\n<h1><a href=\"http:\/\/www.gentedebasquet.com.ar\/wp-content\/uploads\/2012\/09\/Funes-vs-Lan\u00fas.jpg\"><img decoding=\"async\" class=\"alignnone size-full wp-image-6706\" title=\"Funes vs Lan\u00fas\" src=\"http:\/\/www.gentedebasquet.com.ar\/wp-content\/uploads\/2012\/09\/Funes-vs-Lan\u00fas.jpg\" alt=\"\" width=\"448\" height=\"336\" \/><\/a><\/h1>\n<p><em><strong>En primer turno, Boca Juniors derrot\u00f3 con comodidad 84 a 74 a Lan\u00fas. El equipo de Ronaldo C\u00f3rdoba siempre estuvo arriba en el marcador, con Facundo Vallejos (23) y Mat\u00edas Rodr\u00edguez (16) como goleadores. En el Granate se destacaron Guido Mariani y Marcelo Rodr\u00edguez, autor de 17 unidades cada uno.<\/strong><\/em><\/p>\n<p>Por<strong> Mauro Gustavo Giovannini<\/strong><\/p>\n<p><span style=\"text-decoration: underline;\"><strong><em>S\u00edntesis:<\/em><\/strong><\/span><\/p>\n<p><strong>Boca Juniors (84)<\/strong>:<\/p>\n<p>Iniciales: Facundo L\u00f3pez (16), Mat\u00edas Schoffen (12), Lucas Gargallo (2), Facundo Vallejos (23)\u00a0y Mat\u00edas Rodr\u00edguez (16).<\/p>\n<p>Ingresaron: Rodrigo Funes (15), Pablo Da Silva (0), Federico Barraza (0), Stephan Calandra (0) y Ra\u00fal Pelorosso (0).<\/p>\n<p>DT: Ronaldo C\u00f3rdoba.<\/p>\n<p><strong>Lan\u00fas (74)<\/strong>:<\/p>\n<p>Iniciales: Tom\u00e1s Malvestiti (2), Shawn Anderson (7), Guido Mariani (17), Marcelo Rodr\u00edguez (17) y Erik Budzisch (4).<\/p>\n<p>Ingresaron: Mat\u00edas N\u00fa\u00f1ez (13), Lautaro Padilla (3) y Mauro Zabala (11).<\/p>\n<p>DT: Juan Manuel Nardini.<\/p>\n<p><strong>Parciales<\/strong>: 21-16, 50-36, 68-54 y 84-74.<\/p>\n<p><strong>Cinco faltas:\u00a0<\/strong>nadie lleg\u00f3 al l\u00edmite.<\/p>\n<p><strong>\u00c1rbitros<\/strong>: Mart\u00edn Ib\u00e1\u00f1ez y Sergio Fierro.<\/p>\n<p><strong>Estadio:<\/strong>\u00a0\u00abManu\u00bb Gin\u00f3bili.<\/p>\n<p><a class=\"modalf iframe\" title=\"Planilla\" href=\"https:\/\/docs.google.com\/spreadsheet\/pub?key=0AhWH6MgjN9X5dFlveWUteG04Z0h0ZHZqWHJ1UExpcXc&amp;single=true&amp;gid=0&amp;output=html\">Ver Planilla<\/a><\/p>\n<p>&nbsp;<\/p>\n<p><strong>2da Jornada, s\u00e1bado 22 de septiembre<\/strong><br \/>\n17.00 hs Club Atl. Pe\u00f1arol (Mar del Plata) vs Club Atl\u00e9tico Boca Juniors (CABA)<br \/>\n19.00 hs Bahiense del Norte (Bah\u00eda Blanca) vs Club Atl\u00e9tico Lan\u00fas (Lan\u00fas)<\/p>\n<p><strong>3ra Jornada, domingo 23 de septiembre<\/strong><br \/>\n10.00 hs Club Atl\u00e9tico Lan\u00fas (Lan\u00fas) vs Pe\u00f1arol (Mar del Plata)<br \/>\n11.45 hs Bahiense del Norte (Bah\u00eda Blanca) vs Boca Juniors (CABA)<\/p>\n","protected":false},"excerpt":{"rendered":"<p>Pe\u00f1arol de Mar del Plata derrot\u00f3 en el \u201cManu\u201d Gin\u00f3bili a Bahiense del Norte por 75 a 54 en el comienzo del cuadrangular por el Torneo Argentino Sub 19. El goleador del partido fue Andr\u00e9s Mateo con 21 puntos y 10 rebotes, seguido por Pablo Alderete con 18 y 16 recobres. En el local no [&hellip;]<\/p>\n","protected":false},"author":10,"featured_media":0,"comment_status":"open","ping_status":"open","sticky":false,"template":"","format":"standard","meta":{"jnews-multi-image_gallery":[],"jnews_single_post":[],"jnews_primary_category":[],"footnotes":""},"categories":[26],"tags":[5],"class_list":["post-6699","post","type-post","status-publish","format-standard","hentry","category-u19","tag-bahiense-del-norte"],"yoast_head":"<!-- This site is optimized with the Yoast SEO plugin v27.5 - https:\/\/yoast.com\/product\/yoast-seo-wordpress\/ -->\n<title>Pe\u00f1arol fue m\u00e1s que Bahiense - Gente de B\u00e1squet<\/title>\n<meta name=\"robots\" content=\"index, follow, max-snippet:-1, max-image-preview:large, max-video-preview:-1\" \/>\n<link rel=\"canonical\" href=\"http:\/\/gentedebasquet.com.ar\/sitio\/2012\/09\/22\/penarol-fue-mas-que-bahiense\/\" \/>\n<meta property=\"og:locale\" content=\"es_ES\" \/>\n<meta property=\"og:type\" content=\"article\" \/>\n<meta property=\"og:title\" content=\"Pe\u00f1arol fue m\u00e1s que Bahiense - Gente de B\u00e1squet\" \/>\n<meta property=\"og:description\" content=\"Pe\u00f1arol de Mar del Plata derrot\u00f3 en el \u201cManu\u201d Gin\u00f3bili a Bahiense del Norte por 75 a 54 en el comienzo del cuadrangular por el Torneo Argentino Sub 19. El goleador del partido fue Andr\u00e9s Mateo con 21 puntos y 10 rebotes, seguido por Pablo Alderete con 18 y 16 recobres. En el local no [&hellip;]\" \/>\n<meta property=\"og:url\" content=\"http:\/\/gentedebasquet.com.ar\/sitio\/2012\/09\/22\/penarol-fue-mas-que-bahiense\/\" \/>\n<meta property=\"og:site_name\" content=\"Gente de B\u00e1squet\" \/>\n<meta property=\"article:published_time\" content=\"2012-09-22T02:08:11+00:00\" \/>\n<meta property=\"og:image\" content=\"http:\/\/www.gentedebasquet.com.ar\/wp-content\/uploads\/2012\/09\/100_2878.jpg\" \/>\n<meta name=\"author\" content=\"Emiliano Roza\" \/>\n<meta name=\"twitter:card\" content=\"summary_large_image\" \/>\n<meta name=\"twitter:label1\" content=\"Escrito por\" \/>\n\t<meta name=\"twitter:data1\" content=\"Emiliano Roza\" \/>\n\t<meta name=\"twitter:label2\" content=\"Tiempo de lectura\" \/>\n\t<meta name=\"twitter:data2\" content=\"4 minutos\" \/>\n<script type=\"application\/ld+json\" class=\"yoast-schema-graph\">{\"@context\":\"https:\\\/\\\/schema.org\",\"@graph\":[{\"@type\":\"Article\",\"@id\":\"http:\\\/\\\/gentedebasquet.com.ar\\\/sitio\\\/2012\\\/09\\\/22\\\/penarol-fue-mas-que-bahiense\\\/#article\",\"isPartOf\":{\"@id\":\"http:\\\/\\\/gentedebasquet.com.ar\\\/sitio\\\/2012\\\/09\\\/22\\\/penarol-fue-mas-que-bahiense\\\/\"},\"author\":{\"name\":\"Emiliano Roza\",\"@id\":\"http:\\\/\\\/gentedebasquet.com.ar\\\/sitio\\\/#\\\/schema\\\/person\\\/745db2a44dc7729cfc1c6faaa16d895b\"},\"headline\":\"Pe\u00f1arol fue m\u00e1s que Bahiense\",\"datePublished\":\"2012-09-22T02:08:11+00:00\",\"mainEntityOfPage\":{\"@id\":\"http:\\\/\\\/gentedebasquet.com.ar\\\/sitio\\\/2012\\\/09\\\/22\\\/penarol-fue-mas-que-bahiense\\\/\"},\"wordCount\":749,\"commentCount\":0,\"image\":{\"@id\":\"http:\\\/\\\/gentedebasquet.com.ar\\\/sitio\\\/2012\\\/09\\\/22\\\/penarol-fue-mas-que-bahiense\\\/#primaryimage\"},\"thumbnailUrl\":\"http:\\\/\\\/www.gentedebasquet.com.ar\\\/wp-content\\\/uploads\\\/2012\\\/09\\\/100_2878.jpg\",\"keywords\":[\"Bahiense Del Norte\"],\"articleSection\":[\"U19\"],\"inLanguage\":\"es\",\"potentialAction\":[{\"@type\":\"CommentAction\",\"name\":\"Comment\",\"target\":[\"http:\\\/\\\/gentedebasquet.com.ar\\\/sitio\\\/2012\\\/09\\\/22\\\/penarol-fue-mas-que-bahiense\\\/#respond\"]}]},{\"@type\":\"WebPage\",\"@id\":\"http:\\\/\\\/gentedebasquet.com.ar\\\/sitio\\\/2012\\\/09\\\/22\\\/penarol-fue-mas-que-bahiense\\\/\",\"url\":\"http:\\\/\\\/gentedebasquet.com.ar\\\/sitio\\\/2012\\\/09\\\/22\\\/penarol-fue-mas-que-bahiense\\\/\",\"name\":\"Pe\u00f1arol fue m\u00e1s que Bahiense - Gente de B\u00e1squet\",\"isPartOf\":{\"@id\":\"http:\\\/\\\/gentedebasquet.com.ar\\\/sitio\\\/#website\"},\"primaryImageOfPage\":{\"@id\":\"http:\\\/\\\/gentedebasquet.com.ar\\\/sitio\\\/2012\\\/09\\\/22\\\/penarol-fue-mas-que-bahiense\\\/#primaryimage\"},\"image\":{\"@id\":\"http:\\\/\\\/gentedebasquet.com.ar\\\/sitio\\\/2012\\\/09\\\/22\\\/penarol-fue-mas-que-bahiense\\\/#primaryimage\"},\"thumbnailUrl\":\"http:\\\/\\\/www.gentedebasquet.com.ar\\\/wp-content\\\/uploads\\\/2012\\\/09\\\/100_2878.jpg\",\"datePublished\":\"2012-09-22T02:08:11+00:00\",\"author\":{\"@id\":\"http:\\\/\\\/gentedebasquet.com.ar\\\/sitio\\\/#\\\/schema\\\/person\\\/745db2a44dc7729cfc1c6faaa16d895b\"},\"breadcrumb\":{\"@id\":\"http:\\\/\\\/gentedebasquet.com.ar\\\/sitio\\\/2012\\\/09\\\/22\\\/penarol-fue-mas-que-bahiense\\\/#breadcrumb\"},\"inLanguage\":\"es\",\"potentialAction\":[{\"@type\":\"ReadAction\",\"target\":[\"http:\\\/\\\/gentedebasquet.com.ar\\\/sitio\\\/2012\\\/09\\\/22\\\/penarol-fue-mas-que-bahiense\\\/\"]}]},{\"@type\":\"ImageObject\",\"inLanguage\":\"es\",\"@id\":\"http:\\\/\\\/gentedebasquet.com.ar\\\/sitio\\\/2012\\\/09\\\/22\\\/penarol-fue-mas-que-bahiense\\\/#primaryimage\",\"url\":\"http:\\\/\\\/www.gentedebasquet.com.ar\\\/wp-content\\\/uploads\\\/2012\\\/09\\\/100_2878.jpg\",\"contentUrl\":\"http:\\\/\\\/www.gentedebasquet.com.ar\\\/wp-content\\\/uploads\\\/2012\\\/09\\\/100_2878.jpg\"},{\"@type\":\"BreadcrumbList\",\"@id\":\"http:\\\/\\\/gentedebasquet.com.ar\\\/sitio\\\/2012\\\/09\\\/22\\\/penarol-fue-mas-que-bahiense\\\/#breadcrumb\",\"itemListElement\":[{\"@type\":\"ListItem\",\"position\":1,\"name\":\"Portada\",\"item\":\"http:\\\/\\\/gentedebasquet.com.ar\\\/sitio\\\/\"},{\"@type\":\"ListItem\",\"position\":2,\"name\":\"Pe\u00f1arol fue m\u00e1s que Bahiense\"}]},{\"@type\":\"WebSite\",\"@id\":\"http:\\\/\\\/gentedebasquet.com.ar\\\/sitio\\\/#website\",\"url\":\"http:\\\/\\\/gentedebasquet.com.ar\\\/sitio\\\/\",\"name\":\"Gente de B\u00e1squet\",\"description\":\"La revista del basquet de Bah\u00eda Blanca\",\"potentialAction\":[{\"@type\":\"SearchAction\",\"target\":{\"@type\":\"EntryPoint\",\"urlTemplate\":\"http:\\\/\\\/gentedebasquet.com.ar\\\/sitio\\\/?s={search_term_string}\"},\"query-input\":{\"@type\":\"PropertyValueSpecification\",\"valueRequired\":true,\"valueName\":\"search_term_string\"}}],\"inLanguage\":\"es\"},{\"@type\":\"Person\",\"@id\":\"http:\\\/\\\/gentedebasquet.com.ar\\\/sitio\\\/#\\\/schema\\\/person\\\/745db2a44dc7729cfc1c6faaa16d895b\",\"name\":\"Emiliano Roza\",\"image\":{\"@type\":\"ImageObject\",\"inLanguage\":\"es\",\"@id\":\"https:\\\/\\\/secure.gravatar.com\\\/avatar\\\/04256ceef48211167df8402e69580be023beb74ca857078daaf21e35d6076e03?s=96&d=mm&r=g\",\"url\":\"https:\\\/\\\/secure.gravatar.com\\\/avatar\\\/04256ceef48211167df8402e69580be023beb74ca857078daaf21e35d6076e03?s=96&d=mm&r=g\",\"contentUrl\":\"https:\\\/\\\/secure.gravatar.com\\\/avatar\\\/04256ceef48211167df8402e69580be023beb74ca857078daaf21e35d6076e03?s=96&d=mm&r=g\",\"caption\":\"Emiliano Roza\"},\"url\":\"http:\\\/\\\/gentedebasquet.com.ar\\\/sitio\\\/author\\\/emilianor\\\/\"}]}<\/script>\n<!-- \/ Yoast SEO plugin. -->","yoast_head_json":{"title":"Pe\u00f1arol fue m\u00e1s que Bahiense - Gente de B\u00e1squet","robots":{"index":"index","follow":"follow","max-snippet":"max-snippet:-1","max-image-preview":"max-image-preview:large","max-video-preview":"max-video-preview:-1"},"canonical":"http:\/\/gentedebasquet.com.ar\/sitio\/2012\/09\/22\/penarol-fue-mas-que-bahiense\/","og_locale":"es_ES","og_type":"article","og_title":"Pe\u00f1arol fue m\u00e1s que Bahiense - Gente de B\u00e1squet","og_description":"Pe\u00f1arol de Mar del Plata derrot\u00f3 en el \u201cManu\u201d Gin\u00f3bili a Bahiense del Norte por 75 a 54 en el comienzo del cuadrangular por el Torneo Argentino Sub 19. El goleador del partido fue Andr\u00e9s Mateo con 21 puntos y 10 rebotes, seguido por Pablo Alderete con 18 y 16 recobres. En el local no [&hellip;]","og_url":"http:\/\/gentedebasquet.com.ar\/sitio\/2012\/09\/22\/penarol-fue-mas-que-bahiense\/","og_site_name":"Gente de B\u00e1squet","article_published_time":"2012-09-22T02:08:11+00:00","og_image":[{"url":"http:\/\/www.gentedebasquet.com.ar\/wp-content\/uploads\/2012\/09\/100_2878.jpg","type":"","width":"","height":""}],"author":"Emiliano Roza","twitter_card":"summary_large_image","twitter_misc":{"Escrito por":"Emiliano Roza","Tiempo de lectura":"4 minutos"},"schema":{"@context":"https:\/\/schema.org","@graph":[{"@type":"Article","@id":"http:\/\/gentedebasquet.com.ar\/sitio\/2012\/09\/22\/penarol-fue-mas-que-bahiense\/#article","isPartOf":{"@id":"http:\/\/gentedebasquet.com.ar\/sitio\/2012\/09\/22\/penarol-fue-mas-que-bahiense\/"},"author":{"name":"Emiliano Roza","@id":"http:\/\/gentedebasquet.com.ar\/sitio\/#\/schema\/person\/745db2a44dc7729cfc1c6faaa16d895b"},"headline":"Pe\u00f1arol fue m\u00e1s que Bahiense","datePublished":"2012-09-22T02:08:11+00:00","mainEntityOfPage":{"@id":"http:\/\/gentedebasquet.com.ar\/sitio\/2012\/09\/22\/penarol-fue-mas-que-bahiense\/"},"wordCount":749,"commentCount":0,"image":{"@id":"http:\/\/gentedebasquet.com.ar\/sitio\/2012\/09\/22\/penarol-fue-mas-que-bahiense\/#primaryimage"},"thumbnailUrl":"http:\/\/www.gentedebasquet.com.ar\/wp-content\/uploads\/2012\/09\/100_2878.jpg","keywords":["Bahiense Del Norte"],"articleSection":["U19"],"inLanguage":"es","potentialAction":[{"@type":"CommentAction","name":"Comment","target":["http:\/\/gentedebasquet.com.ar\/sitio\/2012\/09\/22\/penarol-fue-mas-que-bahiense\/#respond"]}]},{"@type":"WebPage","@id":"http:\/\/gentedebasquet.com.ar\/sitio\/2012\/09\/22\/penarol-fue-mas-que-bahiense\/","url":"http:\/\/gentedebasquet.com.ar\/sitio\/2012\/09\/22\/penarol-fue-mas-que-bahiense\/","name":"Pe\u00f1arol fue m\u00e1s que Bahiense - Gente de B\u00e1squet","isPartOf":{"@id":"http:\/\/gentedebasquet.com.ar\/sitio\/#website"},"primaryImageOfPage":{"@id":"http:\/\/gentedebasquet.com.ar\/sitio\/2012\/09\/22\/penarol-fue-mas-que-bahiense\/#primaryimage"},"image":{"@id":"http:\/\/gentedebasquet.com.ar\/sitio\/2012\/09\/22\/penarol-fue-mas-que-bahiense\/#primaryimage"},"thumbnailUrl":"http:\/\/www.gentedebasquet.com.ar\/wp-content\/uploads\/2012\/09\/100_2878.jpg","datePublished":"2012-09-22T02:08:11+00:00","author":{"@id":"http:\/\/gentedebasquet.com.ar\/sitio\/#\/schema\/person\/745db2a44dc7729cfc1c6faaa16d895b"},"breadcrumb":{"@id":"http:\/\/gentedebasquet.com.ar\/sitio\/2012\/09\/22\/penarol-fue-mas-que-bahiense\/#breadcrumb"},"inLanguage":"es","potentialAction":[{"@type":"ReadAction","target":["http:\/\/gentedebasquet.com.ar\/sitio\/2012\/09\/22\/penarol-fue-mas-que-bahiense\/"]}]},{"@type":"ImageObject","inLanguage":"es","@id":"http:\/\/gentedebasquet.com.ar\/sitio\/2012\/09\/22\/penarol-fue-mas-que-bahiense\/#primaryimage","url":"http:\/\/www.gentedebasquet.com.ar\/wp-content\/uploads\/2012\/09\/100_2878.jpg","contentUrl":"http:\/\/www.gentedebasquet.com.ar\/wp-content\/uploads\/2012\/09\/100_2878.jpg"},{"@type":"BreadcrumbList","@id":"http:\/\/gentedebasquet.com.ar\/sitio\/2012\/09\/22\/penarol-fue-mas-que-bahiense\/#breadcrumb","itemListElement":[{"@type":"ListItem","position":1,"name":"Portada","item":"http:\/\/gentedebasquet.com.ar\/sitio\/"},{"@type":"ListItem","position":2,"name":"Pe\u00f1arol fue m\u00e1s que Bahiense"}]},{"@type":"WebSite","@id":"http:\/\/gentedebasquet.com.ar\/sitio\/#website","url":"http:\/\/gentedebasquet.com.ar\/sitio\/","name":"Gente de B\u00e1squet","description":"La revista del basquet de Bah\u00eda Blanca","potentialAction":[{"@type":"SearchAction","target":{"@type":"EntryPoint","urlTemplate":"http:\/\/gentedebasquet.com.ar\/sitio\/?s={search_term_string}"},"query-input":{"@type":"PropertyValueSpecification","valueRequired":true,"valueName":"search_term_string"}}],"inLanguage":"es"},{"@type":"Person","@id":"http:\/\/gentedebasquet.com.ar\/sitio\/#\/schema\/person\/745db2a44dc7729cfc1c6faaa16d895b","name":"Emiliano Roza","image":{"@type":"ImageObject","inLanguage":"es","@id":"https:\/\/secure.gravatar.com\/avatar\/04256ceef48211167df8402e69580be023beb74ca857078daaf21e35d6076e03?s=96&d=mm&r=g","url":"https:\/\/secure.gravatar.com\/avatar\/04256ceef48211167df8402e69580be023beb74ca857078daaf21e35d6076e03?s=96&d=mm&r=g","contentUrl":"https:\/\/secure.gravatar.com\/avatar\/04256ceef48211167df8402e69580be023beb74ca857078daaf21e35d6076e03?s=96&d=mm&r=g","caption":"Emiliano Roza"},"url":"http:\/\/gentedebasquet.com.ar\/sitio\/author\/emilianor\/"}]}},"_links":{"self":[{"href":"http:\/\/gentedebasquet.com.ar\/sitio\/wp-json\/wp\/v2\/posts\/6699","targetHints":{"allow":["GET"]}}],"collection":[{"href":"http:\/\/gentedebasquet.com.ar\/sitio\/wp-json\/wp\/v2\/posts"}],"about":[{"href":"http:\/\/gentedebasquet.com.ar\/sitio\/wp-json\/wp\/v2\/types\/post"}],"author":[{"embeddable":true,"href":"http:\/\/gentedebasquet.com.ar\/sitio\/wp-json\/wp\/v2\/users\/10"}],"replies":[{"embeddable":true,"href":"http:\/\/gentedebasquet.com.ar\/sitio\/wp-json\/wp\/v2\/comments?post=6699"}],"version-history":[{"count":0,"href":"http:\/\/gentedebasquet.com.ar\/sitio\/wp-json\/wp\/v2\/posts\/6699\/revisions"}],"wp:attachment":[{"href":"http:\/\/gentedebasquet.com.ar\/sitio\/wp-json\/wp\/v2\/media?parent=6699"}],"wp:term":[{"taxonomy":"category","embeddable":true,"href":"http:\/\/gentedebasquet.com.ar\/sitio\/wp-json\/wp\/v2\/categories?post=6699"},{"taxonomy":"post_tag","embeddable":true,"href":"http:\/\/gentedebasquet.com.ar\/sitio\/wp-json\/wp\/v2\/tags?post=6699"}],"curies":[{"name":"wp","href":"https:\/\/api.w.org\/{rel}","templated":true}]}}