{"id":6748,"date":"2012-09-26T02:59:04","date_gmt":"2012-09-26T02:59:04","guid":{"rendered":"http:\/\/www.gentedebasquet.com.ar\/?p=6748"},"modified":"2012-09-26T02:59:04","modified_gmt":"2012-09-26T02:59:04","slug":"lo-gano-en-el-ultimo","status":"publish","type":"post","link":"http:\/\/gentedebasquet.com.ar\/sitio\/2012\/09\/26\/lo-gano-en-el-ultimo\/","title":{"rendered":"Lo gan\u00f3 en el \u00faltimo"},"content":{"rendered":"<p><strong><a href=\"http:\/\/www.gentedebasquet.com.ar\/wp-content\/uploads\/2012\/09\/DSCN2172.jpg\"><img decoding=\"async\" class=\"aligncenter size-full wp-image-6749\" src=\"http:\/\/www.gentedebasquet.com.ar\/wp-content\/uploads\/2012\/09\/DSCN2172.jpg\" alt=\"\" width=\"480\" height=\"360\" \/><\/a><em>Puerto Comercial, en su cancha, se qued\u00f3 con una costosa victoria ante Leandro Alem por 65 a 59. El conjunto de Mario Errazu ingres\u00f3 al \u00faltimo cuarto perdiendo por tres unidades y todo el partido corri\u00f3 en desventaja. El goleador en el ganador fue Amilcar Andreanelli con 14 unidades, mientras que en la visita no alcanzaron los 17 de Joaqu\u00edn Gonz\u00e1lez.<\/em><!--more--><\/strong><\/p>\n<p>El partido comenz\u00f3 con un inspirado Gonzalo Etchepare, autor de 7 de los primeros 9 puntos de su equipo, parcial de 9 a 3. Tambi\u00e9n arranc\u00f3 encendido Joaqu\u00edn Gonz\u00e1lez, quien con dos bombas puso a los suyos arriba 15 a 7 y oblig\u00f3 a Errazu a pedir tiempo muerto. En defensa, el conjunto de Alem domin\u00f3 su tablero de la mano de Dami\u00e1n Foulkes, quien baj\u00f3 6 rebotes. El primer chico finaliz\u00f3 con los dirigidos por Walter Romerniszyn arriba 17 a 11.<\/p>\n<p>El segundo per\u00edodo arranc\u00f3 trabado, a falta de seis minutos para que finalice el mismo, el parcial era de 4 a 2, a favor del local. Pero la visita rob\u00f3 un par de pelotas seguidas y se puso 23 a 15, para que el t\u00e9cnico portuario agote sus minutos. Al regreso del mismo, Comercial mejor\u00f3 su producci\u00f3n, y con un triple de Martin Godoy, m\u00e1s un doble de Cristian Schmidt, se fue al vestuario abajo por tres, 27 a 24.<\/p>\n<p>Al regreso del descanso, el tr\u00e1mite continu\u00f3 parejo, del lado de la visita, Nicol\u00e1s Leguizam\u00f3n (5) era una de las v\u00edas de gol, del otro lado Ignacio Ercoli con un triple, y Amilcar Andreanelli jugando posteado consiguieron puntos para los suyos. Pero el conjunto de calle Azara ajust\u00f3 su defensa, y Joaqu\u00edn Gonz\u00e1lez volvi\u00f3 a lastimar desde tres puntos, Leguizam\u00f3n arrim\u00f3 un doble, y su equipo\u00a0 sac\u00f3 diez puntos de diferencia. Cristian Schmidt sac\u00f3 la cara por los de White, seis unidades suyas, permitieron a Comercial cerrar abajo por cuatro, 43 a 39.<\/p>\n<p>Los \u00faltimos diez fueron del verde y amarillo, porque a Sebasti\u00e1n Mart\u00ednez se le abri\u00f3 el aro (dos triples), su equipo defendi\u00f3 duro, y Alem equivoc\u00f3 caminos, abus\u00f3 del tiro de tres, jug\u00f3 apresurado. En los minutos finales apareci\u00f3 Ignacio Caspe, autor de los \u00faltimos cinco puntos del elenco del Puerto, \u201cPancho\u201d, tom\u00f3 las riendas en el momento m\u00e1s caliente del juego, y, cuando el resultado era 60 a 59, consigui\u00f3 un doble y foul clave para conseguir la victoria. El resultado final fue 65 a 59, triunfo para Comercial.<\/p>\n<p><span style=\"text-decoration: underline;\"><em><strong>S\u00edntesis: <\/strong><\/em><\/span><\/p>\n<p><strong>Puerto Comercial 65:<\/strong><\/p>\n<p>Iniciales: Amilcar Andreanelli 14; Martin Godoy 4; Ignacio Ercoli 7; Cristian Schmidt 13; Ignacio Caspe 13<\/p>\n<p><strong>Luego ingresaron:<\/strong> Andr\u00e9s Maidana 5; Sebasti\u00e1n Mart\u00ednez 10<\/p>\n<p><strong>DT:<\/strong> Mario Errazu<\/p>\n<p><strong>Leandro N. Alem 59:<\/strong><\/p>\n<p><strong>Iniciales:<\/strong> Gonzalo Etchepare 8, Nicol\u00e1s Leguizam\u00f3n 11, Joaqu\u00edn Gonz\u00e1lez 17, Dami\u00e1n Foulkes 14\u00a0 y Luciano Mussini 6<\/p>\n<p><strong>Ingresaron:<\/strong> Cristian Bisterfeld 2, Leandro Marzullo 0, Walter Gigena 2, Ignacio Fris\u00f3n 0<\/p>\n<p><strong>DT:<\/strong> Walter Romerniszyn.<\/p>\n<p><strong>Cuartos:<\/strong> Puerto Comercial 11-17; 24-27; 45-48<\/p>\n<p><strong>Cinco faltas:<\/strong> Gonzalo Etchepare y Dami\u00e1n Foulkes (Alem)<\/p>\n<p><strong>\u00c1rbitros:<\/strong> Alejandro Ramallo y Mat\u00edas Garate<\/p>\n<p><a class=\"modalf iframe\" title=\"Planilla\" href=\"https:\/\/docs.google.com\/spreadsheet\/pub?key=0AhWH6MgjN9X5dHZodENqM2pucXlNV2QyOFZMc2VKdWc&amp;single=true&amp;gid=0&amp;output=html\">Ver Planilla<\/a><\/p>\n","protected":false},"excerpt":{"rendered":"<p>Puerto Comercial, en su cancha, se qued\u00f3 con una costosa victoria ante Leandro Alem por 65 a 59. El conjunto de Mario Errazu ingres\u00f3 al \u00faltimo cuarto perdiendo por tres unidades y todo el partido corri\u00f3 en desventaja. El goleador en el ganador fue Amilcar Andreanelli con 14 unidades, mientras que en la visita no [&hellip;]<\/p>\n","protected":false},"author":6,"featured_media":0,"comment_status":"open","ping_status":"open","sticky":false,"template":"","format":"standard","meta":{"jnews-multi-image_gallery":[],"jnews_single_post":[],"jnews_primary_category":[],"footnotes":""},"categories":[25],"tags":[3,7],"class_list":["post-6748","post","type-post","status-publish","format-standard","hentry","category-segunda","tag-alem","tag-comercial"],"yoast_head":"<!-- This site is optimized with the Yoast SEO plugin v27.5 - https:\/\/yoast.com\/product\/yoast-seo-wordpress\/ -->\n<title>Lo gan\u00f3 en el \u00faltimo - Gente de B\u00e1squet<\/title>\n<meta name=\"robots\" content=\"index, follow, max-snippet:-1, max-image-preview:large, max-video-preview:-1\" \/>\n<link rel=\"canonical\" href=\"http:\/\/gentedebasquet.com.ar\/sitio\/2012\/09\/26\/lo-gano-en-el-ultimo\/\" \/>\n<meta property=\"og:locale\" content=\"es_ES\" \/>\n<meta property=\"og:type\" content=\"article\" \/>\n<meta property=\"og:title\" content=\"Lo gan\u00f3 en el \u00faltimo - Gente de B\u00e1squet\" \/>\n<meta property=\"og:description\" content=\"Puerto Comercial, en su cancha, se qued\u00f3 con una costosa victoria ante Leandro Alem por 65 a 59. El conjunto de Mario Errazu ingres\u00f3 al \u00faltimo cuarto perdiendo por tres unidades y todo el partido corri\u00f3 en desventaja. El goleador en el ganador fue Amilcar Andreanelli con 14 unidades, mientras que en la visita no [&hellip;]\" \/>\n<meta property=\"og:url\" content=\"http:\/\/gentedebasquet.com.ar\/sitio\/2012\/09\/26\/lo-gano-en-el-ultimo\/\" \/>\n<meta property=\"og:site_name\" content=\"Gente de B\u00e1squet\" \/>\n<meta property=\"article:published_time\" content=\"2012-09-26T02:59:04+00:00\" \/>\n<meta property=\"og:image\" content=\"http:\/\/www.gentedebasquet.com.ar\/wp-content\/uploads\/2012\/09\/DSCN2172.jpg\" \/>\n<meta name=\"author\" content=\"Yoyi Dilernia\" \/>\n<meta name=\"twitter:card\" content=\"summary_large_image\" \/>\n<meta name=\"twitter:label1\" content=\"Escrito por\" \/>\n\t<meta name=\"twitter:data1\" content=\"Yoyi Dilernia\" \/>\n\t<meta name=\"twitter:label2\" content=\"Tiempo de lectura\" \/>\n\t<meta name=\"twitter:data2\" content=\"2 minutos\" \/>\n<script type=\"application\/ld+json\" class=\"yoast-schema-graph\">{\"@context\":\"https:\\\/\\\/schema.org\",\"@graph\":[{\"@type\":\"Article\",\"@id\":\"http:\\\/\\\/gentedebasquet.com.ar\\\/sitio\\\/2012\\\/09\\\/26\\\/lo-gano-en-el-ultimo\\\/#article\",\"isPartOf\":{\"@id\":\"http:\\\/\\\/gentedebasquet.com.ar\\\/sitio\\\/2012\\\/09\\\/26\\\/lo-gano-en-el-ultimo\\\/\"},\"author\":{\"name\":\"Yoyi Dilernia\",\"@id\":\"http:\\\/\\\/gentedebasquet.com.ar\\\/sitio\\\/#\\\/schema\\\/person\\\/5de8c10b652ffe22805d3740542d9fb4\"},\"headline\":\"Lo gan\u00f3 en el \u00faltimo\",\"datePublished\":\"2012-09-26T02:59:04+00:00\",\"mainEntityOfPage\":{\"@id\":\"http:\\\/\\\/gentedebasquet.com.ar\\\/sitio\\\/2012\\\/09\\\/26\\\/lo-gano-en-el-ultimo\\\/\"},\"wordCount\":489,\"commentCount\":0,\"image\":{\"@id\":\"http:\\\/\\\/gentedebasquet.com.ar\\\/sitio\\\/2012\\\/09\\\/26\\\/lo-gano-en-el-ultimo\\\/#primaryimage\"},\"thumbnailUrl\":\"http:\\\/\\\/www.gentedebasquet.com.ar\\\/wp-content\\\/uploads\\\/2012\\\/09\\\/DSCN2172.jpg\",\"keywords\":[\"Alem\",\"Comercial\"],\"articleSection\":[\"Segunda\"],\"inLanguage\":\"es\",\"potentialAction\":[{\"@type\":\"CommentAction\",\"name\":\"Comment\",\"target\":[\"http:\\\/\\\/gentedebasquet.com.ar\\\/sitio\\\/2012\\\/09\\\/26\\\/lo-gano-en-el-ultimo\\\/#respond\"]}]},{\"@type\":\"WebPage\",\"@id\":\"http:\\\/\\\/gentedebasquet.com.ar\\\/sitio\\\/2012\\\/09\\\/26\\\/lo-gano-en-el-ultimo\\\/\",\"url\":\"http:\\\/\\\/gentedebasquet.com.ar\\\/sitio\\\/2012\\\/09\\\/26\\\/lo-gano-en-el-ultimo\\\/\",\"name\":\"Lo gan\u00f3 en el \u00faltimo - Gente de B\u00e1squet\",\"isPartOf\":{\"@id\":\"http:\\\/\\\/gentedebasquet.com.ar\\\/sitio\\\/#website\"},\"primaryImageOfPage\":{\"@id\":\"http:\\\/\\\/gentedebasquet.com.ar\\\/sitio\\\/2012\\\/09\\\/26\\\/lo-gano-en-el-ultimo\\\/#primaryimage\"},\"image\":{\"@id\":\"http:\\\/\\\/gentedebasquet.com.ar\\\/sitio\\\/2012\\\/09\\\/26\\\/lo-gano-en-el-ultimo\\\/#primaryimage\"},\"thumbnailUrl\":\"http:\\\/\\\/www.gentedebasquet.com.ar\\\/wp-content\\\/uploads\\\/2012\\\/09\\\/DSCN2172.jpg\",\"datePublished\":\"2012-09-26T02:59:04+00:00\",\"author\":{\"@id\":\"http:\\\/\\\/gentedebasquet.com.ar\\\/sitio\\\/#\\\/schema\\\/person\\\/5de8c10b652ffe22805d3740542d9fb4\"},\"breadcrumb\":{\"@id\":\"http:\\\/\\\/gentedebasquet.com.ar\\\/sitio\\\/2012\\\/09\\\/26\\\/lo-gano-en-el-ultimo\\\/#breadcrumb\"},\"inLanguage\":\"es\",\"potentialAction\":[{\"@type\":\"ReadAction\",\"target\":[\"http:\\\/\\\/gentedebasquet.com.ar\\\/sitio\\\/2012\\\/09\\\/26\\\/lo-gano-en-el-ultimo\\\/\"]}]},{\"@type\":\"ImageObject\",\"inLanguage\":\"es\",\"@id\":\"http:\\\/\\\/gentedebasquet.com.ar\\\/sitio\\\/2012\\\/09\\\/26\\\/lo-gano-en-el-ultimo\\\/#primaryimage\",\"url\":\"http:\\\/\\\/www.gentedebasquet.com.ar\\\/wp-content\\\/uploads\\\/2012\\\/09\\\/DSCN2172.jpg\",\"contentUrl\":\"http:\\\/\\\/www.gentedebasquet.com.ar\\\/wp-content\\\/uploads\\\/2012\\\/09\\\/DSCN2172.jpg\"},{\"@type\":\"BreadcrumbList\",\"@id\":\"http:\\\/\\\/gentedebasquet.com.ar\\\/sitio\\\/2012\\\/09\\\/26\\\/lo-gano-en-el-ultimo\\\/#breadcrumb\",\"itemListElement\":[{\"@type\":\"ListItem\",\"position\":1,\"name\":\"Portada\",\"item\":\"http:\\\/\\\/gentedebasquet.com.ar\\\/sitio\\\/\"},{\"@type\":\"ListItem\",\"position\":2,\"name\":\"Lo gan\u00f3 en el \u00faltimo\"}]},{\"@type\":\"WebSite\",\"@id\":\"http:\\\/\\\/gentedebasquet.com.ar\\\/sitio\\\/#website\",\"url\":\"http:\\\/\\\/gentedebasquet.com.ar\\\/sitio\\\/\",\"name\":\"Gente de B\u00e1squet\",\"description\":\"La revista del basquet de Bah\u00eda Blanca\",\"potentialAction\":[{\"@type\":\"SearchAction\",\"target\":{\"@type\":\"EntryPoint\",\"urlTemplate\":\"http:\\\/\\\/gentedebasquet.com.ar\\\/sitio\\\/?s={search_term_string}\"},\"query-input\":{\"@type\":\"PropertyValueSpecification\",\"valueRequired\":true,\"valueName\":\"search_term_string\"}}],\"inLanguage\":\"es\"},{\"@type\":\"Person\",\"@id\":\"http:\\\/\\\/gentedebasquet.com.ar\\\/sitio\\\/#\\\/schema\\\/person\\\/5de8c10b652ffe22805d3740542d9fb4\",\"name\":\"Yoyi Dilernia\",\"image\":{\"@type\":\"ImageObject\",\"inLanguage\":\"es\",\"@id\":\"https:\\\/\\\/secure.gravatar.com\\\/avatar\\\/6c9d83cdedd7773fcaaa073926ceeb1afc0d449aaf88f650a4c9a8f6814e14fd?s=96&d=mm&r=g\",\"url\":\"https:\\\/\\\/secure.gravatar.com\\\/avatar\\\/6c9d83cdedd7773fcaaa073926ceeb1afc0d449aaf88f650a4c9a8f6814e14fd?s=96&d=mm&r=g\",\"contentUrl\":\"https:\\\/\\\/secure.gravatar.com\\\/avatar\\\/6c9d83cdedd7773fcaaa073926ceeb1afc0d449aaf88f650a4c9a8f6814e14fd?s=96&d=mm&r=g\",\"caption\":\"Yoyi Dilernia\"},\"url\":\"http:\\\/\\\/gentedebasquet.com.ar\\\/sitio\\\/author\\\/yoyi-dilernia\\\/\"}]}<\/script>\n<!-- \/ Yoast SEO plugin. -->","yoast_head_json":{"title":"Lo gan\u00f3 en el \u00faltimo - Gente de B\u00e1squet","robots":{"index":"index","follow":"follow","max-snippet":"max-snippet:-1","max-image-preview":"max-image-preview:large","max-video-preview":"max-video-preview:-1"},"canonical":"http:\/\/gentedebasquet.com.ar\/sitio\/2012\/09\/26\/lo-gano-en-el-ultimo\/","og_locale":"es_ES","og_type":"article","og_title":"Lo gan\u00f3 en el \u00faltimo - Gente de B\u00e1squet","og_description":"Puerto Comercial, en su cancha, se qued\u00f3 con una costosa victoria ante Leandro Alem por 65 a 59. El conjunto de Mario Errazu ingres\u00f3 al \u00faltimo cuarto perdiendo por tres unidades y todo el partido corri\u00f3 en desventaja. El goleador en el ganador fue Amilcar Andreanelli con 14 unidades, mientras que en la visita no [&hellip;]","og_url":"http:\/\/gentedebasquet.com.ar\/sitio\/2012\/09\/26\/lo-gano-en-el-ultimo\/","og_site_name":"Gente de B\u00e1squet","article_published_time":"2012-09-26T02:59:04+00:00","og_image":[{"url":"http:\/\/www.gentedebasquet.com.ar\/wp-content\/uploads\/2012\/09\/DSCN2172.jpg","type":"","width":"","height":""}],"author":"Yoyi Dilernia","twitter_card":"summary_large_image","twitter_misc":{"Escrito por":"Yoyi Dilernia","Tiempo de lectura":"2 minutos"},"schema":{"@context":"https:\/\/schema.org","@graph":[{"@type":"Article","@id":"http:\/\/gentedebasquet.com.ar\/sitio\/2012\/09\/26\/lo-gano-en-el-ultimo\/#article","isPartOf":{"@id":"http:\/\/gentedebasquet.com.ar\/sitio\/2012\/09\/26\/lo-gano-en-el-ultimo\/"},"author":{"name":"Yoyi Dilernia","@id":"http:\/\/gentedebasquet.com.ar\/sitio\/#\/schema\/person\/5de8c10b652ffe22805d3740542d9fb4"},"headline":"Lo gan\u00f3 en el \u00faltimo","datePublished":"2012-09-26T02:59:04+00:00","mainEntityOfPage":{"@id":"http:\/\/gentedebasquet.com.ar\/sitio\/2012\/09\/26\/lo-gano-en-el-ultimo\/"},"wordCount":489,"commentCount":0,"image":{"@id":"http:\/\/gentedebasquet.com.ar\/sitio\/2012\/09\/26\/lo-gano-en-el-ultimo\/#primaryimage"},"thumbnailUrl":"http:\/\/www.gentedebasquet.com.ar\/wp-content\/uploads\/2012\/09\/DSCN2172.jpg","keywords":["Alem","Comercial"],"articleSection":["Segunda"],"inLanguage":"es","potentialAction":[{"@type":"CommentAction","name":"Comment","target":["http:\/\/gentedebasquet.com.ar\/sitio\/2012\/09\/26\/lo-gano-en-el-ultimo\/#respond"]}]},{"@type":"WebPage","@id":"http:\/\/gentedebasquet.com.ar\/sitio\/2012\/09\/26\/lo-gano-en-el-ultimo\/","url":"http:\/\/gentedebasquet.com.ar\/sitio\/2012\/09\/26\/lo-gano-en-el-ultimo\/","name":"Lo gan\u00f3 en el \u00faltimo - Gente de B\u00e1squet","isPartOf":{"@id":"http:\/\/gentedebasquet.com.ar\/sitio\/#website"},"primaryImageOfPage":{"@id":"http:\/\/gentedebasquet.com.ar\/sitio\/2012\/09\/26\/lo-gano-en-el-ultimo\/#primaryimage"},"image":{"@id":"http:\/\/gentedebasquet.com.ar\/sitio\/2012\/09\/26\/lo-gano-en-el-ultimo\/#primaryimage"},"thumbnailUrl":"http:\/\/www.gentedebasquet.com.ar\/wp-content\/uploads\/2012\/09\/DSCN2172.jpg","datePublished":"2012-09-26T02:59:04+00:00","author":{"@id":"http:\/\/gentedebasquet.com.ar\/sitio\/#\/schema\/person\/5de8c10b652ffe22805d3740542d9fb4"},"breadcrumb":{"@id":"http:\/\/gentedebasquet.com.ar\/sitio\/2012\/09\/26\/lo-gano-en-el-ultimo\/#breadcrumb"},"inLanguage":"es","potentialAction":[{"@type":"ReadAction","target":["http:\/\/gentedebasquet.com.ar\/sitio\/2012\/09\/26\/lo-gano-en-el-ultimo\/"]}]},{"@type":"ImageObject","inLanguage":"es","@id":"http:\/\/gentedebasquet.com.ar\/sitio\/2012\/09\/26\/lo-gano-en-el-ultimo\/#primaryimage","url":"http:\/\/www.gentedebasquet.com.ar\/wp-content\/uploads\/2012\/09\/DSCN2172.jpg","contentUrl":"http:\/\/www.gentedebasquet.com.ar\/wp-content\/uploads\/2012\/09\/DSCN2172.jpg"},{"@type":"BreadcrumbList","@id":"http:\/\/gentedebasquet.com.ar\/sitio\/2012\/09\/26\/lo-gano-en-el-ultimo\/#breadcrumb","itemListElement":[{"@type":"ListItem","position":1,"name":"Portada","item":"http:\/\/gentedebasquet.com.ar\/sitio\/"},{"@type":"ListItem","position":2,"name":"Lo gan\u00f3 en el \u00faltimo"}]},{"@type":"WebSite","@id":"http:\/\/gentedebasquet.com.ar\/sitio\/#website","url":"http:\/\/gentedebasquet.com.ar\/sitio\/","name":"Gente de B\u00e1squet","description":"La revista del basquet de Bah\u00eda Blanca","potentialAction":[{"@type":"SearchAction","target":{"@type":"EntryPoint","urlTemplate":"http:\/\/gentedebasquet.com.ar\/sitio\/?s={search_term_string}"},"query-input":{"@type":"PropertyValueSpecification","valueRequired":true,"valueName":"search_term_string"}}],"inLanguage":"es"},{"@type":"Person","@id":"http:\/\/gentedebasquet.com.ar\/sitio\/#\/schema\/person\/5de8c10b652ffe22805d3740542d9fb4","name":"Yoyi Dilernia","image":{"@type":"ImageObject","inLanguage":"es","@id":"https:\/\/secure.gravatar.com\/avatar\/6c9d83cdedd7773fcaaa073926ceeb1afc0d449aaf88f650a4c9a8f6814e14fd?s=96&d=mm&r=g","url":"https:\/\/secure.gravatar.com\/avatar\/6c9d83cdedd7773fcaaa073926ceeb1afc0d449aaf88f650a4c9a8f6814e14fd?s=96&d=mm&r=g","contentUrl":"https:\/\/secure.gravatar.com\/avatar\/6c9d83cdedd7773fcaaa073926ceeb1afc0d449aaf88f650a4c9a8f6814e14fd?s=96&d=mm&r=g","caption":"Yoyi Dilernia"},"url":"http:\/\/gentedebasquet.com.ar\/sitio\/author\/yoyi-dilernia\/"}]}},"_links":{"self":[{"href":"http:\/\/gentedebasquet.com.ar\/sitio\/wp-json\/wp\/v2\/posts\/6748","targetHints":{"allow":["GET"]}}],"collection":[{"href":"http:\/\/gentedebasquet.com.ar\/sitio\/wp-json\/wp\/v2\/posts"}],"about":[{"href":"http:\/\/gentedebasquet.com.ar\/sitio\/wp-json\/wp\/v2\/types\/post"}],"author":[{"embeddable":true,"href":"http:\/\/gentedebasquet.com.ar\/sitio\/wp-json\/wp\/v2\/users\/6"}],"replies":[{"embeddable":true,"href":"http:\/\/gentedebasquet.com.ar\/sitio\/wp-json\/wp\/v2\/comments?post=6748"}],"version-history":[{"count":0,"href":"http:\/\/gentedebasquet.com.ar\/sitio\/wp-json\/wp\/v2\/posts\/6748\/revisions"}],"wp:attachment":[{"href":"http:\/\/gentedebasquet.com.ar\/sitio\/wp-json\/wp\/v2\/media?parent=6748"}],"wp:term":[{"taxonomy":"category","embeddable":true,"href":"http:\/\/gentedebasquet.com.ar\/sitio\/wp-json\/wp\/v2\/categories?post=6748"},{"taxonomy":"post_tag","embeddable":true,"href":"http:\/\/gentedebasquet.com.ar\/sitio\/wp-json\/wp\/v2\/tags?post=6748"}],"curies":[{"name":"wp","href":"https:\/\/api.w.org\/{rel}","templated":true}]}}