{"id":67513,"date":"2016-12-03T22:17:56","date_gmt":"2016-12-04T01:17:56","guid":{"rendered":"http:\/\/www.gentedebasquet.com.ar\/?p=67513"},"modified":"2016-12-03T22:17:56","modified_gmt":"2016-12-04T01:17:56","slug":"nueva-lesion-para-richotti","status":"publish","type":"post","link":"http:\/\/gentedebasquet.com.ar\/sitio\/2016\/12\/03\/nueva-lesion-para-richotti\/","title":{"rendered":"Nueva lesi\u00f3n para Richotti"},"content":{"rendered":"<p><strong>Nicol\u00e1s Richotti se fractur\u00f3 la r\u00f3tula de su rodilla izquierda entrenando con Iberoestar Tenerife. Dependiendo de c\u00f3mo evolucione, la recuperaci\u00f3n le llevar\u00e1 de dos a tres meses. Con esta sum\u00f3 su tercer lesi\u00f3n en lo que va del a\u00f1o.<\/strong><\/p>\n<p>El anuncio oficial del club:<\/p>\n<p><em>El escolta Nico Richotti ha sufrido una fractura de r\u00f3tula en la rodilla izquierda, fruto de un lance fortuito acontecido en el entrenamiento de ayer viernes. Las pruebas m\u00e9dicas a las que ha sido sometido han concluido la citada lesi\u00f3n, que le tendr\u00e1 de dos a tres meses de baja en funci\u00f3n de c\u00f3mo vaya evolucionando.<\/em><\/p>\n<p>A mediados de mayo se hab\u00eda <a href=\"http:\/\/www.gentedebasquet.com.ar\/richotti-lesionado\/\" target=\"_blank\" rel=\"noopener\">lesionado el hombro<\/a>, lo que lo margin\u00f3 de la preselecci\u00f3n argentina que se preparaba para los Juegos Ol\u00edmpicos. Y a principios de esta temporada fue <a href=\"http:\/\/www.gentedebasquet.com.ar\/richotti-baja-6-semanas\/\" target=\"_blank\" rel=\"noopener\">baja por seis semanas<\/a> tras fracturarse el pulgar de su mano derecha.<\/p>\n<blockquote class=\"twitter-tweet\" data-lang=\"es\">\n<p dir=\"ltr\" lang=\"es\">Q rachita estoy teniendo! Cuando empiezo a remontar, otro obst\u00e1culo aparece. Espero q la 3a sea la vencida y q en 2017 las cosas vayan mejor<\/p>\n<p>\u2014 Nicol\u00e1s Richotti (@nico_rchtt) <a href=\"https:\/\/twitter.com\/nico_rchtt\/status\/805058227306135552\">3 de diciembre de 2016<\/a><\/p><\/blockquote>\n<p><script src=\"\/\/platform.twitter.com\/widgets.js\" async=\"\" charset=\"utf-8\"><\/script><\/p>\n<p><strong>Fuente:<\/strong> Prensa Iberostar Tenerife.<br \/>\n<strong>Foto:<\/strong> \u00c1ngel P\u00e9rez.<\/p>\n","protected":false},"excerpt":{"rendered":"<p>Se fractur\u00f3 la r\u00f3tula de su rodilla izquierda entrenando con Tenerife<\/p>\n","protected":false},"author":1,"featured_media":67514,"comment_status":"closed","ping_status":"open","sticky":false,"template":"","format":"standard","meta":{"jnews-multi-image_gallery":[],"jnews_single_post":[],"jnews_primary_category":[],"footnotes":""},"categories":[34],"tags":[117,365,366,198],"class_list":["post-67513","post","type-post","status-publish","format-standard","has-post-thumbnail","hentry","category-bahienses-afuera","tag-acb","tag-espana","tag-iberostar-tenerife","tag-nicolas-richotti"],"yoast_head":"<!-- This site is optimized with the Yoast SEO plugin v27.4 - https:\/\/yoast.com\/product\/yoast-seo-wordpress\/ -->\n<title>Nueva lesi\u00f3n para Richotti - Gente de B\u00e1squet<\/title>\n<meta name=\"robots\" content=\"index, follow, max-snippet:-1, max-image-preview:large, max-video-preview:-1\" \/>\n<link rel=\"canonical\" href=\"https:\/\/gentedebasquet.com.ar\/sitio\/2016\/12\/03\/nueva-lesion-para-richotti\/\" \/>\n<meta property=\"og:locale\" content=\"es_ES\" \/>\n<meta property=\"og:type\" content=\"article\" \/>\n<meta property=\"og:title\" content=\"Nueva lesi\u00f3n para Richotti - Gente de B\u00e1squet\" \/>\n<meta property=\"og:description\" content=\"Se fractur\u00f3 la r\u00f3tula de su rodilla izquierda entrenando con Tenerife\" \/>\n<meta property=\"og:url\" content=\"https:\/\/gentedebasquet.com.ar\/sitio\/2016\/12\/03\/nueva-lesion-para-richotti\/\" \/>\n<meta property=\"og:site_name\" content=\"Gente de B\u00e1squet\" \/>\n<meta property=\"article:published_time\" content=\"2016-12-04T01:17:56+00:00\" \/>\n<meta property=\"og:image\" content=\"https:\/\/gentedebasquet.com.ar\/sitio\/wp-content\/uploads\/2016\/12\/Richotti.jpg\" \/>\n\t<meta property=\"og:image:width\" content=\"688\" \/>\n\t<meta property=\"og:image:height\" content=\"387\" \/>\n\t<meta property=\"og:image:type\" content=\"image\/jpeg\" \/>\n<meta name=\"author\" content=\"Gente de B\u00e1squet\" \/>\n<meta name=\"twitter:card\" content=\"summary_large_image\" \/>\n<meta name=\"twitter:label1\" content=\"Escrito por\" \/>\n\t<meta name=\"twitter:data1\" content=\"Gente de B\u00e1squet\" \/>\n\t<meta name=\"twitter:label2\" content=\"Tiempo de lectura\" \/>\n\t<meta name=\"twitter:data2\" content=\"1 minuto\" \/>\n<script type=\"application\/ld+json\" class=\"yoast-schema-graph\">{\"@context\":\"https:\\\/\\\/schema.org\",\"@graph\":[{\"@type\":\"Article\",\"@id\":\"https:\\\/\\\/gentedebasquet.com.ar\\\/sitio\\\/2016\\\/12\\\/03\\\/nueva-lesion-para-richotti\\\/#article\",\"isPartOf\":{\"@id\":\"https:\\\/\\\/gentedebasquet.com.ar\\\/sitio\\\/2016\\\/12\\\/03\\\/nueva-lesion-para-richotti\\\/\"},\"author\":{\"name\":\"Gente de B\u00e1squet\",\"@id\":\"http:\\\/\\\/gentedebasquet.com.ar\\\/sitio\\\/#\\\/schema\\\/person\\\/ca0b63bbb977369988a7bbbdc519943a\"},\"headline\":\"Nueva lesi\u00f3n para Richotti\",\"datePublished\":\"2016-12-04T01:17:56+00:00\",\"mainEntityOfPage\":{\"@id\":\"https:\\\/\\\/gentedebasquet.com.ar\\\/sitio\\\/2016\\\/12\\\/03\\\/nueva-lesion-para-richotti\\\/\"},\"wordCount\":204,\"image\":{\"@id\":\"https:\\\/\\\/gentedebasquet.com.ar\\\/sitio\\\/2016\\\/12\\\/03\\\/nueva-lesion-para-richotti\\\/#primaryimage\"},\"thumbnailUrl\":\"http:\\\/\\\/gentedebasquet.com.ar\\\/sitio\\\/wp-content\\\/uploads\\\/2016\\\/12\\\/Richotti.jpg\",\"keywords\":[\"ACB\",\"Espa\u00f1a\",\"Iberostar Tenerife\",\"Nicol\u00e1s Richotti\"],\"articleSection\":[\"Bahienses Afuera\"],\"inLanguage\":\"es\"},{\"@type\":\"WebPage\",\"@id\":\"https:\\\/\\\/gentedebasquet.com.ar\\\/sitio\\\/2016\\\/12\\\/03\\\/nueva-lesion-para-richotti\\\/\",\"url\":\"https:\\\/\\\/gentedebasquet.com.ar\\\/sitio\\\/2016\\\/12\\\/03\\\/nueva-lesion-para-richotti\\\/\",\"name\":\"Nueva lesi\u00f3n para Richotti - Gente de B\u00e1squet\",\"isPartOf\":{\"@id\":\"http:\\\/\\\/gentedebasquet.com.ar\\\/sitio\\\/#website\"},\"primaryImageOfPage\":{\"@id\":\"https:\\\/\\\/gentedebasquet.com.ar\\\/sitio\\\/2016\\\/12\\\/03\\\/nueva-lesion-para-richotti\\\/#primaryimage\"},\"image\":{\"@id\":\"https:\\\/\\\/gentedebasquet.com.ar\\\/sitio\\\/2016\\\/12\\\/03\\\/nueva-lesion-para-richotti\\\/#primaryimage\"},\"thumbnailUrl\":\"http:\\\/\\\/gentedebasquet.com.ar\\\/sitio\\\/wp-content\\\/uploads\\\/2016\\\/12\\\/Richotti.jpg\",\"datePublished\":\"2016-12-04T01:17:56+00:00\",\"author\":{\"@id\":\"http:\\\/\\\/gentedebasquet.com.ar\\\/sitio\\\/#\\\/schema\\\/person\\\/ca0b63bbb977369988a7bbbdc519943a\"},\"breadcrumb\":{\"@id\":\"https:\\\/\\\/gentedebasquet.com.ar\\\/sitio\\\/2016\\\/12\\\/03\\\/nueva-lesion-para-richotti\\\/#breadcrumb\"},\"inLanguage\":\"es\",\"potentialAction\":[{\"@type\":\"ReadAction\",\"target\":[\"https:\\\/\\\/gentedebasquet.com.ar\\\/sitio\\\/2016\\\/12\\\/03\\\/nueva-lesion-para-richotti\\\/\"]}]},{\"@type\":\"ImageObject\",\"inLanguage\":\"es\",\"@id\":\"https:\\\/\\\/gentedebasquet.com.ar\\\/sitio\\\/2016\\\/12\\\/03\\\/nueva-lesion-para-richotti\\\/#primaryimage\",\"url\":\"http:\\\/\\\/gentedebasquet.com.ar\\\/sitio\\\/wp-content\\\/uploads\\\/2016\\\/12\\\/Richotti.jpg\",\"contentUrl\":\"http:\\\/\\\/gentedebasquet.com.ar\\\/sitio\\\/wp-content\\\/uploads\\\/2016\\\/12\\\/Richotti.jpg\",\"width\":688,\"height\":387},{\"@type\":\"BreadcrumbList\",\"@id\":\"https:\\\/\\\/gentedebasquet.com.ar\\\/sitio\\\/2016\\\/12\\\/03\\\/nueva-lesion-para-richotti\\\/#breadcrumb\",\"itemListElement\":[{\"@type\":\"ListItem\",\"position\":1,\"name\":\"Portada\",\"item\":\"http:\\\/\\\/gentedebasquet.com.ar\\\/sitio\\\/\"},{\"@type\":\"ListItem\",\"position\":2,\"name\":\"Nueva lesi\u00f3n para Richotti\"}]},{\"@type\":\"WebSite\",\"@id\":\"http:\\\/\\\/gentedebasquet.com.ar\\\/sitio\\\/#website\",\"url\":\"http:\\\/\\\/gentedebasquet.com.ar\\\/sitio\\\/\",\"name\":\"Gente de B\u00e1squet\",\"description\":\"La revista del basquet de Bah\u00eda Blanca\",\"potentialAction\":[{\"@type\":\"SearchAction\",\"target\":{\"@type\":\"EntryPoint\",\"urlTemplate\":\"http:\\\/\\\/gentedebasquet.com.ar\\\/sitio\\\/?s={search_term_string}\"},\"query-input\":{\"@type\":\"PropertyValueSpecification\",\"valueRequired\":true,\"valueName\":\"search_term_string\"}}],\"inLanguage\":\"es\"},{\"@type\":\"Person\",\"@id\":\"http:\\\/\\\/gentedebasquet.com.ar\\\/sitio\\\/#\\\/schema\\\/person\\\/ca0b63bbb977369988a7bbbdc519943a\",\"name\":\"Gente de B\u00e1squet\",\"image\":{\"@type\":\"ImageObject\",\"inLanguage\":\"es\",\"@id\":\"https:\\\/\\\/secure.gravatar.com\\\/avatar\\\/7f2c48bdc33b30088f941fb6082e555f2874c98e20cb159d7b92b50eadfce793?s=96&d=mm&r=g\",\"url\":\"https:\\\/\\\/secure.gravatar.com\\\/avatar\\\/7f2c48bdc33b30088f941fb6082e555f2874c98e20cb159d7b92b50eadfce793?s=96&d=mm&r=g\",\"contentUrl\":\"https:\\\/\\\/secure.gravatar.com\\\/avatar\\\/7f2c48bdc33b30088f941fb6082e555f2874c98e20cb159d7b92b50eadfce793?s=96&d=mm&r=g\",\"caption\":\"Gente de B\u00e1squet\"},\"sameAs\":[\"http:\\\/\\\/gentedebasquet.com.ar\\\/sitio\"],\"url\":\"http:\\\/\\\/gentedebasquet.com.ar\\\/sitio\\\/author\\\/ulises\\\/\"}]}<\/script>\n<!-- \/ Yoast SEO plugin. -->","yoast_head_json":{"title":"Nueva lesi\u00f3n para Richotti - Gente de B\u00e1squet","robots":{"index":"index","follow":"follow","max-snippet":"max-snippet:-1","max-image-preview":"max-image-preview:large","max-video-preview":"max-video-preview:-1"},"canonical":"https:\/\/gentedebasquet.com.ar\/sitio\/2016\/12\/03\/nueva-lesion-para-richotti\/","og_locale":"es_ES","og_type":"article","og_title":"Nueva lesi\u00f3n para Richotti - Gente de B\u00e1squet","og_description":"Se fractur\u00f3 la r\u00f3tula de su rodilla izquierda entrenando con Tenerife","og_url":"https:\/\/gentedebasquet.com.ar\/sitio\/2016\/12\/03\/nueva-lesion-para-richotti\/","og_site_name":"Gente de B\u00e1squet","article_published_time":"2016-12-04T01:17:56+00:00","og_image":[{"width":688,"height":387,"url":"https:\/\/gentedebasquet.com.ar\/sitio\/wp-content\/uploads\/2016\/12\/Richotti.jpg","type":"image\/jpeg"}],"author":"Gente de B\u00e1squet","twitter_card":"summary_large_image","twitter_misc":{"Escrito por":"Gente de B\u00e1squet","Tiempo de lectura":"1 minuto"},"schema":{"@context":"https:\/\/schema.org","@graph":[{"@type":"Article","@id":"https:\/\/gentedebasquet.com.ar\/sitio\/2016\/12\/03\/nueva-lesion-para-richotti\/#article","isPartOf":{"@id":"https:\/\/gentedebasquet.com.ar\/sitio\/2016\/12\/03\/nueva-lesion-para-richotti\/"},"author":{"name":"Gente de B\u00e1squet","@id":"http:\/\/gentedebasquet.com.ar\/sitio\/#\/schema\/person\/ca0b63bbb977369988a7bbbdc519943a"},"headline":"Nueva lesi\u00f3n para Richotti","datePublished":"2016-12-04T01:17:56+00:00","mainEntityOfPage":{"@id":"https:\/\/gentedebasquet.com.ar\/sitio\/2016\/12\/03\/nueva-lesion-para-richotti\/"},"wordCount":204,"image":{"@id":"https:\/\/gentedebasquet.com.ar\/sitio\/2016\/12\/03\/nueva-lesion-para-richotti\/#primaryimage"},"thumbnailUrl":"http:\/\/gentedebasquet.com.ar\/sitio\/wp-content\/uploads\/2016\/12\/Richotti.jpg","keywords":["ACB","Espa\u00f1a","Iberostar Tenerife","Nicol\u00e1s Richotti"],"articleSection":["Bahienses Afuera"],"inLanguage":"es"},{"@type":"WebPage","@id":"https:\/\/gentedebasquet.com.ar\/sitio\/2016\/12\/03\/nueva-lesion-para-richotti\/","url":"https:\/\/gentedebasquet.com.ar\/sitio\/2016\/12\/03\/nueva-lesion-para-richotti\/","name":"Nueva lesi\u00f3n para Richotti - Gente de B\u00e1squet","isPartOf":{"@id":"http:\/\/gentedebasquet.com.ar\/sitio\/#website"},"primaryImageOfPage":{"@id":"https:\/\/gentedebasquet.com.ar\/sitio\/2016\/12\/03\/nueva-lesion-para-richotti\/#primaryimage"},"image":{"@id":"https:\/\/gentedebasquet.com.ar\/sitio\/2016\/12\/03\/nueva-lesion-para-richotti\/#primaryimage"},"thumbnailUrl":"http:\/\/gentedebasquet.com.ar\/sitio\/wp-content\/uploads\/2016\/12\/Richotti.jpg","datePublished":"2016-12-04T01:17:56+00:00","author":{"@id":"http:\/\/gentedebasquet.com.ar\/sitio\/#\/schema\/person\/ca0b63bbb977369988a7bbbdc519943a"},"breadcrumb":{"@id":"https:\/\/gentedebasquet.com.ar\/sitio\/2016\/12\/03\/nueva-lesion-para-richotti\/#breadcrumb"},"inLanguage":"es","potentialAction":[{"@type":"ReadAction","target":["https:\/\/gentedebasquet.com.ar\/sitio\/2016\/12\/03\/nueva-lesion-para-richotti\/"]}]},{"@type":"ImageObject","inLanguage":"es","@id":"https:\/\/gentedebasquet.com.ar\/sitio\/2016\/12\/03\/nueva-lesion-para-richotti\/#primaryimage","url":"http:\/\/gentedebasquet.com.ar\/sitio\/wp-content\/uploads\/2016\/12\/Richotti.jpg","contentUrl":"http:\/\/gentedebasquet.com.ar\/sitio\/wp-content\/uploads\/2016\/12\/Richotti.jpg","width":688,"height":387},{"@type":"BreadcrumbList","@id":"https:\/\/gentedebasquet.com.ar\/sitio\/2016\/12\/03\/nueva-lesion-para-richotti\/#breadcrumb","itemListElement":[{"@type":"ListItem","position":1,"name":"Portada","item":"http:\/\/gentedebasquet.com.ar\/sitio\/"},{"@type":"ListItem","position":2,"name":"Nueva lesi\u00f3n para Richotti"}]},{"@type":"WebSite","@id":"http:\/\/gentedebasquet.com.ar\/sitio\/#website","url":"http:\/\/gentedebasquet.com.ar\/sitio\/","name":"Gente de B\u00e1squet","description":"La revista del basquet de Bah\u00eda Blanca","potentialAction":[{"@type":"SearchAction","target":{"@type":"EntryPoint","urlTemplate":"http:\/\/gentedebasquet.com.ar\/sitio\/?s={search_term_string}"},"query-input":{"@type":"PropertyValueSpecification","valueRequired":true,"valueName":"search_term_string"}}],"inLanguage":"es"},{"@type":"Person","@id":"http:\/\/gentedebasquet.com.ar\/sitio\/#\/schema\/person\/ca0b63bbb977369988a7bbbdc519943a","name":"Gente de B\u00e1squet","image":{"@type":"ImageObject","inLanguage":"es","@id":"https:\/\/secure.gravatar.com\/avatar\/7f2c48bdc33b30088f941fb6082e555f2874c98e20cb159d7b92b50eadfce793?s=96&d=mm&r=g","url":"https:\/\/secure.gravatar.com\/avatar\/7f2c48bdc33b30088f941fb6082e555f2874c98e20cb159d7b92b50eadfce793?s=96&d=mm&r=g","contentUrl":"https:\/\/secure.gravatar.com\/avatar\/7f2c48bdc33b30088f941fb6082e555f2874c98e20cb159d7b92b50eadfce793?s=96&d=mm&r=g","caption":"Gente de B\u00e1squet"},"sameAs":["http:\/\/gentedebasquet.com.ar\/sitio"],"url":"http:\/\/gentedebasquet.com.ar\/sitio\/author\/ulises\/"}]}},"_links":{"self":[{"href":"http:\/\/gentedebasquet.com.ar\/sitio\/wp-json\/wp\/v2\/posts\/67513","targetHints":{"allow":["GET"]}}],"collection":[{"href":"http:\/\/gentedebasquet.com.ar\/sitio\/wp-json\/wp\/v2\/posts"}],"about":[{"href":"http:\/\/gentedebasquet.com.ar\/sitio\/wp-json\/wp\/v2\/types\/post"}],"author":[{"embeddable":true,"href":"http:\/\/gentedebasquet.com.ar\/sitio\/wp-json\/wp\/v2\/users\/1"}],"replies":[{"embeddable":true,"href":"http:\/\/gentedebasquet.com.ar\/sitio\/wp-json\/wp\/v2\/comments?post=67513"}],"version-history":[{"count":0,"href":"http:\/\/gentedebasquet.com.ar\/sitio\/wp-json\/wp\/v2\/posts\/67513\/revisions"}],"wp:featuredmedia":[{"embeddable":true,"href":"http:\/\/gentedebasquet.com.ar\/sitio\/wp-json\/wp\/v2\/media\/67514"}],"wp:attachment":[{"href":"http:\/\/gentedebasquet.com.ar\/sitio\/wp-json\/wp\/v2\/media?parent=67513"}],"wp:term":[{"taxonomy":"category","embeddable":true,"href":"http:\/\/gentedebasquet.com.ar\/sitio\/wp-json\/wp\/v2\/categories?post=67513"},{"taxonomy":"post_tag","embeddable":true,"href":"http:\/\/gentedebasquet.com.ar\/sitio\/wp-json\/wp\/v2\/tags?post=67513"}],"curies":[{"name":"wp","href":"https:\/\/api.w.org\/{rel}","templated":true}]}}