{"id":67559,"date":"2016-12-06T23:10:26","date_gmt":"2016-12-07T02:10:26","guid":{"rendered":"http:\/\/www.gentedebasquet.com.ar\/?p=67559"},"modified":"2016-12-06T23:10:26","modified_gmt":"2016-12-07T02:10:26","slug":"inicia-el-argentino-u17-f","status":"publish","type":"post","link":"http:\/\/gentedebasquet.com.ar\/sitio\/2016\/12\/06\/inicia-el-argentino-u17-f\/","title":{"rendered":"Inicia el Argentino U17-F"},"content":{"rendered":"<p><strong>Hasta\u00a0el domingo, la Confederaci\u00f3n Argentina de B\u00e1squetbol organizar\u00e1 el Campeonato Argentino Femenino de Selecciones U17 en el CeNARD. Provincia de Buenos Aires contar\u00e1 con la base bahiense, al haberse consagrado <a href=\"http:\/\/www.gentedebasquet.com.ar\/bahia-no-para-de-festejar\/\" target=\"_blank\" rel=\"noopener\">campe\u00f3n del Provincial en Necochea<\/a>, all\u00e1 por junio. El debut ser\u00e1 ante Chaco, desde las 15.30.<\/strong><\/p>\n<p>El Argentino contar\u00e1 con la presencia de 12 Federaciones. Esta categor\u00eda vio campeonar a Entre R\u00edos en las \u00fatlimas dos ediciones, ambas disputadas en Embalse de R\u00edo Tercero (C\u00f3rdoba). FeBAMBA volver\u00e1 a ser de la partida tras haber estado presente por \u00faltima vez en 2013, en el cual fue campe\u00f3n en Charata (Chaco). Buenos Aires fue cuarto en 2015 y quinto en 2014.<\/p>\n<p>En esta edici\u00f3n, Provincia integrar\u00e1 la Zona C junto a Santa Fe (subcampe\u00f3n en las \u00faltimas dos ediciones), el ganador del Regional NEA y Chubut. Se jugar\u00e1 todos contra todos, clasificando a la Fase Campeonato los ganadores de cada zona, m\u00e1s el mejor segundo de la general. El resto de los segundos m\u00e1s los dos mejore terceros, ir\u00e1n a la Fase Est\u00edmulo. Los restantes terceros y los cuartos, ir\u00e1n a la Fase Consuelo.<\/p>\n<p>La historia reciente indica que Entre R\u00edos es el actual bicampe\u00f3n del certamen, y en ambas oportunidades consigui\u00f3 doblegar a Santa Fe en la definici\u00f3n. Ambas escuadras se rearmaron de modo tal que el objetivo no parecer ser otro m\u00e1s que el campeonato, aunque en esta ocasi\u00f3n hay un tercero en discordia: Capital Federal.<\/p>\n<p>Luego de su ausencia, el elenco que representa a FeBAMBA est\u00e1 de regreso, y haciendo gala de todo su poder\u00edo. Otras selecciones, como el caso de Mendoza, pueden dar la sorpresa, por lo que la relajaci\u00f3n no ser\u00eda buena consejera en este torneo.<\/p>\n<h5>PROVINCIA DE BUENOS AIRES U17<\/h5>\n<p>Ileana Corval\u00e1n, Camila Maisterrena (Barracas Central); Camila Bay\u00f3n, Royel Maurer, Ail\u00edn Larrosa (Estudiantes); Juliana Brossard, Luciana Ortiz, Victoria P\u00e9rez (Independiente), Josefina Torruella (Temperley), Faustina Donofrio, Mar\u00eda Florencia Perretti y Valentina D\u00edaz (refuerzos de Necochea).<\/p>\n<h5>PROGRAMA DE PARTIDOS<\/h5>\n<p>Mi\u00e9rcoles 7 de diciembre<\/p>\n<p>09.00 \u2013 Zona \u201cB\u201d \u2013 FeBAMBA vs C\u00f3rdoba<br \/>\n11.00 \u2013 Zona \u201cB\u201d \u2013 Neuqu\u00e9n vs Santa Cruz<br \/>\n13.30 \u2013 Zona \u201cC\u201d \u2013 Santa Fe vs Chubut<br \/>\n<strong>15.30 \u2013 Zona \u201cC\u201d \u2013 Chaco\u00a0vs Buenos Aires<\/strong><br \/>\n17.30 \u2013 Zona \u201cA\u201d \u2013 San Luis vs Entre R\u00edos<br \/>\n19.30 \u2013 Zona \u201cA\u201d \u2013 2\u00ba NEA vs Mendoza<\/p>\n<p>Jueves 8 de diciembre<\/p>\n<p>09.00 \u2013 Zona \u201cC\u201d \u2013 Chubut vs 1\u00ba NEA<br \/>\n<strong>11.00 \u2013 Zona \u201cC\u201d \u2013 Buenos Aires vs Santa Fe<\/strong><br \/>\n13.30 \u2013 Zona \u201cA\u201d \u2013 Entre R\u00edos vs 2\u00ba NEA<br \/>\n15.30 \u2013 Zona \u201cA\u201d \u2013 Mendoza vs San Luis<br \/>\n17.30 \u2013 Zona \u201cB\u201d \u2013 C\u00f3rdoba vs Neuqu\u00e9n<br \/>\n19.30 \u2013 Zona \u201cB\u201d \u2013 Santa Cruz vs FeBAMBA<\/p>\n<p>Viernes 9 de diciembre<\/p>\n<p>09.00 \u2013 Zona \u201cA\u201d \u2013 San Luis vs 2\u00ba NEA<br \/>\n11.00 \u2013 Zona \u201cA\u201d \u2013 Mendoza vs Entre R\u00edos<br \/>\n13.30 \u2013 Zona \u201cB\u201d \u2013 Neuqu\u00e9n vs FeBAMBA<br \/>\n15.30 \u2013 Zona \u201cB\u201d \u2013 C\u00f3rdoba vs Santa Cruz<br \/>\n<strong>17.30 \u2013 Zona \u201cC\u201d \u2013 Buenos Aires vs Chubut<\/strong><br \/>\n19.30 \u2013 Zona \u201cC\u201d \u2013 Santa Fe vs 1\u00ba NEA<\/p>\n<p>S\u00e1bado 10 de diciembre<\/p>\n<p>Fase Consuelo<br \/>\n09.00 \u2013 Juego 6 \u2013 3\u00b0 tercero vs 3\u00b0 cuarto<br \/>\n11.00 \u2013 Juego 5 \u2013 Mejor cuarto vs 2\u00b0 mejor cuarto<br \/>\nFase Est\u00edmulo<br \/>\n13.30 \u2013 Juego 4 \u2013 3\u00b0 mejor segundo vs mejor tercero<br \/>\n15.30 \u2013 Juego 3 \u2013 2\u00b0 mejor segundo vs 2\u00b0 mejor tercero<br \/>\nSemifinales<br \/>\n17.30 \u2013 Juego 2 \u2013 Segundo primero vs Tercer Primero<br \/>\n19.30 \u2013 Juego 1 \u2013 Mejor primero vs Mejor segundo<\/p>\n<p>Domingo 11 de diciembre<\/p>\n<p>09.00 \u2013 Puesto 11\u00ba \u2013 Perdedor juego 6 vs Perdedor juego 5<br \/>\n11.00 \u2013 Puesto 9\u00ba \u2013 Ganador juego 6 vs Ganador juego 5<br \/>\n13.30 \u2013 Puesto 7\u00ba \u2013 Perdedor juego 4 vs Perdedor juego 3<br \/>\n15.30 \u2013 Puesto 5\u00ba \u2013 Ganador juego 4 vs Ganador juego 3<br \/>\n17.30 \u2013 Puesto 3\u00ba \u2013 Perdedor de juego 2 vs Perdedor de juego 1<br \/>\n19.30 \u2013 Puesto 1\u00ba \u2013 Ganador de juego 2 vs Ganador de juego 1<\/p>\n<p><strong>Fuente: <\/strong>Emanuel Niel (Prensa CABB).<\/p>\n<p><strong>Foto:<\/strong> Neconaranja.<\/p>\n","protected":false},"excerpt":{"rendered":"<p>Provincia de Buenos Aires debutar\u00e1 a las 15.30 ante Chaco<\/p>\n","protected":false},"author":1,"featured_media":60982,"comment_status":"closed","ping_status":"open","sticky":false,"template":"","format":"standard","meta":{"jnews-multi-image_gallery":[],"jnews_single_post":[],"jnews_primary_category":[],"footnotes":""},"categories":[59,75],"tags":[391,533,1030,434,1318],"class_list":["post-67559","post","type-post","status-publish","format-standard","has-post-thumbnail","hentry","category-bahia-2","category-provincia","tag-argentino-u17","tag-buenos-aires-u17","tag-cenard","tag-josefina-torruella","tag-provincia"],"yoast_head":"<!-- This site is optimized with the Yoast SEO plugin v27.5 - https:\/\/yoast.com\/product\/yoast-seo-wordpress\/ -->\n<title>Inicia el Argentino U17-F - Gente de B\u00e1squet<\/title>\n<meta name=\"robots\" content=\"index, follow, max-snippet:-1, max-image-preview:large, max-video-preview:-1\" \/>\n<link rel=\"canonical\" href=\"https:\/\/gentedebasquet.com.ar\/sitio\/2016\/12\/06\/inicia-el-argentino-u17-f\/\" \/>\n<meta property=\"og:locale\" content=\"es_ES\" \/>\n<meta property=\"og:type\" content=\"article\" \/>\n<meta property=\"og:title\" content=\"Inicia el Argentino U17-F - Gente de B\u00e1squet\" \/>\n<meta property=\"og:description\" content=\"Provincia de Buenos Aires debutar\u00e1 a las 15.30 ante Chaco\" \/>\n<meta property=\"og:url\" content=\"https:\/\/gentedebasquet.com.ar\/sitio\/2016\/12\/06\/inicia-el-argentino-u17-f\/\" \/>\n<meta property=\"og:site_name\" content=\"Gente de B\u00e1squet\" \/>\n<meta property=\"article:published_time\" content=\"2016-12-07T02:10:26+00:00\" \/>\n<meta property=\"og:image\" content=\"https:\/\/gentedebasquet.com.ar\/sitio\/wp-content\/uploads\/2016\/07\/Bahia-U17-Femenino.jpg\" \/>\n\t<meta property=\"og:image:width\" content=\"690\" \/>\n\t<meta property=\"og:image:height\" content=\"319\" \/>\n\t<meta property=\"og:image:type\" content=\"image\/jpeg\" \/>\n<meta name=\"author\" content=\"Gente de B\u00e1squet\" \/>\n<meta name=\"twitter:card\" content=\"summary_large_image\" \/>\n<meta name=\"twitter:label1\" content=\"Escrito por\" \/>\n\t<meta name=\"twitter:data1\" content=\"Gente de B\u00e1squet\" \/>\n\t<meta name=\"twitter:label2\" content=\"Tiempo de lectura\" \/>\n\t<meta name=\"twitter:data2\" content=\"3 minutos\" \/>\n<script type=\"application\/ld+json\" class=\"yoast-schema-graph\">{\"@context\":\"https:\\\/\\\/schema.org\",\"@graph\":[{\"@type\":\"Article\",\"@id\":\"https:\\\/\\\/gentedebasquet.com.ar\\\/sitio\\\/2016\\\/12\\\/06\\\/inicia-el-argentino-u17-f\\\/#article\",\"isPartOf\":{\"@id\":\"https:\\\/\\\/gentedebasquet.com.ar\\\/sitio\\\/2016\\\/12\\\/06\\\/inicia-el-argentino-u17-f\\\/\"},\"author\":{\"name\":\"Gente de B\u00e1squet\",\"@id\":\"https:\\\/\\\/gentedebasquet.com.ar\\\/sitio\\\/#\\\/schema\\\/person\\\/ca0b63bbb977369988a7bbbdc519943a\"},\"headline\":\"Inicia el Argentino U17-F\",\"datePublished\":\"2016-12-07T02:10:26+00:00\",\"mainEntityOfPage\":{\"@id\":\"https:\\\/\\\/gentedebasquet.com.ar\\\/sitio\\\/2016\\\/12\\\/06\\\/inicia-el-argentino-u17-f\\\/\"},\"wordCount\":569,\"image\":{\"@id\":\"https:\\\/\\\/gentedebasquet.com.ar\\\/sitio\\\/2016\\\/12\\\/06\\\/inicia-el-argentino-u17-f\\\/#primaryimage\"},\"thumbnailUrl\":\"http:\\\/\\\/gentedebasquet.com.ar\\\/sitio\\\/wp-content\\\/uploads\\\/2016\\\/07\\\/Bahia-U17-Femenino.jpg\",\"keywords\":[\"Argentino U17\",\"Buenos Aires U17\",\"CeNARD\",\"Josefina Torruella\",\"Provincia\"],\"articleSection\":[\"#Bah\u00eda\",\"Provincia\"],\"inLanguage\":\"es\"},{\"@type\":\"WebPage\",\"@id\":\"https:\\\/\\\/gentedebasquet.com.ar\\\/sitio\\\/2016\\\/12\\\/06\\\/inicia-el-argentino-u17-f\\\/\",\"url\":\"https:\\\/\\\/gentedebasquet.com.ar\\\/sitio\\\/2016\\\/12\\\/06\\\/inicia-el-argentino-u17-f\\\/\",\"name\":\"Inicia el Argentino U17-F - Gente de B\u00e1squet\",\"isPartOf\":{\"@id\":\"https:\\\/\\\/gentedebasquet.com.ar\\\/sitio\\\/#website\"},\"primaryImageOfPage\":{\"@id\":\"https:\\\/\\\/gentedebasquet.com.ar\\\/sitio\\\/2016\\\/12\\\/06\\\/inicia-el-argentino-u17-f\\\/#primaryimage\"},\"image\":{\"@id\":\"https:\\\/\\\/gentedebasquet.com.ar\\\/sitio\\\/2016\\\/12\\\/06\\\/inicia-el-argentino-u17-f\\\/#primaryimage\"},\"thumbnailUrl\":\"http:\\\/\\\/gentedebasquet.com.ar\\\/sitio\\\/wp-content\\\/uploads\\\/2016\\\/07\\\/Bahia-U17-Femenino.jpg\",\"datePublished\":\"2016-12-07T02:10:26+00:00\",\"author\":{\"@id\":\"https:\\\/\\\/gentedebasquet.com.ar\\\/sitio\\\/#\\\/schema\\\/person\\\/ca0b63bbb977369988a7bbbdc519943a\"},\"breadcrumb\":{\"@id\":\"https:\\\/\\\/gentedebasquet.com.ar\\\/sitio\\\/2016\\\/12\\\/06\\\/inicia-el-argentino-u17-f\\\/#breadcrumb\"},\"inLanguage\":\"es\",\"potentialAction\":[{\"@type\":\"ReadAction\",\"target\":[\"https:\\\/\\\/gentedebasquet.com.ar\\\/sitio\\\/2016\\\/12\\\/06\\\/inicia-el-argentino-u17-f\\\/\"]}]},{\"@type\":\"ImageObject\",\"inLanguage\":\"es\",\"@id\":\"https:\\\/\\\/gentedebasquet.com.ar\\\/sitio\\\/2016\\\/12\\\/06\\\/inicia-el-argentino-u17-f\\\/#primaryimage\",\"url\":\"http:\\\/\\\/gentedebasquet.com.ar\\\/sitio\\\/wp-content\\\/uploads\\\/2016\\\/07\\\/Bahia-U17-Femenino.jpg\",\"contentUrl\":\"http:\\\/\\\/gentedebasquet.com.ar\\\/sitio\\\/wp-content\\\/uploads\\\/2016\\\/07\\\/Bahia-U17-Femenino.jpg\",\"width\":690,\"height\":319},{\"@type\":\"BreadcrumbList\",\"@id\":\"https:\\\/\\\/gentedebasquet.com.ar\\\/sitio\\\/2016\\\/12\\\/06\\\/inicia-el-argentino-u17-f\\\/#breadcrumb\",\"itemListElement\":[{\"@type\":\"ListItem\",\"position\":1,\"name\":\"Portada\",\"item\":\"https:\\\/\\\/gentedebasquet.com.ar\\\/sitio\\\/\"},{\"@type\":\"ListItem\",\"position\":2,\"name\":\"Inicia el Argentino U17-F\"}]},{\"@type\":\"WebSite\",\"@id\":\"https:\\\/\\\/gentedebasquet.com.ar\\\/sitio\\\/#website\",\"url\":\"https:\\\/\\\/gentedebasquet.com.ar\\\/sitio\\\/\",\"name\":\"Gente de B\u00e1squet\",\"description\":\"La revista del basquet de Bah\u00eda Blanca\",\"potentialAction\":[{\"@type\":\"SearchAction\",\"target\":{\"@type\":\"EntryPoint\",\"urlTemplate\":\"https:\\\/\\\/gentedebasquet.com.ar\\\/sitio\\\/?s={search_term_string}\"},\"query-input\":{\"@type\":\"PropertyValueSpecification\",\"valueRequired\":true,\"valueName\":\"search_term_string\"}}],\"inLanguage\":\"es\"},{\"@type\":\"Person\",\"@id\":\"https:\\\/\\\/gentedebasquet.com.ar\\\/sitio\\\/#\\\/schema\\\/person\\\/ca0b63bbb977369988a7bbbdc519943a\",\"name\":\"Gente de B\u00e1squet\",\"image\":{\"@type\":\"ImageObject\",\"inLanguage\":\"es\",\"@id\":\"https:\\\/\\\/secure.gravatar.com\\\/avatar\\\/7f2c48bdc33b30088f941fb6082e555f2874c98e20cb159d7b92b50eadfce793?s=96&d=mm&r=g\",\"url\":\"https:\\\/\\\/secure.gravatar.com\\\/avatar\\\/7f2c48bdc33b30088f941fb6082e555f2874c98e20cb159d7b92b50eadfce793?s=96&d=mm&r=g\",\"contentUrl\":\"https:\\\/\\\/secure.gravatar.com\\\/avatar\\\/7f2c48bdc33b30088f941fb6082e555f2874c98e20cb159d7b92b50eadfce793?s=96&d=mm&r=g\",\"caption\":\"Gente de B\u00e1squet\"},\"sameAs\":[\"http:\\\/\\\/gentedebasquet.com.ar\\\/sitio\"],\"url\":\"http:\\\/\\\/gentedebasquet.com.ar\\\/sitio\\\/author\\\/ulises\\\/\"}]}<\/script>\n<!-- \/ Yoast SEO plugin. -->","yoast_head_json":{"title":"Inicia el Argentino U17-F - Gente de B\u00e1squet","robots":{"index":"index","follow":"follow","max-snippet":"max-snippet:-1","max-image-preview":"max-image-preview:large","max-video-preview":"max-video-preview:-1"},"canonical":"https:\/\/gentedebasquet.com.ar\/sitio\/2016\/12\/06\/inicia-el-argentino-u17-f\/","og_locale":"es_ES","og_type":"article","og_title":"Inicia el Argentino U17-F - Gente de B\u00e1squet","og_description":"Provincia de Buenos Aires debutar\u00e1 a las 15.30 ante Chaco","og_url":"https:\/\/gentedebasquet.com.ar\/sitio\/2016\/12\/06\/inicia-el-argentino-u17-f\/","og_site_name":"Gente de B\u00e1squet","article_published_time":"2016-12-07T02:10:26+00:00","og_image":[{"width":690,"height":319,"url":"https:\/\/gentedebasquet.com.ar\/sitio\/wp-content\/uploads\/2016\/07\/Bahia-U17-Femenino.jpg","type":"image\/jpeg"}],"author":"Gente de B\u00e1squet","twitter_card":"summary_large_image","twitter_misc":{"Escrito por":"Gente de B\u00e1squet","Tiempo de lectura":"3 minutos"},"schema":{"@context":"https:\/\/schema.org","@graph":[{"@type":"Article","@id":"https:\/\/gentedebasquet.com.ar\/sitio\/2016\/12\/06\/inicia-el-argentino-u17-f\/#article","isPartOf":{"@id":"https:\/\/gentedebasquet.com.ar\/sitio\/2016\/12\/06\/inicia-el-argentino-u17-f\/"},"author":{"name":"Gente de B\u00e1squet","@id":"https:\/\/gentedebasquet.com.ar\/sitio\/#\/schema\/person\/ca0b63bbb977369988a7bbbdc519943a"},"headline":"Inicia el Argentino U17-F","datePublished":"2016-12-07T02:10:26+00:00","mainEntityOfPage":{"@id":"https:\/\/gentedebasquet.com.ar\/sitio\/2016\/12\/06\/inicia-el-argentino-u17-f\/"},"wordCount":569,"image":{"@id":"https:\/\/gentedebasquet.com.ar\/sitio\/2016\/12\/06\/inicia-el-argentino-u17-f\/#primaryimage"},"thumbnailUrl":"http:\/\/gentedebasquet.com.ar\/sitio\/wp-content\/uploads\/2016\/07\/Bahia-U17-Femenino.jpg","keywords":["Argentino U17","Buenos Aires U17","CeNARD","Josefina Torruella","Provincia"],"articleSection":["#Bah\u00eda","Provincia"],"inLanguage":"es"},{"@type":"WebPage","@id":"https:\/\/gentedebasquet.com.ar\/sitio\/2016\/12\/06\/inicia-el-argentino-u17-f\/","url":"https:\/\/gentedebasquet.com.ar\/sitio\/2016\/12\/06\/inicia-el-argentino-u17-f\/","name":"Inicia el Argentino U17-F - Gente de B\u00e1squet","isPartOf":{"@id":"https:\/\/gentedebasquet.com.ar\/sitio\/#website"},"primaryImageOfPage":{"@id":"https:\/\/gentedebasquet.com.ar\/sitio\/2016\/12\/06\/inicia-el-argentino-u17-f\/#primaryimage"},"image":{"@id":"https:\/\/gentedebasquet.com.ar\/sitio\/2016\/12\/06\/inicia-el-argentino-u17-f\/#primaryimage"},"thumbnailUrl":"http:\/\/gentedebasquet.com.ar\/sitio\/wp-content\/uploads\/2016\/07\/Bahia-U17-Femenino.jpg","datePublished":"2016-12-07T02:10:26+00:00","author":{"@id":"https:\/\/gentedebasquet.com.ar\/sitio\/#\/schema\/person\/ca0b63bbb977369988a7bbbdc519943a"},"breadcrumb":{"@id":"https:\/\/gentedebasquet.com.ar\/sitio\/2016\/12\/06\/inicia-el-argentino-u17-f\/#breadcrumb"},"inLanguage":"es","potentialAction":[{"@type":"ReadAction","target":["https:\/\/gentedebasquet.com.ar\/sitio\/2016\/12\/06\/inicia-el-argentino-u17-f\/"]}]},{"@type":"ImageObject","inLanguage":"es","@id":"https:\/\/gentedebasquet.com.ar\/sitio\/2016\/12\/06\/inicia-el-argentino-u17-f\/#primaryimage","url":"http:\/\/gentedebasquet.com.ar\/sitio\/wp-content\/uploads\/2016\/07\/Bahia-U17-Femenino.jpg","contentUrl":"http:\/\/gentedebasquet.com.ar\/sitio\/wp-content\/uploads\/2016\/07\/Bahia-U17-Femenino.jpg","width":690,"height":319},{"@type":"BreadcrumbList","@id":"https:\/\/gentedebasquet.com.ar\/sitio\/2016\/12\/06\/inicia-el-argentino-u17-f\/#breadcrumb","itemListElement":[{"@type":"ListItem","position":1,"name":"Portada","item":"https:\/\/gentedebasquet.com.ar\/sitio\/"},{"@type":"ListItem","position":2,"name":"Inicia el Argentino U17-F"}]},{"@type":"WebSite","@id":"https:\/\/gentedebasquet.com.ar\/sitio\/#website","url":"https:\/\/gentedebasquet.com.ar\/sitio\/","name":"Gente de B\u00e1squet","description":"La revista del basquet de Bah\u00eda Blanca","potentialAction":[{"@type":"SearchAction","target":{"@type":"EntryPoint","urlTemplate":"https:\/\/gentedebasquet.com.ar\/sitio\/?s={search_term_string}"},"query-input":{"@type":"PropertyValueSpecification","valueRequired":true,"valueName":"search_term_string"}}],"inLanguage":"es"},{"@type":"Person","@id":"https:\/\/gentedebasquet.com.ar\/sitio\/#\/schema\/person\/ca0b63bbb977369988a7bbbdc519943a","name":"Gente de B\u00e1squet","image":{"@type":"ImageObject","inLanguage":"es","@id":"https:\/\/secure.gravatar.com\/avatar\/7f2c48bdc33b30088f941fb6082e555f2874c98e20cb159d7b92b50eadfce793?s=96&d=mm&r=g","url":"https:\/\/secure.gravatar.com\/avatar\/7f2c48bdc33b30088f941fb6082e555f2874c98e20cb159d7b92b50eadfce793?s=96&d=mm&r=g","contentUrl":"https:\/\/secure.gravatar.com\/avatar\/7f2c48bdc33b30088f941fb6082e555f2874c98e20cb159d7b92b50eadfce793?s=96&d=mm&r=g","caption":"Gente de B\u00e1squet"},"sameAs":["http:\/\/gentedebasquet.com.ar\/sitio"],"url":"http:\/\/gentedebasquet.com.ar\/sitio\/author\/ulises\/"}]}},"_links":{"self":[{"href":"http:\/\/gentedebasquet.com.ar\/sitio\/wp-json\/wp\/v2\/posts\/67559","targetHints":{"allow":["GET"]}}],"collection":[{"href":"http:\/\/gentedebasquet.com.ar\/sitio\/wp-json\/wp\/v2\/posts"}],"about":[{"href":"http:\/\/gentedebasquet.com.ar\/sitio\/wp-json\/wp\/v2\/types\/post"}],"author":[{"embeddable":true,"href":"http:\/\/gentedebasquet.com.ar\/sitio\/wp-json\/wp\/v2\/users\/1"}],"replies":[{"embeddable":true,"href":"http:\/\/gentedebasquet.com.ar\/sitio\/wp-json\/wp\/v2\/comments?post=67559"}],"version-history":[{"count":0,"href":"http:\/\/gentedebasquet.com.ar\/sitio\/wp-json\/wp\/v2\/posts\/67559\/revisions"}],"wp:featuredmedia":[{"embeddable":true,"href":"http:\/\/gentedebasquet.com.ar\/sitio\/wp-json\/wp\/v2\/media\/60982"}],"wp:attachment":[{"href":"http:\/\/gentedebasquet.com.ar\/sitio\/wp-json\/wp\/v2\/media?parent=67559"}],"wp:term":[{"taxonomy":"category","embeddable":true,"href":"http:\/\/gentedebasquet.com.ar\/sitio\/wp-json\/wp\/v2\/categories?post=67559"},{"taxonomy":"post_tag","embeddable":true,"href":"http:\/\/gentedebasquet.com.ar\/sitio\/wp-json\/wp\/v2\/tags?post=67559"}],"curies":[{"name":"wp","href":"https:\/\/api.w.org\/{rel}","templated":true}]}}