{"id":67642,"date":"2016-12-10T21:10:03","date_gmt":"2016-12-11T00:10:03","guid":{"rendered":"http:\/\/www.gentedebasquet.com.ar\/?p=67642"},"modified":"2016-12-10T21:10:03","modified_gmt":"2016-12-11T00:10:03","slug":"festejo-con-don-pedro","status":"publish","type":"post","link":"http:\/\/gentedebasquet.com.ar\/sitio\/2016\/12\/10\/festejo-con-don-pedro\/","title":{"rendered":"Festej\u00f3 con Don Pedro"},"content":{"rendered":"<p><strong>En el Manu Gin\u00f3bili, Olimpo sac\u00f3 chapa y cosech\u00f3 una trabajosa victoria sobre\u00a0Bahiense del Norte por 75-61 para quedarse con el primer juego de las finales en Juveniles. El aurinegro tuvo un gran PT que le permiti\u00f3 irse al descanso +12; mientras que el local debi\u00f3 correr de atr\u00e1s <\/strong><strong>y no supo revertir la situaci\u00f3n, pese a que en el 3C logr\u00f3\u00a0ponerse a solo 6 puntos. La figura del match fue Agust\u00edn Pedro (17 puntos, con 6-8 t2), quien estuvo bien acompa\u00f1ado por Franco Ruesga (15), Valent\u00edn Bettiga (15), Facundo Arens (12) y Agust\u00edn S\u00e1nchez (12). En el tricolor, no alcanz\u00f3 con la gran performance de Manuel Peyronnet (24, con 6-6 t2 y 6-6 tl) y Mat\u00edas Pristupa (17, con 3-6 t3 y 4-6 t2). La revancha no tiene fecha confirmada de realizaci\u00f3n.<\/strong><\/p>\n<p>El comienzo del juego fue\u00a0muy electrizante, mostrando a dos equipos muy fuertes a la hora de defender hombre\u00a0pero muy imprecisos a la hora de generar buenas y prolijas ofensivas. Tal fue as\u00ed que con 2m de juego el tanteador no reflejaba puntos. En consiguiente, el encargado de romper la sequ\u00eda fue Facundo Arens, penetrando y ayud\u00e1ndose con el tablero para abrir el marcador. A partir de ah\u00ed y con un parcial de 7-2, el aurinegro empez\u00f3 a dominar en gran parte gracias a las buenas decisiones en ofensiva de Franco Ruesga (6). Los locales nunca se sintieron c\u00f3modos en la cancha y, acompa\u00f1ado de una mala efectividad en tiros (1-7), quedaron r\u00e1pidamente por detr\u00e1s. Ese toque de experiencia que tienen los jugadores olimpienses les permiti\u00f3 cerrar el 1C con +13 de diferencia.<\/p>\n<p><img decoding=\"async\" class=\"size-full wp-image-67663 alignright\" src=\"http:\/\/www.gentedebasquet.com.ar\/wp-content\/uploads\/2016\/12\/Olimpo-Bahiense-U19.jpg\" alt=\"olimpo-bahiense-u19\" width=\"400\" height=\"267\" srcset=\"http:\/\/gentedebasquet.com.ar\/sitio\/wp-content\/uploads\/2016\/12\/Olimpo-Bahiense-U19.jpg 400w, http:\/\/gentedebasquet.com.ar\/sitio\/wp-content\/uploads\/2016\/12\/Olimpo-Bahiense-U19-300x200.jpg 300w\" sizes=\"(max-width: 400px) 100vw, 400px\" \/><\/p>\n<p>El 2C fue un calco de la primera parte. En los primeros minutos las imprecisiones por parte de los dos elencos se hicieron due\u00f1as de dicho per\u00edodo. Con el transcurrir de los minutos, Bahiense se fue parando mejor en cancha y con la ayuda de una presi\u00f3n alta comenz\u00f3 a imponer su ritmo. \u00a0A ello hay que sumarle la gran labor de Manuel Peyronnet (12), muy decidido a la hora de lanzar \u00a0y tambi\u00e9n con personalidad para penetrar hacia la pintura. No obstante, y pese a ganar el segmento, se erigi\u00f3 como la \u00fanica carta de gol de los locales camino a los vestuarios.<\/p>\n<p>Si bien Bahiense fue superior a lo largo del 3C, nunca pudo ponerse arriba en el partido. Reci\u00e9n a falta de 2m59, luego de un triple de Mat\u00edas Pristupa, logr\u00f3 achicar el margen y colocarse a dos posesiones: solo 6 puntos abajo. Producto de la ansiedad por querer ganar el partido, los locales no supieron aprovechas varias situaciones factibles y cometieron p\u00e9rdidas en la salida que los dirigidos por Dobal no desperdiciaron. Ese combo les permiti\u00f3 retomar la ventaja y lograr 10 de luz de cara al 4C.<\/p>\n<blockquote><p>Sab\u00edamos que Bahiense era un equipo dur\u00edsimo y lo demostr\u00f3 las dos veces que nos enfrentamos, tanto en el Tom\u00e1s como ac\u00e1. Ellos tienen una gran intensidad a diferencia de los dem\u00e1s equipos, as\u00ed que ten\u00edamos que hacer un partido muy correcto para llevarnos el triunfo. Hoy lo hicimos muy bien. En lo personal me sent\u00ed muy c\u00f3modo; uno siempre trata de dar lo m\u00e1ximo para su equipo. Era muy importante poder ganar de visitante, m\u00e1s que nada porque el pr\u00f3ximo jugamos de local y en nuestra cancha nos hacemos muy fuertes. Ojal\u00e1 sigamos de esta manera para poder coronarlo con el campeonato (Agust\u00edn Pedro)<\/p><\/blockquote>\n<p>Por la\u00a0desventaja, al local no le qued\u00f3 otra opci\u00f3n que salir a buscar el partido. Esa b\u00fasqueda lo llev\u00f3 a cometer distracciones en defensa que Olimpo usufructu\u00f3 a trav\u00e9s de Agust\u00edn Pedro (8), imparable. Ya en los \u00faltimos minutos, la visita se dedic\u00f3 a mover la bola, apoder\u00e1ndose de la situaci\u00f3n y aprovechando que ten\u00eda el reloj a su favor. Si bien el aurinegro no tuvo un buen 3C, en el resto del juego fue claro dominador y es por ello que fue un justo ganador.<\/p>\n<p>&nbsp;<\/p>\n<p>[vimeo]http:\/\/vimeo.com\/195188257[\/vimeo]<\/p>\n<p>&nbsp;<\/p>\n<p><strong>S\u00edntesis |<\/strong><strong>\u00a0<\/strong>U19 &#8211; Finales &#8211; Juego #1<\/p>\n<p><strong>Bahiense del Norte 61:<\/strong><strong>\u00a0<\/strong>Ignacio Gerbaudo 5,\u00a0Manuel Peyronnet 24, Mat\u00edas Pristupa 17, Gonzalo Nolt 0, Iv\u00e1n Catani 12 (Fi); Mart\u00edn Mercado 3 y Federico Repetti 0. DT: Alejandro Navallo.<\/p>\n<p><strong>Olimpo 75<\/strong>: Franco Ruesga 15, Agust\u00edn Pedro 19, Facundo Arens 12, Agustin S\u00e1nchez 12, Federico Montenegro 0 (Fi); Valent\u00edn Bettiga 15, Juli\u00e1n Carpenzano 2, Agust\u00edn Astradas 0 y Fausto Ruega 0. DT: Juan Manuel Dobal.<\/p>\n<p><strong>Parciales:<\/strong><strong>\u00a0<\/strong>10-23, 32-44 (22-21), 49-59 (17-15) y 61-75 (11-16).<\/p>\n<p><strong>\u00c1rbitros:<\/strong><strong>\u00a0<\/strong>Mauro Reyes\u2013 Mariano Enrique &#8211; Juan Jaramillo.<\/p>\n<p><strong>Estadio:<\/strong><strong>\u00a0<\/strong>Manu Gin\u00f3bili (Bahiense del Norte).<\/p>\n<p><a class=\"modalf iframe\" title=\"Planilla\" href=\"https:\/\/docs.google.com\/spreadsheets\/d\/1KaQBzwWbs1MCfrMTOxC__msbXfB_R7mRFdF39bLuQdw\/pubhtml\" target=\"_blank\" rel=\"noopener\">Ver Planilla<\/a><\/p>\n<p><strong>Fotos:<\/strong> Romina Sald\u00edas.<\/p>\n<p><strong>Serie:<\/strong> Olimpo, 1-0.<\/p>\n","protected":false},"excerpt":{"rendered":"<p>Agust\u00edn, goleador (19) en la victoria de Olimpo sobre Bahiense en U19: 75 a 61<\/p>\n","protected":false},"author":1,"featured_media":67671,"comment_status":"closed","ping_status":"open","sticky":false,"template":"","format":"standard","meta":{"jnews-multi-image_gallery":[],"jnews_single_post":[],"jnews_primary_category":[],"footnotes":""},"categories":[101,26],"tags":[1464,5,467,1280,16],"class_list":["post-67642","post","type-post","status-publish","format-standard","has-post-thumbnail","hentry","category-slide","category-u19","tag-agustin-pedro","tag-bahiense-del-norte","tag-franco-ruesga","tag-manuel-peyronnet","tag-olimpo"],"yoast_head":"<!-- This site is optimized with the Yoast SEO plugin v27.5 - https:\/\/yoast.com\/product\/yoast-seo-wordpress\/ -->\n<title>Festej\u00f3 con Don Pedro - Gente de B\u00e1squet<\/title>\n<meta name=\"robots\" content=\"index, follow, max-snippet:-1, max-image-preview:large, max-video-preview:-1\" \/>\n<link rel=\"canonical\" href=\"http:\/\/gentedebasquet.com.ar\/sitio\/2016\/12\/10\/festejo-con-don-pedro\/\" \/>\n<meta property=\"og:locale\" content=\"es_ES\" \/>\n<meta property=\"og:type\" content=\"article\" \/>\n<meta property=\"og:title\" content=\"Festej\u00f3 con Don Pedro - Gente de B\u00e1squet\" \/>\n<meta property=\"og:description\" content=\"Agust\u00edn, goleador (19) en la victoria de Olimpo sobre Bahiense en U19: 75 a 61\" \/>\n<meta property=\"og:url\" content=\"http:\/\/gentedebasquet.com.ar\/sitio\/2016\/12\/10\/festejo-con-don-pedro\/\" \/>\n<meta property=\"og:site_name\" content=\"Gente de B\u00e1squet\" \/>\n<meta property=\"article:published_time\" content=\"2016-12-11T00:10:03+00:00\" \/>\n<meta property=\"og:image\" content=\"http:\/\/gentedebasquet.com.ar\/sitio\/wp-content\/uploads\/2016\/12\/Agustin-Pedro-Bahiense-Olimpo-U19.jpg\" \/>\n\t<meta property=\"og:image:width\" content=\"690\" \/>\n\t<meta property=\"og:image:height\" content=\"319\" \/>\n\t<meta property=\"og:image:type\" content=\"image\/jpeg\" \/>\n<meta name=\"author\" content=\"Gente de B\u00e1squet\" \/>\n<meta name=\"twitter:card\" content=\"summary_large_image\" \/>\n<meta name=\"twitter:label1\" content=\"Escrito por\" \/>\n\t<meta name=\"twitter:data1\" content=\"Gente de B\u00e1squet\" \/>\n\t<meta name=\"twitter:label2\" content=\"Tiempo de lectura\" \/>\n\t<meta name=\"twitter:data2\" content=\"4 minutos\" \/>\n<script type=\"application\/ld+json\" class=\"yoast-schema-graph\">{\"@context\":\"https:\\\/\\\/schema.org\",\"@graph\":[{\"@type\":\"Article\",\"@id\":\"http:\\\/\\\/gentedebasquet.com.ar\\\/sitio\\\/2016\\\/12\\\/10\\\/festejo-con-don-pedro\\\/#article\",\"isPartOf\":{\"@id\":\"http:\\\/\\\/gentedebasquet.com.ar\\\/sitio\\\/2016\\\/12\\\/10\\\/festejo-con-don-pedro\\\/\"},\"author\":{\"name\":\"Gente de B\u00e1squet\",\"@id\":\"https:\\\/\\\/gentedebasquet.com.ar\\\/sitio\\\/#\\\/schema\\\/person\\\/ca0b63bbb977369988a7bbbdc519943a\"},\"headline\":\"Festej\u00f3 con Don Pedro\",\"datePublished\":\"2016-12-11T00:10:03+00:00\",\"mainEntityOfPage\":{\"@id\":\"http:\\\/\\\/gentedebasquet.com.ar\\\/sitio\\\/2016\\\/12\\\/10\\\/festejo-con-don-pedro\\\/\"},\"wordCount\":784,\"image\":{\"@id\":\"http:\\\/\\\/gentedebasquet.com.ar\\\/sitio\\\/2016\\\/12\\\/10\\\/festejo-con-don-pedro\\\/#primaryimage\"},\"thumbnailUrl\":\"http:\\\/\\\/gentedebasquet.com.ar\\\/sitio\\\/wp-content\\\/uploads\\\/2016\\\/12\\\/Agustin-Pedro-Bahiense-Olimpo-U19.jpg\",\"keywords\":[\"Agustin Pedro\",\"Bahiense Del Norte\",\"Franco Ruesga\",\"Manuel Peyronnet\",\"Ol\u00edmpo\"],\"articleSection\":[\"Slide\",\"U19\"],\"inLanguage\":\"es\"},{\"@type\":\"WebPage\",\"@id\":\"http:\\\/\\\/gentedebasquet.com.ar\\\/sitio\\\/2016\\\/12\\\/10\\\/festejo-con-don-pedro\\\/\",\"url\":\"http:\\\/\\\/gentedebasquet.com.ar\\\/sitio\\\/2016\\\/12\\\/10\\\/festejo-con-don-pedro\\\/\",\"name\":\"Festej\u00f3 con Don Pedro - Gente de B\u00e1squet\",\"isPartOf\":{\"@id\":\"https:\\\/\\\/gentedebasquet.com.ar\\\/sitio\\\/#website\"},\"primaryImageOfPage\":{\"@id\":\"http:\\\/\\\/gentedebasquet.com.ar\\\/sitio\\\/2016\\\/12\\\/10\\\/festejo-con-don-pedro\\\/#primaryimage\"},\"image\":{\"@id\":\"http:\\\/\\\/gentedebasquet.com.ar\\\/sitio\\\/2016\\\/12\\\/10\\\/festejo-con-don-pedro\\\/#primaryimage\"},\"thumbnailUrl\":\"http:\\\/\\\/gentedebasquet.com.ar\\\/sitio\\\/wp-content\\\/uploads\\\/2016\\\/12\\\/Agustin-Pedro-Bahiense-Olimpo-U19.jpg\",\"datePublished\":\"2016-12-11T00:10:03+00:00\",\"author\":{\"@id\":\"https:\\\/\\\/gentedebasquet.com.ar\\\/sitio\\\/#\\\/schema\\\/person\\\/ca0b63bbb977369988a7bbbdc519943a\"},\"breadcrumb\":{\"@id\":\"http:\\\/\\\/gentedebasquet.com.ar\\\/sitio\\\/2016\\\/12\\\/10\\\/festejo-con-don-pedro\\\/#breadcrumb\"},\"inLanguage\":\"es\",\"potentialAction\":[{\"@type\":\"ReadAction\",\"target\":[\"http:\\\/\\\/gentedebasquet.com.ar\\\/sitio\\\/2016\\\/12\\\/10\\\/festejo-con-don-pedro\\\/\"]}]},{\"@type\":\"ImageObject\",\"inLanguage\":\"es\",\"@id\":\"http:\\\/\\\/gentedebasquet.com.ar\\\/sitio\\\/2016\\\/12\\\/10\\\/festejo-con-don-pedro\\\/#primaryimage\",\"url\":\"http:\\\/\\\/gentedebasquet.com.ar\\\/sitio\\\/wp-content\\\/uploads\\\/2016\\\/12\\\/Agustin-Pedro-Bahiense-Olimpo-U19.jpg\",\"contentUrl\":\"http:\\\/\\\/gentedebasquet.com.ar\\\/sitio\\\/wp-content\\\/uploads\\\/2016\\\/12\\\/Agustin-Pedro-Bahiense-Olimpo-U19.jpg\",\"width\":690,\"height\":319},{\"@type\":\"BreadcrumbList\",\"@id\":\"http:\\\/\\\/gentedebasquet.com.ar\\\/sitio\\\/2016\\\/12\\\/10\\\/festejo-con-don-pedro\\\/#breadcrumb\",\"itemListElement\":[{\"@type\":\"ListItem\",\"position\":1,\"name\":\"Portada\",\"item\":\"https:\\\/\\\/gentedebasquet.com.ar\\\/sitio\\\/\"},{\"@type\":\"ListItem\",\"position\":2,\"name\":\"Festej\u00f3 con Don Pedro\"}]},{\"@type\":\"WebSite\",\"@id\":\"https:\\\/\\\/gentedebasquet.com.ar\\\/sitio\\\/#website\",\"url\":\"https:\\\/\\\/gentedebasquet.com.ar\\\/sitio\\\/\",\"name\":\"Gente de B\u00e1squet\",\"description\":\"La revista del basquet de Bah\u00eda Blanca\",\"potentialAction\":[{\"@type\":\"SearchAction\",\"target\":{\"@type\":\"EntryPoint\",\"urlTemplate\":\"https:\\\/\\\/gentedebasquet.com.ar\\\/sitio\\\/?s={search_term_string}\"},\"query-input\":{\"@type\":\"PropertyValueSpecification\",\"valueRequired\":true,\"valueName\":\"search_term_string\"}}],\"inLanguage\":\"es\"},{\"@type\":\"Person\",\"@id\":\"https:\\\/\\\/gentedebasquet.com.ar\\\/sitio\\\/#\\\/schema\\\/person\\\/ca0b63bbb977369988a7bbbdc519943a\",\"name\":\"Gente de B\u00e1squet\",\"image\":{\"@type\":\"ImageObject\",\"inLanguage\":\"es\",\"@id\":\"https:\\\/\\\/secure.gravatar.com\\\/avatar\\\/7f2c48bdc33b30088f941fb6082e555f2874c98e20cb159d7b92b50eadfce793?s=96&d=mm&r=g\",\"url\":\"https:\\\/\\\/secure.gravatar.com\\\/avatar\\\/7f2c48bdc33b30088f941fb6082e555f2874c98e20cb159d7b92b50eadfce793?s=96&d=mm&r=g\",\"contentUrl\":\"https:\\\/\\\/secure.gravatar.com\\\/avatar\\\/7f2c48bdc33b30088f941fb6082e555f2874c98e20cb159d7b92b50eadfce793?s=96&d=mm&r=g\",\"caption\":\"Gente de B\u00e1squet\"},\"sameAs\":[\"http:\\\/\\\/gentedebasquet.com.ar\\\/sitio\"],\"url\":\"http:\\\/\\\/gentedebasquet.com.ar\\\/sitio\\\/author\\\/ulises\\\/\"}]}<\/script>\n<!-- \/ Yoast SEO plugin. -->","yoast_head_json":{"title":"Festej\u00f3 con Don Pedro - Gente de B\u00e1squet","robots":{"index":"index","follow":"follow","max-snippet":"max-snippet:-1","max-image-preview":"max-image-preview:large","max-video-preview":"max-video-preview:-1"},"canonical":"http:\/\/gentedebasquet.com.ar\/sitio\/2016\/12\/10\/festejo-con-don-pedro\/","og_locale":"es_ES","og_type":"article","og_title":"Festej\u00f3 con Don Pedro - Gente de B\u00e1squet","og_description":"Agust\u00edn, goleador (19) en la victoria de Olimpo sobre Bahiense en U19: 75 a 61","og_url":"http:\/\/gentedebasquet.com.ar\/sitio\/2016\/12\/10\/festejo-con-don-pedro\/","og_site_name":"Gente de B\u00e1squet","article_published_time":"2016-12-11T00:10:03+00:00","og_image":[{"width":690,"height":319,"url":"http:\/\/gentedebasquet.com.ar\/sitio\/wp-content\/uploads\/2016\/12\/Agustin-Pedro-Bahiense-Olimpo-U19.jpg","type":"image\/jpeg"}],"author":"Gente de B\u00e1squet","twitter_card":"summary_large_image","twitter_misc":{"Escrito por":"Gente de B\u00e1squet","Tiempo de lectura":"4 minutos"},"schema":{"@context":"https:\/\/schema.org","@graph":[{"@type":"Article","@id":"http:\/\/gentedebasquet.com.ar\/sitio\/2016\/12\/10\/festejo-con-don-pedro\/#article","isPartOf":{"@id":"http:\/\/gentedebasquet.com.ar\/sitio\/2016\/12\/10\/festejo-con-don-pedro\/"},"author":{"name":"Gente de B\u00e1squet","@id":"https:\/\/gentedebasquet.com.ar\/sitio\/#\/schema\/person\/ca0b63bbb977369988a7bbbdc519943a"},"headline":"Festej\u00f3 con Don Pedro","datePublished":"2016-12-11T00:10:03+00:00","mainEntityOfPage":{"@id":"http:\/\/gentedebasquet.com.ar\/sitio\/2016\/12\/10\/festejo-con-don-pedro\/"},"wordCount":784,"image":{"@id":"http:\/\/gentedebasquet.com.ar\/sitio\/2016\/12\/10\/festejo-con-don-pedro\/#primaryimage"},"thumbnailUrl":"http:\/\/gentedebasquet.com.ar\/sitio\/wp-content\/uploads\/2016\/12\/Agustin-Pedro-Bahiense-Olimpo-U19.jpg","keywords":["Agustin Pedro","Bahiense Del Norte","Franco Ruesga","Manuel Peyronnet","Ol\u00edmpo"],"articleSection":["Slide","U19"],"inLanguage":"es"},{"@type":"WebPage","@id":"http:\/\/gentedebasquet.com.ar\/sitio\/2016\/12\/10\/festejo-con-don-pedro\/","url":"http:\/\/gentedebasquet.com.ar\/sitio\/2016\/12\/10\/festejo-con-don-pedro\/","name":"Festej\u00f3 con Don Pedro - Gente de B\u00e1squet","isPartOf":{"@id":"https:\/\/gentedebasquet.com.ar\/sitio\/#website"},"primaryImageOfPage":{"@id":"http:\/\/gentedebasquet.com.ar\/sitio\/2016\/12\/10\/festejo-con-don-pedro\/#primaryimage"},"image":{"@id":"http:\/\/gentedebasquet.com.ar\/sitio\/2016\/12\/10\/festejo-con-don-pedro\/#primaryimage"},"thumbnailUrl":"http:\/\/gentedebasquet.com.ar\/sitio\/wp-content\/uploads\/2016\/12\/Agustin-Pedro-Bahiense-Olimpo-U19.jpg","datePublished":"2016-12-11T00:10:03+00:00","author":{"@id":"https:\/\/gentedebasquet.com.ar\/sitio\/#\/schema\/person\/ca0b63bbb977369988a7bbbdc519943a"},"breadcrumb":{"@id":"http:\/\/gentedebasquet.com.ar\/sitio\/2016\/12\/10\/festejo-con-don-pedro\/#breadcrumb"},"inLanguage":"es","potentialAction":[{"@type":"ReadAction","target":["http:\/\/gentedebasquet.com.ar\/sitio\/2016\/12\/10\/festejo-con-don-pedro\/"]}]},{"@type":"ImageObject","inLanguage":"es","@id":"http:\/\/gentedebasquet.com.ar\/sitio\/2016\/12\/10\/festejo-con-don-pedro\/#primaryimage","url":"http:\/\/gentedebasquet.com.ar\/sitio\/wp-content\/uploads\/2016\/12\/Agustin-Pedro-Bahiense-Olimpo-U19.jpg","contentUrl":"http:\/\/gentedebasquet.com.ar\/sitio\/wp-content\/uploads\/2016\/12\/Agustin-Pedro-Bahiense-Olimpo-U19.jpg","width":690,"height":319},{"@type":"BreadcrumbList","@id":"http:\/\/gentedebasquet.com.ar\/sitio\/2016\/12\/10\/festejo-con-don-pedro\/#breadcrumb","itemListElement":[{"@type":"ListItem","position":1,"name":"Portada","item":"https:\/\/gentedebasquet.com.ar\/sitio\/"},{"@type":"ListItem","position":2,"name":"Festej\u00f3 con Don Pedro"}]},{"@type":"WebSite","@id":"https:\/\/gentedebasquet.com.ar\/sitio\/#website","url":"https:\/\/gentedebasquet.com.ar\/sitio\/","name":"Gente de B\u00e1squet","description":"La revista del basquet de Bah\u00eda Blanca","potentialAction":[{"@type":"SearchAction","target":{"@type":"EntryPoint","urlTemplate":"https:\/\/gentedebasquet.com.ar\/sitio\/?s={search_term_string}"},"query-input":{"@type":"PropertyValueSpecification","valueRequired":true,"valueName":"search_term_string"}}],"inLanguage":"es"},{"@type":"Person","@id":"https:\/\/gentedebasquet.com.ar\/sitio\/#\/schema\/person\/ca0b63bbb977369988a7bbbdc519943a","name":"Gente de B\u00e1squet","image":{"@type":"ImageObject","inLanguage":"es","@id":"https:\/\/secure.gravatar.com\/avatar\/7f2c48bdc33b30088f941fb6082e555f2874c98e20cb159d7b92b50eadfce793?s=96&d=mm&r=g","url":"https:\/\/secure.gravatar.com\/avatar\/7f2c48bdc33b30088f941fb6082e555f2874c98e20cb159d7b92b50eadfce793?s=96&d=mm&r=g","contentUrl":"https:\/\/secure.gravatar.com\/avatar\/7f2c48bdc33b30088f941fb6082e555f2874c98e20cb159d7b92b50eadfce793?s=96&d=mm&r=g","caption":"Gente de B\u00e1squet"},"sameAs":["http:\/\/gentedebasquet.com.ar\/sitio"],"url":"http:\/\/gentedebasquet.com.ar\/sitio\/author\/ulises\/"}]}},"_links":{"self":[{"href":"http:\/\/gentedebasquet.com.ar\/sitio\/wp-json\/wp\/v2\/posts\/67642","targetHints":{"allow":["GET"]}}],"collection":[{"href":"http:\/\/gentedebasquet.com.ar\/sitio\/wp-json\/wp\/v2\/posts"}],"about":[{"href":"http:\/\/gentedebasquet.com.ar\/sitio\/wp-json\/wp\/v2\/types\/post"}],"author":[{"embeddable":true,"href":"http:\/\/gentedebasquet.com.ar\/sitio\/wp-json\/wp\/v2\/users\/1"}],"replies":[{"embeddable":true,"href":"http:\/\/gentedebasquet.com.ar\/sitio\/wp-json\/wp\/v2\/comments?post=67642"}],"version-history":[{"count":0,"href":"http:\/\/gentedebasquet.com.ar\/sitio\/wp-json\/wp\/v2\/posts\/67642\/revisions"}],"wp:featuredmedia":[{"embeddable":true,"href":"http:\/\/gentedebasquet.com.ar\/sitio\/wp-json\/wp\/v2\/media\/67671"}],"wp:attachment":[{"href":"http:\/\/gentedebasquet.com.ar\/sitio\/wp-json\/wp\/v2\/media?parent=67642"}],"wp:term":[{"taxonomy":"category","embeddable":true,"href":"http:\/\/gentedebasquet.com.ar\/sitio\/wp-json\/wp\/v2\/categories?post=67642"},{"taxonomy":"post_tag","embeddable":true,"href":"http:\/\/gentedebasquet.com.ar\/sitio\/wp-json\/wp\/v2\/tags?post=67642"}],"curies":[{"name":"wp","href":"https:\/\/api.w.org\/{rel}","templated":true}]}}