{"id":67850,"date":"2016-12-15T23:55:56","date_gmt":"2016-12-16T02:55:56","guid":{"rendered":"http:\/\/www.gentedebasquet.com.ar\/?p=67850"},"modified":"2016-12-15T23:55:56","modified_gmt":"2016-12-16T02:55:56","slug":"nivel-1","status":"publish","type":"post","link":"http:\/\/gentedebasquet.com.ar\/sitio\/2016\/12\/15\/nivel-1\/","title":{"rendered":"Nivel 1"},"content":{"rendered":"<p><strong>Olimpo puso primera en la final de los U15 \u201cB\u201d, ante Villa Mitre, consiguiendo la victoria por 74 a 67. Fue en un partido cambiante, que el tricolor lider\u00f3 en los primeros minutos. Pero el recambio del 2C tuvo un enorme despliegue del aurinegro, dando vuelta el resultado y escapando en el tanteador. Mambretti y Barthe arrimaron al local en el 3C, aunque\u00a0Olimpo mantuvo su juego para cerrar el partido. Sebasti\u00e1n Calvo fue el goleador con 20 puntos, seguido de Gal\u00e1n y Morichetti con 14. En Villa Mitre hubo 23 de Barthe y 18 de Mambretti.<\/strong><\/p>\n<p>De movida Villa Mitre fue mejor, porque presion\u00f3 en todo el campo y tuvo diversos recuperos que le permitieron establecer la ventaja a favor. Barthe tuvo estupendos movimientos en el poste (9) para guiar el goleo del local y el liderazgo en los n\u00fameros (20-16).<\/p>\n<p>Pero Olimpo tuvo un juego destacado en el 2C. El 2do quinteto del equipo aplast\u00f3 al tricolor, anotando una racha de 21-2 para dar vuelta el resultado y dominar sobre su rival. Villa Mitre tuvo muchas complicaciones para anotar y les perjudicaron las faltas, porque Olimpo fue seguido a la l\u00ednea y sum\u00f3 desde ese rubro (10-16). Adem\u00e1s, el aurinegro convirti\u00f3 3-6 en triples (vs 0-7 de VM) y 6-9 en dobles (vs 2-5) controlando el partido (47-30).<\/p>\n<p>En poco m\u00e1s de un minuto del 3C, Villa Mitre rob\u00f3 4 balones para achicar ventajas. Adem\u00e1s, con el correr de los minutos, Mambretti y Barthe se hicieron cargo del tricolor, jugando pick and roll y sumando gol. El base anot\u00f3 5 y el pivot 4, anotando una racha de 8-2 y entrando, definitivamente en juego.<\/p>\n<p>Un buen cierre de 3C motiv\u00f3 a Olimpo, que pudo controlar el cuarto final. El aurinegro nunca perdi\u00f3 de foco el resultado, m\u00e1s all\u00e1 de verse superado en algunos pasajes. Con Sebasti\u00e1n Calvo tomando las riendas en los momentos calientes, los de Ezequiel Zani dieron el primer paso en las finales U15 \u201cB\u201d.<\/p>\n<p><iframe loading=\"lazy\" src=\"https:\/\/www.youtube.com\/embed\/Atd35xP4rpY?rel=0\" width=\"640\" height=\"360\" frameborder=\"0\" allowfullscreen=\"allowfullscreen\"><\/iframe><\/p>\n<p>&nbsp;<\/p>\n<p><strong>S\u00edntesis<\/strong> | U15 B &#8211; Finales &#8211; Juego #1<\/p>\n<p><strong>Villa Mitre 67:<\/strong> Juan Cruz Mambretti 18 (x), Tob\u00edas Francisco 8, Mart\u00edn Telleria 2, Nicol\u00e1s Gallardo 2, Emanuel Barthe 23 (FI); Nahuel Sep\u00falveda 2, Benjam\u00edn Pet\u00f3n 0 (x), Marcos Ferrari 0, Enzo Ferrara 2, Lautaro Trujillo 3, Francisco Vallejos 7. DT: Maximiliano Colombani.<\/p>\n<p><strong>Olimpo 74:<\/strong> Ignacio Iommi 8 (x), Ezequiel Gonz\u00e1lez 2, Tom\u00e1s Gal\u00e1n 14 (x), Bruno Mazzante 5, Lautaro Deblauwe 0 (x) (FI); Santiago Kuc\u00e1n 0, Gianfranco Morichetti 14 (x), Mat\u00edas Canoles 4 (x), Valent\u00edn Barrionuevo 2, Thiago Cassola 5, Sebasti\u00e1n Calvo 20. DT: Ezequiel Zani.<\/p>\n<p><strong>Parciales:<\/strong> 20-16, 30-47 (10-31), 49-57 (19-10) y 67-74 (18-17).<\/p>\n<p><strong>\u00c1rbitros:<\/strong> Lucas Paulete \u2013 Nicol\u00e1s Onorato \u2013 Mauro Guallan.<\/p>\n<p><strong>Estadio:<\/strong> Jos\u00e9 Mart\u00ednez (Villa Mitre).<\/p>\n<p><a class=\"modalf iframe\" title=\"Planilla\" href=\"https:\/\/docs.google.com\/spreadsheets\/d\/1H_vISeBaNJ3l8o4OMC7Th4qDJo9Sa881pVjJdLFCD9E\/pubhtml?gid=457851938&amp;single=true\" target=\"_blank\" rel=\"noopener\">Ver Planilla<\/a><\/p>\n<p><strong>Serie:<\/strong> 1-0, Olimpo.<\/p>\n<p>&nbsp;<\/p>\n<h5 style=\"text-align: center;\">VILLA MITRE U15\u00a0B<\/h5>\n<p><img decoding=\"async\" class=\"aligncenter size-full wp-image-67871\" src=\"http:\/\/www.gentedebasquet.com.ar\/wp-content\/uploads\/2016\/12\/Villa-Mitre-U15-B.jpg\" alt=\"villa-mitre-u15-b\" width=\"640\" height=\"440\" srcset=\"http:\/\/gentedebasquet.com.ar\/sitio\/wp-content\/uploads\/2016\/12\/Villa-Mitre-U15-B.jpg 640w, http:\/\/gentedebasquet.com.ar\/sitio\/wp-content\/uploads\/2016\/12\/Villa-Mitre-U15-B-300x206.jpg 300w\" sizes=\"(max-width: 640px) 100vw, 640px\" \/><\/p>\n<h5 style=\"text-align: center;\">OLIMPO\u00a0U15 B<\/h5>\n<p><img decoding=\"async\" class=\"aligncenter size-full wp-image-67870\" src=\"http:\/\/www.gentedebasquet.com.ar\/wp-content\/uploads\/2016\/12\/Olimpo-U15-B.jpg\" alt=\"olimpo-u15-b\" width=\"640\" height=\"440\" srcset=\"http:\/\/gentedebasquet.com.ar\/sitio\/wp-content\/uploads\/2016\/12\/Olimpo-U15-B.jpg 640w, http:\/\/gentedebasquet.com.ar\/sitio\/wp-content\/uploads\/2016\/12\/Olimpo-U15-B-300x206.jpg 300w\" sizes=\"(max-width: 640px) 100vw, 640px\" \/><\/p>\n","protected":false},"excerpt":{"rendered":"<p>Olimpo venci\u00f3 a Villa Mitre 74 a 67 y se adelant\u00f3 en las finales de Infa B<\/p>\n","protected":false},"author":1,"featured_media":67869,"comment_status":"closed","ping_status":"open","sticky":false,"template":"","format":"standard","meta":{"jnews-multi-image_gallery":[],"jnews_single_post":[],"jnews_primary_category":[],"footnotes":""},"categories":[101,27],"tags":[1472,16,1473,22],"class_list":["post-67850","post","type-post","status-publish","format-standard","has-post-thumbnail","hentry","category-slide","category-u15","tag-emanuel-barthe","tag-olimpo","tag-sebastian-calvo","tag-villa-mitre"],"yoast_head":"<!-- This site is optimized with the Yoast SEO plugin v27.4 - https:\/\/yoast.com\/product\/yoast-seo-wordpress\/ -->\n<title>Nivel 1 - Gente de B\u00e1squet<\/title>\n<meta name=\"robots\" content=\"index, follow, max-snippet:-1, max-image-preview:large, max-video-preview:-1\" \/>\n<link rel=\"canonical\" href=\"https:\/\/gentedebasquet.com.ar\/sitio\/2016\/12\/15\/nivel-1\/\" \/>\n<meta property=\"og:locale\" content=\"es_ES\" \/>\n<meta property=\"og:type\" content=\"article\" \/>\n<meta property=\"og:title\" content=\"Nivel 1 - Gente de B\u00e1squet\" \/>\n<meta property=\"og:description\" content=\"Olimpo venci\u00f3 a Villa Mitre 74 a 67 y se adelant\u00f3 en las finales de Infa B\" \/>\n<meta property=\"og:url\" content=\"https:\/\/gentedebasquet.com.ar\/sitio\/2016\/12\/15\/nivel-1\/\" \/>\n<meta property=\"og:site_name\" content=\"Gente de B\u00e1squet\" \/>\n<meta property=\"article:published_time\" content=\"2016-12-16T02:55:56+00:00\" \/>\n<meta property=\"og:image\" content=\"https:\/\/gentedebasquet.com.ar\/sitio\/wp-content\/uploads\/2016\/12\/Olimpo-Villa-Mitre-U15-B.jpg\" \/>\n\t<meta property=\"og:image:width\" content=\"690\" \/>\n\t<meta property=\"og:image:height\" content=\"319\" \/>\n\t<meta property=\"og:image:type\" content=\"image\/jpeg\" \/>\n<meta name=\"author\" content=\"Gente de B\u00e1squet\" \/>\n<meta name=\"twitter:card\" content=\"summary_large_image\" \/>\n<meta name=\"twitter:label1\" content=\"Escrito por\" \/>\n\t<meta name=\"twitter:data1\" content=\"Gente de B\u00e1squet\" \/>\n\t<meta name=\"twitter:label2\" content=\"Tiempo de lectura\" \/>\n\t<meta name=\"twitter:data2\" content=\"2 minutos\" \/>\n<script type=\"application\/ld+json\" class=\"yoast-schema-graph\">{\"@context\":\"https:\\\/\\\/schema.org\",\"@graph\":[{\"@type\":\"Article\",\"@id\":\"https:\\\/\\\/gentedebasquet.com.ar\\\/sitio\\\/2016\\\/12\\\/15\\\/nivel-1\\\/#article\",\"isPartOf\":{\"@id\":\"https:\\\/\\\/gentedebasquet.com.ar\\\/sitio\\\/2016\\\/12\\\/15\\\/nivel-1\\\/\"},\"author\":{\"name\":\"Gente de B\u00e1squet\",\"@id\":\"http:\\\/\\\/gentedebasquet.com.ar\\\/sitio\\\/#\\\/schema\\\/person\\\/ca0b63bbb977369988a7bbbdc519943a\"},\"headline\":\"Nivel 1\",\"datePublished\":\"2016-12-16T02:55:56+00:00\",\"mainEntityOfPage\":{\"@id\":\"https:\\\/\\\/gentedebasquet.com.ar\\\/sitio\\\/2016\\\/12\\\/15\\\/nivel-1\\\/\"},\"wordCount\":450,\"image\":{\"@id\":\"https:\\\/\\\/gentedebasquet.com.ar\\\/sitio\\\/2016\\\/12\\\/15\\\/nivel-1\\\/#primaryimage\"},\"thumbnailUrl\":\"http:\\\/\\\/gentedebasquet.com.ar\\\/sitio\\\/wp-content\\\/uploads\\\/2016\\\/12\\\/Olimpo-Villa-Mitre-U15-B.jpg\",\"keywords\":[\"Emanuel Barthe\",\"Ol\u00edmpo\",\"Sebasti\u00e1n Calvo\",\"Villa Mitre\"],\"articleSection\":[\"Slide\",\"U15\"],\"inLanguage\":\"es\"},{\"@type\":\"WebPage\",\"@id\":\"https:\\\/\\\/gentedebasquet.com.ar\\\/sitio\\\/2016\\\/12\\\/15\\\/nivel-1\\\/\",\"url\":\"https:\\\/\\\/gentedebasquet.com.ar\\\/sitio\\\/2016\\\/12\\\/15\\\/nivel-1\\\/\",\"name\":\"Nivel 1 - Gente de B\u00e1squet\",\"isPartOf\":{\"@id\":\"http:\\\/\\\/gentedebasquet.com.ar\\\/sitio\\\/#website\"},\"primaryImageOfPage\":{\"@id\":\"https:\\\/\\\/gentedebasquet.com.ar\\\/sitio\\\/2016\\\/12\\\/15\\\/nivel-1\\\/#primaryimage\"},\"image\":{\"@id\":\"https:\\\/\\\/gentedebasquet.com.ar\\\/sitio\\\/2016\\\/12\\\/15\\\/nivel-1\\\/#primaryimage\"},\"thumbnailUrl\":\"http:\\\/\\\/gentedebasquet.com.ar\\\/sitio\\\/wp-content\\\/uploads\\\/2016\\\/12\\\/Olimpo-Villa-Mitre-U15-B.jpg\",\"datePublished\":\"2016-12-16T02:55:56+00:00\",\"author\":{\"@id\":\"http:\\\/\\\/gentedebasquet.com.ar\\\/sitio\\\/#\\\/schema\\\/person\\\/ca0b63bbb977369988a7bbbdc519943a\"},\"breadcrumb\":{\"@id\":\"https:\\\/\\\/gentedebasquet.com.ar\\\/sitio\\\/2016\\\/12\\\/15\\\/nivel-1\\\/#breadcrumb\"},\"inLanguage\":\"es\",\"potentialAction\":[{\"@type\":\"ReadAction\",\"target\":[\"https:\\\/\\\/gentedebasquet.com.ar\\\/sitio\\\/2016\\\/12\\\/15\\\/nivel-1\\\/\"]}]},{\"@type\":\"ImageObject\",\"inLanguage\":\"es\",\"@id\":\"https:\\\/\\\/gentedebasquet.com.ar\\\/sitio\\\/2016\\\/12\\\/15\\\/nivel-1\\\/#primaryimage\",\"url\":\"http:\\\/\\\/gentedebasquet.com.ar\\\/sitio\\\/wp-content\\\/uploads\\\/2016\\\/12\\\/Olimpo-Villa-Mitre-U15-B.jpg\",\"contentUrl\":\"http:\\\/\\\/gentedebasquet.com.ar\\\/sitio\\\/wp-content\\\/uploads\\\/2016\\\/12\\\/Olimpo-Villa-Mitre-U15-B.jpg\",\"width\":690,\"height\":319},{\"@type\":\"BreadcrumbList\",\"@id\":\"https:\\\/\\\/gentedebasquet.com.ar\\\/sitio\\\/2016\\\/12\\\/15\\\/nivel-1\\\/#breadcrumb\",\"itemListElement\":[{\"@type\":\"ListItem\",\"position\":1,\"name\":\"Portada\",\"item\":\"http:\\\/\\\/gentedebasquet.com.ar\\\/sitio\\\/\"},{\"@type\":\"ListItem\",\"position\":2,\"name\":\"Nivel 1\"}]},{\"@type\":\"WebSite\",\"@id\":\"http:\\\/\\\/gentedebasquet.com.ar\\\/sitio\\\/#website\",\"url\":\"http:\\\/\\\/gentedebasquet.com.ar\\\/sitio\\\/\",\"name\":\"Gente de B\u00e1squet\",\"description\":\"La revista del basquet de Bah\u00eda Blanca\",\"potentialAction\":[{\"@type\":\"SearchAction\",\"target\":{\"@type\":\"EntryPoint\",\"urlTemplate\":\"http:\\\/\\\/gentedebasquet.com.ar\\\/sitio\\\/?s={search_term_string}\"},\"query-input\":{\"@type\":\"PropertyValueSpecification\",\"valueRequired\":true,\"valueName\":\"search_term_string\"}}],\"inLanguage\":\"es\"},{\"@type\":\"Person\",\"@id\":\"http:\\\/\\\/gentedebasquet.com.ar\\\/sitio\\\/#\\\/schema\\\/person\\\/ca0b63bbb977369988a7bbbdc519943a\",\"name\":\"Gente de B\u00e1squet\",\"image\":{\"@type\":\"ImageObject\",\"inLanguage\":\"es\",\"@id\":\"https:\\\/\\\/secure.gravatar.com\\\/avatar\\\/7f2c48bdc33b30088f941fb6082e555f2874c98e20cb159d7b92b50eadfce793?s=96&d=mm&r=g\",\"url\":\"https:\\\/\\\/secure.gravatar.com\\\/avatar\\\/7f2c48bdc33b30088f941fb6082e555f2874c98e20cb159d7b92b50eadfce793?s=96&d=mm&r=g\",\"contentUrl\":\"https:\\\/\\\/secure.gravatar.com\\\/avatar\\\/7f2c48bdc33b30088f941fb6082e555f2874c98e20cb159d7b92b50eadfce793?s=96&d=mm&r=g\",\"caption\":\"Gente de B\u00e1squet\"},\"sameAs\":[\"http:\\\/\\\/gentedebasquet.com.ar\\\/sitio\"],\"url\":\"http:\\\/\\\/gentedebasquet.com.ar\\\/sitio\\\/author\\\/ulises\\\/\"}]}<\/script>\n<!-- \/ Yoast SEO plugin. -->","yoast_head_json":{"title":"Nivel 1 - Gente de B\u00e1squet","robots":{"index":"index","follow":"follow","max-snippet":"max-snippet:-1","max-image-preview":"max-image-preview:large","max-video-preview":"max-video-preview:-1"},"canonical":"https:\/\/gentedebasquet.com.ar\/sitio\/2016\/12\/15\/nivel-1\/","og_locale":"es_ES","og_type":"article","og_title":"Nivel 1 - Gente de B\u00e1squet","og_description":"Olimpo venci\u00f3 a Villa Mitre 74 a 67 y se adelant\u00f3 en las finales de Infa B","og_url":"https:\/\/gentedebasquet.com.ar\/sitio\/2016\/12\/15\/nivel-1\/","og_site_name":"Gente de B\u00e1squet","article_published_time":"2016-12-16T02:55:56+00:00","og_image":[{"width":690,"height":319,"url":"https:\/\/gentedebasquet.com.ar\/sitio\/wp-content\/uploads\/2016\/12\/Olimpo-Villa-Mitre-U15-B.jpg","type":"image\/jpeg"}],"author":"Gente de B\u00e1squet","twitter_card":"summary_large_image","twitter_misc":{"Escrito por":"Gente de B\u00e1squet","Tiempo de lectura":"2 minutos"},"schema":{"@context":"https:\/\/schema.org","@graph":[{"@type":"Article","@id":"https:\/\/gentedebasquet.com.ar\/sitio\/2016\/12\/15\/nivel-1\/#article","isPartOf":{"@id":"https:\/\/gentedebasquet.com.ar\/sitio\/2016\/12\/15\/nivel-1\/"},"author":{"name":"Gente de B\u00e1squet","@id":"http:\/\/gentedebasquet.com.ar\/sitio\/#\/schema\/person\/ca0b63bbb977369988a7bbbdc519943a"},"headline":"Nivel 1","datePublished":"2016-12-16T02:55:56+00:00","mainEntityOfPage":{"@id":"https:\/\/gentedebasquet.com.ar\/sitio\/2016\/12\/15\/nivel-1\/"},"wordCount":450,"image":{"@id":"https:\/\/gentedebasquet.com.ar\/sitio\/2016\/12\/15\/nivel-1\/#primaryimage"},"thumbnailUrl":"http:\/\/gentedebasquet.com.ar\/sitio\/wp-content\/uploads\/2016\/12\/Olimpo-Villa-Mitre-U15-B.jpg","keywords":["Emanuel Barthe","Ol\u00edmpo","Sebasti\u00e1n Calvo","Villa Mitre"],"articleSection":["Slide","U15"],"inLanguage":"es"},{"@type":"WebPage","@id":"https:\/\/gentedebasquet.com.ar\/sitio\/2016\/12\/15\/nivel-1\/","url":"https:\/\/gentedebasquet.com.ar\/sitio\/2016\/12\/15\/nivel-1\/","name":"Nivel 1 - Gente de B\u00e1squet","isPartOf":{"@id":"http:\/\/gentedebasquet.com.ar\/sitio\/#website"},"primaryImageOfPage":{"@id":"https:\/\/gentedebasquet.com.ar\/sitio\/2016\/12\/15\/nivel-1\/#primaryimage"},"image":{"@id":"https:\/\/gentedebasquet.com.ar\/sitio\/2016\/12\/15\/nivel-1\/#primaryimage"},"thumbnailUrl":"http:\/\/gentedebasquet.com.ar\/sitio\/wp-content\/uploads\/2016\/12\/Olimpo-Villa-Mitre-U15-B.jpg","datePublished":"2016-12-16T02:55:56+00:00","author":{"@id":"http:\/\/gentedebasquet.com.ar\/sitio\/#\/schema\/person\/ca0b63bbb977369988a7bbbdc519943a"},"breadcrumb":{"@id":"https:\/\/gentedebasquet.com.ar\/sitio\/2016\/12\/15\/nivel-1\/#breadcrumb"},"inLanguage":"es","potentialAction":[{"@type":"ReadAction","target":["https:\/\/gentedebasquet.com.ar\/sitio\/2016\/12\/15\/nivel-1\/"]}]},{"@type":"ImageObject","inLanguage":"es","@id":"https:\/\/gentedebasquet.com.ar\/sitio\/2016\/12\/15\/nivel-1\/#primaryimage","url":"http:\/\/gentedebasquet.com.ar\/sitio\/wp-content\/uploads\/2016\/12\/Olimpo-Villa-Mitre-U15-B.jpg","contentUrl":"http:\/\/gentedebasquet.com.ar\/sitio\/wp-content\/uploads\/2016\/12\/Olimpo-Villa-Mitre-U15-B.jpg","width":690,"height":319},{"@type":"BreadcrumbList","@id":"https:\/\/gentedebasquet.com.ar\/sitio\/2016\/12\/15\/nivel-1\/#breadcrumb","itemListElement":[{"@type":"ListItem","position":1,"name":"Portada","item":"http:\/\/gentedebasquet.com.ar\/sitio\/"},{"@type":"ListItem","position":2,"name":"Nivel 1"}]},{"@type":"WebSite","@id":"http:\/\/gentedebasquet.com.ar\/sitio\/#website","url":"http:\/\/gentedebasquet.com.ar\/sitio\/","name":"Gente de B\u00e1squet","description":"La revista del basquet de Bah\u00eda Blanca","potentialAction":[{"@type":"SearchAction","target":{"@type":"EntryPoint","urlTemplate":"http:\/\/gentedebasquet.com.ar\/sitio\/?s={search_term_string}"},"query-input":{"@type":"PropertyValueSpecification","valueRequired":true,"valueName":"search_term_string"}}],"inLanguage":"es"},{"@type":"Person","@id":"http:\/\/gentedebasquet.com.ar\/sitio\/#\/schema\/person\/ca0b63bbb977369988a7bbbdc519943a","name":"Gente de B\u00e1squet","image":{"@type":"ImageObject","inLanguage":"es","@id":"https:\/\/secure.gravatar.com\/avatar\/7f2c48bdc33b30088f941fb6082e555f2874c98e20cb159d7b92b50eadfce793?s=96&d=mm&r=g","url":"https:\/\/secure.gravatar.com\/avatar\/7f2c48bdc33b30088f941fb6082e555f2874c98e20cb159d7b92b50eadfce793?s=96&d=mm&r=g","contentUrl":"https:\/\/secure.gravatar.com\/avatar\/7f2c48bdc33b30088f941fb6082e555f2874c98e20cb159d7b92b50eadfce793?s=96&d=mm&r=g","caption":"Gente de B\u00e1squet"},"sameAs":["http:\/\/gentedebasquet.com.ar\/sitio"],"url":"http:\/\/gentedebasquet.com.ar\/sitio\/author\/ulises\/"}]}},"_links":{"self":[{"href":"http:\/\/gentedebasquet.com.ar\/sitio\/wp-json\/wp\/v2\/posts\/67850","targetHints":{"allow":["GET"]}}],"collection":[{"href":"http:\/\/gentedebasquet.com.ar\/sitio\/wp-json\/wp\/v2\/posts"}],"about":[{"href":"http:\/\/gentedebasquet.com.ar\/sitio\/wp-json\/wp\/v2\/types\/post"}],"author":[{"embeddable":true,"href":"http:\/\/gentedebasquet.com.ar\/sitio\/wp-json\/wp\/v2\/users\/1"}],"replies":[{"embeddable":true,"href":"http:\/\/gentedebasquet.com.ar\/sitio\/wp-json\/wp\/v2\/comments?post=67850"}],"version-history":[{"count":0,"href":"http:\/\/gentedebasquet.com.ar\/sitio\/wp-json\/wp\/v2\/posts\/67850\/revisions"}],"wp:featuredmedia":[{"embeddable":true,"href":"http:\/\/gentedebasquet.com.ar\/sitio\/wp-json\/wp\/v2\/media\/67869"}],"wp:attachment":[{"href":"http:\/\/gentedebasquet.com.ar\/sitio\/wp-json\/wp\/v2\/media?parent=67850"}],"wp:term":[{"taxonomy":"category","embeddable":true,"href":"http:\/\/gentedebasquet.com.ar\/sitio\/wp-json\/wp\/v2\/categories?post=67850"},{"taxonomy":"post_tag","embeddable":true,"href":"http:\/\/gentedebasquet.com.ar\/sitio\/wp-json\/wp\/v2\/tags?post=67850"}],"curies":[{"name":"wp","href":"https:\/\/api.w.org\/{rel}","templated":true}]}}