{"id":67985,"date":"2016-12-19T23:50:36","date_gmt":"2016-12-20T02:50:36","guid":{"rendered":"http:\/\/www.gentedebasquet.com.ar\/?p=67985"},"modified":"2016-12-19T23:50:36","modified_gmt":"2016-12-20T02:50:36","slug":"un-9-en-templanza","status":"publish","type":"post","link":"http:\/\/gentedebasquet.com.ar\/sitio\/2016\/12\/19\/un-9-en-templanza\/","title":{"rendered":"Un 9 en templanza"},"content":{"rendered":"<p><strong>Un mejor cierre le permiti\u00f3 a 9 de Julio sacar adelante el dur\u00edsimo partido que le plante\u00f3 Estrella, vencerlo por 73 a 68 y adelantarse 1-0 en las finales de U21. Agust\u00edn Pena (18) y Juli\u00e1n Turcato (15) lideraron al local, aunque tambi\u00e9n fueron determinantes Mat\u00edas L\u00f3pez (3\/7 en triples) y un robo, seguido de doble y falta, de Carlos Nador en el amanecer del 4C. Camara (20) y Pan (18) se repartieron el goleo visitante. La revancha ir\u00e1 en el Luis \u00c1lvarez, aunque a\u00fan no se confirm\u00f3 cu\u00e1ndo (ir\u00eda el mi\u00e9rcoles).<\/strong><\/p>\n<p>El due\u00f1o de casa amag\u00f3 con marcar el ritmo en los primeros minutos (triple de Pena, 4-2), aunque Estrella jug\u00f3 m\u00e1s f\u00edsico, sobrecarg\u00f3 el tablero ajeno v\u00eda Gigliotti (3 ofensivos en el 1C, sobre 6) y Camara, y se puso al frente. El 7-14 oblig\u00f3 a Deminicis a detener el juego y, a partir de ah\u00ed, 9 de Julio encontr\u00f3 facilidades para atacar al cesto, con Turcato de abanderado. La presi\u00f3n visitante ensuci\u00f3 las ofensivas de \u00ab9\u00bb en el cierre del cuarto, posibilit\u00e1ndose sacar 8 de luz (18-26).<\/p>\n<p><img decoding=\"async\" class=\"size-full wp-image-67995 alignright\" src=\"http:\/\/www.gentedebasquet.com.ar\/wp-content\/uploads\/2016\/12\/Estrella-Pan.jpg\" alt=\"estrella-pan\" width=\"350\" height=\"240\" srcset=\"http:\/\/gentedebasquet.com.ar\/sitio\/wp-content\/uploads\/2016\/12\/Estrella-Pan.jpg 350w, http:\/\/gentedebasquet.com.ar\/sitio\/wp-content\/uploads\/2016\/12\/Estrella-Pan-300x206.jpg 300w\" sizes=\"(max-width: 350px) 100vw, 350px\" \/><\/p>\n<p>Sin embargo, tras esa m\u00e1xima, un par de acciones de Pena (triple incluido) y el efectivo ingreso de Mat\u00edas L\u00f3pez (otro triple) dieron un giro en el partido. El local pas\u00f3 al frente (30-28) y, tras el tiempo muerto de Canosa, estir\u00f3 (33-28) con un doble y falta del propio L\u00f3pez. Fue Pan quien apareci\u00f3 en el segmento previo al entretiempo, encontrando a Camara o apostando a su uno contra uno.<\/p>\n<p>Incluso, el base asisti\u00f3 a Lucas Gonz\u00e1lez para que, gracias a su bombazo, Estrella saque una ventaja tranquilizadora (39-43). Fue el mejor momento de la visita, ya que aprovech\u00f3 un enorme pasaje de Camara (4\/4 en dobles), ganando l\u00ednea de fondo y otorg\u00e1ndole a su equipo 7 de ventaja (43-50) a 14m58. Nuevamente, un minuto sacudi\u00f3 a 9 de Julio. A su salia, el local sell\u00f3 un parcial de 8-0 que lo puso al frente (51-50), tras un triple de Pordomingo.<\/p>\n<p>Haber aumentado la confianza en el final del 3C le permiti\u00f3 abrir al 4C con otro semblante al local. All\u00ed, su 7-0 termin\u00f3 siendo, a la postre, letal. Una bandeja de Turcato, otra bomba de L\u00f3pez y un robo, seguido de doble y falta (Pan) de Nador puso a 9 de Julio 63-56 al frente. Si bien la visita lleg\u00f3 a colocarse 68-67, se qued\u00f3 sin ideas ofensivas en los minutos finales y un triple de Pena (71-67) liquid\u00f3 las acciones.<\/p>\n<p>&nbsp;<\/p>\n<p>[vimeo]http:\/\/vimeo.com\/196800847[\/vimeo]<\/p>\n<p>&nbsp;<\/p>\n<p><strong>S\u00edntesis |<\/strong> U21 &#8211; Finales &#8211; Juego #1<\/p>\n<p><strong>9 de Julio 73:<\/strong> Agust\u00edn Pena 18, Ezequiel Pordomingo 9, Juli\u00e1n Turcato 15, Milton Ruesga 0 (x), Francisco Bonaguro 14 (Fi); Carlos Nador 3 y Mat\u00edas L\u00f3pez 14. DT: Luciano Deminicis.<\/p>\n<p><strong>Estrella 68:<\/strong> Alan Pan 18, Santiago Quiroga 14, Lucas Gonz\u00e1lez 5, Nahuel Camara 20, Bruno Gigliotti 11 (Fi); Juan Cruz Flores 0, Sebasti\u00e1n Saporito 0 y Mart\u00edn Cardone 0. DT: Rafael Canosa.<\/p>\n<p><strong>Parciales:<\/strong>\u00a018-24, 37-36 (19-12), 55-56 (18-20) y 73-68 (18-12).<\/p>\n<p><strong>\u00c1rbitros:<\/strong>\u00a0Luis Blanco &#8211; Marcelo Gordillo &#8211; Juan Jaramillo.<\/p>\n<p><strong>Estadio:<\/strong>\u00a0N\u00e9stor Damiani (9 de Julio).<\/p>\n<p><a class=\"modalf iframe\" title=\"Planilla\" href=\"https:\/\/docs.google.com\/spreadsheets\/d\/1FBR0aBPGYnSsTXrIR7HpMn2W_0LvM8QA91aNnB371Rk\/pubhtml\" target=\"_blank\" rel=\"noopener\">Ver Planilla<\/a><\/p>\n<p><strong>Serie:<\/strong>\u00a09 de Julio, 1-0.<\/p>\n<p>&nbsp;<\/p>\n<h5 style=\"text-align: center;\">9 DE JULIO U21<\/h5>\n<p><img decoding=\"async\" class=\"aligncenter size-full wp-image-67989\" src=\"http:\/\/www.gentedebasquet.com.ar\/wp-content\/uploads\/2016\/12\/9-de-Julio-U21.jpg\" alt=\"9-de-julio-u21\" width=\"640\" height=\"440\" srcset=\"http:\/\/gentedebasquet.com.ar\/sitio\/wp-content\/uploads\/2016\/12\/9-de-Julio-U21.jpg 640w, http:\/\/gentedebasquet.com.ar\/sitio\/wp-content\/uploads\/2016\/12\/9-de-Julio-U21-300x206.jpg 300w\" sizes=\"(max-width: 640px) 100vw, 640px\" \/><\/p>\n<h5 style=\"text-align: center;\">ESTRELLA U21<\/h5>\n<p><img decoding=\"async\" class=\"aligncenter size-full wp-image-67987\" src=\"http:\/\/www.gentedebasquet.com.ar\/wp-content\/uploads\/2016\/12\/Estrella-U21.jpg\" alt=\"estrella-u21\" width=\"640\" height=\"440\" srcset=\"http:\/\/gentedebasquet.com.ar\/sitio\/wp-content\/uploads\/2016\/12\/Estrella-U21.jpg 640w, http:\/\/gentedebasquet.com.ar\/sitio\/wp-content\/uploads\/2016\/12\/Estrella-U21-300x206.jpg 300w\" sizes=\"(max-width: 640px) 100vw, 640px\" \/><\/p>\n","protected":false},"excerpt":{"rendered":"<p>9 de Julio lo cerr\u00f3 mejor, venci\u00f3 a Estrella 73-68 y se puso 1-0 en las finales de U21<\/p>\n","protected":false},"author":1,"featured_media":67988,"comment_status":"closed","ping_status":"open","sticky":false,"template":"","format":"standard","meta":{"jnews-multi-image_gallery":[],"jnews_single_post":[],"jnews_primary_category":[],"footnotes":""},"categories":[101,42],"tags":[2,1141,298,10,460,1479,1095,270,271],"class_list":["post-67985","post","type-post","status-publish","format-standard","has-post-thumbnail","hentry","category-slide","category-u21","tag-9dejulio","tag-agustin-pena","tag-alan-pan","tag-estrella","tag-francisco-bonaguro","tag-julian-turcato","tag-matias-lopez","tag-nahuel-camara","tag-santiago-quiroga"],"yoast_head":"<!-- This site is optimized with the Yoast SEO plugin v27.5 - https:\/\/yoast.com\/product\/yoast-seo-wordpress\/ -->\n<title>Un 9 en templanza - Gente de B\u00e1squet<\/title>\n<meta name=\"robots\" content=\"index, follow, max-snippet:-1, max-image-preview:large, max-video-preview:-1\" \/>\n<link rel=\"canonical\" href=\"http:\/\/gentedebasquet.com.ar\/sitio\/2016\/12\/19\/un-9-en-templanza\/\" \/>\n<meta property=\"og:locale\" content=\"es_ES\" \/>\n<meta property=\"og:type\" content=\"article\" \/>\n<meta property=\"og:title\" content=\"Un 9 en templanza - Gente de B\u00e1squet\" \/>\n<meta property=\"og:description\" content=\"9 de Julio lo cerr\u00f3 mejor, venci\u00f3 a Estrella 73-68 y se puso 1-0 en las finales de U21\" \/>\n<meta property=\"og:url\" content=\"http:\/\/gentedebasquet.com.ar\/sitio\/2016\/12\/19\/un-9-en-templanza\/\" \/>\n<meta property=\"og:site_name\" content=\"Gente de B\u00e1squet\" \/>\n<meta property=\"article:published_time\" content=\"2016-12-20T02:50:36+00:00\" \/>\n<meta property=\"og:image\" content=\"http:\/\/gentedebasquet.com.ar\/sitio\/wp-content\/uploads\/2016\/12\/9-de-Julio-Estrella-U21-Pena.jpg\" \/>\n\t<meta property=\"og:image:width\" content=\"690\" \/>\n\t<meta property=\"og:image:height\" content=\"319\" \/>\n\t<meta property=\"og:image:type\" content=\"image\/jpeg\" \/>\n<meta name=\"author\" content=\"Gente de B\u00e1squet\" \/>\n<meta name=\"twitter:card\" content=\"summary_large_image\" \/>\n<meta name=\"twitter:label1\" content=\"Escrito por\" \/>\n\t<meta name=\"twitter:data1\" content=\"Gente de B\u00e1squet\" \/>\n\t<meta name=\"twitter:label2\" content=\"Tiempo de lectura\" \/>\n\t<meta name=\"twitter:data2\" content=\"3 minutos\" \/>\n<script type=\"application\/ld+json\" class=\"yoast-schema-graph\">{\"@context\":\"https:\\\/\\\/schema.org\",\"@graph\":[{\"@type\":\"Article\",\"@id\":\"http:\\\/\\\/gentedebasquet.com.ar\\\/sitio\\\/2016\\\/12\\\/19\\\/un-9-en-templanza\\\/#article\",\"isPartOf\":{\"@id\":\"http:\\\/\\\/gentedebasquet.com.ar\\\/sitio\\\/2016\\\/12\\\/19\\\/un-9-en-templanza\\\/\"},\"author\":{\"name\":\"Gente de B\u00e1squet\",\"@id\":\"http:\\\/\\\/gentedebasquet.com.ar\\\/sitio\\\/#\\\/schema\\\/person\\\/ca0b63bbb977369988a7bbbdc519943a\"},\"headline\":\"Un 9 en templanza\",\"datePublished\":\"2016-12-20T02:50:36+00:00\",\"mainEntityOfPage\":{\"@id\":\"http:\\\/\\\/gentedebasquet.com.ar\\\/sitio\\\/2016\\\/12\\\/19\\\/un-9-en-templanza\\\/\"},\"wordCount\":525,\"image\":{\"@id\":\"http:\\\/\\\/gentedebasquet.com.ar\\\/sitio\\\/2016\\\/12\\\/19\\\/un-9-en-templanza\\\/#primaryimage\"},\"thumbnailUrl\":\"http:\\\/\\\/gentedebasquet.com.ar\\\/sitio\\\/wp-content\\\/uploads\\\/2016\\\/12\\\/9-de-Julio-Estrella-U21-Pena.jpg\",\"keywords\":[\"9 de Julio\",\"Agust\u00edn Pena\",\"Alan Pan\",\"Estrella\",\"Francisco Bonaguro\",\"Juli\u00e1n Turcato\",\"Mat\u00edas L\u00f3pez\",\"Nahuel C\u00e1mara\",\"Santiago Quiroga\"],\"articleSection\":[\"Slide\",\"U21\"],\"inLanguage\":\"es\"},{\"@type\":\"WebPage\",\"@id\":\"http:\\\/\\\/gentedebasquet.com.ar\\\/sitio\\\/2016\\\/12\\\/19\\\/un-9-en-templanza\\\/\",\"url\":\"http:\\\/\\\/gentedebasquet.com.ar\\\/sitio\\\/2016\\\/12\\\/19\\\/un-9-en-templanza\\\/\",\"name\":\"Un 9 en templanza - Gente de B\u00e1squet\",\"isPartOf\":{\"@id\":\"http:\\\/\\\/gentedebasquet.com.ar\\\/sitio\\\/#website\"},\"primaryImageOfPage\":{\"@id\":\"http:\\\/\\\/gentedebasquet.com.ar\\\/sitio\\\/2016\\\/12\\\/19\\\/un-9-en-templanza\\\/#primaryimage\"},\"image\":{\"@id\":\"http:\\\/\\\/gentedebasquet.com.ar\\\/sitio\\\/2016\\\/12\\\/19\\\/un-9-en-templanza\\\/#primaryimage\"},\"thumbnailUrl\":\"http:\\\/\\\/gentedebasquet.com.ar\\\/sitio\\\/wp-content\\\/uploads\\\/2016\\\/12\\\/9-de-Julio-Estrella-U21-Pena.jpg\",\"datePublished\":\"2016-12-20T02:50:36+00:00\",\"author\":{\"@id\":\"http:\\\/\\\/gentedebasquet.com.ar\\\/sitio\\\/#\\\/schema\\\/person\\\/ca0b63bbb977369988a7bbbdc519943a\"},\"breadcrumb\":{\"@id\":\"http:\\\/\\\/gentedebasquet.com.ar\\\/sitio\\\/2016\\\/12\\\/19\\\/un-9-en-templanza\\\/#breadcrumb\"},\"inLanguage\":\"es\",\"potentialAction\":[{\"@type\":\"ReadAction\",\"target\":[\"http:\\\/\\\/gentedebasquet.com.ar\\\/sitio\\\/2016\\\/12\\\/19\\\/un-9-en-templanza\\\/\"]}]},{\"@type\":\"ImageObject\",\"inLanguage\":\"es\",\"@id\":\"http:\\\/\\\/gentedebasquet.com.ar\\\/sitio\\\/2016\\\/12\\\/19\\\/un-9-en-templanza\\\/#primaryimage\",\"url\":\"http:\\\/\\\/gentedebasquet.com.ar\\\/sitio\\\/wp-content\\\/uploads\\\/2016\\\/12\\\/9-de-Julio-Estrella-U21-Pena.jpg\",\"contentUrl\":\"http:\\\/\\\/gentedebasquet.com.ar\\\/sitio\\\/wp-content\\\/uploads\\\/2016\\\/12\\\/9-de-Julio-Estrella-U21-Pena.jpg\",\"width\":690,\"height\":319},{\"@type\":\"BreadcrumbList\",\"@id\":\"http:\\\/\\\/gentedebasquet.com.ar\\\/sitio\\\/2016\\\/12\\\/19\\\/un-9-en-templanza\\\/#breadcrumb\",\"itemListElement\":[{\"@type\":\"ListItem\",\"position\":1,\"name\":\"Portada\",\"item\":\"http:\\\/\\\/gentedebasquet.com.ar\\\/sitio\\\/\"},{\"@type\":\"ListItem\",\"position\":2,\"name\":\"Un 9 en templanza\"}]},{\"@type\":\"WebSite\",\"@id\":\"http:\\\/\\\/gentedebasquet.com.ar\\\/sitio\\\/#website\",\"url\":\"http:\\\/\\\/gentedebasquet.com.ar\\\/sitio\\\/\",\"name\":\"Gente de B\u00e1squet\",\"description\":\"La revista del basquet de Bah\u00eda Blanca\",\"potentialAction\":[{\"@type\":\"SearchAction\",\"target\":{\"@type\":\"EntryPoint\",\"urlTemplate\":\"http:\\\/\\\/gentedebasquet.com.ar\\\/sitio\\\/?s={search_term_string}\"},\"query-input\":{\"@type\":\"PropertyValueSpecification\",\"valueRequired\":true,\"valueName\":\"search_term_string\"}}],\"inLanguage\":\"es\"},{\"@type\":\"Person\",\"@id\":\"http:\\\/\\\/gentedebasquet.com.ar\\\/sitio\\\/#\\\/schema\\\/person\\\/ca0b63bbb977369988a7bbbdc519943a\",\"name\":\"Gente de B\u00e1squet\",\"image\":{\"@type\":\"ImageObject\",\"inLanguage\":\"es\",\"@id\":\"https:\\\/\\\/secure.gravatar.com\\\/avatar\\\/7f2c48bdc33b30088f941fb6082e555f2874c98e20cb159d7b92b50eadfce793?s=96&d=mm&r=g\",\"url\":\"https:\\\/\\\/secure.gravatar.com\\\/avatar\\\/7f2c48bdc33b30088f941fb6082e555f2874c98e20cb159d7b92b50eadfce793?s=96&d=mm&r=g\",\"contentUrl\":\"https:\\\/\\\/secure.gravatar.com\\\/avatar\\\/7f2c48bdc33b30088f941fb6082e555f2874c98e20cb159d7b92b50eadfce793?s=96&d=mm&r=g\",\"caption\":\"Gente de B\u00e1squet\"},\"sameAs\":[\"http:\\\/\\\/gentedebasquet.com.ar\\\/sitio\"],\"url\":\"http:\\\/\\\/gentedebasquet.com.ar\\\/sitio\\\/author\\\/ulises\\\/\"}]}<\/script>\n<!-- \/ Yoast SEO plugin. -->","yoast_head_json":{"title":"Un 9 en templanza - Gente de B\u00e1squet","robots":{"index":"index","follow":"follow","max-snippet":"max-snippet:-1","max-image-preview":"max-image-preview:large","max-video-preview":"max-video-preview:-1"},"canonical":"http:\/\/gentedebasquet.com.ar\/sitio\/2016\/12\/19\/un-9-en-templanza\/","og_locale":"es_ES","og_type":"article","og_title":"Un 9 en templanza - Gente de B\u00e1squet","og_description":"9 de Julio lo cerr\u00f3 mejor, venci\u00f3 a Estrella 73-68 y se puso 1-0 en las finales de U21","og_url":"http:\/\/gentedebasquet.com.ar\/sitio\/2016\/12\/19\/un-9-en-templanza\/","og_site_name":"Gente de B\u00e1squet","article_published_time":"2016-12-20T02:50:36+00:00","og_image":[{"width":690,"height":319,"url":"http:\/\/gentedebasquet.com.ar\/sitio\/wp-content\/uploads\/2016\/12\/9-de-Julio-Estrella-U21-Pena.jpg","type":"image\/jpeg"}],"author":"Gente de B\u00e1squet","twitter_card":"summary_large_image","twitter_misc":{"Escrito por":"Gente de B\u00e1squet","Tiempo de lectura":"3 minutos"},"schema":{"@context":"https:\/\/schema.org","@graph":[{"@type":"Article","@id":"http:\/\/gentedebasquet.com.ar\/sitio\/2016\/12\/19\/un-9-en-templanza\/#article","isPartOf":{"@id":"http:\/\/gentedebasquet.com.ar\/sitio\/2016\/12\/19\/un-9-en-templanza\/"},"author":{"name":"Gente de B\u00e1squet","@id":"http:\/\/gentedebasquet.com.ar\/sitio\/#\/schema\/person\/ca0b63bbb977369988a7bbbdc519943a"},"headline":"Un 9 en templanza","datePublished":"2016-12-20T02:50:36+00:00","mainEntityOfPage":{"@id":"http:\/\/gentedebasquet.com.ar\/sitio\/2016\/12\/19\/un-9-en-templanza\/"},"wordCount":525,"image":{"@id":"http:\/\/gentedebasquet.com.ar\/sitio\/2016\/12\/19\/un-9-en-templanza\/#primaryimage"},"thumbnailUrl":"http:\/\/gentedebasquet.com.ar\/sitio\/wp-content\/uploads\/2016\/12\/9-de-Julio-Estrella-U21-Pena.jpg","keywords":["9 de Julio","Agust\u00edn Pena","Alan Pan","Estrella","Francisco Bonaguro","Juli\u00e1n Turcato","Mat\u00edas L\u00f3pez","Nahuel C\u00e1mara","Santiago Quiroga"],"articleSection":["Slide","U21"],"inLanguage":"es"},{"@type":"WebPage","@id":"http:\/\/gentedebasquet.com.ar\/sitio\/2016\/12\/19\/un-9-en-templanza\/","url":"http:\/\/gentedebasquet.com.ar\/sitio\/2016\/12\/19\/un-9-en-templanza\/","name":"Un 9 en templanza - Gente de B\u00e1squet","isPartOf":{"@id":"http:\/\/gentedebasquet.com.ar\/sitio\/#website"},"primaryImageOfPage":{"@id":"http:\/\/gentedebasquet.com.ar\/sitio\/2016\/12\/19\/un-9-en-templanza\/#primaryimage"},"image":{"@id":"http:\/\/gentedebasquet.com.ar\/sitio\/2016\/12\/19\/un-9-en-templanza\/#primaryimage"},"thumbnailUrl":"http:\/\/gentedebasquet.com.ar\/sitio\/wp-content\/uploads\/2016\/12\/9-de-Julio-Estrella-U21-Pena.jpg","datePublished":"2016-12-20T02:50:36+00:00","author":{"@id":"http:\/\/gentedebasquet.com.ar\/sitio\/#\/schema\/person\/ca0b63bbb977369988a7bbbdc519943a"},"breadcrumb":{"@id":"http:\/\/gentedebasquet.com.ar\/sitio\/2016\/12\/19\/un-9-en-templanza\/#breadcrumb"},"inLanguage":"es","potentialAction":[{"@type":"ReadAction","target":["http:\/\/gentedebasquet.com.ar\/sitio\/2016\/12\/19\/un-9-en-templanza\/"]}]},{"@type":"ImageObject","inLanguage":"es","@id":"http:\/\/gentedebasquet.com.ar\/sitio\/2016\/12\/19\/un-9-en-templanza\/#primaryimage","url":"http:\/\/gentedebasquet.com.ar\/sitio\/wp-content\/uploads\/2016\/12\/9-de-Julio-Estrella-U21-Pena.jpg","contentUrl":"http:\/\/gentedebasquet.com.ar\/sitio\/wp-content\/uploads\/2016\/12\/9-de-Julio-Estrella-U21-Pena.jpg","width":690,"height":319},{"@type":"BreadcrumbList","@id":"http:\/\/gentedebasquet.com.ar\/sitio\/2016\/12\/19\/un-9-en-templanza\/#breadcrumb","itemListElement":[{"@type":"ListItem","position":1,"name":"Portada","item":"http:\/\/gentedebasquet.com.ar\/sitio\/"},{"@type":"ListItem","position":2,"name":"Un 9 en templanza"}]},{"@type":"WebSite","@id":"http:\/\/gentedebasquet.com.ar\/sitio\/#website","url":"http:\/\/gentedebasquet.com.ar\/sitio\/","name":"Gente de B\u00e1squet","description":"La revista del basquet de Bah\u00eda Blanca","potentialAction":[{"@type":"SearchAction","target":{"@type":"EntryPoint","urlTemplate":"http:\/\/gentedebasquet.com.ar\/sitio\/?s={search_term_string}"},"query-input":{"@type":"PropertyValueSpecification","valueRequired":true,"valueName":"search_term_string"}}],"inLanguage":"es"},{"@type":"Person","@id":"http:\/\/gentedebasquet.com.ar\/sitio\/#\/schema\/person\/ca0b63bbb977369988a7bbbdc519943a","name":"Gente de B\u00e1squet","image":{"@type":"ImageObject","inLanguage":"es","@id":"https:\/\/secure.gravatar.com\/avatar\/7f2c48bdc33b30088f941fb6082e555f2874c98e20cb159d7b92b50eadfce793?s=96&d=mm&r=g","url":"https:\/\/secure.gravatar.com\/avatar\/7f2c48bdc33b30088f941fb6082e555f2874c98e20cb159d7b92b50eadfce793?s=96&d=mm&r=g","contentUrl":"https:\/\/secure.gravatar.com\/avatar\/7f2c48bdc33b30088f941fb6082e555f2874c98e20cb159d7b92b50eadfce793?s=96&d=mm&r=g","caption":"Gente de B\u00e1squet"},"sameAs":["http:\/\/gentedebasquet.com.ar\/sitio"],"url":"http:\/\/gentedebasquet.com.ar\/sitio\/author\/ulises\/"}]}},"_links":{"self":[{"href":"http:\/\/gentedebasquet.com.ar\/sitio\/wp-json\/wp\/v2\/posts\/67985","targetHints":{"allow":["GET"]}}],"collection":[{"href":"http:\/\/gentedebasquet.com.ar\/sitio\/wp-json\/wp\/v2\/posts"}],"about":[{"href":"http:\/\/gentedebasquet.com.ar\/sitio\/wp-json\/wp\/v2\/types\/post"}],"author":[{"embeddable":true,"href":"http:\/\/gentedebasquet.com.ar\/sitio\/wp-json\/wp\/v2\/users\/1"}],"replies":[{"embeddable":true,"href":"http:\/\/gentedebasquet.com.ar\/sitio\/wp-json\/wp\/v2\/comments?post=67985"}],"version-history":[{"count":0,"href":"http:\/\/gentedebasquet.com.ar\/sitio\/wp-json\/wp\/v2\/posts\/67985\/revisions"}],"wp:featuredmedia":[{"embeddable":true,"href":"http:\/\/gentedebasquet.com.ar\/sitio\/wp-json\/wp\/v2\/media\/67988"}],"wp:attachment":[{"href":"http:\/\/gentedebasquet.com.ar\/sitio\/wp-json\/wp\/v2\/media?parent=67985"}],"wp:term":[{"taxonomy":"category","embeddable":true,"href":"http:\/\/gentedebasquet.com.ar\/sitio\/wp-json\/wp\/v2\/categories?post=67985"},{"taxonomy":"post_tag","embeddable":true,"href":"http:\/\/gentedebasquet.com.ar\/sitio\/wp-json\/wp\/v2\/tags?post=67985"}],"curies":[{"name":"wp","href":"https:\/\/api.w.org\/{rel}","templated":true}]}}