{"id":68128,"date":"2016-12-23T23:03:04","date_gmt":"2016-12-24T02:03:04","guid":{"rendered":"http:\/\/www.gentedebasquet.com.ar\/?p=68128"},"modified":"2016-12-23T23:03:04","modified_gmt":"2016-12-24T02:03:04","slug":"ya-saben-que-pedirle-a-papa-noel","status":"publish","type":"post","link":"http:\/\/gentedebasquet.com.ar\/sitio\/2016\/12\/23\/ya-saben-que-pedirle-a-papa-noel\/","title":{"rendered":"Ya saben qu\u00e9 pedirle a Pap\u00e1 Noel"},"content":{"rendered":"<p><strong>Leandro N. Alem y Villa Mitre definir\u00e1n el campeonato\u00a0de Preinfantiles en un tercer juego, ya que el tricolor lleg\u00f3 a forzar un partido definitorio tras superarlo 62-56 en el Jos\u00e9 Mart\u00ednez. El ganador domin\u00f3 las acciones gracias a tres jugadores fundamentales: Jano Mart\u00ednez (21 con 5\/7 TL), Juan Cruz Mambretti (15, 10 rebotes, 4 recuperos, 3 asistencias y 2 tapas) y Emanuel Barthe (12 y 13 recobres). Por parte de Alem, los mejores rendimientos los mostraron Valent\u00edn Forestier (19, 18 tableros, 3 recuperos y 3 tapas) y Pedro Palacio (16, 3 robos y 2 pases gol). La definici\u00f3n ir\u00eda el lunes.<\/strong><\/p>\n<p>Dif\u00edcilmente ambos elencos podr\u00e1n pasar una navidad tranquila. Es que con el triunfo 62-56 que consigui\u00f3 ayer Villa Mitre en su reducto, la serie Final de U13 tendr\u00e1 que definirse en un tercer juego. Dicho partido se jugar\u00eda el lunes en el Daniel Lacunza.<\/p>\n<p>El partido comenz\u00f3 con buen ritmo gracias al desequilibrio que propusieron los bases jugando el 1vs1. Mientras que Mart\u00ednez (15p, con 5\/9 T2 y 5\/5 TL) sumaba para el tricolor, Palacio (13p, con 6\/11 T2 y 1\/5 TL + una asistencia) respond\u00eda y hac\u00eda lo propio para el visitante.<\/p>\n<p><img decoding=\"async\" class=\"size-full wp-image-68120 alignright\" src=\"http:\/\/www.gentedebasquet.com.ar\/wp-content\/uploads\/2016\/12\/Palacio-Villa-Mitre-Alem-U13.jpg\" alt=\"palacio-villa-mitre-alem-u13\" width=\"331\" height=\"230\" srcset=\"http:\/\/gentedebasquet.com.ar\/sitio\/wp-content\/uploads\/2016\/12\/Palacio-Villa-Mitre-Alem-U13.jpg 331w, http:\/\/gentedebasquet.com.ar\/sitio\/wp-content\/uploads\/2016\/12\/Palacio-Villa-Mitre-Alem-U13-300x208.jpg 300w\" sizes=\"(max-width: 331px) 100vw, 331px\" \/><\/p>\n<p>Sin embargo, el hecho de que Palacio estuviera poco acompa\u00f1ando durante todo el 1C (el resto lanz\u00f3 1\/6 T2 y 0\/2 TL) perjudic\u00f3 a Alem; puesto que su rival encontr\u00f3 en Puentes (6p) y Gerbaudo (2 pases gol) los aliados perfectos de Mart\u00ednez para cerrar ganancioso el per\u00edodo inicial (23-15).<\/p>\n<p>Los puntos se hicieron desear en el comienzo del 2C. Fue L\u00f3pez, a falta de 7m43s (en ese lapso ambos combinaron 0\/8 T2 y 0\/4 TL), el que logr\u00f3 romper la sequ\u00eda y le dio +10 de diferencia a la Villa (25-15). A partir de all\u00ed, el local sigui\u00f3 manteniendo la ventaja de doble d\u00edgito gracias a los puntos de Mambretti (6p). M\u00e1s a\u00fan, con un 2\/2 en libres de Delgado logr\u00f3 sacar la m\u00e1xima del partido (29-17) restando 6m12s para que finalice el segmento.<\/p>\n<p>Sin embargo, los de Leguizam\u00f3n volvieron a resurgir de la mano de Forestier (10p y 8 rebs), quien se rasp\u00f3 en ambas pinturas, y volvieron a meterse en juego de cara al entretiempo bajando la brecha de dos d\u00edgitos en el marcador (37-29).<\/p>\n<p>Para colmo, a la vuelta de los vestuarios la levantada an\u00edmica de Alem sigui\u00f3 surtiendo efecto. S\u00ed bien un doble de Mart\u00ednez en la primera bola del 3C le hab\u00eda devuelto el +10 de diferencia al tricolor (39-29), un parcial de 10-0 encabezado por Toracchio (4p) puso paridad absoluta en el marcador (39 iguales) con 6m30s por jugar.<\/p>\n<p><img decoding=\"async\" class=\"size-full wp-image-68119 alignleft\" src=\"http:\/\/www.gentedebasquet.com.ar\/wp-content\/uploads\/2016\/12\/Mambretti-Villa-Mitre-Alem-U13.jpg\" alt=\"mambretti-villa-mitre-alem-u13\" width=\"350\" height=\"230\" srcset=\"http:\/\/gentedebasquet.com.ar\/sitio\/wp-content\/uploads\/2016\/12\/Mambretti-Villa-Mitre-Alem-U13.jpg 350w, http:\/\/gentedebasquet.com.ar\/sitio\/wp-content\/uploads\/2016\/12\/Mambretti-Villa-Mitre-Alem-U13-300x197.jpg 300w\" sizes=\"(max-width: 350px) 100vw, 350px\" \/><\/p>\n<p>No obstante, la visita\u00a0volvi\u00f3 a tener una reca\u00edda en su intensidad de juego y la Villa aprovech\u00f3 un eximi\u00f3 pasaje de la dupla Mambretti (6p)\u2013Barthe (4p) para sellar un parcial 10-3 y cerrar con diferencia de 7 de cara al epilogo (49-42).<\/p>\n<p>Ya en el ep\u00edlogo, Alem tuvo su \u00faltimo indicio de reacci\u00f3n en las primeras acciones cuando achic\u00f3 a 5 (49-44\/51-46) gracias a Forestier (5p) y Miguens.<\/p>\n<p>En lo sucesivo, ambos equipos se mantuvieron intercambiando gol por gol. Dentro de ese tr\u00e1mite, el que sali\u00f3 m\u00e1s favorecido fue el conjunto tricolor puesto que con los puntos que arrimaron Barthe, Mart\u00ednez y Mambretti (combinaron 11 de los 13 del local en el 4C) pudieron tomar una ventaja de 9 (62-53) restando 20 segundos que liquid\u00f3 el juego. Porque en el final no fueron suficientes los dobles de Forestier y Palacio y la victoria se termin\u00f3 quedando para el elenco dirigido por Marcelo Berdini.<\/p>\n<p>&nbsp;<\/p>\n<p>[vimeo]http:\/\/vimeo.com\/196964940[\/vimeo]<\/p>\n<p>&nbsp;<\/p>\n<p><strong>S\u00edntesis|<\/strong> U13 \u2013 Final \u2013 Juego #2<\/p>\n<p><strong>Villa Mitre 62:<\/strong> Jano Mart\u00ednez 21, Joaqu\u00edn Margiotta 0, M\u00e1ximo Fidalgo 0, Enzo Ferrara 2, Agust\u00edn Puentes 8 (FI); Juan Cruz Mambretti 15, Francisco L\u00f3pez 2, Joaqu\u00edn Gerbaudo 0, Alejandro Vogel 0, Lucas Delgado 2 y Emanuel Barthe 12. <strong>DT:<\/strong> Marcelo Berdini.<\/p>\n<p><strong>Leandro N. Alem 56:<\/strong> Pedro Palacio 16, Alexis Velazco 0, Juan Cordoba 2, Santino Puliafito 0, Ger\u00f3nimo Toracchio 6 (x) (FI); Conrado G\u00f3mez Talamoni 0, Lautaro Miguens 8, Valent\u00edn Forestier 19, Rodrigo Araneda 5 y Joaqu\u00edn Jasen 0. <strong>DT:<\/strong> Nicol\u00e1s Leguizam\u00f3n.<\/p>\n<p><strong>Parciales:<\/strong> 23-15, 37-29 (14-14), 49-42 (12-12) y 62-56 (13-14).<\/p>\n<p><strong>\u00c1rbitros: <\/strong>Mauro Reyes \u2013 Nicol\u00e1s Larrasolo \u2013 Mauro Guallan.<\/p>\n<p><strong>Estadio:<\/strong> Jos\u00e9 Mart\u00ednez (Villa Mitre).<\/p>\n<p><a class=\"modalf iframe\" title=\"Planilla\" href=\"https:\/\/docs.google.com\/spreadsheets\/d\/1YjNZBcXe_wl8IkC2MWKT8YKVztLOZtJbR6gHndoUPx4\/pubhtml\" target=\"_blank\" rel=\"noopener\">Ver Planilla<\/a><\/p>\n<p><strong>Serie:<\/strong> 1-1.<\/p>\n<p><strong>Fotos:<\/strong> Mauro Giovannini.<\/p>\n<p>&nbsp;<\/p>\n<h5 style=\"text-align: center;\">VILLA MITRE U13<\/h5>\n<p><img decoding=\"async\" class=\"aligncenter size-full wp-image-68076\" src=\"http:\/\/www.gentedebasquet.com.ar\/wp-content\/uploads\/2016\/12\/Villa-Mitre-U13.jpg\" alt=\"villa-mitre-u13\" width=\"640\" height=\"440\" srcset=\"http:\/\/gentedebasquet.com.ar\/sitio\/wp-content\/uploads\/2016\/12\/Villa-Mitre-U13.jpg 640w, http:\/\/gentedebasquet.com.ar\/sitio\/wp-content\/uploads\/2016\/12\/Villa-Mitre-U13-300x206.jpg 300w\" sizes=\"(max-width: 640px) 100vw, 640px\" \/><\/p>\n<h5 style=\"text-align: center;\">LEANDRO N. ALEM U13<\/h5>\n<p><img decoding=\"async\" class=\"aligncenter size-full wp-image-68077\" src=\"http:\/\/www.gentedebasquet.com.ar\/wp-content\/uploads\/2016\/12\/Alem-U13-2.jpg\" alt=\"alem-u13\" width=\"640\" height=\"440\" srcset=\"http:\/\/gentedebasquet.com.ar\/sitio\/wp-content\/uploads\/2016\/12\/Alem-U13-2.jpg 640w, http:\/\/gentedebasquet.com.ar\/sitio\/wp-content\/uploads\/2016\/12\/Alem-U13-2-300x206.jpg 300w\" sizes=\"(max-width: 640px) 100vw, 640px\" \/><\/p>\n","protected":false},"excerpt":{"rendered":"<p>Por el 62-56 de Villa Mitre sobre Alem, el t\u00edtulo en U13 se definir\u00e1 post Navidad<\/p>\n","protected":false},"author":1,"featured_media":68121,"comment_status":"closed","ping_status":"open","sticky":false,"template":"","format":"standard","meta":{"jnews-multi-image_gallery":[],"jnews_single_post":[],"jnews_primary_category":[],"footnotes":""},"categories":[41],"tags":[1472,1394,1477,612,1440,1436,22],"class_list":["post-68128","post","type-post","status-publish","format-standard","has-post-thumbnail","hentry","category-u13","tag-emanuel-barthe","tag-jano-martinez","tag-juan-cruz-mambretti","tag-leandro-n-alem","tag-pedro-palacio","tag-valentin-forestier","tag-villa-mitre"],"yoast_head":"<!-- This site is optimized with the Yoast SEO plugin v27.5 - https:\/\/yoast.com\/product\/yoast-seo-wordpress\/ -->\n<title>Ya saben qu\u00e9 pedirle a Pap\u00e1 Noel - Gente de B\u00e1squet<\/title>\n<meta name=\"robots\" content=\"index, follow, max-snippet:-1, max-image-preview:large, max-video-preview:-1\" \/>\n<link rel=\"canonical\" href=\"http:\/\/gentedebasquet.com.ar\/sitio\/2016\/12\/23\/ya-saben-que-pedirle-a-papa-noel\/\" \/>\n<meta property=\"og:locale\" content=\"es_ES\" \/>\n<meta property=\"og:type\" content=\"article\" \/>\n<meta property=\"og:title\" content=\"Ya saben qu\u00e9 pedirle a Pap\u00e1 Noel - Gente de B\u00e1squet\" \/>\n<meta property=\"og:description\" content=\"Por el 62-56 de Villa Mitre sobre Alem, el t\u00edtulo en U13 se definir\u00e1 post Navidad\" \/>\n<meta property=\"og:url\" content=\"http:\/\/gentedebasquet.com.ar\/sitio\/2016\/12\/23\/ya-saben-que-pedirle-a-papa-noel\/\" \/>\n<meta property=\"og:site_name\" content=\"Gente de B\u00e1squet\" \/>\n<meta property=\"article:published_time\" content=\"2016-12-24T02:03:04+00:00\" \/>\n<meta property=\"og:image\" content=\"http:\/\/gentedebasquet.com.ar\/sitio\/wp-content\/uploads\/2016\/12\/Jano-Martinez-Villa-Mitre-Alem-U13.jpg\" \/>\n\t<meta property=\"og:image:width\" content=\"690\" \/>\n\t<meta property=\"og:image:height\" content=\"319\" \/>\n\t<meta property=\"og:image:type\" content=\"image\/jpeg\" \/>\n<meta name=\"author\" content=\"Gente de B\u00e1squet\" \/>\n<meta name=\"twitter:card\" content=\"summary_large_image\" \/>\n<meta name=\"twitter:label1\" content=\"Escrito por\" \/>\n\t<meta name=\"twitter:data1\" content=\"Gente de B\u00e1squet\" \/>\n\t<meta name=\"twitter:label2\" content=\"Tiempo de lectura\" \/>\n\t<meta name=\"twitter:data2\" content=\"4 minutos\" \/>\n<script type=\"application\/ld+json\" class=\"yoast-schema-graph\">{\"@context\":\"https:\\\/\\\/schema.org\",\"@graph\":[{\"@type\":\"Article\",\"@id\":\"http:\\\/\\\/gentedebasquet.com.ar\\\/sitio\\\/2016\\\/12\\\/23\\\/ya-saben-que-pedirle-a-papa-noel\\\/#article\",\"isPartOf\":{\"@id\":\"http:\\\/\\\/gentedebasquet.com.ar\\\/sitio\\\/2016\\\/12\\\/23\\\/ya-saben-que-pedirle-a-papa-noel\\\/\"},\"author\":{\"name\":\"Gente de B\u00e1squet\",\"@id\":\"http:\\\/\\\/gentedebasquet.com.ar\\\/sitio\\\/#\\\/schema\\\/person\\\/ca0b63bbb977369988a7bbbdc519943a\"},\"headline\":\"Ya saben qu\u00e9 pedirle a Pap\u00e1 Noel\",\"datePublished\":\"2016-12-24T02:03:04+00:00\",\"mainEntityOfPage\":{\"@id\":\"http:\\\/\\\/gentedebasquet.com.ar\\\/sitio\\\/2016\\\/12\\\/23\\\/ya-saben-que-pedirle-a-papa-noel\\\/\"},\"wordCount\":714,\"image\":{\"@id\":\"http:\\\/\\\/gentedebasquet.com.ar\\\/sitio\\\/2016\\\/12\\\/23\\\/ya-saben-que-pedirle-a-papa-noel\\\/#primaryimage\"},\"thumbnailUrl\":\"http:\\\/\\\/gentedebasquet.com.ar\\\/sitio\\\/wp-content\\\/uploads\\\/2016\\\/12\\\/Jano-Martinez-Villa-Mitre-Alem-U13.jpg\",\"keywords\":[\"Emanuel Barthe\",\"Jano Mart\u00ednez\",\"Juan Cruz Mambretti\",\"Leandro N. Alem\",\"Pedro Palacio\",\"Valent\u00edn Forestier\",\"Villa Mitre\"],\"articleSection\":[\"U13\"],\"inLanguage\":\"es\"},{\"@type\":\"WebPage\",\"@id\":\"http:\\\/\\\/gentedebasquet.com.ar\\\/sitio\\\/2016\\\/12\\\/23\\\/ya-saben-que-pedirle-a-papa-noel\\\/\",\"url\":\"http:\\\/\\\/gentedebasquet.com.ar\\\/sitio\\\/2016\\\/12\\\/23\\\/ya-saben-que-pedirle-a-papa-noel\\\/\",\"name\":\"Ya saben qu\u00e9 pedirle a Pap\u00e1 Noel - Gente de B\u00e1squet\",\"isPartOf\":{\"@id\":\"http:\\\/\\\/gentedebasquet.com.ar\\\/sitio\\\/#website\"},\"primaryImageOfPage\":{\"@id\":\"http:\\\/\\\/gentedebasquet.com.ar\\\/sitio\\\/2016\\\/12\\\/23\\\/ya-saben-que-pedirle-a-papa-noel\\\/#primaryimage\"},\"image\":{\"@id\":\"http:\\\/\\\/gentedebasquet.com.ar\\\/sitio\\\/2016\\\/12\\\/23\\\/ya-saben-que-pedirle-a-papa-noel\\\/#primaryimage\"},\"thumbnailUrl\":\"http:\\\/\\\/gentedebasquet.com.ar\\\/sitio\\\/wp-content\\\/uploads\\\/2016\\\/12\\\/Jano-Martinez-Villa-Mitre-Alem-U13.jpg\",\"datePublished\":\"2016-12-24T02:03:04+00:00\",\"author\":{\"@id\":\"http:\\\/\\\/gentedebasquet.com.ar\\\/sitio\\\/#\\\/schema\\\/person\\\/ca0b63bbb977369988a7bbbdc519943a\"},\"breadcrumb\":{\"@id\":\"http:\\\/\\\/gentedebasquet.com.ar\\\/sitio\\\/2016\\\/12\\\/23\\\/ya-saben-que-pedirle-a-papa-noel\\\/#breadcrumb\"},\"inLanguage\":\"es\",\"potentialAction\":[{\"@type\":\"ReadAction\",\"target\":[\"http:\\\/\\\/gentedebasquet.com.ar\\\/sitio\\\/2016\\\/12\\\/23\\\/ya-saben-que-pedirle-a-papa-noel\\\/\"]}]},{\"@type\":\"ImageObject\",\"inLanguage\":\"es\",\"@id\":\"http:\\\/\\\/gentedebasquet.com.ar\\\/sitio\\\/2016\\\/12\\\/23\\\/ya-saben-que-pedirle-a-papa-noel\\\/#primaryimage\",\"url\":\"http:\\\/\\\/gentedebasquet.com.ar\\\/sitio\\\/wp-content\\\/uploads\\\/2016\\\/12\\\/Jano-Martinez-Villa-Mitre-Alem-U13.jpg\",\"contentUrl\":\"http:\\\/\\\/gentedebasquet.com.ar\\\/sitio\\\/wp-content\\\/uploads\\\/2016\\\/12\\\/Jano-Martinez-Villa-Mitre-Alem-U13.jpg\",\"width\":690,\"height\":319},{\"@type\":\"BreadcrumbList\",\"@id\":\"http:\\\/\\\/gentedebasquet.com.ar\\\/sitio\\\/2016\\\/12\\\/23\\\/ya-saben-que-pedirle-a-papa-noel\\\/#breadcrumb\",\"itemListElement\":[{\"@type\":\"ListItem\",\"position\":1,\"name\":\"Portada\",\"item\":\"http:\\\/\\\/gentedebasquet.com.ar\\\/sitio\\\/\"},{\"@type\":\"ListItem\",\"position\":2,\"name\":\"Ya saben qu\u00e9 pedirle a Pap\u00e1 Noel\"}]},{\"@type\":\"WebSite\",\"@id\":\"http:\\\/\\\/gentedebasquet.com.ar\\\/sitio\\\/#website\",\"url\":\"http:\\\/\\\/gentedebasquet.com.ar\\\/sitio\\\/\",\"name\":\"Gente de B\u00e1squet\",\"description\":\"La revista del basquet de Bah\u00eda Blanca\",\"potentialAction\":[{\"@type\":\"SearchAction\",\"target\":{\"@type\":\"EntryPoint\",\"urlTemplate\":\"http:\\\/\\\/gentedebasquet.com.ar\\\/sitio\\\/?s={search_term_string}\"},\"query-input\":{\"@type\":\"PropertyValueSpecification\",\"valueRequired\":true,\"valueName\":\"search_term_string\"}}],\"inLanguage\":\"es\"},{\"@type\":\"Person\",\"@id\":\"http:\\\/\\\/gentedebasquet.com.ar\\\/sitio\\\/#\\\/schema\\\/person\\\/ca0b63bbb977369988a7bbbdc519943a\",\"name\":\"Gente de B\u00e1squet\",\"image\":{\"@type\":\"ImageObject\",\"inLanguage\":\"es\",\"@id\":\"https:\\\/\\\/secure.gravatar.com\\\/avatar\\\/7f2c48bdc33b30088f941fb6082e555f2874c98e20cb159d7b92b50eadfce793?s=96&d=mm&r=g\",\"url\":\"https:\\\/\\\/secure.gravatar.com\\\/avatar\\\/7f2c48bdc33b30088f941fb6082e555f2874c98e20cb159d7b92b50eadfce793?s=96&d=mm&r=g\",\"contentUrl\":\"https:\\\/\\\/secure.gravatar.com\\\/avatar\\\/7f2c48bdc33b30088f941fb6082e555f2874c98e20cb159d7b92b50eadfce793?s=96&d=mm&r=g\",\"caption\":\"Gente de B\u00e1squet\"},\"sameAs\":[\"http:\\\/\\\/gentedebasquet.com.ar\\\/sitio\"],\"url\":\"http:\\\/\\\/gentedebasquet.com.ar\\\/sitio\\\/author\\\/ulises\\\/\"}]}<\/script>\n<!-- \/ Yoast SEO plugin. -->","yoast_head_json":{"title":"Ya saben qu\u00e9 pedirle a Pap\u00e1 Noel - Gente de B\u00e1squet","robots":{"index":"index","follow":"follow","max-snippet":"max-snippet:-1","max-image-preview":"max-image-preview:large","max-video-preview":"max-video-preview:-1"},"canonical":"http:\/\/gentedebasquet.com.ar\/sitio\/2016\/12\/23\/ya-saben-que-pedirle-a-papa-noel\/","og_locale":"es_ES","og_type":"article","og_title":"Ya saben qu\u00e9 pedirle a Pap\u00e1 Noel - Gente de B\u00e1squet","og_description":"Por el 62-56 de Villa Mitre sobre Alem, el t\u00edtulo en U13 se definir\u00e1 post Navidad","og_url":"http:\/\/gentedebasquet.com.ar\/sitio\/2016\/12\/23\/ya-saben-que-pedirle-a-papa-noel\/","og_site_name":"Gente de B\u00e1squet","article_published_time":"2016-12-24T02:03:04+00:00","og_image":[{"width":690,"height":319,"url":"http:\/\/gentedebasquet.com.ar\/sitio\/wp-content\/uploads\/2016\/12\/Jano-Martinez-Villa-Mitre-Alem-U13.jpg","type":"image\/jpeg"}],"author":"Gente de B\u00e1squet","twitter_card":"summary_large_image","twitter_misc":{"Escrito por":"Gente de B\u00e1squet","Tiempo de lectura":"4 minutos"},"schema":{"@context":"https:\/\/schema.org","@graph":[{"@type":"Article","@id":"http:\/\/gentedebasquet.com.ar\/sitio\/2016\/12\/23\/ya-saben-que-pedirle-a-papa-noel\/#article","isPartOf":{"@id":"http:\/\/gentedebasquet.com.ar\/sitio\/2016\/12\/23\/ya-saben-que-pedirle-a-papa-noel\/"},"author":{"name":"Gente de B\u00e1squet","@id":"http:\/\/gentedebasquet.com.ar\/sitio\/#\/schema\/person\/ca0b63bbb977369988a7bbbdc519943a"},"headline":"Ya saben qu\u00e9 pedirle a Pap\u00e1 Noel","datePublished":"2016-12-24T02:03:04+00:00","mainEntityOfPage":{"@id":"http:\/\/gentedebasquet.com.ar\/sitio\/2016\/12\/23\/ya-saben-que-pedirle-a-papa-noel\/"},"wordCount":714,"image":{"@id":"http:\/\/gentedebasquet.com.ar\/sitio\/2016\/12\/23\/ya-saben-que-pedirle-a-papa-noel\/#primaryimage"},"thumbnailUrl":"http:\/\/gentedebasquet.com.ar\/sitio\/wp-content\/uploads\/2016\/12\/Jano-Martinez-Villa-Mitre-Alem-U13.jpg","keywords":["Emanuel Barthe","Jano Mart\u00ednez","Juan Cruz Mambretti","Leandro N. Alem","Pedro Palacio","Valent\u00edn Forestier","Villa Mitre"],"articleSection":["U13"],"inLanguage":"es"},{"@type":"WebPage","@id":"http:\/\/gentedebasquet.com.ar\/sitio\/2016\/12\/23\/ya-saben-que-pedirle-a-papa-noel\/","url":"http:\/\/gentedebasquet.com.ar\/sitio\/2016\/12\/23\/ya-saben-que-pedirle-a-papa-noel\/","name":"Ya saben qu\u00e9 pedirle a Pap\u00e1 Noel - Gente de B\u00e1squet","isPartOf":{"@id":"http:\/\/gentedebasquet.com.ar\/sitio\/#website"},"primaryImageOfPage":{"@id":"http:\/\/gentedebasquet.com.ar\/sitio\/2016\/12\/23\/ya-saben-que-pedirle-a-papa-noel\/#primaryimage"},"image":{"@id":"http:\/\/gentedebasquet.com.ar\/sitio\/2016\/12\/23\/ya-saben-que-pedirle-a-papa-noel\/#primaryimage"},"thumbnailUrl":"http:\/\/gentedebasquet.com.ar\/sitio\/wp-content\/uploads\/2016\/12\/Jano-Martinez-Villa-Mitre-Alem-U13.jpg","datePublished":"2016-12-24T02:03:04+00:00","author":{"@id":"http:\/\/gentedebasquet.com.ar\/sitio\/#\/schema\/person\/ca0b63bbb977369988a7bbbdc519943a"},"breadcrumb":{"@id":"http:\/\/gentedebasquet.com.ar\/sitio\/2016\/12\/23\/ya-saben-que-pedirle-a-papa-noel\/#breadcrumb"},"inLanguage":"es","potentialAction":[{"@type":"ReadAction","target":["http:\/\/gentedebasquet.com.ar\/sitio\/2016\/12\/23\/ya-saben-que-pedirle-a-papa-noel\/"]}]},{"@type":"ImageObject","inLanguage":"es","@id":"http:\/\/gentedebasquet.com.ar\/sitio\/2016\/12\/23\/ya-saben-que-pedirle-a-papa-noel\/#primaryimage","url":"http:\/\/gentedebasquet.com.ar\/sitio\/wp-content\/uploads\/2016\/12\/Jano-Martinez-Villa-Mitre-Alem-U13.jpg","contentUrl":"http:\/\/gentedebasquet.com.ar\/sitio\/wp-content\/uploads\/2016\/12\/Jano-Martinez-Villa-Mitre-Alem-U13.jpg","width":690,"height":319},{"@type":"BreadcrumbList","@id":"http:\/\/gentedebasquet.com.ar\/sitio\/2016\/12\/23\/ya-saben-que-pedirle-a-papa-noel\/#breadcrumb","itemListElement":[{"@type":"ListItem","position":1,"name":"Portada","item":"http:\/\/gentedebasquet.com.ar\/sitio\/"},{"@type":"ListItem","position":2,"name":"Ya saben qu\u00e9 pedirle a Pap\u00e1 Noel"}]},{"@type":"WebSite","@id":"http:\/\/gentedebasquet.com.ar\/sitio\/#website","url":"http:\/\/gentedebasquet.com.ar\/sitio\/","name":"Gente de B\u00e1squet","description":"La revista del basquet de Bah\u00eda Blanca","potentialAction":[{"@type":"SearchAction","target":{"@type":"EntryPoint","urlTemplate":"http:\/\/gentedebasquet.com.ar\/sitio\/?s={search_term_string}"},"query-input":{"@type":"PropertyValueSpecification","valueRequired":true,"valueName":"search_term_string"}}],"inLanguage":"es"},{"@type":"Person","@id":"http:\/\/gentedebasquet.com.ar\/sitio\/#\/schema\/person\/ca0b63bbb977369988a7bbbdc519943a","name":"Gente de B\u00e1squet","image":{"@type":"ImageObject","inLanguage":"es","@id":"https:\/\/secure.gravatar.com\/avatar\/7f2c48bdc33b30088f941fb6082e555f2874c98e20cb159d7b92b50eadfce793?s=96&d=mm&r=g","url":"https:\/\/secure.gravatar.com\/avatar\/7f2c48bdc33b30088f941fb6082e555f2874c98e20cb159d7b92b50eadfce793?s=96&d=mm&r=g","contentUrl":"https:\/\/secure.gravatar.com\/avatar\/7f2c48bdc33b30088f941fb6082e555f2874c98e20cb159d7b92b50eadfce793?s=96&d=mm&r=g","caption":"Gente de B\u00e1squet"},"sameAs":["http:\/\/gentedebasquet.com.ar\/sitio"],"url":"http:\/\/gentedebasquet.com.ar\/sitio\/author\/ulises\/"}]}},"_links":{"self":[{"href":"http:\/\/gentedebasquet.com.ar\/sitio\/wp-json\/wp\/v2\/posts\/68128","targetHints":{"allow":["GET"]}}],"collection":[{"href":"http:\/\/gentedebasquet.com.ar\/sitio\/wp-json\/wp\/v2\/posts"}],"about":[{"href":"http:\/\/gentedebasquet.com.ar\/sitio\/wp-json\/wp\/v2\/types\/post"}],"author":[{"embeddable":true,"href":"http:\/\/gentedebasquet.com.ar\/sitio\/wp-json\/wp\/v2\/users\/1"}],"replies":[{"embeddable":true,"href":"http:\/\/gentedebasquet.com.ar\/sitio\/wp-json\/wp\/v2\/comments?post=68128"}],"version-history":[{"count":0,"href":"http:\/\/gentedebasquet.com.ar\/sitio\/wp-json\/wp\/v2\/posts\/68128\/revisions"}],"wp:featuredmedia":[{"embeddable":true,"href":"http:\/\/gentedebasquet.com.ar\/sitio\/wp-json\/wp\/v2\/media\/68121"}],"wp:attachment":[{"href":"http:\/\/gentedebasquet.com.ar\/sitio\/wp-json\/wp\/v2\/media?parent=68128"}],"wp:term":[{"taxonomy":"category","embeddable":true,"href":"http:\/\/gentedebasquet.com.ar\/sitio\/wp-json\/wp\/v2\/categories?post=68128"},{"taxonomy":"post_tag","embeddable":true,"href":"http:\/\/gentedebasquet.com.ar\/sitio\/wp-json\/wp\/v2\/tags?post=68128"}],"curies":[{"name":"wp","href":"https:\/\/api.w.org\/{rel}","templated":true}]}}