{"id":68288,"date":"2017-01-10T00:28:29","date_gmt":"2017-01-10T03:28:29","guid":{"rendered":"http:\/\/www.gentedebasquet.com.ar\/?p=68288"},"modified":"2017-01-10T00:28:29","modified_gmt":"2017-01-10T03:28:29","slug":"inicia-la-liga-de-desarrollo","status":"publish","type":"post","link":"http:\/\/gentedebasquet.com.ar\/sitio\/2017\/01\/10\/inicia-la-liga-de-desarrollo\/","title":{"rendered":"Inicia la Liga de Desarrollo"},"content":{"rendered":"<p><strong>Este martes desde las 20.15 y en el Osvaldo Casanova, Bah\u00eda Basket comenzar\u00e1 a recorrer el camino de la tercera edici\u00f3n de la Liga de Desarrollo. Recibir\u00e1 a Quilmes de Mar del Plata. El equipo conducido por Mauro Polla, asistido desde esta temporada por Mart\u00edn Luis, contar\u00e1 con ocho jugadores nacidos en nuestra ciudad e intentar\u00e1 defender el bicampeonato logrado en 2015 y 2016, ante Lan\u00fas.<\/strong><\/p>\n<p>Mart\u00edn Fern\u00e1ndez, alero del equipo, analiz\u00f3 c\u00f3mo se prepara el equipo para debutar en la LDD. Adem\u00e1s se refiri\u00f3 al presente del equipo de Liga Nacional, con la importancia que el parate significa y la frescura que beneficia el comienzo del 2017.<\/p>\n<p>\u00abLas expectativas siguen siendo las mismas que los a\u00f1os anteriores. Queremos mejorar partido a partido, que es de lo que se trata esta Liga de Desarrollo. Queremos crecer, tomar confianza y tomar minutos para, en un futuro, poder ser parte de la Liga Nacional\u00bb, le cont\u00f3 Fern\u00e1ndez al departamento de prensa de Bah\u00eda Basket.<\/p>\n<blockquote class=\"twitter-video\" data-lang=\"es\">\n<p dir=\"ltr\" lang=\"es\">? Esta noche empieza a jugarse la nueva edici\u00f3n de la Liga de Desarrollo. Los chicos de ayer son las figuras de hoy. <a href=\"https:\/\/twitter.com\/hashtag\/LaLigaBancoNaci%C3%B3n?src=hash\">#LaLigaBancoNaci\u00f3n<\/a> <a href=\"https:\/\/t.co\/iUoHy9nVds\">pic.twitter.com\/iUoHy9nVds<\/a><\/p>\n<p>\u2014 La Liga de B\u00e1squet (@LigaNacional) <a href=\"https:\/\/twitter.com\/LigaNacional\/status\/818214740744925188\">8 de enero de 2017<\/a><\/p><\/blockquote>\n<p><script src=\"\/\/platform.twitter.com\/widgets.js\" async=\"\" charset=\"utf-8\"><\/script><\/p>\n<p>\u00abEl descanso de fin de a\u00f1o sirvi\u00f3 para recargar pilas, poder pasar un tiempo con la familia y amigos. Ahora estamos entrenando duro para arrancar el 2017. En nuestro caso ser\u00e1 en casa, ante Quilmes, y queremos comenzar de la mejor manera.\u00a0Poder estar con la familia motiva mucho. Ayuda a renovar el aire y recargar nuestras energ\u00edas. Ven\u00edamos muy cansados del ritmo de competencia, por la participaci\u00f3n en la Liga Sudamericana y tantos partidos seguidos en pocos meses. Ven\u00edamos con mucho ritmo y desgaste. Fue muy alentador poder estar con la familia y ahora estar frescos para continuar la temporada\u00bb, se\u00f1al\u00f3.<\/p>\n<table border=\"2\" width=\"100%\">\n<tbody>\n<tr>\n<td align=\"center\" bgcolor=\"#000000\"><span style=\"color: #ffffff; font-family: tahoma, verdana, arial, helvetica, sans-serif; font-size: small;\"><strong>BAH\u00cdA BASKET 2017 &#8211; LDD<\/strong><\/span><\/td>\n<\/tr>\n<\/tbody>\n<\/table>\n<table border=\"2\" width=\"100%\">\n<tbody>\n<tr>\n<td align=\"center\" bgcolor=\"#095abf\"><span style=\"color: #ffffff; font-family: tahoma, verdana, arial, helvetica, sans-serif; font-size: small;\"><strong>NOMBRE y APELLIDO<\/strong><\/span><\/td>\n<td align=\"center\" bgcolor=\"#095abf\"><strong><span style=\"color: #ffffff; font-family: tahoma, verdana, arial, helvetica, sans-serif; font-size: small;\">POSICI\u00d3N<\/span><\/strong><\/td>\n<td align=\"center\" bgcolor=\"#095abf\"><strong><span style=\"color: #ffffff; font-family: tahoma, verdana, arial, helvetica, sans-serif; font-size: small;\">FECHA DE NAC.<\/span><\/strong><\/td>\n<td align=\"center\" bgcolor=\"#095abf\"><strong><span style=\"color: #ffffff; font-family: tahoma, verdana, arial, helvetica, sans-serif; font-size: small;\">LUGAR<\/span><\/strong><\/td>\n<td align=\"center\" bgcolor=\"#095abf\"><strong><span style=\"color: #ffffff; font-family: tahoma, verdana, arial, helvetica, sans-serif; font-size: small;\">N\u00ba<\/span><\/strong><\/td>\n<\/tr>\n<tr>\n<td align=\"center\" bgcolor=\"#dcdcdc\"><span style=\"font-family: tahoma, verdana, arial, helvetica, sans-serif; font-size: small;\">Juan Cruz MARINI<\/span><\/td>\n<td align=\"center\" bgcolor=\"#dcdcdc\"><span style=\"font-family: tahoma, verdana, arial, helvetica, sans-serif; font-size: small;\">Escolta<\/span><\/td>\n<td align=\"center\" bgcolor=\"#dcdcdc\"><span style=\"font-family: tahoma, verdana, arial, helvetica, sans-serif; font-size: small;\">08\/02\/2000<\/span><\/td>\n<td align=\"center\" bgcolor=\"#dcdcdc\"><span style=\"font-family: tahoma, verdana, arial, helvetica, sans-serif; font-size: small;\">Bah\u00eda Blanca<\/span><\/td>\n<td align=\"center\" bgcolor=\"#dcdcdc\"><span style=\"font-family: tahoma, verdana, arial, helvetica, sans-serif; font-size: small;\">0<\/span><\/td>\n<\/tr>\n<tr>\n<td align=\"center\" bgcolor=\"#eeeeee\"><span style=\"font-family: tahoma, verdana, arial, helvetica, sans-serif; font-size: small;\">Franco PALLOTTI<\/span><\/td>\n<td align=\"center\" bgcolor=\"#eeeeee\"><span style=\"font-family: tahoma, verdana, arial, helvetica, sans-serif; font-size: small;\">Base<\/span><\/td>\n<td align=\"center\" bgcolor=\"#eeeeee\"><span style=\"font-family: tahoma, verdana, arial, helvetica, sans-serif; font-size: small;\">26\/08\/2000<\/span><\/td>\n<td align=\"center\" bgcolor=\"#eeeeee\"><span style=\"font-family: tahoma, verdana, arial, helvetica, sans-serif; font-size: small;\">Bah\u00eda Blanca<\/span><\/td>\n<td align=\"center\" bgcolor=\"#eeeeee\"><span style=\"font-family: tahoma, verdana, arial, helvetica, sans-serif; font-size: small;\">1<\/span><\/td>\n<\/tr>\n<tr>\n<td align=\"center\" bgcolor=\"#dcdcdc\"><span style=\"font-family: tahoma, verdana, arial, helvetica, sans-serif; font-size: small;\">Joaqu\u00edn S\u00c1NCHEZ<\/span><\/td>\n<td align=\"center\" bgcolor=\"#dcdcdc\"><span style=\"font-family: tahoma, verdana, arial, helvetica, sans-serif; font-size: small;\">Escolta<\/span><\/td>\n<td align=\"center\" bgcolor=\"#dcdcdc\"><span style=\"font-family: tahoma, verdana, arial, helvetica, sans-serif; font-size: small;\">16\/01\/1998<\/span><\/td>\n<td align=\"center\" bgcolor=\"#dcdcdc\"><span style=\"font-family: tahoma, verdana, arial, helvetica, sans-serif; font-size: small;\">Bah\u00eda Blanca<\/span><\/td>\n<td align=\"center\" bgcolor=\"#dcdcdc\"><span style=\"font-family: tahoma, verdana, arial, helvetica, sans-serif; font-size: small;\">2<\/span><\/td>\n<\/tr>\n<tr>\n<td align=\"center\" bgcolor=\"#eeeeee\"><span style=\"font-family: tahoma, verdana, arial, helvetica, sans-serif; font-size: small;\">Nicol\u00e1s S\u00c1NCHEZ<\/span><\/td>\n<td align=\"center\" bgcolor=\"#eeeeee\"><span style=\"font-family: tahoma, verdana, arial, helvetica, sans-serif; font-size: small;\">Base<\/span><\/td>\n<td align=\"center\" bgcolor=\"#eeeeee\"><span style=\"font-family: tahoma, verdana, arial, helvetica, sans-serif; font-size: small;\">16\/01\/1998<\/span><\/td>\n<td align=\"center\" bgcolor=\"#eeeeee\"><span style=\"font-family: tahoma, verdana, arial, helvetica, sans-serif; font-size: small;\">Bah\u00eda Blanca<\/span><\/td>\n<td align=\"center\" bgcolor=\"#eeeeee\"><span style=\"font-family: tahoma, verdana, arial, helvetica, sans-serif; font-size: small;\">3<\/span><\/td>\n<\/tr>\n<tr>\n<td align=\"center\" bgcolor=\"#dcdcdc\"><span style=\"font-family: tahoma, verdana, arial, helvetica, sans-serif; font-size: small;\">Hern\u00e1n LOSITO<\/span><\/td>\n<td align=\"center\" bgcolor=\"#dcdcdc\"><span style=\"font-family: tahoma, verdana, arial, helvetica, sans-serif; font-size: small;\">Alero<\/span><\/td>\n<td align=\"center\" bgcolor=\"#dcdcdc\"><span style=\"font-family: tahoma, verdana, arial, helvetica, sans-serif; font-size: small;\">08\/10\/1997<\/span><\/td>\n<td align=\"center\" bgcolor=\"#dcdcdc\"><span style=\"font-family: tahoma, verdana, arial, helvetica, sans-serif; font-size: small;\">Mor\u00f3n ARG<\/span><\/td>\n<td align=\"center\" bgcolor=\"#dcdcdc\"><span style=\"font-family: tahoma, verdana, arial, helvetica, sans-serif; font-size: small;\">5<\/span><\/td>\n<\/tr>\n<tr>\n<td align=\"center\" bgcolor=\"#eeeeee\"><span style=\"font-family: tahoma, verdana, arial, helvetica, sans-serif; font-size: small;\">Tom\u00e1s CHAPERO<\/span><\/td>\n<td align=\"center\" bgcolor=\"#eeeeee\"><span style=\"font-family: tahoma, verdana, arial, helvetica, sans-serif; font-size: small;\">Pivot<\/span><\/td>\n<td align=\"center\" bgcolor=\"#eeeeee\"><span style=\"font-family: tahoma, verdana, arial, helvetica, sans-serif; font-size: small;\">10\/06\/2001<\/span><\/td>\n<td align=\"center\" bgcolor=\"#eeeeee\"><span style=\"font-family: tahoma, verdana, arial, helvetica, sans-serif; font-size: small;\">Santa Fe ARG<\/span><\/td>\n<td align=\"center\" bgcolor=\"#eeeeee\"><span style=\"font-family: tahoma, verdana, arial, helvetica, sans-serif; font-size: small;\">7<\/span><\/td>\n<\/tr>\n<tr>\n<td align=\"center\" bgcolor=\"#dcdcdc\"><span style=\"font-family: tahoma, verdana, arial, helvetica, sans-serif; font-size: small;\">Mart\u00edn FERN\u00c1NDEZ<\/span><\/td>\n<td align=\"center\" bgcolor=\"#dcdcdc\"><span style=\"font-family: tahoma, verdana, arial, helvetica, sans-serif; font-size: small;\">Escolta<\/span><\/td>\n<td align=\"center\" bgcolor=\"#dcdcdc\"><span style=\"font-family: tahoma, verdana, arial, helvetica, sans-serif; font-size: small;\">27\/03\/1997<\/span><\/td>\n<td align=\"center\" bgcolor=\"#dcdcdc\"><span style=\"font-family: tahoma, verdana, arial, helvetica, sans-serif; font-size: small;\">Mendoza ARG<\/span><\/td>\n<td align=\"center\" bgcolor=\"#dcdcdc\"><span style=\"font-family: tahoma, verdana, arial, helvetica, sans-serif; font-size: small;\">8<\/span><\/td>\n<\/tr>\n<tr>\n<td align=\"center\" bgcolor=\"#eeeeee\"><span style=\"font-family: tahoma, verdana, arial, helvetica, sans-serif; font-size: small;\">Facundo ARENS<\/span><\/td>\n<td align=\"center\" bgcolor=\"#eeeeee\"><span style=\"font-family: tahoma, verdana, arial, helvetica, sans-serif; font-size: small;\">Escolta<\/span><\/td>\n<td align=\"center\" bgcolor=\"#eeeeee\"><span style=\"font-family: tahoma, verdana, arial, helvetica, sans-serif; font-size: small;\">08\/10\/1997<\/span><\/td>\n<td align=\"center\" bgcolor=\"#eeeeee\"><span style=\"font-family: tahoma, verdana, arial, helvetica, sans-serif; font-size: small;\">Bah\u00eda Blanca<\/span><\/td>\n<td align=\"center\" bgcolor=\"#eeeeee\"><span style=\"font-family: tahoma, verdana, arial, helvetica, sans-serif; font-size: small;\">9<\/span><\/td>\n<\/tr>\n<tr>\n<td align=\"center\" bgcolor=\"#dcdcdc\"><span style=\"font-family: tahoma, verdana, arial, helvetica, sans-serif; font-size: small;\">Santiago VAULET<\/span><\/td>\n<td align=\"center\" bgcolor=\"#dcdcdc\"><span style=\"font-family: tahoma, verdana, arial, helvetica, sans-serif; font-size: small;\">Base<\/span><\/td>\n<td align=\"center\" bgcolor=\"#dcdcdc\"><span style=\"font-family: tahoma, verdana, arial, helvetica, sans-serif; font-size: small;\">11\/05\/1998<\/span><\/td>\n<td align=\"center\" bgcolor=\"#dcdcdc\"><span style=\"font-family: tahoma, verdana, arial, helvetica, sans-serif; font-size: small;\">C\u00f3rdoba ARG<\/span><\/td>\n<td align=\"center\" bgcolor=\"#dcdcdc\"><span style=\"font-family: tahoma, verdana, arial, helvetica, sans-serif; font-size: small;\">11<\/span><\/td>\n<\/tr>\n<tr>\n<td align=\"center\" bgcolor=\"#eeeeee\"><span style=\"font-family: tahoma, verdana, arial, helvetica, sans-serif; font-size: small;\">Ariel RAMOS<\/span><\/td>\n<td align=\"center\" bgcolor=\"#eeeeee\"><span style=\"font-family: tahoma, verdana, arial, helvetica, sans-serif; font-size: small;\">Ala Pivot<\/span><\/td>\n<td align=\"center\" bgcolor=\"#eeeeee\"><span style=\"font-family: tahoma, verdana, arial, helvetica, sans-serif; font-size: small;\">23\/03\/1995<\/span><\/td>\n<td align=\"center\" bgcolor=\"#eeeeee\"><span style=\"font-family: tahoma, verdana, arial, helvetica, sans-serif; font-size: small;\">Mendoza ARG<\/span><\/td>\n<td align=\"center\" bgcolor=\"#eeeeee\"><span style=\"font-family: tahoma, verdana, arial, helvetica, sans-serif; font-size: small;\">12<\/span><\/td>\n<\/tr>\n<tr>\n<td align=\"center\" bgcolor=\"#eeeeee\"><span style=\"font-family: tahoma, verdana, arial, helvetica, sans-serif; font-size: small;\">Francisco FILIPPA<\/span><\/td>\n<td align=\"center\" bgcolor=\"#eeeeee\"><span style=\"font-family: tahoma, verdana, arial, helvetica, sans-serif; font-size: small;\">Pivot<\/span><\/td>\n<td align=\"center\" bgcolor=\"#eeeeee\"><span style=\"font-family: tahoma, verdana, arial, helvetica, sans-serif; font-size: small;\">30\/09\/1995<\/span><\/td>\n<td align=\"center\" bgcolor=\"#eeeeee\"><span style=\"font-family: tahoma, verdana, arial, helvetica, sans-serif; font-size: small;\">Punta Alta ARG<\/span><\/td>\n<td align=\"center\" bgcolor=\"#eeeeee\"><span style=\"font-family: tahoma, verdana, arial, helvetica, sans-serif; font-size: small;\">15<\/span><\/td>\n<\/tr>\n<tr>\n<td align=\"center\" bgcolor=\"#dcdcdc\"><span style=\"font-family: tahoma, verdana, arial, helvetica, sans-serif; font-size: small;\">Federico EL\u00cdAS<\/span><\/td>\n<td align=\"center\" bgcolor=\"#dcdcdc\"><span style=\"font-family: tahoma, verdana, arial, helvetica, sans-serif; font-size: small;\">Escolta<\/span><\/td>\n<td align=\"center\" bgcolor=\"#dcdcdc\"><span style=\"font-family: tahoma, verdana, arial, helvetica, sans-serif; font-size: small;\">24\/09\/1999<\/span><\/td>\n<td align=\"center\" bgcolor=\"#dcdcdc\"><span style=\"font-family: tahoma, verdana, arial, helvetica, sans-serif; font-size: small;\">Bah\u00eda Blanca<\/span><\/td>\n<td align=\"center\" bgcolor=\"#dcdcdc\"><span style=\"font-family: tahoma, verdana, arial, helvetica, sans-serif; font-size: small;\">16<\/span><\/td>\n<\/tr>\n<tr>\n<td align=\"center\" bgcolor=\"#eeeeee\"><span style=\"font-family: tahoma, verdana, arial, helvetica, sans-serif; font-size: small;\">Facundo CORVAL\u00c1N<\/span><\/td>\n<td align=\"center\" bgcolor=\"#eeeeee\"><span style=\"font-family: tahoma, verdana, arial, helvetica, sans-serif; font-size: small;\">Base<\/span><\/td>\n<td align=\"center\" bgcolor=\"#eeeeee\"><span style=\"font-family: tahoma, verdana, arial, helvetica, sans-serif; font-size: small;\">10\/09\/1998<\/span><\/td>\n<td align=\"center\" bgcolor=\"#eeeeee\"><span style=\"font-family: tahoma, verdana, arial, helvetica, sans-serif; font-size: small;\">Jun\u00edn ARG<\/span><\/td>\n<td align=\"center\" bgcolor=\"#eeeeee\"><span style=\"font-family: tahoma, verdana, arial, helvetica, sans-serif; font-size: small;\">17<\/span><\/td>\n<\/tr>\n<tr>\n<td align=\"center\" bgcolor=\"#dcdcdc\"><span style=\"font-family: tahoma, verdana, arial, helvetica, sans-serif; font-size: small;\">Jos\u00e9 MATER\u00c1N<\/span><\/td>\n<td align=\"center\" bgcolor=\"#dcdcdc\"><span style=\"font-family: tahoma, verdana, arial, helvetica, sans-serif; font-size: small;\">Escolta<\/span><\/td>\n<td align=\"center\" bgcolor=\"#dcdcdc\"><span style=\"font-family: tahoma, verdana, arial, helvetica, sans-serif; font-size: small;\">17\/08\/1996<\/span><\/td>\n<td align=\"center\" bgcolor=\"#dcdcdc\"><span style=\"font-family: tahoma, verdana, arial, helvetica, sans-serif; font-size: small;\">Cabudare VEN<\/span><\/td>\n<td align=\"center\" bgcolor=\"#dcdcdc\"><span style=\"font-family: tahoma, verdana, arial, helvetica, sans-serif; font-size: small;\">19<\/span><\/td>\n<\/tr>\n<tr>\n<td align=\"center\" bgcolor=\"#eeeeee\"><span style=\"font-family: tahoma, verdana, arial, helvetica, sans-serif; font-size: small;\">Ferm\u00edn THYGESEN<\/span><\/td>\n<td align=\"center\" bgcolor=\"#eeeeee\"><span style=\"font-family: tahoma, verdana, arial, helvetica, sans-serif; font-size: small;\">Base<\/span><\/td>\n<td align=\"center\" bgcolor=\"#eeeeee\"><span style=\"font-family: tahoma, verdana, arial, helvetica, sans-serif; font-size: small;\">20\/01\/1998<\/span><\/td>\n<td align=\"center\" bgcolor=\"#eeeeee\"><span style=\"font-family: tahoma, verdana, arial, helvetica, sans-serif; font-size: small;\">Tres Arroyos ARG<\/span><\/td>\n<td align=\"center\" bgcolor=\"#eeeeee\"><span style=\"font-family: tahoma, verdana, arial, helvetica, sans-serif; font-size: small;\">20<\/span><\/td>\n<\/tr>\n<tr>\n<td align=\"center\" bgcolor=\"#dcdcdc\"><span style=\"font-family: tahoma, verdana, arial, helvetica, sans-serif; font-size: small;\">Rodrigo GERHARDT<\/span><\/td>\n<td align=\"center\" bgcolor=\"#dcdcdc\"><span style=\"font-family: tahoma, verdana, arial, helvetica, sans-serif; font-size: small;\">Ala Pivot<\/span><\/td>\n<td align=\"center\" bgcolor=\"#dcdcdc\"><span style=\"font-family: tahoma, verdana, arial, helvetica, sans-serif; font-size: small;\">17\/07\/1996<\/span><\/td>\n<td align=\"center\" bgcolor=\"#dcdcdc\"><span style=\"font-family: tahoma, verdana, arial, helvetica, sans-serif; font-size: small;\">Bah\u00eda Blanca<\/span><\/td>\n<td align=\"center\" bgcolor=\"#dcdcdc\"><span style=\"font-family: tahoma, verdana, arial, helvetica, sans-serif; font-size: small;\">21<\/span><\/td>\n<\/tr>\n<tr>\n<td align=\"center\" bgcolor=\"#eeeeee\"><span style=\"font-family: tahoma, verdana, arial, helvetica, sans-serif; font-size: small;\">Fausto RUESGA<\/span><\/td>\n<td align=\"center\" bgcolor=\"#eeeeee\"><span style=\"font-family: tahoma, verdana, arial, helvetica, sans-serif; font-size: small;\">Ala Pivot<\/span><\/td>\n<td align=\"center\" bgcolor=\"#eeeeee\"><span style=\"font-family: tahoma, verdana, arial, helvetica, sans-serif; font-size: small;\">18\/07\/2000<\/span><\/td>\n<td align=\"center\" bgcolor=\"#eeeeee\"><span style=\"font-family: tahoma, verdana, arial, helvetica, sans-serif; font-size: small;\">Bah\u00eda Blanca<\/span><\/td>\n<td align=\"center\" bgcolor=\"#eeeeee\"><span style=\"font-family: tahoma, verdana, arial, helvetica, sans-serif; font-size: small;\">30<\/span><\/td>\n<\/tr>\n<\/tbody>\n<\/table>\n<p>La novedad de la presentaci\u00f3n es la creaci\u00f3n del 3&#215;3 de la Liga de Desarrollo. Se jugar\u00e1 en la previa de los partidos de LNB, con integrantes del plantel de LDD. La LDD 2017 tendr\u00e1 8 fichas obligatorias; streaming y estad\u00edsticas online; la fase regular terminar\u00e1 el 31 de marzo con 20 partidos disputados por club y luego habr\u00e1 definici\u00f3n en un Final 4 con sede a designar.<\/p>\n<p><strong>Fuente:<\/strong> Prensa Bah\u00eda Basket y Prensa LNB.<\/p>\n<p><strong>Foto:<\/strong> Prensa Bah\u00eda Basket.<\/p>\n","protected":false},"excerpt":{"rendered":"<p>Con ocho jugadores nacidos en nuestra ciudad, Bah\u00eda intentar\u00e1 defender el t\u00edtulo<\/p>\n","protected":false},"author":1,"featured_media":68289,"comment_status":"closed","ping_status":"open","sticky":false,"template":"","format":"standard","meta":{"jnews-multi-image_gallery":[],"jnews_single_post":[],"jnews_primary_category":[],"footnotes":""},"categories":[57],"tags":[58,65,1142,1085,651,305,309,364,78,727,561,484,174],"class_list":["post-68288","post","type-post","status-publish","format-standard","has-post-thumbnail","hentry","category-bahia-basket","tag-bahiabasket","tag-facundo-arens","tag-fausto-ruesga","tag-federico-elias","tag-franco-pallotti","tag-joaquin-sanchez","tag-juan-cruz-marini","tag-ldd","tag-lnb","tag-martin-luis","tag-mauro-polla","tag-nicolas-sanchez","tag-rodrigo-gerhardt"],"yoast_head":"<!-- This site is optimized with the Yoast SEO plugin v27.5 - https:\/\/yoast.com\/product\/yoast-seo-wordpress\/ -->\n<title>Inicia la Liga de Desarrollo - Gente de B\u00e1squet<\/title>\n<meta name=\"robots\" content=\"index, follow, max-snippet:-1, max-image-preview:large, max-video-preview:-1\" \/>\n<link rel=\"canonical\" href=\"http:\/\/gentedebasquet.com.ar\/sitio\/2017\/01\/10\/inicia-la-liga-de-desarrollo\/\" \/>\n<meta property=\"og:locale\" content=\"es_ES\" \/>\n<meta property=\"og:type\" content=\"article\" \/>\n<meta property=\"og:title\" content=\"Inicia la Liga de Desarrollo - Gente de B\u00e1squet\" \/>\n<meta property=\"og:description\" content=\"Con ocho jugadores nacidos en nuestra ciudad, Bah\u00eda intentar\u00e1 defender el t\u00edtulo\" \/>\n<meta property=\"og:url\" content=\"http:\/\/gentedebasquet.com.ar\/sitio\/2017\/01\/10\/inicia-la-liga-de-desarrollo\/\" \/>\n<meta property=\"og:site_name\" content=\"Gente de B\u00e1squet\" \/>\n<meta property=\"article:published_time\" content=\"2017-01-10T03:28:29+00:00\" \/>\n<meta property=\"og:image\" content=\"http:\/\/gentedebasquet.com.ar\/sitio\/wp-content\/uploads\/2017\/01\/LDD.jpg\" \/>\n\t<meta property=\"og:image:width\" content=\"690\" \/>\n\t<meta property=\"og:image:height\" content=\"319\" \/>\n\t<meta property=\"og:image:type\" content=\"image\/jpeg\" \/>\n<meta name=\"author\" content=\"Gente de B\u00e1squet\" \/>\n<meta name=\"twitter:card\" content=\"summary_large_image\" \/>\n<meta name=\"twitter:label1\" content=\"Escrito por\" \/>\n\t<meta name=\"twitter:data1\" content=\"Gente de B\u00e1squet\" \/>\n\t<meta name=\"twitter:label2\" content=\"Tiempo de lectura\" \/>\n\t<meta name=\"twitter:data2\" content=\"3 minutos\" \/>\n<script type=\"application\/ld+json\" class=\"yoast-schema-graph\">{\"@context\":\"https:\\\/\\\/schema.org\",\"@graph\":[{\"@type\":\"Article\",\"@id\":\"http:\\\/\\\/gentedebasquet.com.ar\\\/sitio\\\/2017\\\/01\\\/10\\\/inicia-la-liga-de-desarrollo\\\/#article\",\"isPartOf\":{\"@id\":\"http:\\\/\\\/gentedebasquet.com.ar\\\/sitio\\\/2017\\\/01\\\/10\\\/inicia-la-liga-de-desarrollo\\\/\"},\"author\":{\"name\":\"Gente de B\u00e1squet\",\"@id\":\"https:\\\/\\\/gentedebasquet.com.ar\\\/sitio\\\/#\\\/schema\\\/person\\\/ca0b63bbb977369988a7bbbdc519943a\"},\"headline\":\"Inicia la Liga de Desarrollo\",\"datePublished\":\"2017-01-10T03:28:29+00:00\",\"mainEntityOfPage\":{\"@id\":\"http:\\\/\\\/gentedebasquet.com.ar\\\/sitio\\\/2017\\\/01\\\/10\\\/inicia-la-liga-de-desarrollo\\\/\"},\"wordCount\":530,\"image\":{\"@id\":\"http:\\\/\\\/gentedebasquet.com.ar\\\/sitio\\\/2017\\\/01\\\/10\\\/inicia-la-liga-de-desarrollo\\\/#primaryimage\"},\"thumbnailUrl\":\"http:\\\/\\\/gentedebasquet.com.ar\\\/sitio\\\/wp-content\\\/uploads\\\/2017\\\/01\\\/LDD.jpg\",\"keywords\":[\"Bah\u00eda Basket\",\"Facundo Arens\",\"Fausto Ruesga\",\"Federico El\u00edas\",\"Franco Pallotti\",\"Joaqu\u00edn S\u00e1nchez\",\"Juan Cruz Marini\",\"LDD\",\"LNB\",\"Mart\u00edn Luis\",\"Mauro Polla\",\"Nicol\u00e1s S\u00e1nchez\",\"Rodrigo Gerhardt\"],\"articleSection\":[\"Bah\u00eda Basket\"],\"inLanguage\":\"es\"},{\"@type\":\"WebPage\",\"@id\":\"http:\\\/\\\/gentedebasquet.com.ar\\\/sitio\\\/2017\\\/01\\\/10\\\/inicia-la-liga-de-desarrollo\\\/\",\"url\":\"http:\\\/\\\/gentedebasquet.com.ar\\\/sitio\\\/2017\\\/01\\\/10\\\/inicia-la-liga-de-desarrollo\\\/\",\"name\":\"Inicia la Liga de Desarrollo - Gente de B\u00e1squet\",\"isPartOf\":{\"@id\":\"https:\\\/\\\/gentedebasquet.com.ar\\\/sitio\\\/#website\"},\"primaryImageOfPage\":{\"@id\":\"http:\\\/\\\/gentedebasquet.com.ar\\\/sitio\\\/2017\\\/01\\\/10\\\/inicia-la-liga-de-desarrollo\\\/#primaryimage\"},\"image\":{\"@id\":\"http:\\\/\\\/gentedebasquet.com.ar\\\/sitio\\\/2017\\\/01\\\/10\\\/inicia-la-liga-de-desarrollo\\\/#primaryimage\"},\"thumbnailUrl\":\"http:\\\/\\\/gentedebasquet.com.ar\\\/sitio\\\/wp-content\\\/uploads\\\/2017\\\/01\\\/LDD.jpg\",\"datePublished\":\"2017-01-10T03:28:29+00:00\",\"author\":{\"@id\":\"https:\\\/\\\/gentedebasquet.com.ar\\\/sitio\\\/#\\\/schema\\\/person\\\/ca0b63bbb977369988a7bbbdc519943a\"},\"breadcrumb\":{\"@id\":\"http:\\\/\\\/gentedebasquet.com.ar\\\/sitio\\\/2017\\\/01\\\/10\\\/inicia-la-liga-de-desarrollo\\\/#breadcrumb\"},\"inLanguage\":\"es\",\"potentialAction\":[{\"@type\":\"ReadAction\",\"target\":[\"http:\\\/\\\/gentedebasquet.com.ar\\\/sitio\\\/2017\\\/01\\\/10\\\/inicia-la-liga-de-desarrollo\\\/\"]}]},{\"@type\":\"ImageObject\",\"inLanguage\":\"es\",\"@id\":\"http:\\\/\\\/gentedebasquet.com.ar\\\/sitio\\\/2017\\\/01\\\/10\\\/inicia-la-liga-de-desarrollo\\\/#primaryimage\",\"url\":\"http:\\\/\\\/gentedebasquet.com.ar\\\/sitio\\\/wp-content\\\/uploads\\\/2017\\\/01\\\/LDD.jpg\",\"contentUrl\":\"http:\\\/\\\/gentedebasquet.com.ar\\\/sitio\\\/wp-content\\\/uploads\\\/2017\\\/01\\\/LDD.jpg\",\"width\":690,\"height\":319},{\"@type\":\"BreadcrumbList\",\"@id\":\"http:\\\/\\\/gentedebasquet.com.ar\\\/sitio\\\/2017\\\/01\\\/10\\\/inicia-la-liga-de-desarrollo\\\/#breadcrumb\",\"itemListElement\":[{\"@type\":\"ListItem\",\"position\":1,\"name\":\"Portada\",\"item\":\"https:\\\/\\\/gentedebasquet.com.ar\\\/sitio\\\/\"},{\"@type\":\"ListItem\",\"position\":2,\"name\":\"Inicia la Liga de Desarrollo\"}]},{\"@type\":\"WebSite\",\"@id\":\"https:\\\/\\\/gentedebasquet.com.ar\\\/sitio\\\/#website\",\"url\":\"https:\\\/\\\/gentedebasquet.com.ar\\\/sitio\\\/\",\"name\":\"Gente de B\u00e1squet\",\"description\":\"La revista del basquet de Bah\u00eda Blanca\",\"potentialAction\":[{\"@type\":\"SearchAction\",\"target\":{\"@type\":\"EntryPoint\",\"urlTemplate\":\"https:\\\/\\\/gentedebasquet.com.ar\\\/sitio\\\/?s={search_term_string}\"},\"query-input\":{\"@type\":\"PropertyValueSpecification\",\"valueRequired\":true,\"valueName\":\"search_term_string\"}}],\"inLanguage\":\"es\"},{\"@type\":\"Person\",\"@id\":\"https:\\\/\\\/gentedebasquet.com.ar\\\/sitio\\\/#\\\/schema\\\/person\\\/ca0b63bbb977369988a7bbbdc519943a\",\"name\":\"Gente de B\u00e1squet\",\"image\":{\"@type\":\"ImageObject\",\"inLanguage\":\"es\",\"@id\":\"https:\\\/\\\/secure.gravatar.com\\\/avatar\\\/7f2c48bdc33b30088f941fb6082e555f2874c98e20cb159d7b92b50eadfce793?s=96&d=mm&r=g\",\"url\":\"https:\\\/\\\/secure.gravatar.com\\\/avatar\\\/7f2c48bdc33b30088f941fb6082e555f2874c98e20cb159d7b92b50eadfce793?s=96&d=mm&r=g\",\"contentUrl\":\"https:\\\/\\\/secure.gravatar.com\\\/avatar\\\/7f2c48bdc33b30088f941fb6082e555f2874c98e20cb159d7b92b50eadfce793?s=96&d=mm&r=g\",\"caption\":\"Gente de B\u00e1squet\"},\"sameAs\":[\"http:\\\/\\\/gentedebasquet.com.ar\\\/sitio\"],\"url\":\"http:\\\/\\\/gentedebasquet.com.ar\\\/sitio\\\/author\\\/ulises\\\/\"}]}<\/script>\n<!-- \/ Yoast SEO plugin. -->","yoast_head_json":{"title":"Inicia la Liga de Desarrollo - Gente de B\u00e1squet","robots":{"index":"index","follow":"follow","max-snippet":"max-snippet:-1","max-image-preview":"max-image-preview:large","max-video-preview":"max-video-preview:-1"},"canonical":"http:\/\/gentedebasquet.com.ar\/sitio\/2017\/01\/10\/inicia-la-liga-de-desarrollo\/","og_locale":"es_ES","og_type":"article","og_title":"Inicia la Liga de Desarrollo - Gente de B\u00e1squet","og_description":"Con ocho jugadores nacidos en nuestra ciudad, Bah\u00eda intentar\u00e1 defender el t\u00edtulo","og_url":"http:\/\/gentedebasquet.com.ar\/sitio\/2017\/01\/10\/inicia-la-liga-de-desarrollo\/","og_site_name":"Gente de B\u00e1squet","article_published_time":"2017-01-10T03:28:29+00:00","og_image":[{"width":690,"height":319,"url":"http:\/\/gentedebasquet.com.ar\/sitio\/wp-content\/uploads\/2017\/01\/LDD.jpg","type":"image\/jpeg"}],"author":"Gente de B\u00e1squet","twitter_card":"summary_large_image","twitter_misc":{"Escrito por":"Gente de B\u00e1squet","Tiempo de lectura":"3 minutos"},"schema":{"@context":"https:\/\/schema.org","@graph":[{"@type":"Article","@id":"http:\/\/gentedebasquet.com.ar\/sitio\/2017\/01\/10\/inicia-la-liga-de-desarrollo\/#article","isPartOf":{"@id":"http:\/\/gentedebasquet.com.ar\/sitio\/2017\/01\/10\/inicia-la-liga-de-desarrollo\/"},"author":{"name":"Gente de B\u00e1squet","@id":"https:\/\/gentedebasquet.com.ar\/sitio\/#\/schema\/person\/ca0b63bbb977369988a7bbbdc519943a"},"headline":"Inicia la Liga de Desarrollo","datePublished":"2017-01-10T03:28:29+00:00","mainEntityOfPage":{"@id":"http:\/\/gentedebasquet.com.ar\/sitio\/2017\/01\/10\/inicia-la-liga-de-desarrollo\/"},"wordCount":530,"image":{"@id":"http:\/\/gentedebasquet.com.ar\/sitio\/2017\/01\/10\/inicia-la-liga-de-desarrollo\/#primaryimage"},"thumbnailUrl":"http:\/\/gentedebasquet.com.ar\/sitio\/wp-content\/uploads\/2017\/01\/LDD.jpg","keywords":["Bah\u00eda Basket","Facundo Arens","Fausto Ruesga","Federico El\u00edas","Franco Pallotti","Joaqu\u00edn S\u00e1nchez","Juan Cruz Marini","LDD","LNB","Mart\u00edn Luis","Mauro Polla","Nicol\u00e1s S\u00e1nchez","Rodrigo Gerhardt"],"articleSection":["Bah\u00eda Basket"],"inLanguage":"es"},{"@type":"WebPage","@id":"http:\/\/gentedebasquet.com.ar\/sitio\/2017\/01\/10\/inicia-la-liga-de-desarrollo\/","url":"http:\/\/gentedebasquet.com.ar\/sitio\/2017\/01\/10\/inicia-la-liga-de-desarrollo\/","name":"Inicia la Liga de Desarrollo - Gente de B\u00e1squet","isPartOf":{"@id":"https:\/\/gentedebasquet.com.ar\/sitio\/#website"},"primaryImageOfPage":{"@id":"http:\/\/gentedebasquet.com.ar\/sitio\/2017\/01\/10\/inicia-la-liga-de-desarrollo\/#primaryimage"},"image":{"@id":"http:\/\/gentedebasquet.com.ar\/sitio\/2017\/01\/10\/inicia-la-liga-de-desarrollo\/#primaryimage"},"thumbnailUrl":"http:\/\/gentedebasquet.com.ar\/sitio\/wp-content\/uploads\/2017\/01\/LDD.jpg","datePublished":"2017-01-10T03:28:29+00:00","author":{"@id":"https:\/\/gentedebasquet.com.ar\/sitio\/#\/schema\/person\/ca0b63bbb977369988a7bbbdc519943a"},"breadcrumb":{"@id":"http:\/\/gentedebasquet.com.ar\/sitio\/2017\/01\/10\/inicia-la-liga-de-desarrollo\/#breadcrumb"},"inLanguage":"es","potentialAction":[{"@type":"ReadAction","target":["http:\/\/gentedebasquet.com.ar\/sitio\/2017\/01\/10\/inicia-la-liga-de-desarrollo\/"]}]},{"@type":"ImageObject","inLanguage":"es","@id":"http:\/\/gentedebasquet.com.ar\/sitio\/2017\/01\/10\/inicia-la-liga-de-desarrollo\/#primaryimage","url":"http:\/\/gentedebasquet.com.ar\/sitio\/wp-content\/uploads\/2017\/01\/LDD.jpg","contentUrl":"http:\/\/gentedebasquet.com.ar\/sitio\/wp-content\/uploads\/2017\/01\/LDD.jpg","width":690,"height":319},{"@type":"BreadcrumbList","@id":"http:\/\/gentedebasquet.com.ar\/sitio\/2017\/01\/10\/inicia-la-liga-de-desarrollo\/#breadcrumb","itemListElement":[{"@type":"ListItem","position":1,"name":"Portada","item":"https:\/\/gentedebasquet.com.ar\/sitio\/"},{"@type":"ListItem","position":2,"name":"Inicia la Liga de Desarrollo"}]},{"@type":"WebSite","@id":"https:\/\/gentedebasquet.com.ar\/sitio\/#website","url":"https:\/\/gentedebasquet.com.ar\/sitio\/","name":"Gente de B\u00e1squet","description":"La revista del basquet de Bah\u00eda Blanca","potentialAction":[{"@type":"SearchAction","target":{"@type":"EntryPoint","urlTemplate":"https:\/\/gentedebasquet.com.ar\/sitio\/?s={search_term_string}"},"query-input":{"@type":"PropertyValueSpecification","valueRequired":true,"valueName":"search_term_string"}}],"inLanguage":"es"},{"@type":"Person","@id":"https:\/\/gentedebasquet.com.ar\/sitio\/#\/schema\/person\/ca0b63bbb977369988a7bbbdc519943a","name":"Gente de B\u00e1squet","image":{"@type":"ImageObject","inLanguage":"es","@id":"https:\/\/secure.gravatar.com\/avatar\/7f2c48bdc33b30088f941fb6082e555f2874c98e20cb159d7b92b50eadfce793?s=96&d=mm&r=g","url":"https:\/\/secure.gravatar.com\/avatar\/7f2c48bdc33b30088f941fb6082e555f2874c98e20cb159d7b92b50eadfce793?s=96&d=mm&r=g","contentUrl":"https:\/\/secure.gravatar.com\/avatar\/7f2c48bdc33b30088f941fb6082e555f2874c98e20cb159d7b92b50eadfce793?s=96&d=mm&r=g","caption":"Gente de B\u00e1squet"},"sameAs":["http:\/\/gentedebasquet.com.ar\/sitio"],"url":"http:\/\/gentedebasquet.com.ar\/sitio\/author\/ulises\/"}]}},"_links":{"self":[{"href":"http:\/\/gentedebasquet.com.ar\/sitio\/wp-json\/wp\/v2\/posts\/68288","targetHints":{"allow":["GET"]}}],"collection":[{"href":"http:\/\/gentedebasquet.com.ar\/sitio\/wp-json\/wp\/v2\/posts"}],"about":[{"href":"http:\/\/gentedebasquet.com.ar\/sitio\/wp-json\/wp\/v2\/types\/post"}],"author":[{"embeddable":true,"href":"http:\/\/gentedebasquet.com.ar\/sitio\/wp-json\/wp\/v2\/users\/1"}],"replies":[{"embeddable":true,"href":"http:\/\/gentedebasquet.com.ar\/sitio\/wp-json\/wp\/v2\/comments?post=68288"}],"version-history":[{"count":0,"href":"http:\/\/gentedebasquet.com.ar\/sitio\/wp-json\/wp\/v2\/posts\/68288\/revisions"}],"wp:featuredmedia":[{"embeddable":true,"href":"http:\/\/gentedebasquet.com.ar\/sitio\/wp-json\/wp\/v2\/media\/68289"}],"wp:attachment":[{"href":"http:\/\/gentedebasquet.com.ar\/sitio\/wp-json\/wp\/v2\/media?parent=68288"}],"wp:term":[{"taxonomy":"category","embeddable":true,"href":"http:\/\/gentedebasquet.com.ar\/sitio\/wp-json\/wp\/v2\/categories?post=68288"},{"taxonomy":"post_tag","embeddable":true,"href":"http:\/\/gentedebasquet.com.ar\/sitio\/wp-json\/wp\/v2\/tags?post=68288"}],"curies":[{"name":"wp","href":"https:\/\/api.w.org\/{rel}","templated":true}]}}