{"id":69569,"date":"2017-03-23T23:50:18","date_gmt":"2017-03-24T02:50:18","guid":{"rendered":"http:\/\/www.gentedebasquet.com.ar\/?p=69569"},"modified":"2017-03-23T23:50:18","modified_gmt":"2017-03-24T02:50:18","slug":"de-menor-a-mayor-4","status":"publish","type":"post","link":"http:\/\/gentedebasquet.com.ar\/sitio\/2017\/03\/23\/de-menor-a-mayor-4\/","title":{"rendered":"De menor a mayor"},"content":{"rendered":"<p><strong>Bahiense del Norte se qued\u00f3 con un partidazo tras vencer por 91-87 a Alem en el Manu Gin\u00f3bili. El Tricolor no comenz\u00f3 bien (0-9 en 2m) y lleg\u00f3 a estar trece abajo en m\u00e1s de una oportunidad, pero luego revirti\u00f3 su imagen en el segundo tiempo y desde atr\u00e1s hacia adelante se qued\u00f3 con el triunfo. An\u00edbal Buzzo (27 pts \u2013 7\/11 T2 \u2013 10\/12 TL) fue el goleador y estuvo bien acompa\u00f1ado por Andr\u00e9s Barbero (17, 6 reb), Juan Pablo Mor\u00e1n (13 y 6 asist) y Esteban Silva (13 y 9 reb). Por el lado Verdirrojo sobresalieron Juan Pablo Rotta (20 y 8 reb), Augusto Priore (17 \u2013 5\/10 T3) y Herman Banegas (14 y 10 reb). Un golpe que le hizo perder dos piezas dentales, en el \u00faltimo entrenamiento, priv\u00f3 a Luciano Fern\u00e1ndez de estar presente en el encuentro. \u00a0<\/strong><\/p>\n<p>El inicio de la noche tuvo a Alem como claro dominador. El Verdirrojo entr\u00f3 muy metido y clav\u00f3 un parcial de 9-0 en 2m, mostr\u00f3 variantes en ofensiva y lleg\u00f3 a estar trece puntos arriba (7-20) cuando restaban 3m40s para finalizar el 1C. Las bombas de Priore, Cinti y Rotta, m\u00e1s la presencia en la pintura de la dupla Larrandart (4) \u2013 Banegas (4) le dieron vida en ofensiva al elenco de \u00c1lvarez. En frente, a Bahiense, le cost\u00f3 tres minutos poder anotar y se mostr\u00f3 endeble en defensa. Cuando Mor\u00e1n (9 de los 19 del equipo) apareci\u00f3, encontr\u00f3 parte de sus puntos en el segmento (19-30).<a href=\"http:\/\/www.gentedebasquet.com.ar\/wp-content\/uploads\/2017\/03\/DSC_0099.jpg\" rel=\"attachment wp-att-69572\"><img decoding=\"async\" class=\"size-full wp-image-69572 alignright\" src=\"http:\/\/www.gentedebasquet.com.ar\/wp-content\/uploads\/2017\/03\/DSC_0099.jpg\" alt=\"DSC_0099\" width=\"400\" height=\"266\" srcset=\"http:\/\/gentedebasquet.com.ar\/sitio\/wp-content\/uploads\/2017\/03\/DSC_0099.jpg 400w, http:\/\/gentedebasquet.com.ar\/sitio\/wp-content\/uploads\/2017\/03\/DSC_0099-300x200.jpg 300w\" sizes=\"(max-width: 400px) 100vw, 400px\" \/><\/a><\/p>\n<p>Los triples de Alem continuaron bombardeando el Manu Gin\u00f3bili en el inicio del segundo cuarto (23-36 a 7m22s). Torre y Petrini se sumaron a Rotta y Priore esta vez para combinar un 4\/5 T3 y cerrar el PT con un global de 8\/13. Sin embargo, de a poco y en silencio, Bahiense se fue metiendo en partido. Buzzo (11) encabez\u00f3 la levantada que cerr\u00f3 minutos m\u00e1s tarde Peyronnet con una bomba para dejar las cosas (42-49).<\/p>\n<blockquote><p>Fuimos de menor a mayor. Nos encontramos de entrada con un 10-0 en contra y a partir de ah\u00ed fue todo remarla desde atr\u00e1s, pero por suerte se nos dio. Ellos hab\u00edan entrado muy efectivos, pero a la vez hab\u00edan tenido tiros muy c\u00f3modos porque nosotros cometimos muchos errores que no estaban en los planes. Creo que en el segundo tiempo ellos tuvieron mala efectividad tambi\u00e9n porque levantamos en defensa con algunos ajustes. El cambio de actitud es lo que me llevo de hoy, no podemos entrar dormidos a los partidos. Nos demostramos a nosotros mismos que podemos jugar contra un equipo que tiene un interno definido hasta que Franco (Pennacchiotti) vuelva. No podemos depender de eso para pelear todos los partidos (Juan Pablo Mor\u00e1n)<\/p><\/blockquote>\n<p>En la vuelta al juego, el conjunto de Navallo mostr\u00f3 su otra cara. El Tricolor comenz\u00f3 a cerrarse m\u00e1s en defensa, rot\u00f3 mejor, asegur\u00f3 el rebote defensivo y despu\u00e9s le fueron saliendo las cosas adelante. Diomedi y Repetti se fajaron debajo de los tableros y tambi\u00e9n aportaron en ofensiva. Adem\u00e1s, Barbero (8) fue determinante, sobre todo en el cierre, con un triple y un doble cuando se mor\u00eda el cuarto para dejar las cosas 65-67. Solo dos bombas de Priore o algunas acciones de Rotta le dieron aire a Alem y le permitieron entrar arriba al 4C.<\/p>\n<p>Un triple de Silva, le permiti\u00f3 al Tricolor estar por primera vez en ventaja en la noche cuando restaban 7m50s por jugar (71-70). A partir de ah\u00ed fue todo de palo y palo. Con Buzzo (12) como bandera, el elenco de Navallo lleg\u00f3 cinco arriba (86-81) a los \u00faltimos 2m30s. Aunque en el otro costado, Banegas y Rotta se encargaron de que el cierre fuera a\u00fan m\u00e1s parejo. Pero fue Barbero (7) con un robo que termin\u00f3 en bandeja y dos libres el que termin\u00f3 sentenciando el partido. Bahiense fue de menor a mayor y se qued\u00f3 con la victoria.<\/p>\n<p><iframe loading=\"lazy\" src=\"https:\/\/www.youtube.com\/embed\/3i2Dvm0pTtk\" width=\"560\" height=\"315\" frameborder=\"0\" allowfullscreen=\"allowfullscreen\"><\/iframe><\/p>\n<p><strong>S\u00edntesis |\u00a0<\/strong>Primera Divisi\u00f3n \u2013 Fecha #2<\/p>\n<p><strong>Bahiense del Norte 91:<\/strong>\u00a0Juan Pablo Mor\u00e1n 13, Andr\u00e9s Barbero 17, Esteban Silva 13 (x), Juan Ignacio Diomedi 7, Federico Repetti 5 (Fi); An\u00edbal Buzzo 27, Ignacio Gonz\u00e1lez 2, Manuel Peyronnet 5, Mat\u00edas Pristupa 2 y Amaury Hevia 0. DT: Alejandro Navallo.<\/p>\n<p><strong>Alem 87:\u00a0<\/strong>Santiago Torre 8, Sebasti\u00e1n Cinti 10, Juan Pablo Rotta 20 (x), Joaqu\u00edn Larrandart 13, H\u00e9rman Banegas 14 (FI); Augusto Priore 17, Genaro Priore 0 e Iv\u00e1n Petrini 5. DT: Alejandro \u00c1lvarez.<\/p>\n<p><strong>Parciales:\u00a0<\/strong>19-30, 42-51 (23-21), 65-67 (23-16) y 91-87 (26-20)<\/p>\n<p><strong>\u00c1rbitros:<\/strong>\u00a0Eduardo Ferreyra \u2013 Sebasti\u00e1n Giannino.<\/p>\n<p><strong>Estadio:<\/strong>\u00a0Manu Gin\u00f3bili (Bahiense del Norte).<\/p>\n<p><a class=\"modalf iframe\" title=\"Planilla\" href=\"https:\/\/docs.google.com\/spreadsheets\/d\/1n9bJWFG1hWRC4q2reU8fe3zDXSTMLW1zuTOSkJzXxpk\/pubhtml?gid=367702387&amp;single=true\" target=\"_blank\" rel=\"noopener\">Ver Pla<\/a><a class=\"modalf iframe\" title=\"Planilla\" href=\"https:\/\/docs.google.com\/spreadsheets\/d\/1n9bJWFG1hWRC4q2reU8fe3zDXSTMLW1zuTOSkJzXxpk\/pubhtml?gid=367702387&amp;single=true\" target=\"_blank\" rel=\"noopener\">nilla<\/a><\/p>\n","protected":false},"excerpt":{"rendered":"<p>Bahiense se recuper\u00f3 de un primer tiempo flojo y super\u00f3 por 91-87 a Alem<\/p>\n","protected":false},"author":1,"featured_media":69570,"comment_status":"closed","ping_status":"open","sticky":false,"template":"","format":"standard","meta":{"jnews-multi-image_gallery":[],"jnews_single_post":[],"jnews_primary_category":[],"footnotes":""},"categories":[23,101],"tags":[3,172,597,656,5,306,230,282,48],"class_list":["post-69569","post","type-post","status-publish","format-standard","has-post-thumbnail","hentry","category-primera","category-slide","tag-alem","tag-andres-barbero","tag-anibal-buzzo","tag-augusto-priore","tag-bahiense-del-norte","tag-esteban-silva","tag-herman-banegas","tag-juan-pablo-moran","tag-juan-pablo-rotta"],"yoast_head":"<!-- This site is optimized with the Yoast SEO plugin v27.5 - https:\/\/yoast.com\/product\/yoast-seo-wordpress\/ -->\n<title>De menor a mayor - Gente de B\u00e1squet<\/title>\n<meta name=\"robots\" content=\"index, follow, max-snippet:-1, max-image-preview:large, max-video-preview:-1\" \/>\n<link rel=\"canonical\" href=\"http:\/\/gentedebasquet.com.ar\/sitio\/2017\/03\/23\/de-menor-a-mayor-4\/\" \/>\n<meta property=\"og:locale\" content=\"es_ES\" \/>\n<meta property=\"og:type\" content=\"article\" \/>\n<meta property=\"og:title\" content=\"De menor a mayor - Gente de B\u00e1squet\" \/>\n<meta property=\"og:description\" content=\"Bahiense se recuper\u00f3 de un primer tiempo flojo y super\u00f3 por 91-87 a Alem\" \/>\n<meta property=\"og:url\" content=\"http:\/\/gentedebasquet.com.ar\/sitio\/2017\/03\/23\/de-menor-a-mayor-4\/\" \/>\n<meta property=\"og:site_name\" content=\"Gente de B\u00e1squet\" \/>\n<meta property=\"article:published_time\" content=\"2017-03-24T02:50:18+00:00\" \/>\n<meta property=\"og:image\" content=\"http:\/\/gentedebasquet.com.ar\/sitio\/wp-content\/uploads\/2017\/03\/DSC_0079.jpg\" \/>\n\t<meta property=\"og:image:width\" content=\"690\" \/>\n\t<meta property=\"og:image:height\" content=\"319\" \/>\n\t<meta property=\"og:image:type\" content=\"image\/jpeg\" \/>\n<meta name=\"author\" content=\"Gente de B\u00e1squet\" \/>\n<meta name=\"twitter:card\" content=\"summary_large_image\" \/>\n<meta name=\"twitter:label1\" content=\"Escrito por\" \/>\n\t<meta name=\"twitter:data1\" content=\"Gente de B\u00e1squet\" \/>\n\t<meta name=\"twitter:label2\" content=\"Tiempo de lectura\" \/>\n\t<meta name=\"twitter:data2\" content=\"4 minutos\" \/>\n<script type=\"application\/ld+json\" class=\"yoast-schema-graph\">{\"@context\":\"https:\\\/\\\/schema.org\",\"@graph\":[{\"@type\":\"Article\",\"@id\":\"http:\\\/\\\/gentedebasquet.com.ar\\\/sitio\\\/2017\\\/03\\\/23\\\/de-menor-a-mayor-4\\\/#article\",\"isPartOf\":{\"@id\":\"http:\\\/\\\/gentedebasquet.com.ar\\\/sitio\\\/2017\\\/03\\\/23\\\/de-menor-a-mayor-4\\\/\"},\"author\":{\"name\":\"Gente de B\u00e1squet\",\"@id\":\"https:\\\/\\\/gentedebasquet.com.ar\\\/sitio\\\/#\\\/schema\\\/person\\\/ca0b63bbb977369988a7bbbdc519943a\"},\"headline\":\"De menor a mayor\",\"datePublished\":\"2017-03-24T02:50:18+00:00\",\"mainEntityOfPage\":{\"@id\":\"http:\\\/\\\/gentedebasquet.com.ar\\\/sitio\\\/2017\\\/03\\\/23\\\/de-menor-a-mayor-4\\\/\"},\"wordCount\":745,\"image\":{\"@id\":\"http:\\\/\\\/gentedebasquet.com.ar\\\/sitio\\\/2017\\\/03\\\/23\\\/de-menor-a-mayor-4\\\/#primaryimage\"},\"thumbnailUrl\":\"http:\\\/\\\/gentedebasquet.com.ar\\\/sitio\\\/wp-content\\\/uploads\\\/2017\\\/03\\\/DSC_0079.jpg\",\"keywords\":[\"Alem\",\"Andr\u00e9s Barbero\",\"An\u00edbal Buzzo\",\"Augusto Priore\",\"Bahiense Del Norte\",\"Esteban Silva\",\"Herman Banegas\",\"Juan Pablo Mor\u00e1n\",\"Juan Pablo Rotta\"],\"articleSection\":[\"Primera\",\"Slide\"],\"inLanguage\":\"es\"},{\"@type\":\"WebPage\",\"@id\":\"http:\\\/\\\/gentedebasquet.com.ar\\\/sitio\\\/2017\\\/03\\\/23\\\/de-menor-a-mayor-4\\\/\",\"url\":\"http:\\\/\\\/gentedebasquet.com.ar\\\/sitio\\\/2017\\\/03\\\/23\\\/de-menor-a-mayor-4\\\/\",\"name\":\"De menor a mayor - Gente de B\u00e1squet\",\"isPartOf\":{\"@id\":\"https:\\\/\\\/gentedebasquet.com.ar\\\/sitio\\\/#website\"},\"primaryImageOfPage\":{\"@id\":\"http:\\\/\\\/gentedebasquet.com.ar\\\/sitio\\\/2017\\\/03\\\/23\\\/de-menor-a-mayor-4\\\/#primaryimage\"},\"image\":{\"@id\":\"http:\\\/\\\/gentedebasquet.com.ar\\\/sitio\\\/2017\\\/03\\\/23\\\/de-menor-a-mayor-4\\\/#primaryimage\"},\"thumbnailUrl\":\"http:\\\/\\\/gentedebasquet.com.ar\\\/sitio\\\/wp-content\\\/uploads\\\/2017\\\/03\\\/DSC_0079.jpg\",\"datePublished\":\"2017-03-24T02:50:18+00:00\",\"author\":{\"@id\":\"https:\\\/\\\/gentedebasquet.com.ar\\\/sitio\\\/#\\\/schema\\\/person\\\/ca0b63bbb977369988a7bbbdc519943a\"},\"breadcrumb\":{\"@id\":\"http:\\\/\\\/gentedebasquet.com.ar\\\/sitio\\\/2017\\\/03\\\/23\\\/de-menor-a-mayor-4\\\/#breadcrumb\"},\"inLanguage\":\"es\",\"potentialAction\":[{\"@type\":\"ReadAction\",\"target\":[\"http:\\\/\\\/gentedebasquet.com.ar\\\/sitio\\\/2017\\\/03\\\/23\\\/de-menor-a-mayor-4\\\/\"]}]},{\"@type\":\"ImageObject\",\"inLanguage\":\"es\",\"@id\":\"http:\\\/\\\/gentedebasquet.com.ar\\\/sitio\\\/2017\\\/03\\\/23\\\/de-menor-a-mayor-4\\\/#primaryimage\",\"url\":\"http:\\\/\\\/gentedebasquet.com.ar\\\/sitio\\\/wp-content\\\/uploads\\\/2017\\\/03\\\/DSC_0079.jpg\",\"contentUrl\":\"http:\\\/\\\/gentedebasquet.com.ar\\\/sitio\\\/wp-content\\\/uploads\\\/2017\\\/03\\\/DSC_0079.jpg\",\"width\":690,\"height\":319},{\"@type\":\"BreadcrumbList\",\"@id\":\"http:\\\/\\\/gentedebasquet.com.ar\\\/sitio\\\/2017\\\/03\\\/23\\\/de-menor-a-mayor-4\\\/#breadcrumb\",\"itemListElement\":[{\"@type\":\"ListItem\",\"position\":1,\"name\":\"Portada\",\"item\":\"https:\\\/\\\/gentedebasquet.com.ar\\\/sitio\\\/\"},{\"@type\":\"ListItem\",\"position\":2,\"name\":\"De menor a mayor\"}]},{\"@type\":\"WebSite\",\"@id\":\"https:\\\/\\\/gentedebasquet.com.ar\\\/sitio\\\/#website\",\"url\":\"https:\\\/\\\/gentedebasquet.com.ar\\\/sitio\\\/\",\"name\":\"Gente de B\u00e1squet\",\"description\":\"La revista del basquet de Bah\u00eda Blanca\",\"potentialAction\":[{\"@type\":\"SearchAction\",\"target\":{\"@type\":\"EntryPoint\",\"urlTemplate\":\"https:\\\/\\\/gentedebasquet.com.ar\\\/sitio\\\/?s={search_term_string}\"},\"query-input\":{\"@type\":\"PropertyValueSpecification\",\"valueRequired\":true,\"valueName\":\"search_term_string\"}}],\"inLanguage\":\"es\"},{\"@type\":\"Person\",\"@id\":\"https:\\\/\\\/gentedebasquet.com.ar\\\/sitio\\\/#\\\/schema\\\/person\\\/ca0b63bbb977369988a7bbbdc519943a\",\"name\":\"Gente de B\u00e1squet\",\"image\":{\"@type\":\"ImageObject\",\"inLanguage\":\"es\",\"@id\":\"https:\\\/\\\/secure.gravatar.com\\\/avatar\\\/7f2c48bdc33b30088f941fb6082e555f2874c98e20cb159d7b92b50eadfce793?s=96&d=mm&r=g\",\"url\":\"https:\\\/\\\/secure.gravatar.com\\\/avatar\\\/7f2c48bdc33b30088f941fb6082e555f2874c98e20cb159d7b92b50eadfce793?s=96&d=mm&r=g\",\"contentUrl\":\"https:\\\/\\\/secure.gravatar.com\\\/avatar\\\/7f2c48bdc33b30088f941fb6082e555f2874c98e20cb159d7b92b50eadfce793?s=96&d=mm&r=g\",\"caption\":\"Gente de B\u00e1squet\"},\"sameAs\":[\"http:\\\/\\\/gentedebasquet.com.ar\\\/sitio\"],\"url\":\"http:\\\/\\\/gentedebasquet.com.ar\\\/sitio\\\/author\\\/ulises\\\/\"}]}<\/script>\n<!-- \/ Yoast SEO plugin. -->","yoast_head_json":{"title":"De menor a mayor - Gente de B\u00e1squet","robots":{"index":"index","follow":"follow","max-snippet":"max-snippet:-1","max-image-preview":"max-image-preview:large","max-video-preview":"max-video-preview:-1"},"canonical":"http:\/\/gentedebasquet.com.ar\/sitio\/2017\/03\/23\/de-menor-a-mayor-4\/","og_locale":"es_ES","og_type":"article","og_title":"De menor a mayor - Gente de B\u00e1squet","og_description":"Bahiense se recuper\u00f3 de un primer tiempo flojo y super\u00f3 por 91-87 a Alem","og_url":"http:\/\/gentedebasquet.com.ar\/sitio\/2017\/03\/23\/de-menor-a-mayor-4\/","og_site_name":"Gente de B\u00e1squet","article_published_time":"2017-03-24T02:50:18+00:00","og_image":[{"width":690,"height":319,"url":"http:\/\/gentedebasquet.com.ar\/sitio\/wp-content\/uploads\/2017\/03\/DSC_0079.jpg","type":"image\/jpeg"}],"author":"Gente de B\u00e1squet","twitter_card":"summary_large_image","twitter_misc":{"Escrito por":"Gente de B\u00e1squet","Tiempo de lectura":"4 minutos"},"schema":{"@context":"https:\/\/schema.org","@graph":[{"@type":"Article","@id":"http:\/\/gentedebasquet.com.ar\/sitio\/2017\/03\/23\/de-menor-a-mayor-4\/#article","isPartOf":{"@id":"http:\/\/gentedebasquet.com.ar\/sitio\/2017\/03\/23\/de-menor-a-mayor-4\/"},"author":{"name":"Gente de B\u00e1squet","@id":"https:\/\/gentedebasquet.com.ar\/sitio\/#\/schema\/person\/ca0b63bbb977369988a7bbbdc519943a"},"headline":"De menor a mayor","datePublished":"2017-03-24T02:50:18+00:00","mainEntityOfPage":{"@id":"http:\/\/gentedebasquet.com.ar\/sitio\/2017\/03\/23\/de-menor-a-mayor-4\/"},"wordCount":745,"image":{"@id":"http:\/\/gentedebasquet.com.ar\/sitio\/2017\/03\/23\/de-menor-a-mayor-4\/#primaryimage"},"thumbnailUrl":"http:\/\/gentedebasquet.com.ar\/sitio\/wp-content\/uploads\/2017\/03\/DSC_0079.jpg","keywords":["Alem","Andr\u00e9s Barbero","An\u00edbal Buzzo","Augusto Priore","Bahiense Del Norte","Esteban Silva","Herman Banegas","Juan Pablo Mor\u00e1n","Juan Pablo Rotta"],"articleSection":["Primera","Slide"],"inLanguage":"es"},{"@type":"WebPage","@id":"http:\/\/gentedebasquet.com.ar\/sitio\/2017\/03\/23\/de-menor-a-mayor-4\/","url":"http:\/\/gentedebasquet.com.ar\/sitio\/2017\/03\/23\/de-menor-a-mayor-4\/","name":"De menor a mayor - Gente de B\u00e1squet","isPartOf":{"@id":"https:\/\/gentedebasquet.com.ar\/sitio\/#website"},"primaryImageOfPage":{"@id":"http:\/\/gentedebasquet.com.ar\/sitio\/2017\/03\/23\/de-menor-a-mayor-4\/#primaryimage"},"image":{"@id":"http:\/\/gentedebasquet.com.ar\/sitio\/2017\/03\/23\/de-menor-a-mayor-4\/#primaryimage"},"thumbnailUrl":"http:\/\/gentedebasquet.com.ar\/sitio\/wp-content\/uploads\/2017\/03\/DSC_0079.jpg","datePublished":"2017-03-24T02:50:18+00:00","author":{"@id":"https:\/\/gentedebasquet.com.ar\/sitio\/#\/schema\/person\/ca0b63bbb977369988a7bbbdc519943a"},"breadcrumb":{"@id":"http:\/\/gentedebasquet.com.ar\/sitio\/2017\/03\/23\/de-menor-a-mayor-4\/#breadcrumb"},"inLanguage":"es","potentialAction":[{"@type":"ReadAction","target":["http:\/\/gentedebasquet.com.ar\/sitio\/2017\/03\/23\/de-menor-a-mayor-4\/"]}]},{"@type":"ImageObject","inLanguage":"es","@id":"http:\/\/gentedebasquet.com.ar\/sitio\/2017\/03\/23\/de-menor-a-mayor-4\/#primaryimage","url":"http:\/\/gentedebasquet.com.ar\/sitio\/wp-content\/uploads\/2017\/03\/DSC_0079.jpg","contentUrl":"http:\/\/gentedebasquet.com.ar\/sitio\/wp-content\/uploads\/2017\/03\/DSC_0079.jpg","width":690,"height":319},{"@type":"BreadcrumbList","@id":"http:\/\/gentedebasquet.com.ar\/sitio\/2017\/03\/23\/de-menor-a-mayor-4\/#breadcrumb","itemListElement":[{"@type":"ListItem","position":1,"name":"Portada","item":"https:\/\/gentedebasquet.com.ar\/sitio\/"},{"@type":"ListItem","position":2,"name":"De menor a mayor"}]},{"@type":"WebSite","@id":"https:\/\/gentedebasquet.com.ar\/sitio\/#website","url":"https:\/\/gentedebasquet.com.ar\/sitio\/","name":"Gente de B\u00e1squet","description":"La revista del basquet de Bah\u00eda Blanca","potentialAction":[{"@type":"SearchAction","target":{"@type":"EntryPoint","urlTemplate":"https:\/\/gentedebasquet.com.ar\/sitio\/?s={search_term_string}"},"query-input":{"@type":"PropertyValueSpecification","valueRequired":true,"valueName":"search_term_string"}}],"inLanguage":"es"},{"@type":"Person","@id":"https:\/\/gentedebasquet.com.ar\/sitio\/#\/schema\/person\/ca0b63bbb977369988a7bbbdc519943a","name":"Gente de B\u00e1squet","image":{"@type":"ImageObject","inLanguage":"es","@id":"https:\/\/secure.gravatar.com\/avatar\/7f2c48bdc33b30088f941fb6082e555f2874c98e20cb159d7b92b50eadfce793?s=96&d=mm&r=g","url":"https:\/\/secure.gravatar.com\/avatar\/7f2c48bdc33b30088f941fb6082e555f2874c98e20cb159d7b92b50eadfce793?s=96&d=mm&r=g","contentUrl":"https:\/\/secure.gravatar.com\/avatar\/7f2c48bdc33b30088f941fb6082e555f2874c98e20cb159d7b92b50eadfce793?s=96&d=mm&r=g","caption":"Gente de B\u00e1squet"},"sameAs":["http:\/\/gentedebasquet.com.ar\/sitio"],"url":"http:\/\/gentedebasquet.com.ar\/sitio\/author\/ulises\/"}]}},"_links":{"self":[{"href":"http:\/\/gentedebasquet.com.ar\/sitio\/wp-json\/wp\/v2\/posts\/69569","targetHints":{"allow":["GET"]}}],"collection":[{"href":"http:\/\/gentedebasquet.com.ar\/sitio\/wp-json\/wp\/v2\/posts"}],"about":[{"href":"http:\/\/gentedebasquet.com.ar\/sitio\/wp-json\/wp\/v2\/types\/post"}],"author":[{"embeddable":true,"href":"http:\/\/gentedebasquet.com.ar\/sitio\/wp-json\/wp\/v2\/users\/1"}],"replies":[{"embeddable":true,"href":"http:\/\/gentedebasquet.com.ar\/sitio\/wp-json\/wp\/v2\/comments?post=69569"}],"version-history":[{"count":0,"href":"http:\/\/gentedebasquet.com.ar\/sitio\/wp-json\/wp\/v2\/posts\/69569\/revisions"}],"wp:featuredmedia":[{"embeddable":true,"href":"http:\/\/gentedebasquet.com.ar\/sitio\/wp-json\/wp\/v2\/media\/69570"}],"wp:attachment":[{"href":"http:\/\/gentedebasquet.com.ar\/sitio\/wp-json\/wp\/v2\/media?parent=69569"}],"wp:term":[{"taxonomy":"category","embeddable":true,"href":"http:\/\/gentedebasquet.com.ar\/sitio\/wp-json\/wp\/v2\/categories?post=69569"},{"taxonomy":"post_tag","embeddable":true,"href":"http:\/\/gentedebasquet.com.ar\/sitio\/wp-json\/wp\/v2\/tags?post=69569"}],"curies":[{"name":"wp","href":"https:\/\/api.w.org\/{rel}","templated":true}]}}