{"id":70338,"date":"2017-04-07T23:33:02","date_gmt":"2017-04-08T02:33:02","guid":{"rendered":"http:\/\/www.gentedebasquet.com.ar\/?p=70338"},"modified":"2017-04-07T23:33:02","modified_gmt":"2017-04-08T02:33:02","slug":"este-vilouta-no-erra-nada","status":"publish","type":"post","link":"http:\/\/gentedebasquet.com.ar\/sitio\/2017\/04\/07\/este-vilouta-no-erra-nada\/","title":{"rendered":"\u00c9ste Vilouta no erra nada"},"content":{"rendered":"<p><strong>Federico Vilouta result\u00f3 la raz\u00f3n principal por la que La Falda super\u00f3 a Independiente por 102 a 95, en el Ra\u00fal y N\u00e9stor Barral. El alero aport\u00f3 36 unidades (4-7 t3 y 8-9 en t2 y t1), ejecut\u00f3 para 48 y totaliz\u00f3 38 en su coeficiente de la valoraci\u00f3n. Aunque no estuvo solo. Hubo gran 1\u00baC de Fede Gonz\u00e1lez (12 puntos sobre 15 intentados) y enorme gesti\u00f3n de Nico Leguizam\u00f3n (28 de valoraci\u00f3n) m\u00e1s Sebasti\u00e1n Tacchetti (17). En el viola, la gran labor del cuarteto Villoldo-Reschini-Cancellarich-Ercoli (encestaron el 78% de las unidades), no tuvo su recompensa.<\/strong><\/p>\n<p>Es altamente probable que el Independiente-La Falda de anoche haya sido uno de los m\u00e1s agradables encuentros del a\u00f1o, en segunda divisi\u00f3n. Y eso que la temporada est\u00e1 en pa\u00f1ales.<\/p>\n<p>Pero el enfrentamiento fue atractivo, llevadero, con alt\u00edsimo goleo, varios elementos en doble d\u00edgito y alternancia en la supremac\u00eda del marcador.<\/p>\n<p><img decoding=\"async\" class=\"size-medium wp-image-70346 alignright\" src=\"http:\/\/www.gentedebasquet.com.ar\/wp-content\/uploads\/2017\/04\/f2-300x203.jpg\" alt=\"f2\" width=\"300\" height=\"203\" srcset=\"http:\/\/gentedebasquet.com.ar\/sitio\/wp-content\/uploads\/2017\/04\/f2-300x203.jpg 300w, http:\/\/gentedebasquet.com.ar\/sitio\/wp-content\/uploads\/2017\/04\/f2.jpg 400w\" sizes=\"(max-width: 300px) 100vw, 300px\" \/><\/p>\n<p>En el arranque, predomin\u00f3 el equilibrio hasta que el local lo desnivel\u00f3 en su favor con arremetidas de Mart\u00edn Villoldo (4-4 t2) y Octavio Cancellarich (2-3 t2 y 6-6 t1).<\/p>\n<p>De ese modo\u00a0el viola se lo adjudic\u00f3 por 25-20.<\/p>\n<p>No obstante, enfrente, el ingreso desde el banco de Federico Vilouta y Sebasti\u00e1n Tacchetti ser\u00edan trascendentales para La Falda. Es que dos acciones seguidas del barbado, en 1m14s, emparej\u00f3 en 25.<\/p>\n<p>Sin embargo, el anfitri\u00f3n tambi\u00e9n tuvo lo suyo con los hermanos Almir\u00f3n: triple de Andr\u00e9s m\u00e1s doble de Agust\u00edn e Independiente recuper\u00f3 las riendas (32-27), a 6m26s del ET. Adem\u00e1s, se recost\u00f3 en zona 2\/3.<\/p>\n<p>La estrategia albirroja estuvo en alimentar a Tacchetti adentro (3-4 t2) o revertir para la ardiente mu\u00f1eca de Vilouta, que se despach\u00f3 con 15 tantos en ese lapso: 3-5 t3 y 3-4 t2. A trav\u00e9s de ellos, Lafa clav\u00f3 una racha de \u00a118-4! que lo deposit\u00f3 al frente por 36-45, con 2m05s del 1\u00baT por disputar todav\u00eda.<\/p>\n<p>Independiente recort\u00f3\u00a0a 4 (41-45) merced al doble de Ignacio Ercoli y el triple de Juan Cruz Reschini, siendo Tacchetti quien firm\u00f3 el 41-47 con el que el hu\u00e9sped se retir\u00f3 ganancioso al descanso.<\/p>\n<blockquote><p>La verdad es que se nos abri\u00f3 el aro a todos y tuvimos claridad en ataque. Pero, tambi\u00e9n, nos olvidamos de frenarlos atr\u00e1s y nos anotaron mucho. Fue un partido peleado hasta el final en el que no pod\u00edamos desconcentrarnos. Estos son los juegos que debemos ganar, porque este a\u00f1o est\u00e1 todo muy parejo y est\u00e1n d\u00e1ndose resultados donde todos le ganan a todos. Hay que ir partido a partido y de visitante siempre vale doble el triunfo. Aspiramos a estar arriba, con un plantel lindo y largo, aunque reci\u00e9n nos estamos conociendo, amoldando y encontr\u00e1ndonos. Queremos entrar a playoffs y ver hasta donde podremos llegar (Federico Vilouta)<\/p><\/blockquote>\n<p>A la vuelta, Villoldo monopoliz\u00f3 las ofensivas violas, siendo autor de 9 unidades consecutivas con las que el viola retom\u00f3 el liderazgo (50-49), englobando un 11-2 con anotaci\u00f3n de Cancellarich en 1m56s del ST: 52-49.<\/p>\n<p>Aunque se estanc\u00f3.<\/p>\n<p>Y La Falda lo atropell\u00f3 a\u00f1adiendo a Nicol\u00e1s Leguizam\u00f3n (1-2 t3, 2-3 t2 y 2-2 t1) a la sobresaliente dupla de Vilouta-Tacchetti. Entonces, le devolvi\u00f3 el 11-2 a su contrincante para alejarse a 54-60.<\/p>\n<p>Con otra bomba de Villoldo, m\u00e1s un desafiante Cancellarich, el local recort\u00f3 a 61-63, con 3m37s por jugarse del 3\u00baC. Sin embargo Bonino lleg\u00f3 al gol y Tacchetti lo imit\u00f3, tomando nuevamente 7 de renta Lafa (62-69).<\/p>\n<p>Ninguno daba el brazo a torcer.<\/p>\n<p>Es m\u00e1s, Independiente encontr\u00f3 dos veces seguidas a Nicol\u00e1s Cornago y consigui\u00f3 mantenerse al acecho en la previa del \u00faltimo acto.<\/p>\n<p>Ya en el 4\u00baC, Independiente toc\u00f3 la puerta (81-82) con 2+1 de Ercoli. A lo que La Falda contrapuso la presencia de Tacchetti (84-90) y el desequilibrio de Vilouta (2-2 t1), tomando distancia de 88-95, con 2m39s en el reloj. La respuesta del due\u00f1o de casa fue con triple de Ercoli (91-95), 11s despu\u00e9s.<\/p>\n<p>A esa altura, ya en penalizaci\u00f3n, cada falta de Independiente tranquiliz\u00f3 a Lafa en la l\u00ednea, donde estuvieron 100% certeros tanto Leguizam\u00f3n a 1m37s (91-97) como Bonino (92-99) a 21s&#8230;<\/p>\n<p>En lo sucesivo, el viola perdi\u00f3 a Reschini por faltas y no supo capitalizar m\u00e1s nada.<\/p>\n<p>Y no le qued\u00f3 m\u00e1s que rendirse ante la descomunal gesti\u00f3n de Vilouta y compa\u00f1\u00eda.<\/p>\n<p>Este s\u00ed que es un Vilouta que no erra una&#8230;<\/p>\n<p>&nbsp;<\/p>\n<p><strong>S\u00edntesis |<\/strong>\u00a0Segunda Divisi\u00f3n \u2013 Primer Tramo \u2013 Fecha #6<\/p>\n<p><strong>Independiente 95:<\/strong>\u00a0Juan Cruz Reschini 18, Octavio Cancellarich 18, Mauro Insaurralde 2, Mart\u00edn Villoldo 22, Juan Jes\u00fas Garc\u00eda 2, (FI); Emiliano Men\u00e9ndez 3, Agust\u00edn Almir\u00f3n 3, Andr\u00e9s Almir\u00f3n 7, Ignacio Ercoli 16 y Nicol\u00e1s Cornago 4. DT: Javier Musumeci.<\/p>\n<p><strong>La Falda 102:\u00a0<\/strong>Nicol\u00e1s Leguizam\u00f3n 20, Fernando Bonino 6, Facundo Apcari\u00e1n 2, Federico Gonz\u00e1lez 14, Gustavo Lan 0, (FI);\u00a0Federico Vilouta 36, Sebasti\u00e1n Tacchetti 21, Santiago Miranda 0, Andr\u00e9s Mond\u00f3n 3 y Franco Sieben 0. DT: Miguel Loffredo.<\/p>\n<p><strong>Parciales:<\/strong> 25-20, 41-47 (16-28), 71-75 (30-28) y 95-102 (24-27).<\/p>\n<p><strong>\u00c1rbitros:<\/strong> Alejandro Go\u00f1i \u2013 Marjorie Stuardo.<\/p>\n<p><strong>Estadio:<\/strong> Ra\u00fal y N\u00e9stor Barral (club Independiente).<\/p>\n<p><a href=\"https:\/\/docs.google.com\/spreadsheets\/d\/1-1NNkIkONOfivfNnMrTBJAFmqeJujh2ZDxauE7IQ5W8\/pubhtml\" target=\"_blank\" rel=\"noopener\">Ver planilla<\/a><\/p>\n","protected":false},"excerpt":{"rendered":"<p>Con 36 puntos del barbado, La Falda venci\u00f3 a domicilio al Viola en un partidazo: 102-95<\/p>\n","protected":false},"author":1,"featured_media":70339,"comment_status":"closed","ping_status":"open","sticky":false,"template":"","format":"standard","meta":{"jnews-multi-image_gallery":[],"jnews_single_post":[],"jnews_primary_category":[],"footnotes":""},"categories":[25,101],"tags":[268,303,659,12,550,13,688,335,1268,204],"class_list":["post-70338","post","type-post","status-publish","format-standard","has-post-thumbnail","hentry","category-segunda","category-slide","tag-federico-gonzalez","tag-federico-vilouta","tag-ignacio-ercoli","tag-independiente","tag-juan-cruz-reschini","tag-la-falda","tag-martin-villoldo","tag-nicolas-leguizamon","tag-octavio-cancellarich","tag-sebastian-tacchetti"],"yoast_head":"<!-- This site is optimized with the Yoast SEO plugin v27.5 - https:\/\/yoast.com\/product\/yoast-seo-wordpress\/ -->\n<title>\u00c9ste Vilouta no erra nada - Gente de B\u00e1squet<\/title>\n<meta name=\"robots\" content=\"index, follow, max-snippet:-1, max-image-preview:large, max-video-preview:-1\" \/>\n<link rel=\"canonical\" href=\"http:\/\/gentedebasquet.com.ar\/sitio\/2017\/04\/07\/este-vilouta-no-erra-nada\/\" \/>\n<meta property=\"og:locale\" content=\"es_ES\" \/>\n<meta property=\"og:type\" content=\"article\" \/>\n<meta property=\"og:title\" content=\"\u00c9ste Vilouta no erra nada - Gente de B\u00e1squet\" \/>\n<meta property=\"og:description\" content=\"Con 36 puntos del barbado, La Falda venci\u00f3 a domicilio al Viola en un partidazo: 102-95\" \/>\n<meta property=\"og:url\" content=\"http:\/\/gentedebasquet.com.ar\/sitio\/2017\/04\/07\/este-vilouta-no-erra-nada\/\" \/>\n<meta property=\"og:site_name\" content=\"Gente de B\u00e1squet\" \/>\n<meta property=\"article:published_time\" content=\"2017-04-08T02:33:02+00:00\" \/>\n<meta property=\"og:image\" content=\"http:\/\/gentedebasquet.com.ar\/sitio\/wp-content\/uploads\/2017\/04\/f1-3.jpg\" \/>\n\t<meta property=\"og:image:width\" content=\"690\" \/>\n\t<meta property=\"og:image:height\" content=\"319\" \/>\n\t<meta property=\"og:image:type\" content=\"image\/jpeg\" \/>\n<meta name=\"author\" content=\"Gente de B\u00e1squet\" \/>\n<meta name=\"twitter:card\" content=\"summary_large_image\" \/>\n<meta name=\"twitter:label1\" content=\"Escrito por\" \/>\n\t<meta name=\"twitter:data1\" content=\"Gente de B\u00e1squet\" \/>\n\t<meta name=\"twitter:label2\" content=\"Tiempo de lectura\" \/>\n\t<meta name=\"twitter:data2\" content=\"4 minutos\" \/>\n<script type=\"application\/ld+json\" class=\"yoast-schema-graph\">{\"@context\":\"https:\\\/\\\/schema.org\",\"@graph\":[{\"@type\":\"Article\",\"@id\":\"http:\\\/\\\/gentedebasquet.com.ar\\\/sitio\\\/2017\\\/04\\\/07\\\/este-vilouta-no-erra-nada\\\/#article\",\"isPartOf\":{\"@id\":\"http:\\\/\\\/gentedebasquet.com.ar\\\/sitio\\\/2017\\\/04\\\/07\\\/este-vilouta-no-erra-nada\\\/\"},\"author\":{\"name\":\"Gente de B\u00e1squet\",\"@id\":\"https:\\\/\\\/gentedebasquet.com.ar\\\/sitio\\\/#\\\/schema\\\/person\\\/ca0b63bbb977369988a7bbbdc519943a\"},\"headline\":\"\u00c9ste Vilouta no erra nada\",\"datePublished\":\"2017-04-08T02:33:02+00:00\",\"mainEntityOfPage\":{\"@id\":\"http:\\\/\\\/gentedebasquet.com.ar\\\/sitio\\\/2017\\\/04\\\/07\\\/este-vilouta-no-erra-nada\\\/\"},\"wordCount\":868,\"image\":{\"@id\":\"http:\\\/\\\/gentedebasquet.com.ar\\\/sitio\\\/2017\\\/04\\\/07\\\/este-vilouta-no-erra-nada\\\/#primaryimage\"},\"thumbnailUrl\":\"http:\\\/\\\/gentedebasquet.com.ar\\\/sitio\\\/wp-content\\\/uploads\\\/2017\\\/04\\\/f1-3.jpg\",\"keywords\":[\"Federico Gonz\u00e1lez\",\"Federico Vilouta\",\"Ignacio Ercoli\",\"independiente\",\"Juan Cruz Reschini\",\"La Falda\",\"Mart\u00edn Villoldo\",\"Nicolas Leguizam\u00f3n\",\"Octavio Cancellarich\",\"Sebasti\u00e1n Tacchetti\"],\"articleSection\":[\"Segunda\",\"Slide\"],\"inLanguage\":\"es\"},{\"@type\":\"WebPage\",\"@id\":\"http:\\\/\\\/gentedebasquet.com.ar\\\/sitio\\\/2017\\\/04\\\/07\\\/este-vilouta-no-erra-nada\\\/\",\"url\":\"http:\\\/\\\/gentedebasquet.com.ar\\\/sitio\\\/2017\\\/04\\\/07\\\/este-vilouta-no-erra-nada\\\/\",\"name\":\"\u00c9ste Vilouta no erra nada - Gente de B\u00e1squet\",\"isPartOf\":{\"@id\":\"https:\\\/\\\/gentedebasquet.com.ar\\\/sitio\\\/#website\"},\"primaryImageOfPage\":{\"@id\":\"http:\\\/\\\/gentedebasquet.com.ar\\\/sitio\\\/2017\\\/04\\\/07\\\/este-vilouta-no-erra-nada\\\/#primaryimage\"},\"image\":{\"@id\":\"http:\\\/\\\/gentedebasquet.com.ar\\\/sitio\\\/2017\\\/04\\\/07\\\/este-vilouta-no-erra-nada\\\/#primaryimage\"},\"thumbnailUrl\":\"http:\\\/\\\/gentedebasquet.com.ar\\\/sitio\\\/wp-content\\\/uploads\\\/2017\\\/04\\\/f1-3.jpg\",\"datePublished\":\"2017-04-08T02:33:02+00:00\",\"author\":{\"@id\":\"https:\\\/\\\/gentedebasquet.com.ar\\\/sitio\\\/#\\\/schema\\\/person\\\/ca0b63bbb977369988a7bbbdc519943a\"},\"breadcrumb\":{\"@id\":\"http:\\\/\\\/gentedebasquet.com.ar\\\/sitio\\\/2017\\\/04\\\/07\\\/este-vilouta-no-erra-nada\\\/#breadcrumb\"},\"inLanguage\":\"es\",\"potentialAction\":[{\"@type\":\"ReadAction\",\"target\":[\"http:\\\/\\\/gentedebasquet.com.ar\\\/sitio\\\/2017\\\/04\\\/07\\\/este-vilouta-no-erra-nada\\\/\"]}]},{\"@type\":\"ImageObject\",\"inLanguage\":\"es\",\"@id\":\"http:\\\/\\\/gentedebasquet.com.ar\\\/sitio\\\/2017\\\/04\\\/07\\\/este-vilouta-no-erra-nada\\\/#primaryimage\",\"url\":\"http:\\\/\\\/gentedebasquet.com.ar\\\/sitio\\\/wp-content\\\/uploads\\\/2017\\\/04\\\/f1-3.jpg\",\"contentUrl\":\"http:\\\/\\\/gentedebasquet.com.ar\\\/sitio\\\/wp-content\\\/uploads\\\/2017\\\/04\\\/f1-3.jpg\",\"width\":690,\"height\":319},{\"@type\":\"BreadcrumbList\",\"@id\":\"http:\\\/\\\/gentedebasquet.com.ar\\\/sitio\\\/2017\\\/04\\\/07\\\/este-vilouta-no-erra-nada\\\/#breadcrumb\",\"itemListElement\":[{\"@type\":\"ListItem\",\"position\":1,\"name\":\"Portada\",\"item\":\"https:\\\/\\\/gentedebasquet.com.ar\\\/sitio\\\/\"},{\"@type\":\"ListItem\",\"position\":2,\"name\":\"\u00c9ste Vilouta no erra nada\"}]},{\"@type\":\"WebSite\",\"@id\":\"https:\\\/\\\/gentedebasquet.com.ar\\\/sitio\\\/#website\",\"url\":\"https:\\\/\\\/gentedebasquet.com.ar\\\/sitio\\\/\",\"name\":\"Gente de B\u00e1squet\",\"description\":\"La revista del basquet de Bah\u00eda Blanca\",\"potentialAction\":[{\"@type\":\"SearchAction\",\"target\":{\"@type\":\"EntryPoint\",\"urlTemplate\":\"https:\\\/\\\/gentedebasquet.com.ar\\\/sitio\\\/?s={search_term_string}\"},\"query-input\":{\"@type\":\"PropertyValueSpecification\",\"valueRequired\":true,\"valueName\":\"search_term_string\"}}],\"inLanguage\":\"es\"},{\"@type\":\"Person\",\"@id\":\"https:\\\/\\\/gentedebasquet.com.ar\\\/sitio\\\/#\\\/schema\\\/person\\\/ca0b63bbb977369988a7bbbdc519943a\",\"name\":\"Gente de B\u00e1squet\",\"image\":{\"@type\":\"ImageObject\",\"inLanguage\":\"es\",\"@id\":\"https:\\\/\\\/secure.gravatar.com\\\/avatar\\\/7f2c48bdc33b30088f941fb6082e555f2874c98e20cb159d7b92b50eadfce793?s=96&d=mm&r=g\",\"url\":\"https:\\\/\\\/secure.gravatar.com\\\/avatar\\\/7f2c48bdc33b30088f941fb6082e555f2874c98e20cb159d7b92b50eadfce793?s=96&d=mm&r=g\",\"contentUrl\":\"https:\\\/\\\/secure.gravatar.com\\\/avatar\\\/7f2c48bdc33b30088f941fb6082e555f2874c98e20cb159d7b92b50eadfce793?s=96&d=mm&r=g\",\"caption\":\"Gente de B\u00e1squet\"},\"sameAs\":[\"http:\\\/\\\/gentedebasquet.com.ar\\\/sitio\"],\"url\":\"http:\\\/\\\/gentedebasquet.com.ar\\\/sitio\\\/author\\\/ulises\\\/\"}]}<\/script>\n<!-- \/ Yoast SEO plugin. -->","yoast_head_json":{"title":"\u00c9ste Vilouta no erra nada - Gente de B\u00e1squet","robots":{"index":"index","follow":"follow","max-snippet":"max-snippet:-1","max-image-preview":"max-image-preview:large","max-video-preview":"max-video-preview:-1"},"canonical":"http:\/\/gentedebasquet.com.ar\/sitio\/2017\/04\/07\/este-vilouta-no-erra-nada\/","og_locale":"es_ES","og_type":"article","og_title":"\u00c9ste Vilouta no erra nada - Gente de B\u00e1squet","og_description":"Con 36 puntos del barbado, La Falda venci\u00f3 a domicilio al Viola en un partidazo: 102-95","og_url":"http:\/\/gentedebasquet.com.ar\/sitio\/2017\/04\/07\/este-vilouta-no-erra-nada\/","og_site_name":"Gente de B\u00e1squet","article_published_time":"2017-04-08T02:33:02+00:00","og_image":[{"width":690,"height":319,"url":"http:\/\/gentedebasquet.com.ar\/sitio\/wp-content\/uploads\/2017\/04\/f1-3.jpg","type":"image\/jpeg"}],"author":"Gente de B\u00e1squet","twitter_card":"summary_large_image","twitter_misc":{"Escrito por":"Gente de B\u00e1squet","Tiempo de lectura":"4 minutos"},"schema":{"@context":"https:\/\/schema.org","@graph":[{"@type":"Article","@id":"http:\/\/gentedebasquet.com.ar\/sitio\/2017\/04\/07\/este-vilouta-no-erra-nada\/#article","isPartOf":{"@id":"http:\/\/gentedebasquet.com.ar\/sitio\/2017\/04\/07\/este-vilouta-no-erra-nada\/"},"author":{"name":"Gente de B\u00e1squet","@id":"https:\/\/gentedebasquet.com.ar\/sitio\/#\/schema\/person\/ca0b63bbb977369988a7bbbdc519943a"},"headline":"\u00c9ste Vilouta no erra nada","datePublished":"2017-04-08T02:33:02+00:00","mainEntityOfPage":{"@id":"http:\/\/gentedebasquet.com.ar\/sitio\/2017\/04\/07\/este-vilouta-no-erra-nada\/"},"wordCount":868,"image":{"@id":"http:\/\/gentedebasquet.com.ar\/sitio\/2017\/04\/07\/este-vilouta-no-erra-nada\/#primaryimage"},"thumbnailUrl":"http:\/\/gentedebasquet.com.ar\/sitio\/wp-content\/uploads\/2017\/04\/f1-3.jpg","keywords":["Federico Gonz\u00e1lez","Federico Vilouta","Ignacio Ercoli","independiente","Juan Cruz Reschini","La Falda","Mart\u00edn Villoldo","Nicolas Leguizam\u00f3n","Octavio Cancellarich","Sebasti\u00e1n Tacchetti"],"articleSection":["Segunda","Slide"],"inLanguage":"es"},{"@type":"WebPage","@id":"http:\/\/gentedebasquet.com.ar\/sitio\/2017\/04\/07\/este-vilouta-no-erra-nada\/","url":"http:\/\/gentedebasquet.com.ar\/sitio\/2017\/04\/07\/este-vilouta-no-erra-nada\/","name":"\u00c9ste Vilouta no erra nada - Gente de B\u00e1squet","isPartOf":{"@id":"https:\/\/gentedebasquet.com.ar\/sitio\/#website"},"primaryImageOfPage":{"@id":"http:\/\/gentedebasquet.com.ar\/sitio\/2017\/04\/07\/este-vilouta-no-erra-nada\/#primaryimage"},"image":{"@id":"http:\/\/gentedebasquet.com.ar\/sitio\/2017\/04\/07\/este-vilouta-no-erra-nada\/#primaryimage"},"thumbnailUrl":"http:\/\/gentedebasquet.com.ar\/sitio\/wp-content\/uploads\/2017\/04\/f1-3.jpg","datePublished":"2017-04-08T02:33:02+00:00","author":{"@id":"https:\/\/gentedebasquet.com.ar\/sitio\/#\/schema\/person\/ca0b63bbb977369988a7bbbdc519943a"},"breadcrumb":{"@id":"http:\/\/gentedebasquet.com.ar\/sitio\/2017\/04\/07\/este-vilouta-no-erra-nada\/#breadcrumb"},"inLanguage":"es","potentialAction":[{"@type":"ReadAction","target":["http:\/\/gentedebasquet.com.ar\/sitio\/2017\/04\/07\/este-vilouta-no-erra-nada\/"]}]},{"@type":"ImageObject","inLanguage":"es","@id":"http:\/\/gentedebasquet.com.ar\/sitio\/2017\/04\/07\/este-vilouta-no-erra-nada\/#primaryimage","url":"http:\/\/gentedebasquet.com.ar\/sitio\/wp-content\/uploads\/2017\/04\/f1-3.jpg","contentUrl":"http:\/\/gentedebasquet.com.ar\/sitio\/wp-content\/uploads\/2017\/04\/f1-3.jpg","width":690,"height":319},{"@type":"BreadcrumbList","@id":"http:\/\/gentedebasquet.com.ar\/sitio\/2017\/04\/07\/este-vilouta-no-erra-nada\/#breadcrumb","itemListElement":[{"@type":"ListItem","position":1,"name":"Portada","item":"https:\/\/gentedebasquet.com.ar\/sitio\/"},{"@type":"ListItem","position":2,"name":"\u00c9ste Vilouta no erra nada"}]},{"@type":"WebSite","@id":"https:\/\/gentedebasquet.com.ar\/sitio\/#website","url":"https:\/\/gentedebasquet.com.ar\/sitio\/","name":"Gente de B\u00e1squet","description":"La revista del basquet de Bah\u00eda Blanca","potentialAction":[{"@type":"SearchAction","target":{"@type":"EntryPoint","urlTemplate":"https:\/\/gentedebasquet.com.ar\/sitio\/?s={search_term_string}"},"query-input":{"@type":"PropertyValueSpecification","valueRequired":true,"valueName":"search_term_string"}}],"inLanguage":"es"},{"@type":"Person","@id":"https:\/\/gentedebasquet.com.ar\/sitio\/#\/schema\/person\/ca0b63bbb977369988a7bbbdc519943a","name":"Gente de B\u00e1squet","image":{"@type":"ImageObject","inLanguage":"es","@id":"https:\/\/secure.gravatar.com\/avatar\/7f2c48bdc33b30088f941fb6082e555f2874c98e20cb159d7b92b50eadfce793?s=96&d=mm&r=g","url":"https:\/\/secure.gravatar.com\/avatar\/7f2c48bdc33b30088f941fb6082e555f2874c98e20cb159d7b92b50eadfce793?s=96&d=mm&r=g","contentUrl":"https:\/\/secure.gravatar.com\/avatar\/7f2c48bdc33b30088f941fb6082e555f2874c98e20cb159d7b92b50eadfce793?s=96&d=mm&r=g","caption":"Gente de B\u00e1squet"},"sameAs":["http:\/\/gentedebasquet.com.ar\/sitio"],"url":"http:\/\/gentedebasquet.com.ar\/sitio\/author\/ulises\/"}]}},"_links":{"self":[{"href":"http:\/\/gentedebasquet.com.ar\/sitio\/wp-json\/wp\/v2\/posts\/70338","targetHints":{"allow":["GET"]}}],"collection":[{"href":"http:\/\/gentedebasquet.com.ar\/sitio\/wp-json\/wp\/v2\/posts"}],"about":[{"href":"http:\/\/gentedebasquet.com.ar\/sitio\/wp-json\/wp\/v2\/types\/post"}],"author":[{"embeddable":true,"href":"http:\/\/gentedebasquet.com.ar\/sitio\/wp-json\/wp\/v2\/users\/1"}],"replies":[{"embeddable":true,"href":"http:\/\/gentedebasquet.com.ar\/sitio\/wp-json\/wp\/v2\/comments?post=70338"}],"version-history":[{"count":0,"href":"http:\/\/gentedebasquet.com.ar\/sitio\/wp-json\/wp\/v2\/posts\/70338\/revisions"}],"wp:featuredmedia":[{"embeddable":true,"href":"http:\/\/gentedebasquet.com.ar\/sitio\/wp-json\/wp\/v2\/media\/70339"}],"wp:attachment":[{"href":"http:\/\/gentedebasquet.com.ar\/sitio\/wp-json\/wp\/v2\/media?parent=70338"}],"wp:term":[{"taxonomy":"category","embeddable":true,"href":"http:\/\/gentedebasquet.com.ar\/sitio\/wp-json\/wp\/v2\/categories?post=70338"},{"taxonomy":"post_tag","embeddable":true,"href":"http:\/\/gentedebasquet.com.ar\/sitio\/wp-json\/wp\/v2\/tags?post=70338"}],"curies":[{"name":"wp","href":"https:\/\/api.w.org\/{rel}","templated":true}]}}